{"id":8709,"date":"2021-12-30T14:22:17","date_gmt":"2021-12-30T19:22:17","guid":{"rendered":"https:\/\/posletrasufac.com\/?p=8709"},"modified":"2021-12-30T14:22:19","modified_gmt":"2021-12-30T19:22:19","slug":"defesas-publicas-do-ppgli-contam-com-tradutores-interpretes-de-libras","status":"publish","type":"post","link":"https:\/\/posletrasufac.com\/es\/2021\/12\/30\/defesas-publicas-do-ppgli-contam-com-tradutores-interpretes-de-libras\/","title":{"rendered":"Defesas p\u00fablicas do PPGLI contam com Tradutores\/Int\u00e9rpretes de Libras"},"content":{"rendered":"<p class=\"wp-block-paragraph\">Desde o m\u00eas de outubro de 2021, as defesas p\u00fablicas de disserta\u00e7\u00e3o do Programa de P\u00f3s-Gradua\u00e7\u00e3o em Letras: Linguagem e Identidade t\u00eam contado com o apoio do N\u00facleo de Apoio \u00e0 Inclus\u00e3o &#8211; NAI da Universidade Federal do Acre.<\/p>\n\n\n\n<div class=\"wp-block-jetpack-slideshow aligncenter\" data-autoplay=\"true\" data-delay=\"3\" data-effect=\"slide\"><div class=\"wp-block-jetpack-slideshow_container swiper-container\"><ul class=\"wp-block-jetpack-slideshow_swiper-wrapper swiper-wrapper\"><li class=\"wp-block-jetpack-slideshow_slide swiper-slide\"><figure><img data-recalc-dims=\"1\" loading=\"lazy\" decoding=\"async\" width=\"750\" height=\"422\" alt=\"\" class=\"wp-block-jetpack-slideshow_image wp-image-8722\" data-id=\"8722\" src=\"https:\/\/i0.wp.com\/posletrasufac.com\/wp-content\/uploads\/2021\/12\/QG-Defesas-3.png?resize=750%2C422&#038;ssl=1\" srcset=\"https:\/\/i0.wp.com\/posletrasufac.com\/wp-content\/uploads\/2021\/12\/QG-Defesas-3.png?resize=1024%2C576&amp;ssl=1 1024w, https:\/\/i0.wp.com\/posletrasufac.com\/wp-content\/uploads\/2021\/12\/QG-Defesas-3.png?resize=300%2C169&amp;ssl=1 300w, https:\/\/i0.wp.com\/posletrasufac.com\/wp-content\/uploads\/2021\/12\/QG-Defesas-3.png?resize=768%2C432&amp;ssl=1 768w, https:\/\/i0.wp.com\/posletrasufac.com\/wp-content\/uploads\/2021\/12\/QG-Defesas-3.png?resize=1536%2C864&amp;ssl=1 1536w, https:\/\/i0.wp.com\/posletrasufac.com\/wp-content\/uploads\/2021\/12\/QG-Defesas-3.png?resize=2048%2C1151&amp;ssl=1 2048w, https:\/\/i0.wp.com\/posletrasufac.com\/wp-content\/uploads\/2021\/12\/QG-Defesas-3.png?resize=1200%2C675&amp;ssl=1 1200w, https:\/\/i0.wp.com\/posletrasufac.com\/wp-content\/uploads\/2021\/12\/QG-Defesas-3.png?w=2250&amp;ssl=1 2250w\" sizes=\"(max-width: 750px) 100vw, 750px\" \/><\/figure><\/li><li class=\"wp-block-jetpack-slideshow_slide swiper-slide\"><figure><img data-recalc-dims=\"1\" loading=\"lazy\" decoding=\"async\" width=\"750\" height=\"422\" alt=\"\" class=\"wp-block-jetpack-slideshow_image wp-image-8723\" data-id=\"8723\" src=\"https:\/\/i0.wp.com\/posletrasufac.com\/wp-content\/uploads\/2021\/12\/QG-Defesas.png?resize=750%2C422&#038;ssl=1\" srcset=\"https:\/\/i0.wp.com\/posletrasufac.com\/wp-content\/uploads\/2021\/12\/QG-Defesas.png?resize=1024%2C576&amp;ssl=1 1024w, https:\/\/i0.wp.com\/posletrasufac.com\/wp-content\/uploads\/2021\/12\/QG-Defesas.png?resize=300%2C169&amp;ssl=1 300w, https:\/\/i0.wp.com\/posletrasufac.com\/wp-content\/uploads\/2021\/12\/QG-Defesas.png?resize=768%2C432&amp;ssl=1 768w, https:\/\/i0.wp.com\/posletrasufac.com\/wp-content\/uploads\/2021\/12\/QG-Defesas.png?resize=1536%2C864&amp;ssl=1 1536w, https:\/\/i0.wp.com\/posletrasufac.com\/wp-content\/uploads\/2021\/12\/QG-Defesas.png?resize=2048%2C1151&amp;ssl=1 2048w, https:\/\/i0.wp.com\/posletrasufac.com\/wp-content\/uploads\/2021\/12\/QG-Defesas.png?resize=1200%2C675&amp;ssl=1 1200w, https:\/\/i0.wp.com\/posletrasufac.com\/wp-content\/uploads\/2021\/12\/QG-Defesas.png?w=2250&amp;ssl=1 2250w\" sizes=\"(max-width: 750px) 100vw, 750px\" \/><\/figure><\/li><\/ul><a class=\"wp-block-jetpack-slideshow_button-prev swiper-button-prev swiper-button-white\" role=\"button\"><\/a><a class=\"wp-block-jetpack-slideshow_button-next swiper-button-next swiper-button-white\" role=\"button\"><\/a><a aria-label=\"Pause Slideshow\" class=\"wp-block-jetpack-slideshow_button-pause\" role=\"button\"><\/a><div class=\"wp-block-jetpack-slideshow_pagination swiper-pagination swiper-pagination-white\"><\/div><\/div><\/div>\n\n\n\n<p class=\"wp-block-paragraph\">A cada defesa, dois servidores da institui\u00e7\u00e3o s\u00e3o designados para realizar o trabalho de int\u00e9rpretes em L\u00edngua Brasileira de Sinais com vistas a incluir a comunidade surda nas a\u00e7\u00f5es do programa. J\u00e1 foram realizadas 08 defesas com o acompanhamento dos Tradutores e Int\u00e9rpretes de Libras\/LP, S\u00f4nia Fran\u00e7a e Victor Naz\u00e1rio.<\/p>\n\n\n\n<p class=\"wp-block-paragraph\"><\/p>\n\n\n\n<div class=\"wp-block-jetpack-slideshow aligncenter\" data-autoplay=\"true\" data-delay=\"3\" data-effect=\"slide\"><div class=\"wp-block-jetpack-slideshow_container swiper-container\"><ul class=\"wp-block-jetpack-slideshow_swiper-wrapper swiper-wrapper\"><li class=\"wp-block-jetpack-slideshow_slide swiper-slide\"><figure><img data-recalc-dims=\"1\" loading=\"lazy\" decoding=\"async\" width=\"750\" height=\"439\" alt=\"\" class=\"wp-block-jetpack-slideshow_image wp-image-8717\" data-id=\"8717\" src=\"https:\/\/i0.wp.com\/posletrasufac.com\/wp-content\/uploads\/2021\/12\/sonia.png?resize=750%2C439&#038;ssl=1\" srcset=\"https:\/\/i0.wp.com\/posletrasufac.com\/wp-content\/uploads\/2021\/12\/sonia.png?resize=1024%2C599&amp;ssl=1 1024w, https:\/\/i0.wp.com\/posletrasufac.com\/wp-content\/uploads\/2021\/12\/sonia.png?resize=300%2C175&amp;ssl=1 300w, https:\/\/i0.wp.com\/posletrasufac.com\/wp-content\/uploads\/2021\/12\/sonia.png?resize=768%2C449&amp;ssl=1 768w, https:\/\/i0.wp.com\/posletrasufac.com\/wp-content\/uploads\/2021\/12\/sonia.png?resize=1536%2C898&amp;ssl=1 1536w, https:\/\/i0.wp.com\/posletrasufac.com\/wp-content\/uploads\/2021\/12\/sonia.png?resize=1200%2C702&amp;ssl=1 1200w, https:\/\/i0.wp.com\/posletrasufac.com\/wp-content\/uploads\/2021\/12\/sonia.png?w=1649&amp;ssl=1 1649w\" sizes=\"(max-width: 750px) 100vw, 750px\" \/><\/figure><\/li><li class=\"wp-block-jetpack-slideshow_slide swiper-slide\"><figure><img data-recalc-dims=\"1\" loading=\"lazy\" decoding=\"async\" width=\"750\" height=\"420\" alt=\"\" class=\"wp-block-jetpack-slideshow_image wp-image-8718\" data-id=\"8718\" src=\"https:\/\/i0.wp.com\/posletrasufac.com\/wp-content\/uploads\/2021\/12\/Victor.png?resize=750%2C420&#038;ssl=1\" srcset=\"https:\/\/i0.wp.com\/posletrasufac.com\/wp-content\/uploads\/2021\/12\/Victor.png?resize=1024%2C574&amp;ssl=1 1024w, https:\/\/i0.wp.com\/posletrasufac.com\/wp-content\/uploads\/2021\/12\/Victor.png?resize=300%2C168&amp;ssl=1 300w, https:\/\/i0.wp.com\/posletrasufac.com\/wp-content\/uploads\/2021\/12\/Victor.png?resize=768%2C430&amp;ssl=1 768w, https:\/\/i0.wp.com\/posletrasufac.com\/wp-content\/uploads\/2021\/12\/Victor.png?resize=1536%2C861&amp;ssl=1 1536w, https:\/\/i0.wp.com\/posletrasufac.com\/wp-content\/uploads\/2021\/12\/Victor.png?resize=1200%2C673&amp;ssl=1 1200w, https:\/\/i0.wp.com\/posletrasufac.com\/wp-content\/uploads\/2021\/12\/Victor.png?w=1702&amp;ssl=1 1702w\" sizes=\"(max-width: 750px) 100vw, 750px\" \/><\/figure><\/li><\/ul><a class=\"wp-block-jetpack-slideshow_button-prev swiper-button-prev swiper-button-white\" role=\"button\"><\/a><a class=\"wp-block-jetpack-slideshow_button-next swiper-button-next swiper-button-white\" role=\"button\"><\/a><a aria-label=\"Pause Slideshow\" class=\"wp-block-jetpack-slideshow_button-pause\" role=\"button\"><\/a><div class=\"wp-block-jetpack-slideshow_pagination swiper-pagination swiper-pagination-white\"><\/div><\/div><\/div>\n\n\n\n<p class=\"wp-block-paragraph\">Para o coordenador do PPGLI-Ufac, a presen\u00e7a dos Tradutores e Int\u00e9rpretes representa uma mudan\u00e7a importante nas a\u00e7\u00f5es do programa. &#8220;N\u00f3s vemos como um avan\u00e7o para as atividades p\u00fablicas do PPGLI. Hoje, n\u00f3s j\u00e1 temos discentes surdos cursando mestrado e as disciplinas ofertadas j\u00e1 contam com esse apoio. Agora, as defesas que ocorrem sempre como uma atividade para um p\u00fablico mais amplo, tamb\u00e9m devem ter a presen\u00e7a dos Tradutores e Int\u00e9rpretes de Libras. Esperamos poder realizar todas as a\u00e7\u00f5es em 2022, incluindo eventos do programa,  com a significativa parceria do NAI&#8221;, concluiu o coordenador.<\/p>\n\n\n\n<p class=\"wp-block-paragraph\"><\/p>","protected":false},"excerpt":{"rendered":"<p>Desde o m\u00eas de outubro de 2021, as defesas p\u00fablicas de disserta\u00e7\u00e3o do Programa de P\u00f3s-Gradua\u00e7\u00e3o em Letras: Linguagem e Identidade t\u00eam contado com o apoio do N\u00facleo de Apoio \u00e0 Inclus\u00e3o &#8211; NAI da Universidade Federal do Acre. A<\/p>","protected":false},"author":65883018,"featured_media":0,"comment_status":"closed","ping_status":"closed","sticky":false,"template":"","format":"standard","meta":{"_coblocks_attr":"","_coblocks_dimensions":"","_coblocks_responsive_height":"","_coblocks_accordion_ie_support":"","_crdt_document":"","advanced_seo_description":"","jetpack_seo_html_title":"","jetpack_seo_noindex":false,"_jetpack_newsletter_access":"","_jetpack_dont_email_post_to_subs":false,"_jetpack_newsletter_tier_id":0,"_jetpack_memberships_contains_paywalled_content":false,"_jetpack_memberships_contains_paid_content":false,"footnotes":"","jetpack_publicize_message":"","jetpack_publicize_feature_enabled":true,"jetpack_social_post_already_shared":true,"jetpack_social_options":{"image_generator_settings":{"template":"highway","default_image_id":0,"font":"","enabled":false},"version":2},"_wpas_customize_per_network":false,"jetpack_post_was_ever_published":false},"categories":[233475685],"tags":[],"class_list":["post-8709","post","type-post","status-publish","format-standard","hentry","category-ppgli"],"jetpack_publicize_connections":[],"jetpack_featured_media_url":"","jetpack_likes_enabled":false,"jetpack_sharing_enabled":true,"jetpack_shortlink":"https:\/\/wp.me\/p4Na16-2gt","amp_enabled":true,"_links":{"self":[{"href":"https:\/\/posletrasufac.com\/es\/wp-json\/wp\/v2\/posts\/8709","targetHints":{"allow":["GET"]}}],"collection":[{"href":"https:\/\/posletrasufac.com\/es\/wp-json\/wp\/v2\/posts"}],"about":[{"href":"https:\/\/posletrasufac.com\/es\/wp-json\/wp\/v2\/types\/post"}],"author":[{"embeddable":true,"href":"https:\/\/posletrasufac.com\/es\/wp-json\/wp\/v2\/users\/65883018"}],"replies":[{"embeddable":true,"href":"https:\/\/posletrasufac.com\/es\/wp-json\/wp\/v2\/comments?post=8709"}],"version-history":[{"count":7,"href":"https:\/\/posletrasufac.com\/es\/wp-json\/wp\/v2\/posts\/8709\/revisions"}],"predecessor-version":[{"id":8725,"href":"https:\/\/posletrasufac.com\/es\/wp-json\/wp\/v2\/posts\/8709\/revisions\/8725"}],"wp:attachment":[{"href":"https:\/\/posletrasufac.com\/es\/wp-json\/wp\/v2\/media?parent=8709"}],"wp:term":[{"taxonomy":"category","embeddable":true,"href":"https:\/\/posletrasufac.com\/es\/wp-json\/wp\/v2\/categories?post=8709"},{"taxonomy":"post_tag","embeddable":true,"href":"https:\/\/posletrasufac.com\/es\/wp-json\/wp\/v2\/tags?post=8709"}],"curies":[{"name":"wp","href":"https:\/\/api.w.org\/{rel}","templated":true}]}}