{"id":8704,"date":"2021-12-30T13:29:11","date_gmt":"2021-12-30T18:29:11","guid":{"rendered":"https:\/\/posletrasufac.com\/?p=8704"},"modified":"2021-12-30T13:29:13","modified_gmt":"2021-12-30T18:29:13","slug":"ppgli-encerra-serie-de-sessoes-de-defesas-de-2021-com-dissertacao-sobre-os-trabalhadores-e-trabalhadoras-do-cemiterio-sao-joao-batista-em-rio-branco","status":"publish","type":"post","link":"https:\/\/posletrasufac.com\/es\/2021\/12\/30\/ppgli-encerra-serie-de-sessoes-de-defesas-de-2021-com-dissertacao-sobre-os-trabalhadores-e-trabalhadoras-do-cemiterio-sao-joao-batista-em-rio-branco\/","title":{"rendered":"PPGLI encerra s\u00e9rie de sess\u00f5es de defesas de 2021 com disserta\u00e7\u00e3o sobre os trabalhadores e trabalhadoras do cemit\u00e9rio s\u00e3o Jo\u00e3o Batista, em Rio Branco"},"content":{"rendered":"<p class=\"wp-block-paragraph\"><\/p>\n\n\n\n<p class=\"wp-block-paragraph\">Com o T\u00edtulo Entre as Palavras e as Pedras: Os Fatos de Mem\u00f3rias e as Viv\u00eancias T\u00e9cnicas por Trabalhadores e Trabalhadoras do Cemit\u00e9rio S\u00e3o Jo\u00e3o Batista, em Rio Branco, Acre, Poliana de Melo Nogueira apresenta defesa de disserta\u00e7\u00e3o de mestrado do Programa de P\u00f3s-gradua\u00e7\u00e3o em Letras: Linguagem e Identidade da Ufac (PPGLI\/Ufac), nesta \u00faltima quarta-feira, 29. A sess\u00e3o, realizada de forma virtual por meio do canal Ceprodec no Youtube, est\u00e1 dispon\u00edvel no link <a href=\"https:\/\/www.youtube.com\/watch?v=-iqDlcVXUus.\">https:\/\/www.youtube.com\/watch?v=-iqDlcVXUus. <\/a><\/p>\n\n\n\n<p class=\"wp-block-paragraph\">Finalizando o ciclo de defesas do PPGLI em 2021, a banca examinadora da apresenta\u00e7\u00e3o \u00e9 composta pelo prof. Dr. Francisco Aquinei Tim\u00f3teo Queiroz, integrante do PPGLI\/Ufac e prof. Dra. Mara Genecy Centeno Nogueira, membra do PPGLI da Universidade Federal de Rond\u00f4nia (Unir), bem como o orientador prof. Dr. Gerson Rodrigues de Albuquerque, tamb\u00e9m coordenador do PPGLI\/Ufac.<\/p>\n\n\n\n<div class=\"wp-block-image\"><figure class=\"aligncenter size-full\"><a href=\"https:\/\/i0.wp.com\/posletrasufac.com\/wp-content\/uploads\/2021\/12\/www.youtube.com_watch_v-iqDlcVXUus.png?ssl=1\"><img data-recalc-dims=\"1\" loading=\"lazy\" decoding=\"async\" width=\"750\" height=\"500\" data-attachment-id=\"8706\" data-permalink=\"https:\/\/posletrasufac.com\/es\/2021\/12\/30\/ppgli-encerra-serie-de-sessoes-de-defesas-de-2021-com-dissertacao-sobre-os-trabalhadores-e-trabalhadoras-do-cemiterio-sao-joao-batista-em-rio-branco\/www-youtube-com_watch_v-iqdlcvxuus\/\" data-orig-file=\"https:\/\/i0.wp.com\/posletrasufac.com\/wp-content\/uploads\/2021\/12\/www.youtube.com_watch_v-iqDlcVXUus.png?fit=795%2C530&amp;ssl=1\" data-orig-size=\"795,530\" data-comments-opened=\"0\" data-image-meta=\"{&quot;aperture&quot;:&quot;0&quot;,&quot;credit&quot;:&quot;&quot;,&quot;camera&quot;:&quot;&quot;,&quot;caption&quot;:&quot;&quot;,&quot;created_timestamp&quot;:&quot;0&quot;,&quot;copyright&quot;:&quot;&quot;,&quot;focal_length&quot;:&quot;0&quot;,&quot;iso&quot;:&quot;0&quot;,&quot;shutter_speed&quot;:&quot;0&quot;,&quot;title&quot;:&quot;&quot;,&quot;orientation&quot;:&quot;0&quot;}\" data-image-title=\"www.youtube.com_watch_v-iqDlcVXUus\" data-image-description=\"\" data-image-caption=\"\" data-large-file=\"https:\/\/i0.wp.com\/posletrasufac.com\/wp-content\/uploads\/2021\/12\/www.youtube.com_watch_v-iqDlcVXUus.png?fit=750%2C500&amp;ssl=1\" src=\"https:\/\/i0.wp.com\/posletrasufac.com\/wp-content\/uploads\/2021\/12\/www.youtube.com_watch_v-iqDlcVXUus.png?resize=750%2C500&#038;ssl=1\" alt=\"\" class=\"wp-image-8706\" srcset=\"https:\/\/i0.wp.com\/posletrasufac.com\/wp-content\/uploads\/2021\/12\/www.youtube.com_watch_v-iqDlcVXUus.png?w=795&amp;ssl=1 795w, https:\/\/i0.wp.com\/posletrasufac.com\/wp-content\/uploads\/2021\/12\/www.youtube.com_watch_v-iqDlcVXUus.png?resize=300%2C200&amp;ssl=1 300w, https:\/\/i0.wp.com\/posletrasufac.com\/wp-content\/uploads\/2021\/12\/www.youtube.com_watch_v-iqDlcVXUus.png?resize=768%2C512&amp;ssl=1 768w\" sizes=\"auto, (max-width: 750px) 100vw, 750px\" \/><\/a><figcaption>A disserta\u00e7\u00e3o foi transmitida pelo canal Ceprodoc. Foto: Divulga\u00e7\u00e3o <\/figcaption><\/figure><\/div>\n\n\n\n<p class=\"wp-block-paragraph\">A candidata apresentou os percursos metodol\u00f3gico da sua pesquisa, bem como os resultados obtidos com o estudo. Poliana ressalta que a proposta da tem\u00e1tica junto ao PPGLI foi fruto de experi\u00eancias que adquiriu no per\u00edodo de gradua\u00e7\u00e3o em Hist\u00f3ria. \u201cdurante gradua\u00e7\u00e3o participei do PIBID\/Ufac no qual estavam sendo realizados alguns projetos que envolviam o cemit\u00e9rio, e, com isso, despertou uma curiosidade acerca da tem\u00e1tica\u201d, explicou a mestranda.<\/p>\n\n\n\n<p class=\"wp-block-paragraph\">Segundo Poliana Nogueira a disserta\u00e7\u00e3o tem por objetivo analisar as narrativas elaboradas pelos sujeitos dialogando com suas experi\u00eancias e sociabilidades, al\u00e9m de problematizar os processos de elabora\u00e7\u00e3o simb\u00f3lica dos corpos e do espa\u00e7o cemiterial presentes nas narrativas dos trabalhadores. \u201cUm outro objetivo era dialogar sobre o discurso e processos de \u201cbanimento da morte\u201d e suas rela\u00e7\u00f5es com a conforma\u00e7\u00e3o do cemit\u00e9rio\u201d, ressaltou Nogueira.<\/p>\n\n\n\n<p class=\"wp-block-paragraph\">A aluna conta ainda que o estudo est\u00e1 organizado em tr\u00eas sess\u00f5es, sendo a primeira um di\u00e1logo com autores e conceitos, a segunda a an\u00e1lise das rela\u00e7\u00f5es entre cemit\u00e9rio e cidade e na terceira um di\u00e1logo com as narrativas dos trabalhadores e trabalhadoras do cemit\u00e9rio S\u00e3o Jo\u00e3o Batista.<\/p>\n\n\n\n<p class=\"wp-block-paragraph\">A prof. Dra. Mara Nogueira parabenizou o encerramento do ciclo de pesquisa da candidata. \u201cParab\u00e9ns pelo desafio que teve de pesquisar essas narrativas e mem\u00f3rias dos trabalhadores. Acredito que n\u00e3o tenha sido um trabalho f\u00e1cil. Destaco tamb\u00e9m a escrita da Poliana, entregando um texto bastante prazeroso de ser lido\u201d, pontuou a examinadora. &nbsp;&nbsp;<\/p>\n\n\n\n<p class=\"wp-block-paragraph\">\u201cEssa \u00e9 minha primeira participa\u00e7\u00e3o como examinador da banca do PPGLI, e fico muito feliz por examinar um trabalho com essa densidade e problem\u00e1ticas que a Poliana suscita, pois minhas pesquisas, tamb\u00e9m, se voltam para compreens\u00e3o desses sujeitos ditos comuns, subalternos, que margeiam os contextos sociais e hist\u00f3ricos,\u201d salientou o prof. Dr, Aquinei Queiroz. &nbsp;<\/p>\n\n\n\n<p class=\"wp-block-paragraph\">Ap\u00f3s avaliar a apresenta\u00e7\u00e3o em sess\u00e3o privada, os examinadores da banca atribu\u00edram como aprovada a disserta\u00e7\u00e3o da candidata Poliana de Melo Nogueira, concedendo, assim, o t\u00edtulo de mestra em Letras: Linguagem e Identidade.<\/p>\n\n\n\n<p class=\"wp-block-paragraph\">\u201cObrigado as pessoas que contribu\u00edram nesse processo, ao meu orientador, amigos e fam\u00edlia, aos examinadores pelas contribui\u00e7\u00f5es e, principalmente, aos trabalhadores e trabalhadores do cemit\u00e9rio S\u00e3o Jo\u00e3o Batista, pois sem eles n\u00e3o seria poss\u00edvel concluir essa pesquisa\u201d, externou Poliana de Melo Nogueira.<\/p>","protected":false},"excerpt":{"rendered":"<p>Com o T\u00edtulo Entre as Palavras e as Pedras: Os Fatos de Mem\u00f3rias e as Viv\u00eancias T\u00e9cnicas por Trabalhadores e Trabalhadoras do Cemit\u00e9rio S\u00e3o Jo\u00e3o Batista, em Rio Branco, Acre, Poliana de Melo Nogueira apresenta defesa de disserta\u00e7\u00e3o de mestrado<\/p>","protected":false},"author":65883018,"featured_media":0,"comment_status":"closed","ping_status":"closed","sticky":false,"template":"","format":"standard","meta":{"_coblocks_attr":"","_coblocks_dimensions":"","_coblocks_responsive_height":"","_coblocks_accordion_ie_support":"","_crdt_document":"","advanced_seo_description":"","jetpack_seo_html_title":"","jetpack_seo_noindex":false,"_jetpack_newsletter_access":"","_jetpack_dont_email_post_to_subs":false,"_jetpack_newsletter_tier_id":0,"_jetpack_memberships_contains_paywalled_content":false,"_jetpack_memberships_contains_paid_content":false,"footnotes":"","jetpack_publicize_message":"","jetpack_publicize_feature_enabled":true,"jetpack_social_post_already_shared":true,"jetpack_social_options":{"image_generator_settings":{"template":"highway","default_image_id":0,"font":"","enabled":false},"version":2},"_wpas_customize_per_network":false,"jetpack_post_was_ever_published":false},"categories":[233475685],"tags":[],"class_list":["post-8704","post","type-post","status-publish","format-standard","hentry","category-ppgli"],"jetpack_publicize_connections":[],"jetpack_featured_media_url":"","jetpack_likes_enabled":false,"jetpack_sharing_enabled":true,"jetpack_shortlink":"https:\/\/wp.me\/p4Na16-2go","amp_enabled":true,"_links":{"self":[{"href":"https:\/\/posletrasufac.com\/es\/wp-json\/wp\/v2\/posts\/8704","targetHints":{"allow":["GET"]}}],"collection":[{"href":"https:\/\/posletrasufac.com\/es\/wp-json\/wp\/v2\/posts"}],"about":[{"href":"https:\/\/posletrasufac.com\/es\/wp-json\/wp\/v2\/types\/post"}],"author":[{"embeddable":true,"href":"https:\/\/posletrasufac.com\/es\/wp-json\/wp\/v2\/users\/65883018"}],"replies":[{"embeddable":true,"href":"https:\/\/posletrasufac.com\/es\/wp-json\/wp\/v2\/comments?post=8704"}],"version-history":[{"count":3,"href":"https:\/\/posletrasufac.com\/es\/wp-json\/wp\/v2\/posts\/8704\/revisions"}],"predecessor-version":[{"id":8708,"href":"https:\/\/posletrasufac.com\/es\/wp-json\/wp\/v2\/posts\/8704\/revisions\/8708"}],"wp:attachment":[{"href":"https:\/\/posletrasufac.com\/es\/wp-json\/wp\/v2\/media?parent=8704"}],"wp:term":[{"taxonomy":"category","embeddable":true,"href":"https:\/\/posletrasufac.com\/es\/wp-json\/wp\/v2\/categories?post=8704"},{"taxonomy":"post_tag","embeddable":true,"href":"https:\/\/posletrasufac.com\/es\/wp-json\/wp\/v2\/tags?post=8704"}],"curies":[{"name":"wp","href":"https:\/\/api.w.org\/{rel}","templated":true}]}}