{"id":8324,"date":"2021-10-25T09:21:34","date_gmt":"2021-10-25T14:21:34","guid":{"rendered":"https:\/\/posletrasufac.com\/?p=8324"},"modified":"2021-10-25T09:21:37","modified_gmt":"2021-10-25T14:21:37","slug":"exames-de-leitura-ultima-aplicacao-de-2021","status":"publish","type":"post","link":"https:\/\/posletrasufac.com\/es\/2021\/10\/25\/exames-de-leitura-ultima-aplicacao-de-2021\/","title":{"rendered":"Exames de Leitura \u2013 \u00daltima aplica\u00e7\u00e3o de 2021"},"content":{"rendered":"<figure class=\"wp-block-image size-large\"><a href=\"https:\/\/i0.wp.com\/posletrasufac.com\/wp-content\/uploads\/2021\/10\/centro-de-idiomas-da-ufac-1.png?ssl=1\"><img data-recalc-dims=\"1\" loading=\"lazy\" decoding=\"async\" width=\"750\" height=\"188\" data-attachment-id=\"8325\" data-permalink=\"https:\/\/posletrasufac.com\/es\/2021\/10\/25\/exames-de-leitura-ultima-aplicacao-de-2021\/centro-de-idiomas-da-ufac-1-2\/\" data-orig-file=\"https:\/\/i0.wp.com\/posletrasufac.com\/wp-content\/uploads\/2021\/10\/centro-de-idiomas-da-ufac-1.png?fit=1200%2C300&amp;ssl=1\" data-orig-size=\"1200,300\" data-comments-opened=\"0\" data-image-meta=\"{&quot;aperture&quot;:&quot;0&quot;,&quot;credit&quot;:&quot;&quot;,&quot;camera&quot;:&quot;&quot;,&quot;caption&quot;:&quot;&quot;,&quot;created_timestamp&quot;:&quot;0&quot;,&quot;copyright&quot;:&quot;&quot;,&quot;focal_length&quot;:&quot;0&quot;,&quot;iso&quot;:&quot;0&quot;,&quot;shutter_speed&quot;:&quot;0&quot;,&quot;title&quot;:&quot;&quot;,&quot;orientation&quot;:&quot;0&quot;}\" data-image-title=\"centro-de-idiomas-da-ufac-1\" data-image-description=\"\" data-image-caption=\"\" data-large-file=\"https:\/\/i0.wp.com\/posletrasufac.com\/wp-content\/uploads\/2021\/10\/centro-de-idiomas-da-ufac-1.png?fit=750%2C188&amp;ssl=1\" src=\"https:\/\/i0.wp.com\/posletrasufac.com\/wp-content\/uploads\/2021\/10\/centro-de-idiomas-da-ufac-1.png?resize=750%2C188&#038;ssl=1\" alt=\"\" class=\"wp-image-8325\" srcset=\"https:\/\/i0.wp.com\/posletrasufac.com\/wp-content\/uploads\/2021\/10\/centro-de-idiomas-da-ufac-1.png?resize=1024%2C256&amp;ssl=1 1024w, https:\/\/i0.wp.com\/posletrasufac.com\/wp-content\/uploads\/2021\/10\/centro-de-idiomas-da-ufac-1.png?resize=300%2C75&amp;ssl=1 300w, https:\/\/i0.wp.com\/posletrasufac.com\/wp-content\/uploads\/2021\/10\/centro-de-idiomas-da-ufac-1.png?resize=768%2C192&amp;ssl=1 768w, https:\/\/i0.wp.com\/posletrasufac.com\/wp-content\/uploads\/2021\/10\/centro-de-idiomas-da-ufac-1.png?w=1200&amp;ssl=1 1200w\" sizes=\"auto, (max-width: 750px) 100vw, 750px\" \/><\/a><\/figure>\n\n\n\n<p class=\"wp-block-paragraph\"><strong>EDITAL CENTRO DE IDIOMAS N\u00ba 03\/2021 DE VAGAS PARA EXAMES DE LEITURA EM L\u00cdNGUA INGLESA, L\u00cdNGUA ESPANHOLA E L\u00cdNGUA PORTUGUESA COMO L\u00cdNGUA ADICIONAL<\/strong><\/p>\n\n\n\n<p class=\"wp-block-paragraph\">O Programa de Extens\u00e3o de Ensino de L\u00ednguas da Universidade Federal do Acre \u2013 Centro de Idiomas da Ufac \u2013 torna p\u00fablico o edital de vagas para realiza\u00e7\u00e3o de exames on-line de leitura em L\u00edngua Inglesa, em L\u00edngua Espanhola e em L\u00edngua Portuguesa como l\u00edngua adicional \u2013 para estrangeiros, ind\u00edgenas e surdos, com 100 (cem) vagas para cada l\u00edngua, sendo 60 (sessenta) vagas para comunidade interna e 40 (quarenta) vagas para comunidade externa \u00e0 universidade.<\/p>\n\n\n\n<p class=\"wp-block-paragraph\"><strong>I. DAS INSCRI\u00c7\u00d5ES<\/strong><\/p>\n\n\n\n<p class=\"wp-block-paragraph\">Art. 1\u00ba Poder\u00e3o inscrever-se para realizar os exames de leitura a comunidade externa e interna \u00e0 Universidade Federal do Acre.&nbsp;<\/p>\n\n\n\n<p class=\"wp-block-paragraph\">Art. 2\u00ba As inscri\u00e7\u00f5es ocorrer\u00e3o por meio do formul\u00e1rio eletr\u00f4nico&nbsp;<a href=\"https:\/\/forms.gle\/A346mUJMusZSWPnK8\">https:\/\/forms.gle\/A346mUJMusZSWPnK8<\/a>&nbsp;,&nbsp;<strong>das 12h do dia&nbsp;<\/strong><strong>27 de outubro de 2021 \u00e0s 18h do dia 30 de outubro de 2021.<\/strong><\/p>\n\n\n\n<p class=\"wp-block-paragraph\">Art. 3\u00ba Para realizar a inscri\u00e7\u00e3o, o formul\u00e1rio requisitar\u00e1:<\/p>\n\n\n\n<ol class=\"wp-block-list\"><li>Dados pessoais;<\/li><li><em>Upload<\/em>&nbsp;do RG (frente e verso) ou passaporte para candidatos estrangeiros (p\u00e1gina com foto);<\/li><li><em>Upload<\/em>&nbsp;de Atestado de Matr\u00edcula (emitido pelo Portal do Aluno) para discentes da Universidade Federal do Acre;<\/li><li><em>Upload&nbsp;<\/em>de foto de carteira funcional (emitida pela Prodgep\/Sintest\/Adufac ou Sigepe\/SouGov.br) para docente ou t\u00e9cnico-administrativo da Universidade Federal do Acre;<\/li><li><em>Upload&nbsp;<\/em>de laudo m\u00e9dico que ateste a especificidade, grau ou n\u00edvel de assist\u00eancia necess\u00e1ria para candidatos com defici\u00eancia e seu deferimento estar\u00e1 condicionado \u00e0s possibilidades institucionais de atendimento e \u00e0 legisla\u00e7\u00e3o em vigor.<\/li><\/ol>\n\n\n\n<p class=\"wp-block-paragraph\">\u00a71\u00ba Os candidatos que necessitam de atendimento especial devem informar na ficha de inscri\u00e7\u00e3o a sua especificidade para que as devidas provid\u00eancias sejam tomadas.<\/p>\n\n\n\n<p class=\"wp-block-paragraph\">\u00a72\u00ba Para os candidatos surdos, o profissional Tradutor e Int\u00e9rprete de L\u00edngua Brasileira de Sinais\/Libras interpretar\u00e1 somente as instru\u00e7\u00f5es dadas oralmente para os demais candidatos.<\/p>\n\n\n\n<p class=\"wp-block-paragraph\">\u00a73\u00ba A n\u00e3o apresenta\u00e7\u00e3o da devida documenta\u00e7\u00e3o implicar\u00e1 no indeferimento da inscri\u00e7\u00e3o.&nbsp;<\/p>\n\n\n\n<p class=\"wp-block-paragraph\">Art. 4\u00ba As informa\u00e7\u00f5es sobre deferimento e indeferimento de inscri\u00e7\u00e3o ser\u00e3o enviadas por e-mail informado pelo candidato no ato da inscri\u00e7\u00e3o.<\/p>\n\n\n\n<p class=\"wp-block-paragraph\"><strong>II. DAS VAGAS<\/strong><\/p>\n\n\n\n<p class=\"wp-block-paragraph\">Art. 5\u00ba Ser\u00e3o ofertadas um total de 300 (trezentas) vagas para a realiza\u00e7\u00e3o dos Exames de Leitura em L\u00ednguas, na forma abaixo discriminada:<\/p>\n\n\n\n<figure class=\"wp-block-table\"><table><tbody><tr><td><strong>L\u00cdNGUA INGLESA<\/strong><\/td><\/tr><tr><td><strong>COMUNIDADE INTERNA<\/strong><\/td><td><strong>COMUNIDADE EXTERNA<\/strong><\/td><\/tr><tr><td>60 VAGAS<\/td><td>40 VAGAS<\/td><\/tr><tr><td><strong>L\u00cdNGUA ESPANHOLA<\/strong><\/td><\/tr><tr><td><strong>COMUNIDADE INTERNA<\/strong><\/td><td><strong>COMUNIDADE EXTERNA<\/strong><\/td><\/tr><tr><td>60 VAGAS<\/td><td>40 VAGAS<\/td><\/tr><tr><td><strong>L\u00cdNGUA PORTUGUESA COMO L\u00cdNGUA ADICIONAL<\/strong><\/td><\/tr><tr><td><strong>COMUNIDADE INTERNA<\/strong><\/td><td><strong>COMUNIDADE EXTERNA<\/strong><\/td><\/tr><tr><td>60 VAGAS<\/td><td>40 VAGAS<\/td><\/tr><\/tbody><\/table><\/figure>\n\n\n\n<p class=\"wp-block-paragraph\">\u00a71\u00ba Entende-se por comunidade interna os discentes de gradua\u00e7\u00e3o e p\u00f3s-gradua\u00e7\u00e3o, docentes e t\u00e9cnicos-administrativos que possuam v\u00ednculo com a Ufac, seja por meio de matr\u00edcula institucional, seja por v\u00ednculo empregat\u00edcio ou profissional.<\/p>\n\n\n\n<p class=\"wp-block-paragraph\">\u00a72\u00ba Entende-se por comunidade externa todos os candidatos sem v\u00ednculo institucional oficial (matr\u00edcula) com a Universidade Federal do Acre.<\/p>\n\n\n\n<p class=\"wp-block-paragraph\">Art. 6\u00ba O preenchimento das vagas ser\u00e1 por ordem de inscri\u00e7\u00e3o.<\/p>\n\n\n\n<p class=\"wp-block-paragraph\">\u00a71\u00ba Discentes de p\u00f3s-gradua\u00e7\u00e3o&nbsp;<em>Stricto Sensu<\/em>&nbsp;da Ufac ter\u00e3o prioridade nas vagas destinadas \u00e0 comunidade interna.<\/p>\n\n\n\n<p class=\"wp-block-paragraph\">Art. 7\u00b0 As vagas est\u00e3o sujeitas a remanejamento entre as categorias (comunidade interna e externa) em uma mesma l\u00edngua.<\/p>\n\n\n\n<p class=\"wp-block-paragraph\">\u00a71\u00ba Um cadastro de reserva ser\u00e1 constitu\u00eddo, se necess\u00e1rio, para que se possa proceder o remanejamento de vagas.<\/p>\n\n\n\n<p class=\"wp-block-paragraph\"><strong>III. DO EXAME<\/strong><\/p>\n\n\n\n<p class=\"wp-block-paragraph\">Art. 8\u00ba O exame consiste em uma prova com 10 (dez) quest\u00f5es objetivas de m\u00faltipla escolha, no valor de 1,0 (um) ponto cada.<\/p>\n\n\n\n<p class=\"wp-block-paragraph\">Art. 9\u00ba&nbsp;<strong>O exame \u00e9 gratuito e ser\u00e1 realizado de forma on-line, no hor\u00e1rio de Rio Branco \u2013 Acre, das 10h \u00e0s 12h.<\/strong><\/p>\n\n\n\n<p class=\"wp-block-paragraph\">Art. 10 A dura\u00e7\u00e3o do exame ser\u00e1 de 02 (duas) horas e \u00e9 encerrado automaticamente ao t\u00e9rmino do tempo estabelecido.<\/p>\n\n\n\n<p class=\"wp-block-paragraph\">\u00a71\u00ba Nos casos de candidatos que necessitem de atendimento especial, a dura\u00e7\u00e3o da prova ser\u00e1 de 3 (tr\u00eas) horas, em conformidade ao previsto no art. 27 do Decreto N. 3.298, de 20 de dezembro de 1999, com in\u00edcio \u00e0s 9h e t\u00e9rmino \u00e0s 12h.<\/p>\n\n\n\n<p class=\"wp-block-paragraph\">Art. 11 A aplica\u00e7\u00e3o ocorrer\u00e1 de forma s\u00edncrona por meio de videoconfer\u00eancia atrav\u00e9s do&nbsp;<em>Google Meet<\/em>, associado a programa de aplica\u00e7\u00e3o de exame e ser\u00e1 gravada.<\/p>\n\n\n\n<p class=\"wp-block-paragraph\">Art. 12 \u00c9 permitido somente o uso de dicion\u00e1rio impresso durante a realiza\u00e7\u00e3o do exame.<\/p>\n\n\n\n<p class=\"wp-block-paragraph\">Art. 14 Para a realiza\u00e7\u00e3o do exame, o candidato dever\u00e1 dispor de sinal de internet, de computador, de webcam e de microfone.<\/p>\n\n\n\n<p class=\"wp-block-paragraph\">\u00a71\u00ba O Centro de Idiomas n\u00e3o se responsabiliza por problemas de ordem t\u00e9cnica de equipamentos do candidato, por falta de energia el\u00e9trica ou por falta de conectividade com o sinal de internet.<\/p>\n\n\n\n<p class=\"wp-block-paragraph\">\u00a72\u00ba \u00c9 de responsabilidade do candidato certificar-se de que seu computador est\u00e1 com c\u00e2mera e microfone em pleno funcionamento.<\/p>\n\n\n\n<p class=\"wp-block-paragraph\">\u00a73\u00ba Recomenda-se desabilitar notifica\u00e7\u00f5es, pop-ups, atualiza\u00e7\u00f5es de sistema e antiv\u00edrus, etc., pois isso poder\u00e1 encerrar o exame automaticamente. Alterar o volume do computador tamb\u00e9m pode comprometer o teste.&nbsp;<\/p>\n\n\n\n<p class=\"wp-block-paragraph\">Art. 15 O&nbsp; ingresso na sala virtual poder\u00e1 ser feito com&nbsp;<strong>01 (uma)&nbsp; hora de anteced\u00eancia<\/strong>&nbsp;com vistas a verificar as condi\u00e7\u00f5es t\u00e9cnicas para a realiza\u00e7\u00e3o do exame.<\/p>\n\n\n\n<p class=\"wp-block-paragraph\">Art. 16 O candidato deve ter o documento de identifica\u00e7\u00e3o com foto ao alcance da m\u00e3o, caso seja requerido no momento de realiza\u00e7\u00e3o do exame.<\/p>\n\n\n\n<p class=\"wp-block-paragraph\">\u00a71\u00ba Na impossibilidade de identifica\u00e7\u00e3o do candidato e respectivo documento com foto acarretar\u00e1 na elimina\u00e7\u00e3o do candidato.<\/p>\n\n\n\n<p class=\"wp-block-paragraph\">Art. 17 Ap\u00f3s o ingresso na sala virtual, a identifica\u00e7\u00e3o e a verifica\u00e7\u00e3o de condi\u00e7\u00f5es t\u00e9cnicas para realiza\u00e7\u00e3o do exame de todos os candidatos, o Aplicador autorizar\u00e1 o in\u00edcio do exame.<\/p>\n\n\n\n<p class=\"wp-block-paragraph\">Art. 18 N\u00e3o \u00e9 permitido o uso de celular ou tablet para realiza\u00e7\u00e3o do exame, devido \u00e0s limita\u00e7\u00f5es para acesso simult\u00e2neo \u00e0 videoconfer\u00eancia e ao question\u00e1rio da prova nesses dispositivos.&nbsp;<\/p>\n\n\n\n<p class=\"wp-block-paragraph\">Art. 19 N\u00e3o \u00e9 permitida a comunica\u00e7\u00e3o entre candidatos durante a realiza\u00e7\u00e3o do exame.<\/p>\n\n\n\n<p class=\"wp-block-paragraph\">Art. 20 Candidatos que necessitarem de atendimento especial ter\u00e3o acompanhamento t\u00e9cnico por parte do N\u00facleo de Apoio \u00e0 Inclus\u00e3o\/NAI da Ufac no que tange, exclusivamente, ao suporte e\/ou aos esclarecimentos e instru\u00e7\u00f5es gerais para realiza\u00e7\u00e3o do exame.<\/p>\n\n\n\n<p class=\"wp-block-paragraph\">Art. 21 Ser\u00e3o emitidos e enviados por e-mail atestados de rendimento somente para os candidatos com nota igual ou superior a 5,0 (cinco).<\/p>\n\n\n\n<p class=\"wp-block-paragraph\"><strong>IV.&nbsp; DA ELIMINA\u00c7\u00c3O&nbsp;<\/strong><\/p>\n\n\n\n<p class=\"wp-block-paragraph\">Art. 22 O candidato ser\u00e1 eliminado caso:<\/p>\n\n\n\n<ol class=\"wp-block-list\"><li>Ingresse na sala de videoconfer\u00eancia ap\u00f3s o hor\u00e1rio estabelecido.<\/li><li>N\u00e3o apresente, quando solicitado, documento de identifica\u00e7\u00e3o com foto.<\/li><li>Seja surpreendido em comunica\u00e7\u00e3o com outro candidato, verbalmente, por escrito ou por qualquer outra forma, realizando consulta a outros materiais impressos ou digitais n\u00e3o autorizados pela Equipe Aplicadora.<\/li><li>Comporte-se de qualquer forma fraudulenta para responder \u00e0s quest\u00f5es.<\/li><li>N\u00e3o disponha de visibilidade de imagem de rosto e ombros devido \u00e0 pouca ilumina\u00e7\u00e3o ou posi\u00e7\u00e3o da c\u00e2mera.<\/li><li>Saia da sala virtual ou minimize a janela do navegador em que esteja o exame POR MAIS DE UMA VEZ. Neste caso, o sistema encerrar\u00e1 o exame automaticamente.<\/li><li>Tenha sua tela movimentada por notifica\u00e7\u00f5es, pop-ups, mensagens de sistema operacional, redu\u00e7\u00e3o\/aumento de volume durante o exame.<\/li><li>Perca conex\u00e3o de internet durante o exame.<\/li><li>Ausente-se da frente do computador sem a devida autoriza\u00e7\u00e3o por parte da Equipe de Aplica\u00e7\u00e3o do exame.<\/li><\/ol>\n\n\n\n<p class=\"wp-block-paragraph\"><strong>V. CRONOGRAMA<\/strong><\/p>\n\n\n\n<figure class=\"wp-block-table\"><table><tbody><tr><td><strong>INSCRI\u00c7\u00d5ES PARA TODAS AS L\u00cdNGUAS<\/strong><\/td><td><strong>27 a 30 de outubro de 2021<\/strong><\/td><\/tr><tr><td><strong>EXAMES DE LEITURA<\/strong><\/td><td><strong>DATA<\/strong><\/td><\/tr><tr><td>L\u00cdNGUA PORTUGUESA COMO L\u00cdNGUA ADICIONAL&nbsp;<\/td><td>20 de novembro de 2021<\/td><\/tr><tr><td>L\u00cdNGUA INGLESA<\/td><td>27 de novembro de 2021<\/td><\/tr><tr><td>L\u00cdNGUA ESPANHOLA&nbsp;<\/td><td>04 de dezembro de 2021<\/td><\/tr><\/tbody><\/table><\/figure>\n\n\n\n<p class=\"wp-block-paragraph\"><strong>VI. RESULTADOS<\/strong><\/p>\n\n\n\n<p class=\"wp-block-paragraph\">Art. 23 O resultado dos exames de leitura ser\u00e1 encaminhado por e-mail aos candidatos.<\/p>\n\n\n\n<p class=\"wp-block-paragraph\"><strong>VII<\/strong>.&nbsp;<strong>DISPOSI\u00c7\u00d5ES FINAIS<\/strong><\/p>\n\n\n\n<p class=\"wp-block-paragraph\">Art. 24 A inscri\u00e7\u00e3o do candidato, neste edital, implica na anu\u00eancia \u00e0s regras do certame.<\/p>\n\n\n\n<p class=\"wp-block-paragraph\">Art. 25 D\u00favidas sobre o processo de inscri\u00e7\u00e3o e\/ou sobre a realiza\u00e7\u00e3o dos exames podem ser enviadas para o email:&nbsp;<a href=\"mailto:centroidiomas@ufac.br\">centroidiomas@ufac.br<\/a>&nbsp;ou acessadas no endere\u00e7o&nbsp;<a href=\"http:\/\/idiomasufac.com\/\">idiomasufac.com&nbsp;<\/a><\/p>\n\n\n\n<p class=\"wp-block-paragraph\">Art. 26 Os casos omissos, neste edital, ser\u00e3o decididos pela Coordena\u00e7\u00e3o do Centro de Idiomas da Ufac.&nbsp;<\/p>\n\n\n\n<p class=\"wp-block-paragraph\">Rio Branco \u2013 Acre, 25 de outubro de 2021.<\/p>\n\n\n\n<p class=\"wp-block-paragraph\"><em>Raquel Alves Ishii<\/em><\/p>\n\n\n\n<p class=\"wp-block-paragraph\"><strong>Coordenadora Geral<\/strong><\/p>","protected":false},"excerpt":{"rendered":"<p>EDITAL CENTRO DE IDIOMAS N\u00ba 03\/2021 DE VAGAS PARA EXAMES DE LEITURA EM L\u00cdNGUA INGLESA, L\u00cdNGUA ESPANHOLA E L\u00cdNGUA PORTUGUESA COMO L\u00cdNGUA ADICIONAL O Programa de Extens\u00e3o de Ensino de L\u00ednguas da Universidade Federal do Acre \u2013 Centro de Idiomas<\/p>","protected":false},"author":65883018,"featured_media":0,"comment_status":"closed","ping_status":"closed","sticky":false,"template":"","format":"standard","meta":{"_coblocks_attr":"","_coblocks_dimensions":"","_coblocks_responsive_height":"","_coblocks_accordion_ie_support":"","_crdt_document":"","advanced_seo_description":"","jetpack_seo_html_title":"","jetpack_seo_noindex":false,"_jetpack_newsletter_access":"","_jetpack_dont_email_post_to_subs":false,"_jetpack_newsletter_tier_id":0,"_jetpack_memberships_contains_paywalled_content":false,"_jetpack_memberships_contains_paid_content":false,"footnotes":"","jetpack_publicize_message":"","jetpack_publicize_feature_enabled":true,"jetpack_social_post_already_shared":true,"jetpack_social_options":{"image_generator_settings":{"template":"highway","default_image_id":0,"font":"","enabled":false},"version":2},"_wpas_customize_per_network":false,"jetpack_post_was_ever_published":false},"categories":[233475685],"tags":[],"class_list":["post-8324","post","type-post","status-publish","format-standard","hentry","category-ppgli"],"jetpack_publicize_connections":[],"jetpack_featured_media_url":"","jetpack_likes_enabled":false,"jetpack_sharing_enabled":true,"jetpack_shortlink":"https:\/\/wp.me\/p4Na16-2ag","amp_enabled":true,"_links":{"self":[{"href":"https:\/\/posletrasufac.com\/es\/wp-json\/wp\/v2\/posts\/8324","targetHints":{"allow":["GET"]}}],"collection":[{"href":"https:\/\/posletrasufac.com\/es\/wp-json\/wp\/v2\/posts"}],"about":[{"href":"https:\/\/posletrasufac.com\/es\/wp-json\/wp\/v2\/types\/post"}],"author":[{"embeddable":true,"href":"https:\/\/posletrasufac.com\/es\/wp-json\/wp\/v2\/users\/65883018"}],"replies":[{"embeddable":true,"href":"https:\/\/posletrasufac.com\/es\/wp-json\/wp\/v2\/comments?post=8324"}],"version-history":[{"count":1,"href":"https:\/\/posletrasufac.com\/es\/wp-json\/wp\/v2\/posts\/8324\/revisions"}],"predecessor-version":[{"id":8326,"href":"https:\/\/posletrasufac.com\/es\/wp-json\/wp\/v2\/posts\/8324\/revisions\/8326"}],"wp:attachment":[{"href":"https:\/\/posletrasufac.com\/es\/wp-json\/wp\/v2\/media?parent=8324"}],"wp:term":[{"taxonomy":"category","embeddable":true,"href":"https:\/\/posletrasufac.com\/es\/wp-json\/wp\/v2\/categories?post=8324"},{"taxonomy":"post_tag","embeddable":true,"href":"https:\/\/posletrasufac.com\/es\/wp-json\/wp\/v2\/tags?post=8324"}],"curies":[{"name":"wp","href":"https:\/\/api.w.org\/{rel}","templated":true}]}}