{"id":7209,"date":"2020-10-14T10:54:40","date_gmt":"2020-10-14T15:54:40","guid":{"rendered":"https:\/\/posletrasufac.com\/?p=7209"},"modified":"2020-10-14T10:56:08","modified_gmt":"2020-10-14T15:56:08","slug":"bruno-latour-antropoceno-e-brasil-conversas-tematicas","status":"publish","type":"post","link":"https:\/\/posletrasufac.com\/es\/2020\/10\/14\/bruno-latour-antropoceno-e-brasil-conversas-tematicas\/","title":{"rendered":"&#8220;Bruno Latour, Antropoceno e Brasil&#8221; &#8211; Conversas Tem\u00e1ticas"},"content":{"rendered":"<div class=\"wp-block-image\"><figure class=\"aligncenter size-large\"><a href=\"https:\/\/i0.wp.com\/posletrasufac.com\/wp-content\/uploads\/2020\/10\/1.png?ssl=1\"><img data-recalc-dims=\"1\" loading=\"lazy\" decoding=\"async\" width=\"716\" height=\"355\" data-attachment-id=\"7211\" data-permalink=\"https:\/\/posletrasufac.com\/es\/2020\/10\/14\/bruno-latour-antropoceno-e-brasil-conversas-tematicas\/1-8\/\" data-orig-file=\"https:\/\/i0.wp.com\/posletrasufac.com\/wp-content\/uploads\/2020\/10\/1.png?fit=716%2C355&amp;ssl=1\" data-orig-size=\"716,355\" data-comments-opened=\"0\" data-image-meta=\"{&quot;aperture&quot;:&quot;0&quot;,&quot;credit&quot;:&quot;&quot;,&quot;camera&quot;:&quot;&quot;,&quot;caption&quot;:&quot;&quot;,&quot;created_timestamp&quot;:&quot;0&quot;,&quot;copyright&quot;:&quot;&quot;,&quot;focal_length&quot;:&quot;0&quot;,&quot;iso&quot;:&quot;0&quot;,&quot;shutter_speed&quot;:&quot;0&quot;,&quot;title&quot;:&quot;&quot;,&quot;orientation&quot;:&quot;0&quot;}\" data-image-title=\"1\" data-image-description=\"\" data-image-caption=\"\" data-large-file=\"https:\/\/i0.wp.com\/posletrasufac.com\/wp-content\/uploads\/2020\/10\/1.png?fit=716%2C355&amp;ssl=1\" src=\"https:\/\/i0.wp.com\/posletrasufac.com\/wp-content\/uploads\/2020\/10\/1.png?resize=716%2C355&#038;ssl=1\" alt=\"\" class=\"wp-image-7211\" srcset=\"https:\/\/i0.wp.com\/posletrasufac.com\/wp-content\/uploads\/2020\/10\/1.png?w=716&amp;ssl=1 716w, https:\/\/i0.wp.com\/posletrasufac.com\/wp-content\/uploads\/2020\/10\/1.png?resize=300%2C149&amp;ssl=1 300w\" sizes=\"auto, (max-width: 716px) 100vw, 716px\" \/><\/a><\/figure><\/div>\n\n\n\n<p class=\"wp-block-paragraph\">Hoje, quarta-feira (14\/10), <strong>16h &#8211; Bras\u00edlia e 14h &#8211; Acre.<\/strong> organizaremos mais uma edi\u00e7\u00e3o de Rodas da\u00a0Rosa. As\u00a0<a rel=\"noreferrer noopener\" href=\"http:\/\/revistarosa.com\/rodas\" target=\"_blank\">Rodas da\u00a0Rosa<\/a>\u00a0s\u00e3o conversas tem\u00e1ticas que ocorrem via canal zoom e s\u00e3o abertas \u00e0 participa\u00e7\u00e3o do p\u00fablico.<\/p>\n\n\n\n<p class=\"wp-block-paragraph\">Nesta Roda da&nbsp;Rosa, edi\u00e7\u00e3o n. 9, o tema \u00e9 &#8220;Bruno Latour, Antropoceno e Brasil&#8221;.<\/p>\n\n\n\n<p class=\"wp-block-paragraph\"><em>Com seus dois livros rec\u00e9m-lan\u00e7ados no Brasil em 2020 (<\/em>Onde aterrar?&nbsp;<em>e&nbsp;<\/em>Diante de Gaia<em>), Bruno Latour toca em quest\u00f5es cruciais para a compreens\u00e3o de uma ordem que compreende novos arranjos sociais, territoriais e clim\u00e1ticos caracter\u00edsticos do atual per\u00edodo geol\u00f3gico, o Antropoceno. Diante da conjuntura mundial em meio \u00e0 pandemia, o ponto de vista de Latour pode ser considerado &#8220;atualizado&#8221;? Suas teorias condizem com aspectos ambientais e pol\u00edticos do Brasil de hoje? Seria poss\u00edvel conjecturar uma sa\u00edda poss\u00edvel, que suponha a coexist\u00eancia do vigente sistema capitalista e a preserva\u00e7\u00e3o do meio ambiente?<\/em><\/p>\n\n\n\n<p class=\"wp-block-paragraph\"><strong>Convidados<\/strong><br><strong>Fernando Silva e Silva<\/strong>&nbsp;\u00e9 pesquisador da Associa\u00e7\u00e3o de Pesquisas e Pr\u00e1ticas em Humanidades.<br><strong>Marcos de Almeida Matos&nbsp;<\/strong>\u00e9 antrop\u00f3logo e professor na Universidade Federal do Acre, onde coordena o Laborat\u00f3rio de Antropologias e Florestas (Aflora).<br><strong>Moema Miranda<\/strong>&nbsp;\u00e9 antrop\u00f3loga com mestrado pelo Museu Nacional, PPGAS\/UFRJ.<\/p>\n\n\n\n<p class=\"wp-block-paragraph\"><strong>Media\u00e7\u00e3o<\/strong><br><strong>Alyne Costa<\/strong>&nbsp;\u00e9 fil\u00f3sofa, professora da Puc-Rio e p\u00f3s-doutoranda no F\u00f3rum de Ci\u00eancia e Cultura da UFRJ. Escreveu o posf\u00e1cio da edi\u00e7\u00e3o brasileira de Onde aterrar? (Bazar do Tempo, 2020).<\/p>\n\n\n\n<p class=\"wp-block-paragraph\">Cada convidado ter\u00e1 aproximadamente 15 minutos para apresentar suas ideias, em seguida ser\u00e1 aberto o debate. A conversa ser\u00e1 registrada e em breve ir\u00e1 ao ar no site da&nbsp;Revista&nbsp;Rosa.<br>&#8212;<br>Revista Rosa<a href=\"http:\/\/www.revistarosa.com\/\" target=\"_blank\" rel=\"noreferrer noopener\">www.revistarosa.com<\/a><\/p>\n\n\n\n<p class=\"wp-block-paragraph\">Para participar do evento \u00e9 necess\u00e1rio enviar um email para o endere\u00e7o:&nbsp;&nbsp;<a href=\"mailto:revistarosa.info@gmail.com\" target=\"_blank\" rel=\"noreferrer noopener\">revistarosa.info@gmail.com<\/a><\/p>","protected":false},"excerpt":{"rendered":"<p>Hoje, quarta-feira (14\/10), 16h &#8211; Bras\u00edlia e 14h &#8211; Acre. organizaremos mais uma edi\u00e7\u00e3o de Rodas da\u00a0Rosa. As\u00a0Rodas da\u00a0Rosa\u00a0s\u00e3o conversas tem\u00e1ticas que ocorrem via canal zoom e s\u00e3o abertas \u00e0 participa\u00e7\u00e3o do p\u00fablico. Nesta Roda da&nbsp;Rosa, edi\u00e7\u00e3o n. 9, o<\/p>","protected":false},"author":65883018,"featured_media":0,"comment_status":"closed","ping_status":"closed","sticky":false,"template":"","format":"standard","meta":{"_coblocks_attr":"","_coblocks_dimensions":"","_coblocks_responsive_height":"","_coblocks_accordion_ie_support":"","_crdt_document":"","advanced_seo_description":"","jetpack_seo_html_title":"","jetpack_seo_noindex":false,"_jetpack_newsletter_access":"","_jetpack_dont_email_post_to_subs":false,"_jetpack_newsletter_tier_id":0,"_jetpack_memberships_contains_paywalled_content":false,"_jetpack_memberships_contains_paid_content":false,"footnotes":"","jetpack_publicize_message":"","jetpack_publicize_feature_enabled":true,"jetpack_social_post_already_shared":true,"jetpack_social_options":{"image_generator_settings":{"template":"highway","default_image_id":0,"font":"","enabled":false},"version":2},"_wpas_customize_per_network":false,"jetpack_post_was_ever_published":false},"categories":[233475685],"tags":[],"class_list":["post-7209","post","type-post","status-publish","format-standard","hentry","category-ppgli"],"jetpack_publicize_connections":[],"jetpack_featured_media_url":"","jetpack_likes_enabled":false,"jetpack_sharing_enabled":true,"jetpack_shortlink":"https:\/\/wp.me\/p4Na16-1Sh","amp_enabled":true,"_links":{"self":[{"href":"https:\/\/posletrasufac.com\/es\/wp-json\/wp\/v2\/posts\/7209","targetHints":{"allow":["GET"]}}],"collection":[{"href":"https:\/\/posletrasufac.com\/es\/wp-json\/wp\/v2\/posts"}],"about":[{"href":"https:\/\/posletrasufac.com\/es\/wp-json\/wp\/v2\/types\/post"}],"author":[{"embeddable":true,"href":"https:\/\/posletrasufac.com\/es\/wp-json\/wp\/v2\/users\/65883018"}],"replies":[{"embeddable":true,"href":"https:\/\/posletrasufac.com\/es\/wp-json\/wp\/v2\/comments?post=7209"}],"version-history":[{"count":3,"href":"https:\/\/posletrasufac.com\/es\/wp-json\/wp\/v2\/posts\/7209\/revisions"}],"predecessor-version":[{"id":7213,"href":"https:\/\/posletrasufac.com\/es\/wp-json\/wp\/v2\/posts\/7209\/revisions\/7213"}],"wp:attachment":[{"href":"https:\/\/posletrasufac.com\/es\/wp-json\/wp\/v2\/media?parent=7209"}],"wp:term":[{"taxonomy":"category","embeddable":true,"href":"https:\/\/posletrasufac.com\/es\/wp-json\/wp\/v2\/categories?post=7209"},{"taxonomy":"post_tag","embeddable":true,"href":"https:\/\/posletrasufac.com\/es\/wp-json\/wp\/v2\/tags?post=7209"}],"curies":[{"name":"wp","href":"https:\/\/api.w.org\/{rel}","templated":true}]}}