{"id":651,"date":"2015-03-14T13:41:39","date_gmt":"2015-03-14T18:41:39","guid":{"rendered":"http:\/\/posletrasufac.com\/?p=651"},"modified":"2015-03-14T13:41:39","modified_gmt":"2015-03-14T18:41:39","slug":"resultado-final-selecao-publica-de-candidatos-para-o-preenchimento-de-28-vinte-e-oito-vagas-para-o-curso-de-mestrado-em-letras-linguagem-e-identidade-turma-2015","status":"publish","type":"post","link":"https:\/\/posletrasufac.com\/es\/2015\/03\/14\/resultado-final-selecao-publica-de-candidatos-para-o-preenchimento-de-28-vinte-e-oito-vagas-para-o-curso-de-mestrado-em-letras-linguagem-e-identidade-turma-2015\/","title":{"rendered":"Resultado Final &#8211; Sele\u00e7\u00e3o p\u00fablica de candidatos para o preenchimento de 28 (vinte e oito) vagas para o Curso de Mestrado em Letras: Linguagem e Identidade, Turma 2015"},"content":{"rendered":"<p><a href=\"https:\/\/i0.wp.com\/posletrasufac.com\/wp-content\/uploads\/2015\/01\/edital-20141.png?ssl=1\"><img data-recalc-dims=\"1\" loading=\"lazy\" decoding=\"async\" data-attachment-id=\"614\" data-permalink=\"https:\/\/posletrasufac.com\/es\/2015\/01\/16\/processo-seletivo-2014-lista-definitiva-de-inscricoes-deferidas-e-indeferidas\/edital-2014-2\/\" data-orig-file=\"https:\/\/i0.wp.com\/posletrasufac.com\/wp-content\/uploads\/2015\/01\/edital-20141.png?fit=2482%2C2857&amp;ssl=1\" data-orig-size=\"2482,2857\" data-comments-opened=\"0\" data-image-meta=\"{&quot;aperture&quot;:&quot;0&quot;,&quot;credit&quot;:&quot;&quot;,&quot;camera&quot;:&quot;&quot;,&quot;caption&quot;:&quot;&quot;,&quot;created_timestamp&quot;:&quot;0&quot;,&quot;copyright&quot;:&quot;&quot;,&quot;focal_length&quot;:&quot;0&quot;,&quot;iso&quot;:&quot;0&quot;,&quot;shutter_speed&quot;:&quot;0&quot;,&quot;title&quot;:&quot;&quot;,&quot;orientation&quot;:&quot;0&quot;}\" data-image-title=\"Edital 2014\" data-image-description=\"\" data-image-caption=\"\" data-large-file=\"https:\/\/i0.wp.com\/posletrasufac.com\/wp-content\/uploads\/2015\/01\/edital-20141.png?fit=750%2C863&amp;ssl=1\" class=\"aligncenter wp-image-614 size-large\" src=\"https:\/\/i0.wp.com\/posletrasufac.com\/wp-content\/uploads\/2015\/01\/edital-20141.png?resize=660%2C760&#038;ssl=1\" alt=\"Edital 2014\" width=\"660\" height=\"760\" \/><\/a><\/p>\n<p><a href=\"https:\/\/posletrasufac.com\/wp-content\/uploads\/2015\/03\/resultado-final.pdf\">Resultado Final<\/a><\/p>","protected":false},"excerpt":{"rendered":"<p>Resultado Final<\/p>","protected":false},"author":65883018,"featured_media":0,"comment_status":"closed","ping_status":"closed","sticky":false,"template":"","format":"standard","meta":{"_coblocks_attr":"","_coblocks_dimensions":"","_coblocks_responsive_height":"","_coblocks_accordion_ie_support":"","_crdt_document":"","advanced_seo_description":"","jetpack_seo_html_title":"","jetpack_seo_noindex":false,"_jetpack_newsletter_access":"","_jetpack_dont_email_post_to_subs":false,"_jetpack_newsletter_tier_id":0,"_jetpack_memberships_contains_paywalled_content":false,"_jetpack_memberships_contains_paid_content":false,"footnotes":"","jetpack_publicize_message":"Resultado Final - Sele\u00e7\u00e3o p\u00fablica de candidatos para o preenchimento de 28 (vinte e oito) vagas para o Curso de Mestrado em Letras: Linguagem e Identidade, Turma 2015","jetpack_publicize_feature_enabled":true,"jetpack_social_post_already_shared":false,"jetpack_social_options":{"image_generator_settings":{"template":"highway","default_image_id":0,"font":"","enabled":false},"version":2},"_wpas_customize_per_network":false,"jetpack_post_was_ever_published":false},"categories":[5078],"tags":[],"class_list":["post-651","post","type-post","status-publish","format-standard","hentry","category-sem-categoria"],"jetpack_publicize_connections":[],"jetpack_featured_media_url":"","jetpack_likes_enabled":false,"jetpack_sharing_enabled":true,"jetpack_shortlink":"https:\/\/wp.me\/p4Na16-av","amp_enabled":true,"_links":{"self":[{"href":"https:\/\/posletrasufac.com\/es\/wp-json\/wp\/v2\/posts\/651","targetHints":{"allow":["GET"]}}],"collection":[{"href":"https:\/\/posletrasufac.com\/es\/wp-json\/wp\/v2\/posts"}],"about":[{"href":"https:\/\/posletrasufac.com\/es\/wp-json\/wp\/v2\/types\/post"}],"author":[{"embeddable":true,"href":"https:\/\/posletrasufac.com\/es\/wp-json\/wp\/v2\/users\/65883018"}],"replies":[{"embeddable":true,"href":"https:\/\/posletrasufac.com\/es\/wp-json\/wp\/v2\/comments?post=651"}],"version-history":[{"count":1,"href":"https:\/\/posletrasufac.com\/es\/wp-json\/wp\/v2\/posts\/651\/revisions"}],"predecessor-version":[{"id":653,"href":"https:\/\/posletrasufac.com\/es\/wp-json\/wp\/v2\/posts\/651\/revisions\/653"}],"wp:attachment":[{"href":"https:\/\/posletrasufac.com\/es\/wp-json\/wp\/v2\/media?parent=651"}],"wp:term":[{"taxonomy":"category","embeddable":true,"href":"https:\/\/posletrasufac.com\/es\/wp-json\/wp\/v2\/categories?post=651"},{"taxonomy":"post_tag","embeddable":true,"href":"https:\/\/posletrasufac.com\/es\/wp-json\/wp\/v2\/tags?post=651"}],"curies":[{"name":"wp","href":"https:\/\/api.w.org\/{rel}","templated":true}]}}