{"id":567,"date":"2014-12-16T20:39:26","date_gmt":"2014-12-17T01:39:26","guid":{"rendered":"http:\/\/posletrasufac.com\/?p=567"},"modified":"2014-12-16T20:39:26","modified_gmt":"2014-12-17T01:39:26","slug":"cnpq-atende-demanda-da-comunidade-cientifica-e-cria-diretoria-de-ciencias-humanas-e-sociais","status":"publish","type":"post","link":"https:\/\/posletrasufac.com\/es\/2014\/12\/16\/cnpq-atende-demanda-da-comunidade-cientifica-e-cria-diretoria-de-ciencias-humanas-e-sociais\/","title":{"rendered":"CNPq atende demanda da comunidade cient\u00edfica e cria Diretoria de Ci\u00eancias Humanas e Sociais"},"content":{"rendered":"<p>Atendendo uma demanda hist\u00f3rica dos pesquisadores e das associa\u00e7\u00f5es e sociedades cient\u00edficas nacionais da \u00e1rea, o Conselho Deliberativo do CNPq aprovou, em sua reuni\u00e3o realizada no dia 26 de novembro de 2014, a cria\u00e7\u00e3o da Diretoria de Ci\u00eancias Humanas e Sociais Aplicadas. Esta solicita\u00e7\u00e3o foi encaminhada pela Diretoria Executiva do CNPq, que havia aprovado anteriormente esta demanda.<\/p>\n<p>Atualmente estas \u00e1reas est\u00e3o vinculadas \u00e0 Diretoria de Engenharias, Ci\u00eancias Exatas, Humanas e Sociais (DEHS). A nova diretoria atuar\u00e1 tanto nas a\u00e7\u00f5es especificas das \u00e1reas envolvidas quanto em outras demandas transversais, tais como a\u00e7\u00f5es de Editora\u00e7\u00e3o, Divulga\u00e7\u00e3o Cient\u00edfica, G\u00eanero e Pol\u00edticas Sociais Inclusivas, dentre outras.<\/p>\n<p>A aprova\u00e7\u00e3o pela Diretoria Executiva e pelo Conselho Deliberativo do CNPq levou em considera\u00e7\u00e3o as recomenda\u00e7\u00f5es apresentadas pelo \u201cSimp\u00f3sio de Ci\u00eancias Humanas e Sociais nas Pol\u00edticas de Ci\u00eancia, Tecnologia e Inova\u00e7\u00e3o Contempor\u00e2neas\u201d, realizado com o apoio do CNPq no dia 20 de agosto deste ano, quando a proposta de cria\u00e7\u00e3o de uma diretoria espec\u00edfica para as \u00e1reas de ci\u00eancias humanas foi submetida \u00e0 aprecia\u00e7\u00e3o conjunta das mais de 30 associa\u00e7\u00f5es e sociedades cient\u00edficas reunidas.<\/p>\n<p>A implementa\u00e7\u00e3o da nova diretoria ser\u00e1 agora submetida ao Minist\u00e9rio da Ci\u00eancia, Tecnologia e Inova\u00e7\u00e3o (MCTI) e outras inst\u00e2ncias governamentais pertinentes.<\/p>\n<p>Fonte: <a href=\"http:\/\/anpoll.org.br\/portal\/cnpq-atende-demanda-da-comunidade-cientifica-e-cria-diretoria-de-ciencias-humanas-e-sociais\/\" target=\"_blank\">ANPOLL<\/a><\/p>","protected":false},"excerpt":{"rendered":"<p>Atendendo uma demanda hist\u00f3rica dos pesquisadores e das associa\u00e7\u00f5es e sociedades cient\u00edficas nacionais da \u00e1rea, o Conselho Deliberativo do CNPq aprovou, em sua reuni\u00e3o realizada no dia 26 de novembro de 2014, a cria\u00e7\u00e3o da Diretoria de Ci\u00eancias Humanas e<\/p>","protected":false},"author":65883018,"featured_media":0,"comment_status":"closed","ping_status":"closed","sticky":false,"template":"","format":"standard","meta":{"_coblocks_attr":"","_coblocks_dimensions":"","_coblocks_responsive_height":"","_coblocks_accordion_ie_support":"","_crdt_document":"","advanced_seo_description":"","jetpack_seo_html_title":"","jetpack_seo_noindex":false,"_jetpack_newsletter_access":"","_jetpack_dont_email_post_to_subs":false,"_jetpack_newsletter_tier_id":0,"_jetpack_memberships_contains_paywalled_content":false,"_jetpack_memberships_contains_paid_content":false,"footnotes":"","jetpack_publicize_message":"CNPq atende demanda da comunidade cient\u00edfica e cria Diretoria de Ci\u00eancias Humanas e Sociais","jetpack_publicize_feature_enabled":true,"jetpack_social_post_already_shared":false,"jetpack_social_options":{"image_generator_settings":{"template":"highway","default_image_id":0,"font":"","enabled":false},"version":2},"_wpas_customize_per_network":false,"jetpack_post_was_ever_published":false},"categories":[5078],"tags":[],"class_list":["post-567","post","type-post","status-publish","format-standard","hentry","category-sem-categoria"],"jetpack_publicize_connections":[],"jetpack_featured_media_url":"","jetpack_likes_enabled":false,"jetpack_sharing_enabled":true,"jetpack_shortlink":"https:\/\/wp.me\/p4Na16-99","amp_enabled":true,"_links":{"self":[{"href":"https:\/\/posletrasufac.com\/es\/wp-json\/wp\/v2\/posts\/567","targetHints":{"allow":["GET"]}}],"collection":[{"href":"https:\/\/posletrasufac.com\/es\/wp-json\/wp\/v2\/posts"}],"about":[{"href":"https:\/\/posletrasufac.com\/es\/wp-json\/wp\/v2\/types\/post"}],"author":[{"embeddable":true,"href":"https:\/\/posletrasufac.com\/es\/wp-json\/wp\/v2\/users\/65883018"}],"replies":[{"embeddable":true,"href":"https:\/\/posletrasufac.com\/es\/wp-json\/wp\/v2\/comments?post=567"}],"version-history":[{"count":1,"href":"https:\/\/posletrasufac.com\/es\/wp-json\/wp\/v2\/posts\/567\/revisions"}],"predecessor-version":[{"id":568,"href":"https:\/\/posletrasufac.com\/es\/wp-json\/wp\/v2\/posts\/567\/revisions\/568"}],"wp:attachment":[{"href":"https:\/\/posletrasufac.com\/es\/wp-json\/wp\/v2\/media?parent=567"}],"wp:term":[{"taxonomy":"category","embeddable":true,"href":"https:\/\/posletrasufac.com\/es\/wp-json\/wp\/v2\/categories?post=567"},{"taxonomy":"post_tag","embeddable":true,"href":"https:\/\/posletrasufac.com\/es\/wp-json\/wp\/v2\/tags?post=567"}],"curies":[{"name":"wp","href":"https:\/\/api.w.org\/{rel}","templated":true}]}}