{"id":564,"date":"2014-12-16T19:00:46","date_gmt":"2014-12-17T00:00:46","guid":{"rendered":"http:\/\/posletrasufac.com\/?p=564"},"modified":"2014-12-16T19:00:46","modified_gmt":"2014-12-17T00:00:46","slug":"comunicado-capes-periodo-de-avaliacao-do-snpg","status":"publish","type":"post","link":"https:\/\/posletrasufac.com\/es\/2014\/12\/16\/comunicado-capes-periodo-de-avaliacao-do-snpg\/","title":{"rendered":"Comunicado CAPES \u2013 Per\u00edodo de Avalia\u00e7\u00e3o do SNPG"},"content":{"rendered":"<p><a href=\"https:\/\/i0.wp.com\/posletrasufac.com\/wp-content\/uploads\/2014\/12\/logo-capes.png?ssl=1\"><img data-recalc-dims=\"1\" loading=\"lazy\" decoding=\"async\" data-attachment-id=\"565\" data-permalink=\"https:\/\/posletrasufac.com\/es\/2014\/12\/16\/comunicado-capes-periodo-de-avaliacao-do-snpg\/logo-capes\/\" data-orig-file=\"https:\/\/i0.wp.com\/posletrasufac.com\/wp-content\/uploads\/2014\/12\/logo-capes.png?fit=136%2C125&amp;ssl=1\" data-orig-size=\"136,125\" data-comments-opened=\"0\" data-image-meta=\"{&quot;aperture&quot;:&quot;0&quot;,&quot;credit&quot;:&quot;&quot;,&quot;camera&quot;:&quot;&quot;,&quot;caption&quot;:&quot;&quot;,&quot;created_timestamp&quot;:&quot;0&quot;,&quot;copyright&quot;:&quot;&quot;,&quot;focal_length&quot;:&quot;0&quot;,&quot;iso&quot;:&quot;0&quot;,&quot;shutter_speed&quot;:&quot;0&quot;,&quot;title&quot;:&quot;&quot;,&quot;orientation&quot;:&quot;0&quot;}\" data-image-title=\"logo-capes\" data-image-description=\"\" data-image-caption=\"\" data-large-file=\"https:\/\/i0.wp.com\/posletrasufac.com\/wp-content\/uploads\/2014\/12\/logo-capes.png?fit=136%2C125&amp;ssl=1\" class=\"alignleft wp-image-565 size-full\" src=\"https:\/\/i0.wp.com\/posletrasufac.com\/wp-content\/uploads\/2014\/12\/logo-capes.png?resize=136%2C125&#038;ssl=1\" alt=\"logo-capes\" width=\"136\" height=\"125\" \/><\/a>O Conselho Superior da CAPES, em sua 68a reuni\u00e3o, realizada no dia 11 de dezembro, decidiu que a avalia\u00e7\u00e3o do Sistema Nacional de P\u00f3s-Gradua\u00e7\u00e3o (SNPG), a partir da pr\u00f3xima edi\u00e7\u00e3o, passa a ser quadrienal. A decis\u00e3o do colegiado foi tomada considerando a proposta apresentada pela Diretoria de Avalia\u00e7\u00e3o (DAV), acordada com a Comiss\u00e3o Especial de Acompanhamento do Plano Nacional de P\u00f3s-Gradua\u00e7\u00e3o (PNPG) e com F\u00f3rum de Pr\u00f3-Reitores de Pesquisa e P\u00f3s-Gradua\u00e7\u00e3o (Foprop).<\/p>\n<p>A primeira avalia\u00e7\u00e3o quadrienal est\u00e1 prevista para ser realizada em mar\u00e7o de 2017, versando sobre dados e informa\u00e7\u00f5es dos anos 2013, 2014, 2015 e 2016.<\/p>\n<p>O Conselho tamb\u00e9m aprovou a proposta de realiza\u00e7\u00e3o, no meio do per\u00edodo quadrienal, de uma an\u00e1lise que aponte tend\u00eancias dos programas de p\u00f3s-gradua\u00e7\u00e3o. Esta an\u00e1lise ser\u00e1 feita durante os &#8220;semin\u00e1rios de acompanhamento&#8221;, que a DAV introduziu e passou a realizar desde o ano de 2011. Os 48 semin\u00e1rios de acompanhamento, em cada uma das \u00e1reas de conhecimento, do atual quadri\u00eanio, dever\u00e3o ocorrer entre abril e junho de 2015.<\/p>\n<p><span class=\"documentPublished\">Publicado: Ter\u00e7a, 16 Dezembro 2014 17:04 <\/span><span class=\"separator\">|<\/span> <span class=\"documentModified\">\u00daltima atualiza\u00e7\u00e3o: Ter\u00e7a, 16 Dezembro 2014 17:04<\/span><\/p>\n<p>Fonte: <a href=\"http:\/\/www.capes.gov.br\/component\/content\/article\/36-salaimprensa\/noticias\/7278-comunicado-capes-periodo-de-avaliacao-do-snpg\" target=\"_blank\">CAPES<\/a><\/p>","protected":false},"excerpt":{"rendered":"<p>O Conselho Superior da CAPES, em sua 68a reuni\u00e3o, realizada no dia 11 de dezembro, decidiu que a avalia\u00e7\u00e3o do Sistema Nacional de P\u00f3s-Gradua\u00e7\u00e3o (SNPG), a partir da pr\u00f3xima edi\u00e7\u00e3o, passa a ser quadrienal. A decis\u00e3o do colegiado foi tomada<\/p>","protected":false},"author":65883018,"featured_media":0,"comment_status":"closed","ping_status":"closed","sticky":false,"template":"","format":"standard","meta":{"_coblocks_attr":"","_coblocks_dimensions":"","_coblocks_responsive_height":"","_coblocks_accordion_ie_support":"","_crdt_document":"","advanced_seo_description":"","jetpack_seo_html_title":"","jetpack_seo_noindex":false,"_jetpack_newsletter_access":"","_jetpack_dont_email_post_to_subs":false,"_jetpack_newsletter_tier_id":0,"_jetpack_memberships_contains_paywalled_content":false,"_jetpack_memberships_contains_paid_content":false,"footnotes":"","jetpack_publicize_message":"Comunicado CAPES \u2013 Per\u00edodo de Avalia\u00e7\u00e3o do SNPG","jetpack_publicize_feature_enabled":true,"jetpack_social_post_already_shared":false,"jetpack_social_options":{"image_generator_settings":{"template":"highway","default_image_id":0,"font":"","enabled":false},"version":2},"_wpas_customize_per_network":false,"jetpack_post_was_ever_published":false},"categories":[5078],"tags":[],"class_list":["post-564","post","type-post","status-publish","format-standard","hentry","category-sem-categoria"],"jetpack_publicize_connections":[],"jetpack_featured_media_url":"","jetpack_likes_enabled":false,"jetpack_sharing_enabled":true,"jetpack_shortlink":"https:\/\/wp.me\/p4Na16-96","amp_enabled":true,"_links":{"self":[{"href":"https:\/\/posletrasufac.com\/es\/wp-json\/wp\/v2\/posts\/564","targetHints":{"allow":["GET"]}}],"collection":[{"href":"https:\/\/posletrasufac.com\/es\/wp-json\/wp\/v2\/posts"}],"about":[{"href":"https:\/\/posletrasufac.com\/es\/wp-json\/wp\/v2\/types\/post"}],"author":[{"embeddable":true,"href":"https:\/\/posletrasufac.com\/es\/wp-json\/wp\/v2\/users\/65883018"}],"replies":[{"embeddable":true,"href":"https:\/\/posletrasufac.com\/es\/wp-json\/wp\/v2\/comments?post=564"}],"version-history":[{"count":1,"href":"https:\/\/posletrasufac.com\/es\/wp-json\/wp\/v2\/posts\/564\/revisions"}],"predecessor-version":[{"id":566,"href":"https:\/\/posletrasufac.com\/es\/wp-json\/wp\/v2\/posts\/564\/revisions\/566"}],"wp:attachment":[{"href":"https:\/\/posletrasufac.com\/es\/wp-json\/wp\/v2\/media?parent=564"}],"wp:term":[{"taxonomy":"category","embeddable":true,"href":"https:\/\/posletrasufac.com\/es\/wp-json\/wp\/v2\/categories?post=564"},{"taxonomy":"post_tag","embeddable":true,"href":"https:\/\/posletrasufac.com\/es\/wp-json\/wp\/v2\/tags?post=564"}],"curies":[{"name":"wp","href":"https:\/\/api.w.org\/{rel}","templated":true}]}}