{"id":4521,"date":"2018-08-30T16:52:01","date_gmt":"2018-08-30T21:52:01","guid":{"rendered":"http:\/\/posletrasufac.com\/?p=4521"},"modified":"2018-08-30T17:59:18","modified_gmt":"2018-08-30T22:59:18","slug":"representacoes-sobre-movimento-estudantil-na-universidade-federal-do-acre-e-abordado-em-dissertacao-defendida-no-ppgli","status":"publish","type":"post","link":"https:\/\/posletrasufac.com\/es\/2018\/08\/30\/representacoes-sobre-movimento-estudantil-na-universidade-federal-do-acre-e-abordado-em-dissertacao-defendida-no-ppgli\/","title":{"rendered":"Disserta\u00e7\u00e3o defendida no PPGLI aborda representa\u00e7\u00f5es sobre Movimento Estudantil na Universidade Federal do Acre"},"content":{"rendered":"<div class=\"tiled-gallery type-rectangular tiled-gallery-unresized\" data-original-width=\"750\" data-carousel-extra='{&quot;blog_id&quot;:1,&quot;permalink&quot;:&quot;https:\\\/\\\/posletrasufac.com\\\/es\\\/2018\\\/08\\\/30\\\/representacoes-sobre-movimento-estudantil-na-universidade-federal-do-acre-e-abordado-em-dissertacao-defendida-no-ppgli\\\/&quot;,&quot;likes_blog_id&quot;:70821924}' itemscope itemtype=\"http:\/\/schema.org\/ImageGallery\" > <div class=\"gallery-row\" style=\"width: 750px; height: 376px;\" data-original-width=\"750\" data-original-height=\"376\" > <div class=\"gallery-group images-1\" style=\"width: 500px; height: 376px;\" data-original-width=\"500\" data-original-height=\"376\" > <div class=\"tiled-gallery-item tiled-gallery-item-large\" itemprop=\"associatedMedia\" itemscope itemtype=\"http:\/\/schema.org\/ImageObject\"> <a href=\"https:\/\/posletrasufac.com\/es\/2018\/08\/30\/representacoes-sobre-movimento-estudantil-na-universidade-federal-do-acre-e-abordado-em-dissertacao-defendida-no-ppgli\/img_6646\/\" border=\"0\" itemprop=\"url\"> <meta itemprop=\"width\" content=\"496\"> <meta itemprop=\"height\" content=\"372\"> <img decoding=\"async\" class=\"\" data-attachment-id=\"4526\" data-orig-file=\"https:\/\/posletrasufac.com\/wp-content\/uploads\/2018\/08\/img_6646.jpg\" data-orig-size=\"4608,3456\" data-comments-opened=\"\" data-image-meta=\"{&quot;aperture&quot;:&quot;3.5&quot;,&quot;credit&quot;:&quot;&quot;,&quot;camera&quot;:&quot;Canon PowerShot SX170 IS&quot;,&quot;caption&quot;:&quot;&quot;,&quot;created_timestamp&quot;:&quot;1535564294&quot;,&quot;copyright&quot;:&quot;&quot;,&quot;focal_length&quot;:&quot;5&quot;,&quot;iso&quot;:&quot;400&quot;,&quot;shutter_speed&quot;:&quot;0.04&quot;,&quot;title&quot;:&quot;&quot;,&quot;orientation&quot;:&quot;1&quot;}\" data-image-title=\"IMG_6646\" data-image-description=\"\" data-medium-file=\"https:\/\/i0.wp.com\/posletrasufac.com\/wp-content\/uploads\/2018\/08\/img_6646.jpg?fit=300%2C225&#038;ssl=1\" data-large-file=\"https:\/\/i0.wp.com\/posletrasufac.com\/wp-content\/uploads\/2018\/08\/img_6646.jpg?fit=750%2C563&#038;ssl=1\" src=\"https:\/\/i0.wp.com\/posletrasufac.com\/wp-content\/uploads\/2018\/08\/img_6646.jpg?w=496&#038;h=372&#038;ssl=1\" width=\"496\" height=\"372\" loading=\"lazy\" data-original-width=\"496\" data-original-height=\"372\" itemprop=\"http:\/\/schema.org\/image\" title=\"IMG_6646\" alt=\"2018 - Defesa de disserta\u00e7\u00e3o de Queila Batista dos Santos\" style=\"width: 496px; height: 372px;\" \/> <\/a> <div class=\"tiled-gallery-caption\" itemprop=\"caption description\"> 2018 &#8211; Defesa de disserta\u00e7\u00e3o de Queila Batista dos Santos <\/div> <\/div> <\/div> <!-- close group --> <div class=\"gallery-group images-2\" style=\"width: 250px; height: 376px;\" data-original-width=\"250\" data-original-height=\"376\" > <div class=\"tiled-gallery-item tiled-gallery-item-small\" itemprop=\"associatedMedia\" itemscope itemtype=\"http:\/\/schema.org\/ImageObject\"> <a href=\"https:\/\/posletrasufac.com\/es\/2018\/08\/30\/representacoes-sobre-movimento-estudantil-na-universidade-federal-do-acre-e-abordado-em-dissertacao-defendida-no-ppgli\/img_6634-2\/\" border=\"0\" itemprop=\"url\"> <meta itemprop=\"width\" content=\"246\"> <meta itemprop=\"height\" content=\"184\"> <img decoding=\"async\" class=\"\" data-attachment-id=\"4522\" data-orig-file=\"https:\/\/posletrasufac.com\/wp-content\/uploads\/2018\/08\/img_6634.jpg\" data-orig-size=\"4608,3456\" data-comments-opened=\"\" data-image-meta=\"{&quot;aperture&quot;:&quot;4&quot;,&quot;credit&quot;:&quot;&quot;,&quot;camera&quot;:&quot;Canon PowerShot SX170 IS&quot;,&quot;caption&quot;:&quot;&quot;,&quot;created_timestamp&quot;:&quot;1535564047&quot;,&quot;copyright&quot;:&quot;&quot;,&quot;focal_length&quot;:&quot;10.163&quot;,&quot;iso&quot;:&quot;400&quot;,&quot;shutter_speed&quot;:&quot;0.04&quot;,&quot;title&quot;:&quot;&quot;,&quot;orientation&quot;:&quot;1&quot;}\" data-image-title=\"IMG_6634\" data-image-description=\"\" data-medium-file=\"https:\/\/i0.wp.com\/posletrasufac.com\/wp-content\/uploads\/2018\/08\/img_6634.jpg?fit=300%2C225&#038;ssl=1\" data-large-file=\"https:\/\/i0.wp.com\/posletrasufac.com\/wp-content\/uploads\/2018\/08\/img_6634.jpg?fit=750%2C563&#038;ssl=1\" src=\"https:\/\/i0.wp.com\/posletrasufac.com\/wp-content\/uploads\/2018\/08\/img_6634.jpg?w=246&#038;h=184&#038;ssl=1\" width=\"246\" height=\"184\" loading=\"lazy\" data-original-width=\"246\" data-original-height=\"184\" itemprop=\"http:\/\/schema.org\/image\" title=\"IMG_6634\" alt=\"2018 - Defesa de disserta\u00e7\u00e3o de Queila Batista dos Santos\" style=\"width: 246px; height: 184px;\" \/> <\/a> <div class=\"tiled-gallery-caption\" itemprop=\"caption description\"> 2018 &#8211; Defesa de disserta\u00e7\u00e3o de Queila Batista dos Santos <\/div> <\/div> <div class=\"tiled-gallery-item tiled-gallery-item-small\" itemprop=\"associatedMedia\" itemscope itemtype=\"http:\/\/schema.org\/ImageObject\"> <a href=\"https:\/\/posletrasufac.com\/es\/2018\/08\/30\/representacoes-sobre-movimento-estudantil-na-universidade-federal-do-acre-e-abordado-em-dissertacao-defendida-no-ppgli\/img_6641-2\/\" border=\"0\" itemprop=\"url\"> <meta itemprop=\"width\" content=\"246\"> <meta itemprop=\"height\" content=\"184\"> <img decoding=\"async\" class=\"\" data-attachment-id=\"4523\" data-orig-file=\"https:\/\/posletrasufac.com\/wp-content\/uploads\/2018\/08\/img_6641.jpg\" data-orig-size=\"4608,3456\" data-comments-opened=\"\" data-image-meta=\"{&quot;aperture&quot;:&quot;3.5&quot;,&quot;credit&quot;:&quot;&quot;,&quot;camera&quot;:&quot;Canon PowerShot SX170 IS&quot;,&quot;caption&quot;:&quot;&quot;,&quot;created_timestamp&quot;:&quot;1535564163&quot;,&quot;copyright&quot;:&quot;&quot;,&quot;focal_length&quot;:&quot;5&quot;,&quot;iso&quot;:&quot;320&quot;,&quot;shutter_speed&quot;:&quot;0.033333333333333&quot;,&quot;title&quot;:&quot;&quot;,&quot;orientation&quot;:&quot;1&quot;}\" data-image-title=\"IMG_6641\" data-image-description=\"\" data-medium-file=\"https:\/\/i0.wp.com\/posletrasufac.com\/wp-content\/uploads\/2018\/08\/img_6641.jpg?fit=300%2C225&#038;ssl=1\" data-large-file=\"https:\/\/i0.wp.com\/posletrasufac.com\/wp-content\/uploads\/2018\/08\/img_6641.jpg?fit=750%2C563&#038;ssl=1\" src=\"https:\/\/i0.wp.com\/posletrasufac.com\/wp-content\/uploads\/2018\/08\/img_6641.jpg?w=246&#038;h=184&#038;ssl=1\" width=\"246\" height=\"184\" loading=\"lazy\" data-original-width=\"246\" data-original-height=\"184\" itemprop=\"http:\/\/schema.org\/image\" title=\"IMG_6641\" alt=\"2018 - Defesa de disserta\u00e7\u00e3o de Queila Batista dos Santos\" style=\"width: 246px; height: 184px;\" \/> <\/a> <div class=\"tiled-gallery-caption\" itemprop=\"caption description\"> 2018 &#8211; Defesa de disserta\u00e7\u00e3o de Queila Batista dos Santos <\/div> <\/div> <\/div> <!-- close group --> <\/div> <!-- close row --> <div class=\"gallery-row\" style=\"width: 750px; height: 282px;\" data-original-width=\"750\" data-original-height=\"282\" > <div class=\"gallery-group images-1\" style=\"width: 375px; height: 282px;\" data-original-width=\"375\" data-original-height=\"282\" > <div class=\"tiled-gallery-item tiled-gallery-item-large\" itemprop=\"associatedMedia\" itemscope itemtype=\"http:\/\/schema.org\/ImageObject\"> <a href=\"https:\/\/posletrasufac.com\/es\/2018\/08\/30\/representacoes-sobre-movimento-estudantil-na-universidade-federal-do-acre-e-abordado-em-dissertacao-defendida-no-ppgli\/img_6642-2\/\" border=\"0\" itemprop=\"url\"> <meta itemprop=\"width\" content=\"371\"> <meta itemprop=\"height\" content=\"278\"> <img decoding=\"async\" class=\"\" data-attachment-id=\"4524\" data-orig-file=\"https:\/\/posletrasufac.com\/wp-content\/uploads\/2018\/08\/img_6642.jpg\" data-orig-size=\"4608,3456\" data-comments-opened=\"\" data-image-meta=\"{&quot;aperture&quot;:&quot;3.5&quot;,&quot;credit&quot;:&quot;&quot;,&quot;camera&quot;:&quot;Canon PowerShot SX170 IS&quot;,&quot;caption&quot;:&quot;&quot;,&quot;created_timestamp&quot;:&quot;1535564208&quot;,&quot;copyright&quot;:&quot;&quot;,&quot;focal_length&quot;:&quot;5&quot;,&quot;iso&quot;:&quot;400&quot;,&quot;shutter_speed&quot;:&quot;0.033333333333333&quot;,&quot;title&quot;:&quot;&quot;,&quot;orientation&quot;:&quot;1&quot;}\" data-image-title=\"IMG_6642\" data-image-description=\"\" data-medium-file=\"https:\/\/i0.wp.com\/posletrasufac.com\/wp-content\/uploads\/2018\/08\/img_6642.jpg?fit=300%2C225&#038;ssl=1\" data-large-file=\"https:\/\/i0.wp.com\/posletrasufac.com\/wp-content\/uploads\/2018\/08\/img_6642.jpg?fit=750%2C563&#038;ssl=1\" src=\"https:\/\/i0.wp.com\/posletrasufac.com\/wp-content\/uploads\/2018\/08\/img_6642.jpg?w=371&#038;h=278&#038;ssl=1\" width=\"371\" height=\"278\" loading=\"lazy\" data-original-width=\"371\" data-original-height=\"278\" itemprop=\"http:\/\/schema.org\/image\" title=\"IMG_6642\" alt=\"2018 - Defesa de disserta\u00e7\u00e3o de Queila Batista dos Santos\" style=\"width: 371px; height: 278px;\" \/> <\/a> <div class=\"tiled-gallery-caption\" itemprop=\"caption description\"> 2018 &#8211; Defesa de disserta\u00e7\u00e3o de Queila Batista dos Santos <\/div> <\/div> <\/div> <!-- close group --> <div class=\"gallery-group images-1\" style=\"width: 375px; height: 282px;\" data-original-width=\"375\" data-original-height=\"282\" > <div class=\"tiled-gallery-item tiled-gallery-item-large\" itemprop=\"associatedMedia\" itemscope itemtype=\"http:\/\/schema.org\/ImageObject\"> <a href=\"https:\/\/posletrasufac.com\/es\/2018\/08\/30\/representacoes-sobre-movimento-estudantil-na-universidade-federal-do-acre-e-abordado-em-dissertacao-defendida-no-ppgli\/img_6645-2\/\" border=\"0\" itemprop=\"url\"> <meta itemprop=\"width\" content=\"371\"> <meta itemprop=\"height\" content=\"278\"> <img decoding=\"async\" class=\"\" data-attachment-id=\"4525\" data-orig-file=\"https:\/\/posletrasufac.com\/wp-content\/uploads\/2018\/08\/img_6645.jpg\" data-orig-size=\"4608,3456\" data-comments-opened=\"\" data-image-meta=\"{&quot;aperture&quot;:&quot;3.5&quot;,&quot;credit&quot;:&quot;&quot;,&quot;camera&quot;:&quot;Canon PowerShot SX170 IS&quot;,&quot;caption&quot;:&quot;&quot;,&quot;created_timestamp&quot;:&quot;1535564259&quot;,&quot;copyright&quot;:&quot;&quot;,&quot;focal_length&quot;:&quot;5&quot;,&quot;iso&quot;:&quot;400&quot;,&quot;shutter_speed&quot;:&quot;0.05&quot;,&quot;title&quot;:&quot;&quot;,&quot;orientation&quot;:&quot;1&quot;}\" data-image-title=\"IMG_6645\" data-image-description=\"\" data-medium-file=\"https:\/\/i0.wp.com\/posletrasufac.com\/wp-content\/uploads\/2018\/08\/img_6645.jpg?fit=300%2C225&#038;ssl=1\" data-large-file=\"https:\/\/i0.wp.com\/posletrasufac.com\/wp-content\/uploads\/2018\/08\/img_6645.jpg?fit=750%2C563&#038;ssl=1\" src=\"https:\/\/i0.wp.com\/posletrasufac.com\/wp-content\/uploads\/2018\/08\/img_6645.jpg?w=371&#038;h=278&#038;ssl=1\" width=\"371\" height=\"278\" loading=\"lazy\" data-original-width=\"371\" data-original-height=\"278\" itemprop=\"http:\/\/schema.org\/image\" title=\"IMG_6645\" alt=\"2018 - Defesa de disserta\u00e7\u00e3o de Queila Batista dos Santos\" style=\"width: 371px; height: 278px;\" \/> <\/a> <div class=\"tiled-gallery-caption\" itemprop=\"caption description\"> 2018 &#8211; Defesa de disserta\u00e7\u00e3o de Queila Batista dos Santos <\/div> <\/div> <\/div> <!-- close group --> <\/div> <!-- close row --> <\/div>\n<p>Ocorreu na tarde de hoje, 30, a defesa p\u00fablica de disserta\u00e7\u00e3o da aluna\u00a0Queila Batista dos Santos intitulada &#8220;<strong>Movimento Estudantil na Universidade Federal do Acre: Pr\u00e1ticas e Representa\u00e7\u00f5es Sobre a Amaz\u00f4nia (1977-1990)&#8221;.<\/strong><\/p>\n<p>Participaram da Banca Examinadora o Prof. Dr. Francisco Bento da Silva \u2013 Presidente (UFAC), substituindo o\u00a0Prof. Dr. Elder Andrade de Paula \u2013 Orientador (UFAC), o\u00a0Prof. Dr. Marcello Messina \u2013 Examinador Interno (UFAC) e o\u00a0Prof. Dr. S\u00e9rgio Roberto Gomes de Souza \u2013 Examinador Externo (UFAC).<\/p>","protected":false},"excerpt":{"rendered":"<p>Ocorreu na tarde de hoje, 30, a defesa p\u00fablica de disserta\u00e7\u00e3o da aluna\u00a0Queila Batista dos Santos intitulada &#8220;Movimento Estudantil na Universidade Federal do Acre: Pr\u00e1ticas e Representa\u00e7\u00f5es Sobre a Amaz\u00f4nia (1977-1990)&#8221;. Participaram da Banca Examinadora o Prof. Dr. Francisco Bento<\/p>","protected":false},"author":65883018,"featured_media":0,"comment_status":"closed","ping_status":"closed","sticky":false,"template":"","format":"standard","meta":{"_coblocks_attr":"","_coblocks_dimensions":"","_coblocks_responsive_height":"","_coblocks_accordion_ie_support":"","_crdt_document":"","advanced_seo_description":"","jetpack_seo_html_title":"","jetpack_seo_noindex":false,"_jetpack_newsletter_access":"","_jetpack_dont_email_post_to_subs":false,"_jetpack_newsletter_tier_id":0,"_jetpack_memberships_contains_paywalled_content":false,"_jetpack_memberships_contains_paid_content":false,"footnotes":"","jetpack_publicize_message":"","jetpack_publicize_feature_enabled":true,"jetpack_social_post_already_shared":false,"jetpack_social_options":{"image_generator_settings":{"template":"highway","default_image_id":0,"font":"","enabled":false},"version":2},"_wpas_customize_per_network":false,"jetpack_post_was_ever_published":false},"categories":[233475685],"tags":[],"class_list":["post-4521","post","type-post","status-publish","format-standard","hentry","category-ppgli"],"jetpack_publicize_connections":[],"jetpack_featured_media_url":"","jetpack_likes_enabled":false,"jetpack_sharing_enabled":true,"jetpack_shortlink":"https:\/\/wp.me\/p4Na16-1aV","amp_enabled":true,"_links":{"self":[{"href":"https:\/\/posletrasufac.com\/es\/wp-json\/wp\/v2\/posts\/4521","targetHints":{"allow":["GET"]}}],"collection":[{"href":"https:\/\/posletrasufac.com\/es\/wp-json\/wp\/v2\/posts"}],"about":[{"href":"https:\/\/posletrasufac.com\/es\/wp-json\/wp\/v2\/types\/post"}],"author":[{"embeddable":true,"href":"https:\/\/posletrasufac.com\/es\/wp-json\/wp\/v2\/users\/65883018"}],"replies":[{"embeddable":true,"href":"https:\/\/posletrasufac.com\/es\/wp-json\/wp\/v2\/comments?post=4521"}],"version-history":[{"count":3,"href":"https:\/\/posletrasufac.com\/es\/wp-json\/wp\/v2\/posts\/4521\/revisions"}],"predecessor-version":[{"id":4529,"href":"https:\/\/posletrasufac.com\/es\/wp-json\/wp\/v2\/posts\/4521\/revisions\/4529"}],"wp:attachment":[{"href":"https:\/\/posletrasufac.com\/es\/wp-json\/wp\/v2\/media?parent=4521"}],"wp:term":[{"taxonomy":"category","embeddable":true,"href":"https:\/\/posletrasufac.com\/es\/wp-json\/wp\/v2\/categories?post=4521"},{"taxonomy":"post_tag","embeddable":true,"href":"https:\/\/posletrasufac.com\/es\/wp-json\/wp\/v2\/tags?post=4521"}],"curies":[{"name":"wp","href":"https:\/\/api.w.org\/{rel}","templated":true}]}}