{"id":3649,"date":"2017-07-18T10:40:37","date_gmt":"2017-07-18T15:40:37","guid":{"rendered":"http:\/\/posletrasufac.com\/?p=3649"},"modified":"2017-07-18T10:52:25","modified_gmt":"2017-07-18T15:52:25","slug":"encerramento-da-disciplina-culturas-linguagens-e-sociedades-amazonicas","status":"publish","type":"post","link":"https:\/\/posletrasufac.com\/es\/2017\/07\/18\/encerramento-da-disciplina-culturas-linguagens-e-sociedades-amazonicas\/","title":{"rendered":"Encerramento da disciplina Culturas, Linguagens e Sociedades Amaz\u00f4nicas"},"content":{"rendered":"<p><img data-recalc-dims=\"1\" loading=\"lazy\" decoding=\"async\" data-attachment-id=\"3659\" data-permalink=\"https:\/\/posletrasufac.com\/es\/2017\/07\/18\/encerramento-da-disciplina-culturas-linguagens-e-sociedades-amazonicas\/oi-9\/\" data-orig-file=\"https:\/\/i0.wp.com\/posletrasufac.com\/wp-content\/uploads\/2017\/07\/oi1.jpg?fit=4032%2C3024&amp;ssl=1\" data-orig-size=\"4032,3024\" data-comments-opened=\"0\" data-image-meta=\"{&quot;aperture&quot;:&quot;1.8&quot;,&quot;credit&quot;:&quot;&quot;,&quot;camera&quot;:&quot;iPhone 7&quot;,&quot;caption&quot;:&quot;&quot;,&quot;created_timestamp&quot;:&quot;1500320550&quot;,&quot;copyright&quot;:&quot;&quot;,&quot;focal_length&quot;:&quot;3.99&quot;,&quot;iso&quot;:&quot;50&quot;,&quot;shutter_speed&quot;:&quot;0.066666666666667&quot;,&quot;title&quot;:&quot;&quot;,&quot;orientation&quot;:&quot;1&quot;,&quot;latitude&quot;:&quot;-9.9567527777778&quot;,&quot;longitude&quot;:&quot;-67.865197222222&quot;}\" data-image-title=\"oi\" data-image-description=\"\" data-image-caption=\"\" data-large-file=\"https:\/\/i0.wp.com\/posletrasufac.com\/wp-content\/uploads\/2017\/07\/oi1.jpg?fit=750%2C563&amp;ssl=1\" class=\"alignnone size-full wp-image-3659\" src=\"https:\/\/i0.wp.com\/posletrasufac.com\/wp-content\/uploads\/2017\/07\/oi1.jpg?resize=750%2C563&#038;ssl=1\" alt=\"oi.jpg\" width=\"750\" height=\"563\" \/>Encerrou-se ontem, 17, a disciplina &#8220;Culturas, Linguagens e Sociedades Amaz\u00f4nicas&#8221;, ministrada pelo Prof. Dr. Gerson Rodrigues de Albuquerque.<\/p>\n<p>Com carga hor\u00e1ria da 75h, ementa da disciplina contemplou, dentre outros, estudos de linguagem, cultura e identidade, representa\u00e7\u00f5es dos imagin\u00e1rios das Amaz\u00f4nias, culturas, patrim\u00f4nios, identidades e sociedades amaz\u00f4nicas e panamaz\u00f4nicas, diversidade lingu\u00edstica, \u00e9tnica e cultural nas Amaz\u00f4nias.<\/p>\n<p>Para mais informa\u00e7\u00f5es sobre as disciplinas ofertadas esse semestre clique <a href=\"https:\/\/posletrasufac.com\/es\/disciplinas\/\" target=\"_blank\" rel=\"noopener\">aqu\u00ed<\/a>.<\/p>\n<p>&nbsp;<\/p>\n<p>&nbsp;<\/p>","protected":false},"excerpt":{"rendered":"<p>Encerrou-se ontem, 17, a disciplina &#8220;Culturas, Linguagens e Sociedades Amaz\u00f4nicas&#8221;, ministrada pelo Prof. Dr. Gerson Rodrigues de Albuquerque. Com carga hor\u00e1ria da 75h, ementa da disciplina contemplou, dentre outros, estudos de linguagem, cultura e identidade, representa\u00e7\u00f5es dos imagin\u00e1rios das Amaz\u00f4nias,<\/p>","protected":false},"author":65883018,"featured_media":0,"comment_status":"closed","ping_status":"closed","sticky":false,"template":"","format":"standard","meta":{"_coblocks_attr":"","_coblocks_dimensions":"","_coblocks_responsive_height":"","_coblocks_accordion_ie_support":"","_crdt_document":"","advanced_seo_description":"","jetpack_seo_html_title":"","jetpack_seo_noindex":false,"_jetpack_newsletter_access":"","_jetpack_dont_email_post_to_subs":false,"_jetpack_newsletter_tier_id":0,"_jetpack_memberships_contains_paywalled_content":false,"_jetpack_memberships_contains_paid_content":false,"footnotes":"","jetpack_publicize_message":"","jetpack_publicize_feature_enabled":true,"jetpack_social_post_already_shared":false,"jetpack_social_options":{"image_generator_settings":{"template":"highway","default_image_id":0,"font":"","enabled":false},"version":2},"_wpas_customize_per_network":false,"jetpack_post_was_ever_published":false},"categories":[233475685],"tags":[],"class_list":["post-3649","post","type-post","status-publish","format-standard","hentry","category-ppgli"],"jetpack_publicize_connections":[],"jetpack_featured_media_url":"","jetpack_likes_enabled":false,"jetpack_sharing_enabled":true,"jetpack_shortlink":"https:\/\/wp.me\/p4Na16-WR","amp_enabled":true,"_links":{"self":[{"href":"https:\/\/posletrasufac.com\/es\/wp-json\/wp\/v2\/posts\/3649","targetHints":{"allow":["GET"]}}],"collection":[{"href":"https:\/\/posletrasufac.com\/es\/wp-json\/wp\/v2\/posts"}],"about":[{"href":"https:\/\/posletrasufac.com\/es\/wp-json\/wp\/v2\/types\/post"}],"author":[{"embeddable":true,"href":"https:\/\/posletrasufac.com\/es\/wp-json\/wp\/v2\/users\/65883018"}],"replies":[{"embeddable":true,"href":"https:\/\/posletrasufac.com\/es\/wp-json\/wp\/v2\/comments?post=3649"}],"version-history":[{"count":17,"href":"https:\/\/posletrasufac.com\/es\/wp-json\/wp\/v2\/posts\/3649\/revisions"}],"predecessor-version":[{"id":3667,"href":"https:\/\/posletrasufac.com\/es\/wp-json\/wp\/v2\/posts\/3649\/revisions\/3667"}],"wp:attachment":[{"href":"https:\/\/posletrasufac.com\/es\/wp-json\/wp\/v2\/media?parent=3649"}],"wp:term":[{"taxonomy":"category","embeddable":true,"href":"https:\/\/posletrasufac.com\/es\/wp-json\/wp\/v2\/categories?post=3649"},{"taxonomy":"post_tag","embeddable":true,"href":"https:\/\/posletrasufac.com\/es\/wp-json\/wp\/v2\/tags?post=3649"}],"curies":[{"name":"wp","href":"https:\/\/api.w.org\/{rel}","templated":true}]}}