{"id":359,"date":"2014-11-19T21:25:04","date_gmt":"2014-11-20T02:25:04","guid":{"rendered":"http:\/\/posletrasufac.com\/?p=359"},"modified":"2014-11-19T21:25:04","modified_gmt":"2014-11-20T02:25:04","slug":"edital-de-selecao-para-credenciamento-de-professores-no-ppgli","status":"publish","type":"post","link":"https:\/\/posletrasufac.com\/es\/2014\/11\/19\/edital-de-selecao-para-credenciamento-de-professores-no-ppgli\/","title":{"rendered":"EDITAL DE SELE\u00c7\u00c3O PARA CREDENCIAMENTO DE PROFESSORES NO PPGLI"},"content":{"rendered":"<p>O presente Edital torna p\u00fablica a abertura de inscri\u00e7\u00f5es para o processo seletivo de<br \/>\ncredenciamento de novos professores ao Programa de P\u00f3s-Gradua\u00e7\u00e3o em Letras:<br \/>\nLinguagem e Identidade (PPGLI), Curso de Mestrado em Letras: Linguagem e<br \/>\nIdentidade da Universidade Federal do Acre (UFAC).<\/p>\n<p>Confira o\u00a0<a href=\"https:\/\/posletrasufac.com\/wp-content\/uploads\/2014\/11\/edital-de-credenciamento-de-novos-professores-2014.pdf\">Edital<\/a><\/p>","protected":false},"excerpt":{"rendered":"<p>O presente Edital torna p\u00fablica a abertura de inscri\u00e7\u00f5es para o processo seletivo de credenciamento de novos professores ao Programa de P\u00f3s-Gradua\u00e7\u00e3o em Letras: Linguagem e Identidade (PPGLI), Curso de Mestrado em Letras: Linguagem e Identidade da Universidade Federal do<\/p>","protected":false},"author":65883018,"featured_media":0,"comment_status":"closed","ping_status":"closed","sticky":false,"template":"","format":"standard","meta":{"_coblocks_attr":"","_coblocks_dimensions":"","_coblocks_responsive_height":"","_coblocks_accordion_ie_support":"","_crdt_document":"","advanced_seo_description":"","jetpack_seo_html_title":"","jetpack_seo_noindex":false,"_jetpack_newsletter_access":"","_jetpack_dont_email_post_to_subs":false,"_jetpack_newsletter_tier_id":0,"_jetpack_memberships_contains_paywalled_content":false,"_jetpack_memberships_contains_paid_content":false,"footnotes":"","jetpack_publicize_message":"EDITAL DE SELE\u00c7\u00c3O PARA CREDENCIAMENTO DE PROFESSORES NO PPGLI","jetpack_publicize_feature_enabled":true,"jetpack_social_post_already_shared":false,"jetpack_social_options":{"image_generator_settings":{"template":"highway","default_image_id":0,"font":"","enabled":false},"version":2},"_wpas_customize_per_network":false,"jetpack_post_was_ever_published":false},"categories":[5078],"tags":[],"class_list":["post-359","post","type-post","status-publish","format-standard","hentry","category-sem-categoria"],"jetpack_publicize_connections":[],"jetpack_featured_media_url":"","jetpack_likes_enabled":false,"jetpack_sharing_enabled":true,"jetpack_shortlink":"https:\/\/wp.me\/p4Na16-5N","amp_enabled":true,"_links":{"self":[{"href":"https:\/\/posletrasufac.com\/es\/wp-json\/wp\/v2\/posts\/359","targetHints":{"allow":["GET"]}}],"collection":[{"href":"https:\/\/posletrasufac.com\/es\/wp-json\/wp\/v2\/posts"}],"about":[{"href":"https:\/\/posletrasufac.com\/es\/wp-json\/wp\/v2\/types\/post"}],"author":[{"embeddable":true,"href":"https:\/\/posletrasufac.com\/es\/wp-json\/wp\/v2\/users\/65883018"}],"replies":[{"embeddable":true,"href":"https:\/\/posletrasufac.com\/es\/wp-json\/wp\/v2\/comments?post=359"}],"version-history":[{"count":1,"href":"https:\/\/posletrasufac.com\/es\/wp-json\/wp\/v2\/posts\/359\/revisions"}],"predecessor-version":[{"id":361,"href":"https:\/\/posletrasufac.com\/es\/wp-json\/wp\/v2\/posts\/359\/revisions\/361"}],"wp:attachment":[{"href":"https:\/\/posletrasufac.com\/es\/wp-json\/wp\/v2\/media?parent=359"}],"wp:term":[{"taxonomy":"category","embeddable":true,"href":"https:\/\/posletrasufac.com\/es\/wp-json\/wp\/v2\/categories?post=359"},{"taxonomy":"post_tag","embeddable":true,"href":"https:\/\/posletrasufac.com\/es\/wp-json\/wp\/v2\/tags?post=359"}],"curies":[{"name":"wp","href":"https:\/\/api.w.org\/{rel}","templated":true}]}}