{"id":354,"date":"2014-11-14T10:44:18","date_gmt":"2014-11-14T15:44:18","guid":{"rendered":"http:\/\/posletrasufac.com\/?p=354"},"modified":"2014-11-14T10:44:18","modified_gmt":"2014-11-14T15:44:18","slug":"amazonia-e-incentivo-a-pesquisa-foram-as-tematicas-abordadas-no-viii-simposio-de-letras-da-ufac","status":"publish","type":"post","link":"https:\/\/posletrasufac.com\/es\/2014\/11\/14\/amazonia-e-incentivo-a-pesquisa-foram-as-tematicas-abordadas-no-viii-simposio-de-letras-da-ufac\/","title":{"rendered":"Amaz\u00f4nia e incentivo \u00e0 pesquisa foram as tem\u00e1ticas abordadas no VIII Simp\u00f3sio de Letras da Ufac"},"content":{"rendered":"<div id=\"viewlet-social-like\" class=\"horizontal\">\n<div id=\"plusonebt\"><a id=\"parent-fieldname-image\" href=\"http:\/\/www.ufac.br\/portal\/news\/amazonia-e-incentivo-a-pesquisa-foram-as-tematicas-abordadas-no-8o-simposio-de-letras-da-ufac\/image\/image_view_fullscreen\"><img loading=\"lazy\" decoding=\"async\" class=\"newsImage\" title=\"\" src=\"http:\/\/www.ufac.br\/portal\/news\/amazonia-e-incentivo-a-pesquisa-foram-as-tematicas-abordadas-no-8o-simposio-de-letras-da-ufac\/image_banner\" alt=\"Amaz\u00f4nia e incentivo \u00e0 pesquisa foram as tem\u00e1ticas abordadas no 8\u00ba Simp\u00f3sio de Letras da Ufac\" width=\"685\" height=\"251\" \/><\/a><\/div>\n<\/div>\n<div id=\"content-core\">\n<div id=\"parent-fieldname-text\" class=\"plain\">\n<p>\u201cO simp\u00f3sio deixou de ser um evento da Ufac e passou a ser um acontecimento da Ufac\u201d, declarou o professor e um dos organizadores do 8\u00ba\u00a0Simp\u00f3sio \u201cLinguagens e Identidades da\/na Amaz\u00f4nia Sul-Ocidental\u201d e do 7\u00ba Col\u00f3quio Internacional \u201cAs Amaz\u00f4nias, as \u00c1fricas e as \u00c1fricas na Pan-Amaz\u00f4nia\u201d, Gerson Albuquerque.<\/p>\n<p>O evento que ocorreu na Universidade Federal do Acre (Ufac), entre os dias 3 e 7 de novembro reuniu cerca de 500 pessoas entre palestrantes, participantes e ouvintes. Sess\u00f5es de comunica\u00e7\u00f5es livres, grupos de trabalho, minicursos, palestras e apresenta\u00e7\u00f5es culturais fizeram parte da programa\u00e7\u00e3o do simp\u00f3sio.<\/p>\n<p>Segundo o professor, o simp\u00f3sio \u00e9 um acontecimento que est\u00e1 mais voltado para espa\u00e7os de apresenta\u00e7\u00f5es de resultado de pesquisa. \u201cQuando voc\u00ea apresenta j\u00e1 tem um resultado imediato, porque o aluno faz a pesquisa solitariamente, mas quando ele apresenta, o ato de falar sobre a pesquisa o leva a pensar sobre ela. Ent\u00e3o essa apresenta\u00e7\u00e3o \u00e9 um espa\u00e7o tamb\u00e9m de produ\u00e7\u00e3o de resultado\u201d, disse. Albuquerque destaca ainda que o simp\u00f3sio ganha pela proposta de manter essa rela\u00e7\u00e3o com pesquisadores de outros locais, outras nacionalidades, o que aponta para novos caminhos de pesquisa e de investiga\u00e7\u00e3o.<\/p>\n<p>Avacir Gomes \u00e9 professora da Universidade Federal de Rond\u00f4nia (Unir), campus Rolim de Moura, e possui um Grupo de Estudo e Pesquisa sobre as Espacialidades Amaz\u00f4nicas (GEAM), que \u00e9 a tentativa de compreender qual \u00e9 a interfer\u00eancia da cultura de grupos humanos que se adentram e se apropriam de determinados espa\u00e7os. A metodologia desenvolvida na pesquisa \u00e9 atrav\u00e9s da hist\u00f3ria oral.<\/p>\n<p>\u201cOlhando a programa\u00e7\u00e3o vi que teria um minicurso sobre hist\u00f3ria oral, ent\u00e3o incentivei minhas orientandas a apresentarem as pesquisas no simp\u00f3sio. E aqui n\u00f3s participamos de todas as atividades como comunica\u00e7\u00f5es livres, minicurso, as palestras e as atividades culturais. O que importa \u00e9 a riqueza dessas atividades. Troca de experi\u00eancias e participar de um evento que est\u00e1 acontecendo aqui e simultaneamente em outro lugar e voc\u00ea tem que escolher qual que vai atender melhor suas expectativas, ent\u00e3o o evento foi muito bom e ano que vem espero estar aqui novamente\u201d, contou Gomes.<\/p>\n<p>Para a monitora Ghislaine Brito, do curso de Letras\/Espanhol, participar de eventos com car\u00e1ter cient\u00edfico \u00e9 muito importante durante a vida acad\u00eamica. \u201cNa universidade s\u00e3o eventos como esse que nos prop\u00f5e a manter rela\u00e7\u00f5es com outros cursos e com outras pessoas que vem de fora. Ent\u00e3o al\u00e9m de ampliar a nossa vis\u00e3o de mundo como estudantes da universidade, ainda nos possibilita participar de minicursos t\u00e3o importantes como o que fiz que envolvia quest\u00f5es e m\u00e9todos de pesquisas\u201d, relatou.<\/p>\n<p><i>Postado em: 10\/11\/2014<\/i><\/p>\n<p>Fonte: <a href=\"http:\/\/www.ufac.br\/portal\/news\/amazonia-e-incentivo-a-pesquisa-foram-as-tematicas-abordadas-no-8o-simposio-de-letras-da-ufac\">ASCOM\/UFAC<\/a><\/p>\n<\/div>\n<\/div>","protected":false},"excerpt":{"rendered":"<p>\u201cO simp\u00f3sio deixou de ser um evento da Ufac e passou a ser um acontecimento da Ufac\u201d, declarou o professor e um dos organizadores do 8\u00ba\u00a0Simp\u00f3sio \u201cLinguagens e Identidades da\/na Amaz\u00f4nia Sul-Ocidental\u201d e do 7\u00ba Col\u00f3quio Internacional \u201cAs Amaz\u00f4nias, as<\/p>","protected":false},"author":65883018,"featured_media":0,"comment_status":"closed","ping_status":"closed","sticky":false,"template":"","format":"standard","meta":{"_coblocks_attr":"","_coblocks_dimensions":"","_coblocks_responsive_height":"","_coblocks_accordion_ie_support":"","_crdt_document":"","advanced_seo_description":"","jetpack_seo_html_title":"","jetpack_seo_noindex":false,"_jetpack_newsletter_access":"","_jetpack_dont_email_post_to_subs":false,"_jetpack_newsletter_tier_id":0,"_jetpack_memberships_contains_paywalled_content":false,"_jetpack_memberships_contains_paid_content":false,"footnotes":"","jetpack_publicize_message":"Amaz\u00f4nia e incentivo \u00e0 pesquisa foram as tem\u00e1ticas abordadas no VIII Simp\u00f3sio de Letras da Ufac","jetpack_publicize_feature_enabled":true,"jetpack_social_post_already_shared":false,"jetpack_social_options":{"image_generator_settings":{"template":"highway","default_image_id":0,"font":"","enabled":false},"version":2},"_wpas_customize_per_network":false,"jetpack_post_was_ever_published":false},"categories":[5078],"tags":[],"class_list":["post-354","post","type-post","status-publish","format-standard","hentry","category-sem-categoria"],"jetpack_publicize_connections":[],"jetpack_featured_media_url":"","jetpack_likes_enabled":false,"jetpack_sharing_enabled":true,"jetpack_shortlink":"https:\/\/wp.me\/p4Na16-5I","amp_enabled":true,"_links":{"self":[{"href":"https:\/\/posletrasufac.com\/es\/wp-json\/wp\/v2\/posts\/354","targetHints":{"allow":["GET"]}}],"collection":[{"href":"https:\/\/posletrasufac.com\/es\/wp-json\/wp\/v2\/posts"}],"about":[{"href":"https:\/\/posletrasufac.com\/es\/wp-json\/wp\/v2\/types\/post"}],"author":[{"embeddable":true,"href":"https:\/\/posletrasufac.com\/es\/wp-json\/wp\/v2\/users\/65883018"}],"replies":[{"embeddable":true,"href":"https:\/\/posletrasufac.com\/es\/wp-json\/wp\/v2\/comments?post=354"}],"version-history":[{"count":1,"href":"https:\/\/posletrasufac.com\/es\/wp-json\/wp\/v2\/posts\/354\/revisions"}],"predecessor-version":[{"id":355,"href":"https:\/\/posletrasufac.com\/es\/wp-json\/wp\/v2\/posts\/354\/revisions\/355"}],"wp:attachment":[{"href":"https:\/\/posletrasufac.com\/es\/wp-json\/wp\/v2\/media?parent=354"}],"wp:term":[{"taxonomy":"category","embeddable":true,"href":"https:\/\/posletrasufac.com\/es\/wp-json\/wp\/v2\/categories?post=354"},{"taxonomy":"post_tag","embeddable":true,"href":"https:\/\/posletrasufac.com\/es\/wp-json\/wp\/v2\/tags?post=354"}],"curies":[{"name":"wp","href":"https:\/\/api.w.org\/{rel}","templated":true}]}}