{"id":325,"date":"2014-11-05T14:36:58","date_gmt":"2014-11-05T19:36:58","guid":{"rendered":"http:\/\/posletrasufac.com\/?p=325"},"modified":"2014-11-05T14:40:43","modified_gmt":"2014-11-05T19:40:43","slug":"conferencista-peruano-apresenta-se-no-simposio-de-letras","status":"publish","type":"post","link":"https:\/\/posletrasufac.com\/es\/2014\/11\/05\/conferencista-peruano-apresenta-se-no-simposio-de-letras\/","title":{"rendered":"Conferencista peruano apresenta-se no simp\u00f3sio de Letras"},"content":{"rendered":"<div id=\"viewlet-social-like\" class=\"horizontal\">\n<div id=\"plusonebt\"><\/div>\n<\/div>\n<div id=\"content-core\">\n<div class=\"newsImageContainer\"><a id=\"parent-fieldname-image\" href=\"http:\/\/www.ufac.br\/portal\/news\/conferencista-peruano-apresenta-se-no-simposio-de-letras\/image\/image_view_fullscreen\"><img loading=\"lazy\" decoding=\"async\" class=\"newsImage\" title=\"\" src=\"http:\/\/www.ufac.br\/portal\/news\/conferencista-peruano-apresenta-se-no-simposio-de-letras\/image_banner\" alt=\"Conferencista peruano apresenta-se no simp\u00f3sio de Letras\" width=\"700\" height=\"300\" \/><\/a><\/div>\n<div id=\"parent-fieldname-text\" class=\"plain\">\n<p>Uma das atra\u00e7\u00f5es internacionais do 8\u00ba Simp\u00f3sio Linguagens e Identidades da\/na Amaz\u00f4nia Sul-Ocidental foi a confer\u00eancia do professor Luis Alberto L\u00f3pez, proferida em espanhol na noite dessa ter\u00e7a-feira, 4, no anfiteatro Garibaldi Brasil. L\u00f3pez \u00e9 diretor de Atividades Culturais e Vida Comunit\u00e1ria da cidade de Saint Lambert, em Quebec, no Canad\u00e1, e possui doutorado em Literatura Comparada pela Universidade de Montreal.<\/p>\n<p>O professor, nascido em Otuzco, no Peru, come\u00e7ou a confer\u00eancia intitulada \u201cLa po\u00e9tica. Una proposici\u00f3n desde la literatura americana\u201d fazendo men\u00e7\u00e3o ao convite-tema do simp\u00f3sio: \u201cArtes, Sil\u00eancios e Silenciamentos\u201d. \u201cArte \u00e9 o que se sabe, se sabe um pouco e se v\u00ea\u201d, disse. \u201cO sil\u00eancio \u00e9 o que n\u00e3o se sabe; o silenciamento \u00e9 o que n\u00e3o se sabe que n\u00e3o se sabe.\u201d<\/p>\n<p>Segundo ele, sua confer\u00eancia resumia um trabalho de 20 anos de pesquisa e fora preparada para um congresso em Porto Rico, mas se sentia honrado em apresent\u00e1-la \u201cnum lugar importante, o umbigo da Am\u00e9rica\u201d. Integrante da segunda gera\u00e7\u00e3o da Filosofia da Liberta\u00e7\u00e3o (movimento filos\u00f3fico da Am\u00e9rica Latina), que tem em Enrique Dussel um dos seus grandes expoentes, L\u00f3pez fez uma exposi\u00e7\u00e3o de representa\u00e7\u00f5es criadas pelo eurocentrismo, que se constituem, em sua opini\u00e3o, farsas para o silenciamento e doutrinamento do outro, no caso, o ser latino-americano.<\/p>\n<p><img data-recalc-dims=\"1\" decoding=\"async\" class=\"image-inline\" title=\"Conferencista peruano apresenta-se no simp\u00f3sio de Letras\" src=\"https:\/\/i0.wp.com\/www.ufac.br\/portal\/imagens\/noticias\/2014\/FotoTalitaOliveira2.jpg?w=750\" alt=\"Conferencista peruano apresenta-se no simp\u00f3sio de Letras\" \/><\/p>\n<p>Entende-se eurocentrismo como uma vis\u00e3o de mundo que elege a Europa como protagonista na elabora\u00e7\u00e3o da hist\u00f3ria e da sociedade moderna. \u201cA ci\u00eancia europeia \u00e9 toda uma farsa institucional\u201d, disparou L\u00f3pez, ao falar de quest\u00f5es conceituais envolvendo os termos \u201cpoi\u00e9tica\u201d e \u201cpo\u00e9tica\u201d. Discutindo literatura, tautologia, a b\u00edblia, modernidade e colonialismo, o conferencista promoveu uma desconstru\u00e7\u00e3o e desmistifica\u00e7\u00e3o de conceitos transmitidos como verdades absolutas pelo mundo ocidental.<\/p>\n<p>\u201cO nome de Jesus Cristo \u00e9 Yeshua de Nazar\u00e9, n\u00e3o \u00e9 Jesus Cristo: outra farsa ocidental\u201d, exemplificou L\u00f3pez. Ap\u00f3s a parte te\u00f3rica da palestra, ele apresentou slides para fazer uma leitura de imagens, seguindo a apresenta\u00e7\u00e3o na mesma linha de interpreta\u00e7\u00e3o. Depois, a confer\u00eancia foi encerrada e abriu-se espa\u00e7o para as perguntas da plateia.<\/p>\n<p>FONTE: <a href=\"http:\/\/www.ufac.br\/portal\/news\/conferencista-peruano-apresenta-se-no-simposio-de-letras\">ASCOM\/UFAC<\/a><\/p>\n<p><i>Postado em: 5\/11\/2014<\/i><\/p>\n<\/div>\n<\/div>","protected":false},"excerpt":{"rendered":"<p>Uma das atra\u00e7\u00f5es internacionais do 8\u00ba Simp\u00f3sio Linguagens e Identidades da\/na Amaz\u00f4nia Sul-Ocidental foi a confer\u00eancia do professor Luis Alberto L\u00f3pez, proferida em espanhol na noite dessa ter\u00e7a-feira, 4, no anfiteatro Garibaldi Brasil. L\u00f3pez \u00e9 diretor de Atividades Culturais e<\/p>","protected":false},"author":65883018,"featured_media":0,"comment_status":"closed","ping_status":"closed","sticky":false,"template":"","format":"standard","meta":{"_coblocks_attr":"","_coblocks_dimensions":"","_coblocks_responsive_height":"","_coblocks_accordion_ie_support":"","_crdt_document":"","advanced_seo_description":"","jetpack_seo_html_title":"","jetpack_seo_noindex":false,"_jetpack_newsletter_access":"","_jetpack_dont_email_post_to_subs":false,"_jetpack_newsletter_tier_id":0,"_jetpack_memberships_contains_paywalled_content":false,"_jetpack_memberships_contains_paid_content":false,"footnotes":"","jetpack_publicize_message":"Conferencista peruano apresenta-se no simp\u00f3sio de Letras","jetpack_publicize_feature_enabled":true,"jetpack_social_post_already_shared":false,"jetpack_social_options":{"image_generator_settings":{"template":"highway","default_image_id":0,"font":"","enabled":false},"version":2},"_wpas_customize_per_network":false,"jetpack_post_was_ever_published":false},"categories":[5078],"tags":[],"class_list":["post-325","post","type-post","status-publish","format-standard","hentry","category-sem-categoria"],"jetpack_publicize_connections":[],"jetpack_featured_media_url":"","jetpack_likes_enabled":false,"jetpack_sharing_enabled":true,"jetpack_shortlink":"https:\/\/wp.me\/p4Na16-5f","amp_enabled":true,"_links":{"self":[{"href":"https:\/\/posletrasufac.com\/es\/wp-json\/wp\/v2\/posts\/325","targetHints":{"allow":["GET"]}}],"collection":[{"href":"https:\/\/posletrasufac.com\/es\/wp-json\/wp\/v2\/posts"}],"about":[{"href":"https:\/\/posletrasufac.com\/es\/wp-json\/wp\/v2\/types\/post"}],"author":[{"embeddable":true,"href":"https:\/\/posletrasufac.com\/es\/wp-json\/wp\/v2\/users\/65883018"}],"replies":[{"embeddable":true,"href":"https:\/\/posletrasufac.com\/es\/wp-json\/wp\/v2\/comments?post=325"}],"version-history":[{"count":1,"href":"https:\/\/posletrasufac.com\/es\/wp-json\/wp\/v2\/posts\/325\/revisions"}],"predecessor-version":[{"id":326,"href":"https:\/\/posletrasufac.com\/es\/wp-json\/wp\/v2\/posts\/325\/revisions\/326"}],"wp:attachment":[{"href":"https:\/\/posletrasufac.com\/es\/wp-json\/wp\/v2\/media?parent=325"}],"wp:term":[{"taxonomy":"category","embeddable":true,"href":"https:\/\/posletrasufac.com\/es\/wp-json\/wp\/v2\/categories?post=325"},{"taxonomy":"post_tag","embeddable":true,"href":"https:\/\/posletrasufac.com\/es\/wp-json\/wp\/v2\/tags?post=325"}],"curies":[{"name":"wp","href":"https:\/\/api.w.org\/{rel}","templated":true}]}}