{"id":307,"date":"2014-10-30T19:24:11","date_gmt":"2014-10-31T00:24:11","guid":{"rendered":"http:\/\/posletrasufac.com\/?p=307"},"modified":"2014-10-30T19:26:40","modified_gmt":"2014-10-31T00:26:40","slug":"minicurso-sobre-musica-e-danca-acreana-sera-ministrado-no-8o-simposio-de-letras-na-ufac","status":"publish","type":"post","link":"https:\/\/posletrasufac.com\/es\/2014\/10\/30\/minicurso-sobre-musica-e-danca-acreana-sera-ministrado-no-8o-simposio-de-letras-na-ufac\/","title":{"rendered":"Minicurso sobre m\u00fasica e dan\u00e7a acreana ser\u00e1 ministrado no VIII Simp\u00f3sio de Letras na Ufac"},"content":{"rendered":"<div id=\"viewlet-social-like\" class=\"horizontal\">\n<div id=\"plusonebt\"><a id=\"parent-fieldname-image\" href=\"http:\/\/www.ufac.br\/portal\/news\/minicurso-sobre-musica-e-danca-acreana-sera-ministrado-no-8o-simposio-de-letras-na-ufac\/image\/image_view_fullscreen\"><img loading=\"lazy\" decoding=\"async\" class=\"newsImage\" title=\"\" src=\"http:\/\/www.ufac.br\/portal\/news\/minicurso-sobre-musica-e-danca-acreana-sera-ministrado-no-8o-simposio-de-letras-na-ufac\/image_banner\" alt=\"Minicurso sobre m\u00fasica e dan\u00e7a acreana ser\u00e1 ministrado no 8\u00ba Simp\u00f3sio de Letras na Ufac\" width=\"700\" height=\"250\" \/><\/a><\/div>\n<\/div>\n<div id=\"content-core\">\n<div id=\"parent-fieldname-text\" class=\"plain\">\n<p>O minicurso \u201cBaques, Banzos e Bailados: Ritmos do Aquiry\u201d pretende discutir aspectos da musica e dan\u00e7a regional. A oficina faz parte da programa\u00e7\u00e3o do 8\u00ba\u00a0Simp\u00f3sio Linguagens e Identidades da\/na Amaz\u00f4nia Sul-Ocidental e do 7\u00ba Col\u00f3quio Internacional As Amaz\u00f4nias, as \u00c1fricas e as \u00c1fricas na Pan-Amaz\u00f4nia, na Universidade Federal do Acre (Ufac), que ocorrer\u00e1 entre 3 e 7 de novembro.<\/p>\n<p>O minicurso, que ser\u00e1 ministrado por integrantes da \u201cRede Banzeiro\u201d, tem como objetivo refletir sobre a relev\u00e2ncia do patrim\u00f4nio imaterial, m\u00fasica e dan\u00e7a, e sobre a influ\u00eancia de heran\u00e7as culturais nordestinas na constru\u00e7\u00e3o da identidade acreana. De acordo com o conte\u00fado program\u00e1tico a oficina trar\u00e1 discuss\u00f5es sobre ritmos e dan\u00e7as nativas, assim como personalidades da cultura acreana.<\/p>\n<p>Em rela\u00e7\u00e3o \u00e0 metodologia, a oficina ter\u00e1 momentos te\u00f3ricos e pr\u00e1ticos. \u00a0Bate papos sobre g\u00eaneros musicais e dan\u00e7as, exposi\u00e7\u00e3o de ritmos regionais como Marujada e Jabuti Bumb\u00e1, por exemplo.<\/p>\n<p>As inscri\u00e7\u00f5es para o minicurso pela internet encerram-se nesta sexta-feira, 31. No dia do minicurso pode ser realizada inscri\u00e7\u00e3o para participa\u00e7\u00e3o das atividades e receber certificado.<\/p>\n<p>As atividades ocorrer\u00e3o entre os dias 4 e 7 de novembro, das 14h \u00e0s 18h. As vagas poder\u00e3o ser preenchidas por qualquer pessoa que se interesse pela tem\u00e1tica das m\u00fasicas e a dan\u00e7as acreanas. A Rede Banzeiro Agito Baquiry tamb\u00e9m realizar\u00e3o a apresenta\u00e7\u00e3o no simp\u00f3sio dia 5 de novembro \u00e0s 20h.<\/p>\n<p>Fonte:<a href=\"http:\/\/www.ufac.br\/portal\/news\/minicurso-sobre-musica-e-danca-acreana-sera-ministrado-no-8o-simposio-de-letras-na-ufac\"> ASCOM\/UFAC<\/a><\/p>\n<p><i>Postado em: 30\/10\/2014<\/i><\/p>\n<\/div>\n<\/div>","protected":false},"excerpt":{"rendered":"<p>O minicurso \u201cBaques, Banzos e Bailados: Ritmos do Aquiry\u201d pretende discutir aspectos da musica e dan\u00e7a regional. A oficina faz parte da programa\u00e7\u00e3o do 8\u00ba\u00a0Simp\u00f3sio Linguagens e Identidades da\/na Amaz\u00f4nia Sul-Ocidental e do 7\u00ba Col\u00f3quio Internacional As Amaz\u00f4nias, as \u00c1fricas<\/p>","protected":false},"author":65883018,"featured_media":0,"comment_status":"closed","ping_status":"closed","sticky":false,"template":"","format":"standard","meta":{"_coblocks_attr":"","_coblocks_dimensions":"","_coblocks_responsive_height":"","_coblocks_accordion_ie_support":"","_crdt_document":"","advanced_seo_description":"","jetpack_seo_html_title":"","jetpack_seo_noindex":false,"_jetpack_newsletter_access":"","_jetpack_dont_email_post_to_subs":false,"_jetpack_newsletter_tier_id":0,"_jetpack_memberships_contains_paywalled_content":false,"_jetpack_memberships_contains_paid_content":false,"footnotes":"","jetpack_publicize_message":"Minicurso sobre m\u00fasica e dan\u00e7a acreana ser\u00e1 ministrado no 8\u00ba Simp\u00f3sio de Letras na Ufac","jetpack_publicize_feature_enabled":true,"jetpack_social_post_already_shared":false,"jetpack_social_options":{"image_generator_settings":{"template":"highway","default_image_id":0,"font":"","enabled":false},"version":2},"_wpas_customize_per_network":false,"jetpack_post_was_ever_published":false},"categories":[5078],"tags":[],"class_list":["post-307","post","type-post","status-publish","format-standard","hentry","category-sem-categoria"],"jetpack_publicize_connections":[],"jetpack_featured_media_url":"","jetpack_likes_enabled":false,"jetpack_sharing_enabled":true,"jetpack_shortlink":"https:\/\/wp.me\/p4Na16-4X","amp_enabled":true,"_links":{"self":[{"href":"https:\/\/posletrasufac.com\/es\/wp-json\/wp\/v2\/posts\/307","targetHints":{"allow":["GET"]}}],"collection":[{"href":"https:\/\/posletrasufac.com\/es\/wp-json\/wp\/v2\/posts"}],"about":[{"href":"https:\/\/posletrasufac.com\/es\/wp-json\/wp\/v2\/types\/post"}],"author":[{"embeddable":true,"href":"https:\/\/posletrasufac.com\/es\/wp-json\/wp\/v2\/users\/65883018"}],"replies":[{"embeddable":true,"href":"https:\/\/posletrasufac.com\/es\/wp-json\/wp\/v2\/comments?post=307"}],"version-history":[{"count":2,"href":"https:\/\/posletrasufac.com\/es\/wp-json\/wp\/v2\/posts\/307\/revisions"}],"predecessor-version":[{"id":311,"href":"https:\/\/posletrasufac.com\/es\/wp-json\/wp\/v2\/posts\/307\/revisions\/311"}],"wp:attachment":[{"href":"https:\/\/posletrasufac.com\/es\/wp-json\/wp\/v2\/media?parent=307"}],"wp:term":[{"taxonomy":"category","embeddable":true,"href":"https:\/\/posletrasufac.com\/es\/wp-json\/wp\/v2\/categories?post=307"},{"taxonomy":"post_tag","embeddable":true,"href":"https:\/\/posletrasufac.com\/es\/wp-json\/wp\/v2\/tags?post=307"}],"curies":[{"name":"wp","href":"https:\/\/api.w.org\/{rel}","templated":true}]}}