{"id":303,"date":"2014-10-27T19:37:26","date_gmt":"2014-10-28T00:37:26","guid":{"rendered":"http:\/\/posletrasufac.com\/?p=303"},"modified":"2014-10-27T19:39:34","modified_gmt":"2014-10-28T00:39:34","slug":"pesquisadores-de-outros-estados-participarao-do-8o-simposio-na-ufac","status":"publish","type":"post","link":"https:\/\/posletrasufac.com\/es\/2014\/10\/27\/pesquisadores-de-outros-estados-participarao-do-8o-simposio-na-ufac\/","title":{"rendered":"Pesquisadores de outros Estados participar\u00e3o do VIII Simp\u00f3sio na Ufac"},"content":{"rendered":"<p><a href=\"https:\/\/i0.wp.com\/posletrasufac.com\/wp-content\/uploads\/2014\/10\/headbanner.png?ssl=1\"><img data-recalc-dims=\"1\" loading=\"lazy\" decoding=\"async\" data-attachment-id=\"304\" data-permalink=\"https:\/\/posletrasufac.com\/es\/2014\/10\/27\/pesquisadores-de-outros-estados-participarao-do-8o-simposio-na-ufac\/headbanner\/\" data-orig-file=\"https:\/\/i0.wp.com\/posletrasufac.com\/wp-content\/uploads\/2014\/10\/headbanner.png?fit=1256%2C483&amp;ssl=1\" data-orig-size=\"1256,483\" data-comments-opened=\"0\" data-image-meta=\"{&quot;aperture&quot;:&quot;0&quot;,&quot;credit&quot;:&quot;&quot;,&quot;camera&quot;:&quot;&quot;,&quot;caption&quot;:&quot;&quot;,&quot;created_timestamp&quot;:&quot;0&quot;,&quot;copyright&quot;:&quot;&quot;,&quot;focal_length&quot;:&quot;0&quot;,&quot;iso&quot;:&quot;0&quot;,&quot;shutter_speed&quot;:&quot;0&quot;,&quot;title&quot;:&quot;&quot;,&quot;orientation&quot;:&quot;0&quot;}\" data-image-title=\"Headbanner\" data-image-description=\"\" data-image-caption=\"\" data-large-file=\"https:\/\/i0.wp.com\/posletrasufac.com\/wp-content\/uploads\/2014\/10\/headbanner.png?fit=750%2C288&amp;ssl=1\" class=\"aligncenter wp-image-304 size-large\" src=\"https:\/\/i0.wp.com\/posletrasufac.com\/wp-content\/uploads\/2014\/10\/headbanner.png?resize=660%2C253&#038;ssl=1\" alt=\"Headbanner\" width=\"660\" height=\"253\" \/><\/a>Dos 150 trabalhos inscritos no 8\u00ba\u00a0Simp\u00f3sio Linguagens e Identidades da\/na Amaz\u00f4nia Sul-Ocidental e do 7\u00ba Col\u00f3quio Internacional As Amaz\u00f4nias, as \u00c1fricas e as \u00c1fricas na Pan-Amaz\u00f4nia, que ocorrer\u00e3o entre os dias 3 e 7 de novembro, na Universidade Federal do Acre (Ufac), cerca de 90 s\u00e3o de pesquisadores de outras universidades.<\/p>\n<p>\u201cA import\u00e2ncia das pessoas que v\u00eam de fora e, principalmente, de outros Estados da regi\u00e3o amaz\u00f4nica tem a ver com a consolida\u00e7\u00e3o do programa de p\u00f3s-gradua\u00e7\u00e3o em Letras da Ufac e, tamb\u00e9m, com um espa\u00e7o de reflex\u00f5es sobre pesquisas contempor\u00e2neas sobre a realidade amaz\u00f4nica\u201d, disse Raquel Ishii, professora da Ufac e integrante da equipe organizadora. \u201cPara n\u00f3s, \u00e9 um momento que se renova a cada ano.\u201d<\/p>\n<p>Raquel destaca que o evento serve como interc\u00e2mbio de ideias, troca de conhecimentos, socializa\u00e7\u00e3o das informa\u00e7\u00f5es, divulga\u00e7\u00e3o das pesquisas produzidas na Ufac e em outras institui\u00e7\u00f5es, algo que, para ela, n\u00e3o se restringe a universidades, institui\u00e7\u00f5es de pesquisas na Amaz\u00f4nia, mas a qualquer institui\u00e7\u00e3o do pa\u00eds.<\/p>\n<p>\u201cAn\u00e1lise discursiva das charges do jornal pessoal\u201d \u00e9 o t\u00edtulo do trabalho que Jairo Souza apresentar\u00e1 no simp\u00f3sio. Ele \u00e9 aluno do mestrado em Letras da Ufac. Mesmo sendo a primeira vez que o p\u00f3s-graduando se apresentar\u00e1 no evento, a expectativa de contribuir para discuss\u00f5es sobre a Amaz\u00f4nia o incentiva a compartilhar seus pensamentos.<\/p>\n<p>\u201cSei que \u00e9 um evento bem conhecido. Na perspectiva do programa de p\u00f3s-gradua\u00e7\u00e3o, \u00e9 parte integrante de uma proposta de pensar, repensar, ler e reler esse espa\u00e7o que convencionamos chamar de Amaz\u00f4nia\u201d, disse o estudante. \u201cE acho que \u00e9 um espa\u00e7o de reflex\u00e3o, de cria\u00e7\u00e3o tamb\u00e9m, pois acabamos criando, com as nossas falas, e contribuindo para outras ideias e outras cria\u00e7\u00f5es.\u201d<\/p>\n<p>Dentre as institui\u00e7\u00f5es que ser\u00e3o representadas no evento, est\u00e3o: Faculdade de Educa\u00e7\u00e3o de Cacoal (FEC); Instituto Federal do Amazonas (Ifam); Instituto Federal de Roraima (IFRR); Universidade Federal do Amazonas (Ufam); Universidade Federal de Goi\u00e1s (UFG); Universidade Federal de Roraima (UFRR); Universidade Federal de Santa Catarina (UFSC); Universidade de S\u00e3o Paulo (USP); Universidade Federal de Rond\u00f4nia (Unir).<\/p>\n<p>Algumas escolas, secretarias e institutos acrianos tamb\u00e9m far\u00e3o sua participa\u00e7\u00e3o no simp\u00f3sio, como o Instituto Federal do Acre (Ifac), a Secretaria Estadual de Educa\u00e7\u00e3o e Esporte (SEE), a escola Jo\u00e3o Calvino, o Centro Esp\u00edrita e Obras de Caridade Pr\u00edncipe Espadarte, a Uni\u00e3o Educacional do Norte (Uninorte), a Faculdade da Amaz\u00f4nia Ocidental (FAAO) e Instituto do Patrim\u00f4nio Hist\u00f3rico e Art\u00edstico Nacional (IPHAN-AC).<\/p>\n<p>Fonte: <a href=\"http:\/\/www.ufac.br\/portal\/news\/pesquisadores-de-outros-estados-participarao-do-8o-simposio-de-letras-na-ufac\">ASCOM\/UFAC<\/a><\/p>","protected":false},"excerpt":{"rendered":"<p>Dos 150 trabalhos inscritos no 8\u00ba\u00a0Simp\u00f3sio Linguagens e Identidades da\/na Amaz\u00f4nia Sul-Ocidental e do 7\u00ba Col\u00f3quio Internacional As Amaz\u00f4nias, as \u00c1fricas e as \u00c1fricas na Pan-Amaz\u00f4nia, que ocorrer\u00e3o entre os dias 3 e 7 de novembro, na Universidade Federal do<\/p>","protected":false},"author":65883018,"featured_media":0,"comment_status":"closed","ping_status":"closed","sticky":false,"template":"","format":"standard","meta":{"_coblocks_attr":"","_coblocks_dimensions":"","_coblocks_responsive_height":"","_coblocks_accordion_ie_support":"","_crdt_document":"","advanced_seo_description":"","jetpack_seo_html_title":"","jetpack_seo_noindex":false,"_jetpack_newsletter_access":"","_jetpack_dont_email_post_to_subs":false,"_jetpack_newsletter_tier_id":0,"_jetpack_memberships_contains_paywalled_content":false,"_jetpack_memberships_contains_paid_content":false,"footnotes":"","jetpack_publicize_message":"Pesquisadores de outros Estados participar\u00e3o do 8\u00ba Simp\u00f3sio na Ufac","jetpack_publicize_feature_enabled":true,"jetpack_social_post_already_shared":false,"jetpack_social_options":{"image_generator_settings":{"template":"highway","default_image_id":0,"font":"","enabled":false},"version":2},"_wpas_customize_per_network":false,"jetpack_post_was_ever_published":false},"categories":[5078],"tags":[],"class_list":["post-303","post","type-post","status-publish","format-standard","hentry","category-sem-categoria"],"jetpack_publicize_connections":[],"jetpack_featured_media_url":"","jetpack_likes_enabled":false,"jetpack_sharing_enabled":true,"jetpack_shortlink":"https:\/\/wp.me\/p4Na16-4T","amp_enabled":true,"_links":{"self":[{"href":"https:\/\/posletrasufac.com\/es\/wp-json\/wp\/v2\/posts\/303","targetHints":{"allow":["GET"]}}],"collection":[{"href":"https:\/\/posletrasufac.com\/es\/wp-json\/wp\/v2\/posts"}],"about":[{"href":"https:\/\/posletrasufac.com\/es\/wp-json\/wp\/v2\/types\/post"}],"author":[{"embeddable":true,"href":"https:\/\/posletrasufac.com\/es\/wp-json\/wp\/v2\/users\/65883018"}],"replies":[{"embeddable":true,"href":"https:\/\/posletrasufac.com\/es\/wp-json\/wp\/v2\/comments?post=303"}],"version-history":[{"count":2,"href":"https:\/\/posletrasufac.com\/es\/wp-json\/wp\/v2\/posts\/303\/revisions"}],"predecessor-version":[{"id":306,"href":"https:\/\/posletrasufac.com\/es\/wp-json\/wp\/v2\/posts\/303\/revisions\/306"}],"wp:attachment":[{"href":"https:\/\/posletrasufac.com\/es\/wp-json\/wp\/v2\/media?parent=303"}],"wp:term":[{"taxonomy":"category","embeddable":true,"href":"https:\/\/posletrasufac.com\/es\/wp-json\/wp\/v2\/categories?post=303"},{"taxonomy":"post_tag","embeddable":true,"href":"https:\/\/posletrasufac.com\/es\/wp-json\/wp\/v2\/tags?post=303"}],"curies":[{"name":"wp","href":"https:\/\/api.w.org\/{rel}","templated":true}]}}