{"id":2342,"date":"2016-11-10T08:17:04","date_gmt":"2016-11-10T13:17:04","guid":{"rendered":"http:\/\/posletrasufac.com\/?p=2342"},"modified":"2016-11-11T08:18:56","modified_gmt":"2016-11-11T13:18:56","slug":"livro-de-escritores-amazonicos-e-lancado-no-simposio-linguagens-e-identidades","status":"publish","type":"post","link":"https:\/\/posletrasufac.com\/es\/2016\/11\/10\/livro-de-escritores-amazonicos-e-lancado-no-simposio-linguagens-e-identidades\/","title":{"rendered":"Livro de escritores amaz\u00f4nicos \u00e9 lan\u00e7ado no Simp\u00f3sio Linguagens e Identidades"},"content":{"rendered":"<div class=\"tiled-gallery type-rectangular tiled-gallery-unresized\" data-original-width=\"750\" data-carousel-extra='{&quot;blog_id&quot;:1,&quot;permalink&quot;:&quot;https:\\\/\\\/posletrasufac.com\\\/es\\\/2016\\\/11\\\/10\\\/livro-de-escritores-amazonicos-e-lancado-no-simposio-linguagens-e-identidades\\\/&quot;,&quot;likes_blog_id&quot;:70821924}' itemscope itemtype=\"http:\/\/schema.org\/ImageGallery\" > <div class=\"gallery-row\" style=\"width: 750px; height: 335px;\" data-original-width=\"750\" data-original-height=\"335\" > <div class=\"gallery-group images-1\" style=\"width: 501px; height: 335px;\" data-original-width=\"501\" data-original-height=\"335\" > <div class=\"tiled-gallery-item tiled-gallery-item-large\" itemprop=\"associatedMedia\" itemscope itemtype=\"http:\/\/schema.org\/ImageObject\"> <a href=\"https:\/\/posletrasufac.com\/es\/2016\/11\/10\/livro-de-escritores-amazonicos-e-lancado-no-simposio-linguagens-e-identidades\/img_3013\/\" border=\"0\" itemprop=\"url\"> <meta itemprop=\"width\" content=\"497\"> <meta itemprop=\"height\" content=\"331\"> <img decoding=\"async\" class=\"\" data-attachment-id=\"2345\" data-orig-file=\"https:\/\/posletrasufac.com\/wp-content\/uploads\/2016\/11\/img_3013.jpg\" data-orig-size=\"3088,2056\" data-comments-opened=\"\" data-image-meta=\"{&quot;aperture&quot;:&quot;5&quot;,&quot;credit&quot;:&quot;&quot;,&quot;camera&quot;:&quot;Canon EOS 1100D&quot;,&quot;caption&quot;:&quot;&quot;,&quot;created_timestamp&quot;:&quot;1478741364&quot;,&quot;copyright&quot;:&quot;&quot;,&quot;focal_length&quot;:&quot;43&quot;,&quot;iso&quot;:&quot;1600&quot;,&quot;shutter_speed&quot;:&quot;0.0125&quot;,&quot;title&quot;:&quot;&quot;,&quot;orientation&quot;:&quot;1&quot;}\" data-image-title=\"img_3013\" data-image-description=\"\" data-medium-file=\"https:\/\/i0.wp.com\/posletrasufac.com\/wp-content\/uploads\/2016\/11\/img_3013.jpg?fit=300%2C200&#038;ssl=1\" data-large-file=\"https:\/\/i0.wp.com\/posletrasufac.com\/wp-content\/uploads\/2016\/11\/img_3013.jpg?fit=750%2C499&#038;ssl=1\" src=\"https:\/\/i0.wp.com\/posletrasufac.com\/wp-content\/uploads\/2016\/11\/img_3013.jpg?w=497&#038;h=331&#038;ssl=1\" width=\"497\" height=\"331\" loading=\"lazy\" data-original-width=\"497\" data-original-height=\"331\" itemprop=\"http:\/\/schema.org\/image\" title=\"img_3013\" alt=\"img_3013\" style=\"width: 497px; height: 331px;\" \/> <\/a> <\/div> <\/div> <!-- close group --> <div class=\"gallery-group images-2\" style=\"width: 249px; height: 335px;\" data-original-width=\"249\" data-original-height=\"335\" > <div class=\"tiled-gallery-item tiled-gallery-item-small\" itemprop=\"associatedMedia\" itemscope itemtype=\"http:\/\/schema.org\/ImageObject\"> <a href=\"https:\/\/posletrasufac.com\/es\/2016\/11\/10\/livro-de-escritores-amazonicos-e-lancado-no-simposio-linguagens-e-identidades\/img_3031\/\" border=\"0\" itemprop=\"url\"> <meta itemprop=\"width\" content=\"245\"> <meta itemprop=\"height\" content=\"164\"> <img decoding=\"async\" class=\"\" data-attachment-id=\"2346\" data-orig-file=\"https:\/\/posletrasufac.com\/wp-content\/uploads\/2016\/11\/img_3031.jpg\" data-orig-size=\"3088,2056\" data-comments-opened=\"\" data-image-meta=\"{&quot;aperture&quot;:&quot;5.6&quot;,&quot;credit&quot;:&quot;&quot;,&quot;camera&quot;:&quot;Canon EOS 1100D&quot;,&quot;caption&quot;:&quot;&quot;,&quot;created_timestamp&quot;:&quot;1478741651&quot;,&quot;copyright&quot;:&quot;&quot;,&quot;focal_length&quot;:&quot;55&quot;,&quot;iso&quot;:&quot;1600&quot;,&quot;shutter_speed&quot;:&quot;0.01&quot;,&quot;title&quot;:&quot;&quot;,&quot;orientation&quot;:&quot;1&quot;}\" data-image-title=\"img_3031\" data-image-description=\"\" data-medium-file=\"https:\/\/i0.wp.com\/posletrasufac.com\/wp-content\/uploads\/2016\/11\/img_3031.jpg?fit=300%2C200&#038;ssl=1\" data-large-file=\"https:\/\/i0.wp.com\/posletrasufac.com\/wp-content\/uploads\/2016\/11\/img_3031.jpg?fit=750%2C499&#038;ssl=1\" src=\"https:\/\/i0.wp.com\/posletrasufac.com\/wp-content\/uploads\/2016\/11\/img_3031.jpg?w=245&#038;h=164&#038;ssl=1\" width=\"245\" height=\"164\" loading=\"lazy\" data-original-width=\"245\" data-original-height=\"164\" itemprop=\"http:\/\/schema.org\/image\" title=\"img_3031\" alt=\"img_3031\" style=\"width: 245px; height: 164px;\" \/> <\/a> <\/div> <div class=\"tiled-gallery-item tiled-gallery-item-small\" itemprop=\"associatedMedia\" itemscope itemtype=\"http:\/\/schema.org\/ImageObject\"> <a href=\"https:\/\/posletrasufac.com\/es\/2016\/11\/10\/livro-de-escritores-amazonicos-e-lancado-no-simposio-linguagens-e-identidades\/img_3085\/\" border=\"0\" itemprop=\"url\"> <meta itemprop=\"width\" content=\"245\"> <meta itemprop=\"height\" content=\"163\"> <img decoding=\"async\" class=\"\" data-attachment-id=\"2347\" data-orig-file=\"https:\/\/posletrasufac.com\/wp-content\/uploads\/2016\/11\/img_3085.jpg\" data-orig-size=\"3088,2056\" data-comments-opened=\"\" data-image-meta=\"{&quot;aperture&quot;:&quot;4&quot;,&quot;credit&quot;:&quot;&quot;,&quot;camera&quot;:&quot;Canon EOS 1100D&quot;,&quot;caption&quot;:&quot;&quot;,&quot;created_timestamp&quot;:&quot;1478742422&quot;,&quot;copyright&quot;:&quot;&quot;,&quot;focal_length&quot;:&quot;18&quot;,&quot;iso&quot;:&quot;320&quot;,&quot;shutter_speed&quot;:&quot;0.025&quot;,&quot;title&quot;:&quot;&quot;,&quot;orientation&quot;:&quot;1&quot;}\" data-image-title=\"img_3085\" data-image-description=\"\" data-medium-file=\"https:\/\/i0.wp.com\/posletrasufac.com\/wp-content\/uploads\/2016\/11\/img_3085.jpg?fit=300%2C200&#038;ssl=1\" data-large-file=\"https:\/\/i0.wp.com\/posletrasufac.com\/wp-content\/uploads\/2016\/11\/img_3085.jpg?fit=750%2C499&#038;ssl=1\" src=\"https:\/\/i0.wp.com\/posletrasufac.com\/wp-content\/uploads\/2016\/11\/img_3085.jpg?w=245&#038;h=163&#038;ssl=1\" width=\"245\" height=\"163\" loading=\"lazy\" data-original-width=\"245\" data-original-height=\"163\" itemprop=\"http:\/\/schema.org\/image\" title=\"img_3085\" alt=\"img_3085\" style=\"width: 245px; height: 163px;\" \/> <\/a> <\/div> <\/div> <!-- close group --> <\/div> <!-- close row --> <div class=\"gallery-row\" style=\"width: 750px; height: 501px;\" data-original-width=\"750\" data-original-height=\"501\" > <div class=\"gallery-group images-1\" style=\"width: 750px; height: 501px;\" data-original-width=\"750\" data-original-height=\"501\" > <div class=\"tiled-gallery-item tiled-gallery-item-large\" itemprop=\"associatedMedia\" itemscope itemtype=\"http:\/\/schema.org\/ImageObject\"> <a href=\"https:\/\/posletrasufac.com\/es\/2016\/11\/10\/livro-de-escritores-amazonicos-e-lancado-no-simposio-linguagens-e-identidades\/img_3090\/\" border=\"0\" itemprop=\"url\"> <meta itemprop=\"width\" content=\"746\"> <meta itemprop=\"height\" content=\"497\"> <img decoding=\"async\" class=\"\" data-attachment-id=\"2348\" data-orig-file=\"https:\/\/posletrasufac.com\/wp-content\/uploads\/2016\/11\/img_3090.jpg\" data-orig-size=\"3088,2056\" data-comments-opened=\"\" data-image-meta=\"{&quot;aperture&quot;:&quot;4&quot;,&quot;credit&quot;:&quot;&quot;,&quot;camera&quot;:&quot;Canon EOS 1100D&quot;,&quot;caption&quot;:&quot;&quot;,&quot;created_timestamp&quot;:&quot;1478742539&quot;,&quot;copyright&quot;:&quot;&quot;,&quot;focal_length&quot;:&quot;27&quot;,&quot;iso&quot;:&quot;400&quot;,&quot;shutter_speed&quot;:&quot;0.02&quot;,&quot;title&quot;:&quot;&quot;,&quot;orientation&quot;:&quot;1&quot;}\" data-image-title=\"img_3090\" data-image-description=\"\" data-medium-file=\"https:\/\/i0.wp.com\/posletrasufac.com\/wp-content\/uploads\/2016\/11\/img_3090.jpg?fit=300%2C200&#038;ssl=1\" data-large-file=\"https:\/\/i0.wp.com\/posletrasufac.com\/wp-content\/uploads\/2016\/11\/img_3090.jpg?fit=750%2C499&#038;ssl=1\" src=\"https:\/\/i0.wp.com\/posletrasufac.com\/wp-content\/uploads\/2016\/11\/img_3090.jpg?w=746&#038;h=497&#038;ssl=1\" width=\"746\" height=\"497\" loading=\"lazy\" data-original-width=\"746\" data-original-height=\"497\" itemprop=\"http:\/\/schema.org\/image\" title=\"img_3090\" alt=\"img_3090\" style=\"width: 746px; height: 497px;\" \/> <\/a> <\/div> <\/div> <!-- close group --> <\/div> <!-- close row --> <\/div>\n<p>O terceiro dia do Simp\u00f3sio Linguagens e Identidades da\/na Amaz\u00f4nia Sul Ocidental, foi marcado por diversas atra\u00e7\u00f5es. Al\u00e9m de minicursos e oficinas, teve ainda apresenta\u00e7\u00e3o do espet\u00e1culo Devaneio Feminino \u2013 A hist\u00f3ria do machismo e o lan\u00e7amento do livro Literaturas e Amaz\u00f4nias: Coloniza\u00e7\u00e3o e descoloniza\u00e7\u00e3o.<\/p>\n<p>Durante o lan\u00e7amento os organizadores da obra Gerson Albuquerque, S\u00f4nia Sampaio e Miguel Nenev\u00e9, falaram da import\u00e2ncia da publica\u00e7\u00e3o da obra, conversaram com os convidados e autografaram exemplares.<\/p>\n<p>De acordo com Nenev\u00e9, o livro busca discutir a produ\u00e7\u00e3o e a cr\u00edtica liter\u00e1ria na Amaz\u00f4nia. \u201cTemos v\u00e1rias obras sobre a Amaz\u00f4nia, escrita por escritores de fora da Amaz\u00f4nia com um olhar externo. Nesse livro buscamos apresentar um contra discurso ao esse discurso colonizador\u201d, explica.<\/p>\n<p>O professor lembra ainda que \u00e9 preciso descolonizar o conhecimento: \u201cAinda somos muito colonizados, dependentes do que vem de fora, precisamos valorizar as pesquisas da nossa regi\u00e3o, frutos da vis\u00e3o de quem vive e conhece as realidades internas. O livro tem esse prop\u00f3sito, promover os conhecimentos produzidos aqui\u201d, destaca.<\/p>\n<p><strong>Literaturas e Amaz\u00f4nias<\/strong><\/p>\n<p>A obra \u00e9 composta por produ\u00e7\u00f5es de pesquisadores da regi\u00e3o norte, em especial dos professores do mestrado de Letras da Universidade Federal de Rond\u00f4nia (Unir) e Universidade Federal do Acre (Ufac).<\/p>\n<p>\u201cTodos os textos mostram que a Amaz\u00f4nia n\u00e3o \u00e9 retratada somente pelos pesquisadores de fora, n\u00e3o \u00e9 s\u00f3 dita para n\u00f3s, mas que ela \u00e9 vista pelos escritores, que moram nela. \u00c9 claro que precisamos ler outras bibliografias estrangeiras, mas devemos mostrar nossas posi\u00e7\u00f5es quando se fala de Amaz\u00f4nia\u201d, explica S\u00f4nia Sampaio.<\/p>\n<p><strong>Linguagens e Identidades<\/strong><\/p>\n<p>Os exemplares est\u00e3o \u00e0 venda e ficar\u00e3o dispon\u00edveis durante todo o Simp\u00f3sio, que vai at\u00e9 sexta-feira, 11.\u00a0 Cada livro custa R$ 32 reais. O evento est\u00e1 sendo realizado na Ufac, no bloco da P\u00f3s-Gradua\u00e7\u00e3o.<\/p>","protected":false},"excerpt":{"rendered":"<p>O terceiro dia do Simp\u00f3sio Linguagens e Identidades da\/na Amaz\u00f4nia Sul Ocidental, foi marcado por diversas atra\u00e7\u00f5es. Al\u00e9m de minicursos e oficinas, teve ainda apresenta\u00e7\u00e3o do espet\u00e1culo Devaneio Feminino \u2013 A hist\u00f3ria do machismo e o lan\u00e7amento do livro Literaturas<\/p>","protected":false},"author":65883018,"featured_media":0,"comment_status":"closed","ping_status":"closed","sticky":false,"template":"","format":"standard","meta":{"_coblocks_attr":"","_coblocks_dimensions":"","_coblocks_responsive_height":"","_coblocks_accordion_ie_support":"","_crdt_document":"","advanced_seo_description":"","jetpack_seo_html_title":"","jetpack_seo_noindex":false,"_jetpack_newsletter_access":"","_jetpack_dont_email_post_to_subs":false,"_jetpack_newsletter_tier_id":0,"_jetpack_memberships_contains_paywalled_content":false,"_jetpack_memberships_contains_paid_content":false,"footnotes":"","jetpack_publicize_message":"","jetpack_publicize_feature_enabled":true,"jetpack_social_post_already_shared":false,"jetpack_social_options":{"image_generator_settings":{"template":"highway","default_image_id":0,"font":"","enabled":false},"version":2},"_wpas_customize_per_network":false,"jetpack_post_was_ever_published":false},"categories":[233475685],"tags":[],"class_list":["post-2342","post","type-post","status-publish","format-standard","hentry","category-ppgli"],"jetpack_publicize_connections":[],"jetpack_featured_media_url":"","jetpack_likes_enabled":false,"jetpack_sharing_enabled":true,"jetpack_shortlink":"https:\/\/wp.me\/p4Na16-BM","amp_enabled":true,"_links":{"self":[{"href":"https:\/\/posletrasufac.com\/es\/wp-json\/wp\/v2\/posts\/2342","targetHints":{"allow":["GET"]}}],"collection":[{"href":"https:\/\/posletrasufac.com\/es\/wp-json\/wp\/v2\/posts"}],"about":[{"href":"https:\/\/posletrasufac.com\/es\/wp-json\/wp\/v2\/types\/post"}],"author":[{"embeddable":true,"href":"https:\/\/posletrasufac.com\/es\/wp-json\/wp\/v2\/users\/65883018"}],"replies":[{"embeddable":true,"href":"https:\/\/posletrasufac.com\/es\/wp-json\/wp\/v2\/comments?post=2342"}],"version-history":[{"count":6,"href":"https:\/\/posletrasufac.com\/es\/wp-json\/wp\/v2\/posts\/2342\/revisions"}],"predecessor-version":[{"id":2352,"href":"https:\/\/posletrasufac.com\/es\/wp-json\/wp\/v2\/posts\/2342\/revisions\/2352"}],"wp:attachment":[{"href":"https:\/\/posletrasufac.com\/es\/wp-json\/wp\/v2\/media?parent=2342"}],"wp:term":[{"taxonomy":"category","embeddable":true,"href":"https:\/\/posletrasufac.com\/es\/wp-json\/wp\/v2\/categories?post=2342"},{"taxonomy":"post_tag","embeddable":true,"href":"https:\/\/posletrasufac.com\/es\/wp-json\/wp\/v2\/tags?post=2342"}],"curies":[{"name":"wp","href":"https:\/\/api.w.org\/{rel}","templated":true}]}}