{"id":2307,"date":"2016-10-31T21:14:52","date_gmt":"2016-11-01T02:14:52","guid":{"rendered":"http:\/\/posletrasufac.com\/?p=2307"},"modified":"2016-11-03T08:32:06","modified_gmt":"2016-11-03T13:32:06","slug":"programacao-oficial-x-simposio-linguagens-e-identidades","status":"publish","type":"post","link":"https:\/\/posletrasufac.com\/es\/2016\/10\/31\/programacao-oficial-x-simposio-linguagens-e-identidades\/","title":{"rendered":"Programa\u00e7\u00e3o Oficial &#8211; X Simp\u00f3sio Linguagens e Identidades"},"content":{"rendered":"<h4 class=\"font_4\"><\/h4>\n<p class=\"jetpack-slideshow-noscript robots-nocontent\">El pase de diapositivas requiere JavaScript.<\/p><div id=\"gallery-2307-1-slideshow\" class=\"jetpack-slideshow-window jetpack-slideshow jetpack-slideshow-black\" data-trans=\"fade\" data-autostart=\"1\" data-gallery=\"[{&quot;src&quot;:&quot;https:\\\/\\\/i0.wp.com\\\/posletrasufac.com\\\/wp-content\\\/uploads\\\/2016\\\/10\\\/folder-capa.jpg?fit=2480%2C1754\\u0026ssl=1&quot;,&quot;id&quot;:&quot;2309&quot;,&quot;title&quot;:&quot;folder-capa&quot;,&quot;alt&quot;:&quot;&quot;,&quot;caption&quot;:&quot;&quot;,&quot;itemprop&quot;:&quot;image&quot;},{&quot;src&quot;:&quot;https:\\\/\\\/i0.wp.com\\\/posletrasufac.com\\\/wp-content\\\/uploads\\\/2016\\\/10\\\/folder-verso.jpg?fit=2480%2C1754\\u0026ssl=1&quot;,&quot;id&quot;:&quot;2311&quot;,&quot;title&quot;:&quot;folder-verso&quot;,&quot;alt&quot;:&quot;&quot;,&quot;caption&quot;:&quot;&quot;,&quot;itemprop&quot;:&quot;image&quot;}]\" itemscope itemtype=\"https:\/\/schema.org\/ImageGallery\"><\/div>\n<p class=\"font_8\">7\/11\/2016, segunda-feira<br \/>\nMANH\u00c3<\/p>\n<p class=\"font_8\">8h \u00e0s 12h Recep\u00e7\u00e3o aos participantes, credenciamento e inscri\u00e7\u00f5es<\/p>\n<p class=\"font_8\">8h Abertura da Exposi\u00e7\u00e3o de Cer\u00e2mica Apurin\u00e3 \u00a0e Apresenta\u00e7\u00e3o Musical com Mapu Huni Kuin<br \/>\nLOCAL: Hall do Audit\u00f3rio da P\u00f3s-Gradua\u00e7\u00e3o da Ufac<\/p>\n<p class=\"font_8\">9h Sess\u00e3o Inaugural: \u201cTr\u00e2nsitos e circularidades de significantes e sentidos nas Amaz\u00f4nias e Am\u00e9ricas: a nomea\u00e7\u00e3o como ato de colonialidade\u201d.<br \/>\nKarylleila Andrade Klinger (Universidade Federal do Tocantins)<br \/>\nJo\u00e3o Jos\u00e9 Veras de Souza (Universidade Federal de Santa Catarina)<br \/>\nGerson Rodrigues de Albuquerque (Universidade Federal do Acre)<br \/>\nMediador: Carlos Andr\u00e9 Alexandre de Melo<br \/>\nLOCAL: Audit\u00f3rio da P\u00f3s-Gradua\u00e7\u00e3o da Ufac<\/p>\n<p class=\"font_8\">TARDE<\/p>\n<p class=\"font_8\">14h Solenidade de abertura<br \/>\n15h Confer\u00eancia de abertura \u201cComo cabe \u00e0 literatura responder hoje \u00e0 quest\u00e3o colonial?\u201d, Hermenegildo Jos\u00e9 Bastos (Universidade de Bras\u00edlia)<br \/>\n17h Lan\u00e7amento de livros<br \/>\nLOCAL: \u00a0Audit\u00f3rio da P\u00f3s-Gradua\u00e7\u00e3o da Ufac<\/p>\n<p class=\"font_8\">NOITE<\/p>\n<p class=\"font_8\">19h Sess\u00e3o Especial: Laborat\u00f3rio Ambiente Corporais em Atravessamentos e Experimenta\u00e7\u00f5es: imagina\u00e7\u00e3o, amor, arte e pol\u00edtica na Amaz\u00f4nia.<br \/>\nBreno Filo, Claudia Le\u00e3o, Keyla Sobral, Luana Peixoto, Lucas Gouv\u00eaa, Paulo Meira, Ramon Reis, \u00a0Armando Queiroz e Wellignton Rom\u00e1rio<br \/>\nLOCAL: Audit\u00f3rio da P\u00f3s-Gradua\u00e7\u00e3o da Ufac<\/p>\n<p class=\"font_8\">8\/11\/2016, ter\u00e7a-feira<br \/>\nMANH\u00c3<\/p>\n<p class=\"font_8\">8h \u00e0s 12h Sess\u00f5es de Comunica\u00e7\u00f5es Livres e Grupos de Trabalho<br \/>\nLOCAL: Salas de aulas (ver caderno de programa\u00e7\u00e3o)<\/p>\n<p class=\"font_8\">TARDE<\/p>\n<p class=\"font_8\">14h \u00e0s 18h Oficinas e Minicursos<br \/>\nLOCAL: Salas de aulas (ver caderno de programa\u00e7\u00e3o)<\/p>\n<p class=\"font_8\">NOITE<\/p>\n<p class=\"font_8\">19h Sess\u00e3o Tem\u00e1tica: \u201cNo que consiste o colonialismo?<br \/>\nAdelia Miglievich Ribeiro (Universidade Federal do Esp\u00edrito Santo)<br \/>\nCl\u00e1udia Zapata (Universidad de Chile)<br \/>\nMartin-L\u00e9on-Jacques Ib\u00e1\u00f1ez de Novion (Universidade de Bras\u00edlia)<br \/>\nMediador: Gerson Rodrigues de Albuquerque (Universidade Federal do Acre)<br \/>\nLOCAL: Audit\u00f3rio da P\u00f3s-Gradua\u00e7\u00e3o da Ufac<\/p>\n<p class=\"font_8\">9\/11\/2016, quarta-feira<br \/>\nMANH\u00c3<\/p>\n<p class=\"font_8\">8h \u00e0s 12h Sess\u00f5es de Comunica\u00e7\u00f5es Livres e Grupos de Trabalho<br \/>\nLOCAL: Salas de aulas (ver caderno de programa\u00e7\u00e3o)<\/p>\n<p class=\"font_8\">TARDE<\/p>\n<p class=\"font_8\">14h \u00e0s 22h Oficinas e Minicursos<br \/>\nLOCAL: Salas de aulas (ver caderno de programa\u00e7\u00e3o)<\/p>\n<p class=\"font_8\">NOITE<\/p>\n<p class=\"font_8\">19h Encena\u00e7\u00e3o \u201cDevaneio Feminino &#8211; a hist\u00f3ria do machismo\u201d<br \/>\n19h30 Sess\u00e3o Tem\u00e1tica: \u201cDecolonizando o saber: rupturas desde as margens\u201d<br \/>\nEm\u00edlio del Valle Escalante (University of North Carolina at Chapel Hill)<br \/>\nEstev\u00e3o Rafael Fernandes (Universidade Federal de Rond\u00f4nia)<br \/>\nMediador: Agenor Sarraf Pacheco (Universidade Federal do Par\u00e1)<\/p>\n<p class=\"font_8\">LOCAL: Audit\u00f3rio da P\u00f3s-Gradua\u00e7\u00e3o da Ufac<\/p>\n<p class=\"font_8\">10\/11\/2016, quinta-feira<\/p>\n<p class=\"font_8\">MANH\u00c3<\/p>\n<p class=\"font_8\">8h \u00e0s 12h Sess\u00f5es de Comunica\u00e7\u00f5es Livres e Grupos de Trabalho<\/p>\n<p class=\"font_8\">LOCAL: Salas de aulas (ver caderno de programa\u00e7\u00e3o)<\/p>\n<p class=\"font_8\">TARDE<br \/>\n14h \u00e0s 18h Oficinas e Minicursos<br \/>\nLOCAL: Salas de aulas (ver caderno de programa\u00e7\u00e3o)<\/p>\n<p class=\"font_8\">NOITE<\/p>\n<p class=\"font_8\">19h Sess\u00e3o Tem\u00e1tica: \u201cAmaz\u00f4nia, lugar de enuncia\u00e7\u00e3o decolonial\u201d<br \/>\nMaria Bet\u00e2nia Albuquerque (Universidade do Estado do Par\u00e1)<br \/>\nAgenor Sarraf Pacheco (Universidade Federal do Par\u00e1)<br \/>\nLeno Francisco Danner (Universidade Federal de Rond\u00f4nia)<br \/>\nMediador: Estev\u00e3o Rafael Fernandes (Universidade Federal de Rond\u00f4nia)<br \/>\nLOCAL: Audit\u00f3rio da P\u00f3s-Gradua\u00e7\u00e3o da Ufac<\/p>\n<p class=\"font_8\">11\/11\/2016, sexta-feira<br \/>\nMANH\u00c3<\/p>\n<p class=\"font_8\">9h30 Reuni\u00e3o do Comit\u00ea Organizador 2016<br \/>\nLOCAL: Audit\u00f3rio da P\u00f3s-Gradua\u00e7\u00e3o da Ufac<\/p>\n<p class=\"font_8\">TARDE<\/p>\n<p class=\"font_8\">14h \u00e0s 18h Oficinas e Minicursos<br \/>\nLOCAL: Salas de aulas (ver caderno de programa\u00e7\u00e3o)<\/p>\n<p class=\"font_8\">NOITE<\/p>\n<p class=\"font_8\">19h Sess\u00e3o Tem\u00e1tica: \u201cPor outras pr\u00e1ticas pedag\u00f3gicas, outros saberes em interfaces escola-comunidade: exerc\u00edcios decoloniais\u201d<br \/>\nBruno Kaingang (Instituto Estadual de Educa\u00e7\u00e3o Indigena Angelo Manhk\u00e1 Miguel &#8211; Terra ind\u00edgena Inhacora &#8211; S\u00e3o Val\u00e9rio do Sul, RS)<br \/>\nJoaquim Man\u00e1 (Secretaria de Estado de Educa\u00e7\u00e3o e Esporte do Acre \u2013 Educa\u00e7\u00e3o Ind\u00edgena)<br \/>\nEldo Carlo Gomes (Secretaria de Estado de Educa\u00e7\u00e3o e Esporte do Acre \u2013 Educa\u00e7\u00e3o Ind\u00edgena)<br \/>\nMediadora: Ana Patr\u00edcia Chaves Ferreira<br \/>\n21h Solenidade de encerramento<br \/>\nLOCAL: Audit\u00f3rio da P\u00f3s-Gradua\u00e7\u00e3o da Ufac<\/p>\n<p class=\"font_8\">Mais informa\u00e7\u00f5es: <a href=\"http:\/\/www.simposioufac.com\" rel=\"nofollow\">http:\/\/www.simposioufac.com<\/a><\/p>\n<p class=\"font_8\">Contato: linguagens.identidades.ufac@gmail.com<\/p>","protected":false},"excerpt":{"rendered":"<p>7\/11\/2016, segunda-feira MANH\u00c3 8h \u00e0s 12h Recep\u00e7\u00e3o aos participantes, credenciamento e inscri\u00e7\u00f5es 8h Abertura da Exposi\u00e7\u00e3o de Cer\u00e2mica Apurin\u00e3 \u00a0e Apresenta\u00e7\u00e3o Musical com Mapu Huni Kuin LOCAL: Hall do Audit\u00f3rio da P\u00f3s-Gradua\u00e7\u00e3o da Ufac 9h Sess\u00e3o Inaugural: \u201cTr\u00e2nsitos e circularidades<\/p>","protected":false},"author":65883018,"featured_media":0,"comment_status":"closed","ping_status":"closed","sticky":false,"template":"","format":"standard","meta":{"_coblocks_attr":"","_coblocks_dimensions":"","_coblocks_responsive_height":"","_coblocks_accordion_ie_support":"","_crdt_document":"","advanced_seo_description":"","jetpack_seo_html_title":"","jetpack_seo_noindex":false,"_jetpack_newsletter_access":"","_jetpack_dont_email_post_to_subs":false,"_jetpack_newsletter_tier_id":0,"_jetpack_memberships_contains_paywalled_content":false,"_jetpack_memberships_contains_paid_content":false,"footnotes":"","jetpack_publicize_message":"","jetpack_publicize_feature_enabled":true,"jetpack_social_post_already_shared":false,"jetpack_social_options":{"image_generator_settings":{"template":"highway","default_image_id":0,"font":"","enabled":false},"version":2},"_wpas_customize_per_network":false,"jetpack_post_was_ever_published":false},"categories":[233475685],"tags":[],"class_list":["post-2307","post","type-post","status-publish","format-standard","hentry","category-ppgli"],"jetpack_publicize_connections":[],"jetpack_featured_media_url":"","jetpack_likes_enabled":false,"jetpack_sharing_enabled":true,"jetpack_shortlink":"https:\/\/wp.me\/p4Na16-Bd","amp_enabled":true,"_links":{"self":[{"href":"https:\/\/posletrasufac.com\/es\/wp-json\/wp\/v2\/posts\/2307","targetHints":{"allow":["GET"]}}],"collection":[{"href":"https:\/\/posletrasufac.com\/es\/wp-json\/wp\/v2\/posts"}],"about":[{"href":"https:\/\/posletrasufac.com\/es\/wp-json\/wp\/v2\/types\/post"}],"author":[{"embeddable":true,"href":"https:\/\/posletrasufac.com\/es\/wp-json\/wp\/v2\/users\/65883018"}],"replies":[{"embeddable":true,"href":"https:\/\/posletrasufac.com\/es\/wp-json\/wp\/v2\/comments?post=2307"}],"version-history":[{"count":10,"href":"https:\/\/posletrasufac.com\/es\/wp-json\/wp\/v2\/posts\/2307\/revisions"}],"predecessor-version":[{"id":2319,"href":"https:\/\/posletrasufac.com\/es\/wp-json\/wp\/v2\/posts\/2307\/revisions\/2319"}],"wp:attachment":[{"href":"https:\/\/posletrasufac.com\/es\/wp-json\/wp\/v2\/media?parent=2307"}],"wp:term":[{"taxonomy":"category","embeddable":true,"href":"https:\/\/posletrasufac.com\/es\/wp-json\/wp\/v2\/categories?post=2307"},{"taxonomy":"post_tag","embeddable":true,"href":"https:\/\/posletrasufac.com\/es\/wp-json\/wp\/v2\/tags?post=2307"}],"curies":[{"name":"wp","href":"https:\/\/api.w.org\/{rel}","templated":true}]}}