{"id":18661,"date":"2026-09-01T11:18:42","date_gmt":"2026-09-01T16:18:42","guid":{"rendered":"https:\/\/posletrasufac.com\/?p=18661"},"modified":"2026-09-01T11:18:44","modified_gmt":"2026-09-01T16:18:44","slug":"i-seminario-de-internacionalizacao-experiencias-do-doutorado-sanduiche","status":"publish","type":"post","link":"https:\/\/posletrasufac.com\/es\/2026\/09\/01\/i-seminario-de-internacionalizacao-experiencias-do-doutorado-sanduiche\/","title":{"rendered":"I Semin\u00e1rio de Internacionaliza\u00e7\u00e3o &#8211; Experi\u00eancias do Doutorado Sandu\u00edche"},"content":{"rendered":"<figure class=\"wp-block-image size-large\"><a href=\"https:\/\/i0.wp.com\/posletrasufac.com\/wp-content\/uploads\/2026\/09\/I-Seminario-de-Internacionalizacao-relatos-de-experiencias-do-PPGLI.png?ssl=1\"><img data-recalc-dims=\"1\" loading=\"lazy\" decoding=\"async\" width=\"750\" height=\"750\" data-attachment-id=\"18662\" data-permalink=\"https:\/\/posletrasufac.com\/es\/2026\/09\/01\/i-seminario-de-internacionalizacao-experiencias-do-doutorado-sanduiche\/i-seminario-de-internacionalizacao-relatos-de-experiencias-do-ppgli\/\" data-orig-file=\"https:\/\/i0.wp.com\/posletrasufac.com\/wp-content\/uploads\/2026\/09\/I-Seminario-de-Internacionalizacao-relatos-de-experiencias-do-PPGLI.png?fit=1080%2C1080&amp;ssl=1\" data-orig-size=\"1080,1080\" data-comments-opened=\"0\" data-image-meta=\"{&quot;aperture&quot;:&quot;0&quot;,&quot;credit&quot;:&quot;&quot;,&quot;camera&quot;:&quot;&quot;,&quot;caption&quot;:&quot;&quot;,&quot;created_timestamp&quot;:&quot;0&quot;,&quot;copyright&quot;:&quot;&quot;,&quot;focal_length&quot;:&quot;0&quot;,&quot;iso&quot;:&quot;0&quot;,&quot;shutter_speed&quot;:&quot;0&quot;,&quot;title&quot;:&quot;&quot;,&quot;orientation&quot;:&quot;0&quot;,&quot;alt&quot;:&quot;&quot;}\" data-image-title=\"I Semin\u00e1rio de Internacionaliza\u00e7\u00e3o relatos de experi\u00eancias do PPGLI\" data-image-description=\"\" data-image-caption=\"\" data-large-file=\"https:\/\/i0.wp.com\/posletrasufac.com\/wp-content\/uploads\/2026\/09\/I-Seminario-de-Internacionalizacao-relatos-de-experiencias-do-PPGLI.png?fit=750%2C750&amp;ssl=1\" src=\"https:\/\/i0.wp.com\/posletrasufac.com\/wp-content\/uploads\/2026\/09\/I-Seminario-de-Internacionalizacao-relatos-de-experiencias-do-PPGLI.png?resize=750%2C750&#038;ssl=1\" alt=\"\" class=\"wp-image-18662\" srcset=\"https:\/\/i0.wp.com\/posletrasufac.com\/wp-content\/uploads\/2026\/09\/I-Seminario-de-Internacionalizacao-relatos-de-experiencias-do-PPGLI.png?resize=1024%2C1024&amp;ssl=1 1024w, https:\/\/i0.wp.com\/posletrasufac.com\/wp-content\/uploads\/2026\/09\/I-Seminario-de-Internacionalizacao-relatos-de-experiencias-do-PPGLI.png?resize=300%2C300&amp;ssl=1 300w, https:\/\/i0.wp.com\/posletrasufac.com\/wp-content\/uploads\/2026\/09\/I-Seminario-de-Internacionalizacao-relatos-de-experiencias-do-PPGLI.png?resize=150%2C150&amp;ssl=1 150w, https:\/\/i0.wp.com\/posletrasufac.com\/wp-content\/uploads\/2026\/09\/I-Seminario-de-Internacionalizacao-relatos-de-experiencias-do-PPGLI.png?resize=768%2C768&amp;ssl=1 768w, https:\/\/i0.wp.com\/posletrasufac.com\/wp-content\/uploads\/2026\/09\/I-Seminario-de-Internacionalizacao-relatos-de-experiencias-do-PPGLI.png?resize=12%2C12&amp;ssl=1 12w, https:\/\/i0.wp.com\/posletrasufac.com\/wp-content\/uploads\/2026\/09\/I-Seminario-de-Internacionalizacao-relatos-de-experiencias-do-PPGLI.png?resize=270%2C270&amp;ssl=1 270w, https:\/\/i0.wp.com\/posletrasufac.com\/wp-content\/uploads\/2026\/09\/I-Seminario-de-Internacionalizacao-relatos-de-experiencias-do-PPGLI.png?resize=230%2C230&amp;ssl=1 230w, https:\/\/i0.wp.com\/posletrasufac.com\/wp-content\/uploads\/2026\/09\/I-Seminario-de-Internacionalizacao-relatos-de-experiencias-do-PPGLI.png?w=1080&amp;ssl=1 1080w\" sizes=\"auto, (max-width: 750px) 100vw, 750px\" \/><\/a><\/figure>\n\n\n\n<p class=\"wp-block-paragraph\">O Programa de P\u00f3s-Gradua\u00e7\u00e3o em Letras: Linguagem e Identidade (PPGLI\/Ufac) realiza, no dia 18 de setembro, \u00e0s 14h, no Audit\u00f3rio da P\u00f3s-Gradua\u00e7\u00e3o da Ufac, um encontro para compartilhar as viv\u00eancias acad\u00eamicas de doutorandas em institui\u00e7\u00f5es estrangeiras.<\/p>\n\n\n\n<p class=\"wp-block-paragraph\">Palestrantes:Julia Judith Quispe Supo &#8211; PPGLI-Ufac \/ Instituto Nacional de Antropologia e Hist\u00f3ria &#8211; M\u00e9xico<\/p>\n\n\n\n<p class=\"wp-block-paragraph\">Poliana de Melo Nogueira &#8211; PPGLI-Ufac \/ Universidad de Santiago de Chile<\/p>\n\n\n\n<p class=\"wp-block-paragraph\">Tha\u00eds Albuquerque Figueiredo &#8211; PPGLI-Ufac \/ Universidad de Santiago de Chile<\/p>\n\n\n\n<p class=\"wp-block-paragraph\">R\u00fabia de Abreu Cavalcante &#8211; PPGLI-Ufac \/ Universidade do Minho &#8211; Portugal<\/p>\n\n\n\n<p class=\"wp-block-paragraph\">Anyelle Samy Costa de Oliveira &#8211; PPGLI-Ufac \/ Universit\u00e9 Bordeaux Montaigne &#8211; Fran\u00e7a<\/p>\n\n\n\n<p class=\"wp-block-paragraph\"><\/p>","protected":false},"excerpt":{"rendered":"<p>O Programa de P\u00f3s-Gradua\u00e7\u00e3o em Letras: Linguagem e Identidade (PPGLI\/Ufac) realiza, no dia 18 de setembro, \u00e0s 14h, no Audit\u00f3rio da P\u00f3s-Gradua\u00e7\u00e3o da Ufac, um encontro para compartilhar as viv\u00eancias acad\u00eamicas de doutorandas em institui\u00e7\u00f5es estrangeiras. Palestrantes:Julia Judith Quispe Supo<\/p>","protected":false},"author":65883018,"featured_media":0,"comment_status":"closed","ping_status":"closed","sticky":false,"template":"","format":"standard","meta":{"_coblocks_attr":"","_coblocks_dimensions":"","_coblocks_responsive_height":"","_coblocks_accordion_ie_support":"","advanced_seo_description":"","jetpack_seo_html_title":"","jetpack_seo_noindex":false,"jetpack_seo_schema_type":"","_jetpack_newsletter_access":"","_jetpack_dont_email_post_to_subs":false,"_jetpack_newsletter_tier_id":0,"_jetpack_memberships_contains_paywalled_content":false,"_wpcom_ai_launchpad_first_post":false,"_jetpack_feature_clip_id":0,"_jetpack_memberships_contains_paid_content":false,"footnotes":"","jetpack_publicize_message":"{title}\n\n{excerpt}\n\n{url}","jetpack_publicize_feature_enabled":true,"jetpack_social_post_already_shared":true,"jetpack_social_options":{"image_generator_settings":{"template":"highway","default_image_id":0,"font":"","enabled":false},"version":2},"_wpas_customize_per_network":false,"jetpack_post_was_ever_published":false},"categories":[233475685],"tags":[],"class_list":["post-18661","post","type-post","status-publish","format-standard","hentry","category-ppgli"],"jetpack_publicize_connections":[],"jetpack_likes_enabled":false,"jetpack_sharing_enabled":true,"jetpack_shortlink":"https:\/\/wp.me\/p4Na16-4QZ","amp_enabled":true,"jetpack_featured_media_url":"","_links":{"self":[{"href":"https:\/\/posletrasufac.com\/es\/wp-json\/wp\/v2\/posts\/18661","targetHints":{"allow":["GET"]}}],"collection":[{"href":"https:\/\/posletrasufac.com\/es\/wp-json\/wp\/v2\/posts"}],"about":[{"href":"https:\/\/posletrasufac.com\/es\/wp-json\/wp\/v2\/types\/post"}],"author":[{"embeddable":true,"href":"https:\/\/posletrasufac.com\/es\/wp-json\/wp\/v2\/users\/65883018"}],"replies":[{"embeddable":true,"href":"https:\/\/posletrasufac.com\/es\/wp-json\/wp\/v2\/comments?post=18661"}],"version-history":[{"count":2,"href":"https:\/\/posletrasufac.com\/es\/wp-json\/wp\/v2\/posts\/18661\/revisions"}],"predecessor-version":[{"id":18664,"href":"https:\/\/posletrasufac.com\/es\/wp-json\/wp\/v2\/posts\/18661\/revisions\/18664"}],"wp:attachment":[{"href":"https:\/\/posletrasufac.com\/es\/wp-json\/wp\/v2\/media?parent=18661"}],"wp:term":[{"taxonomy":"category","embeddable":true,"href":"https:\/\/posletrasufac.com\/es\/wp-json\/wp\/v2\/categories?post=18661"},{"taxonomy":"post_tag","embeddable":true,"href":"https:\/\/posletrasufac.com\/es\/wp-json\/wp\/v2\/tags?post=18661"}],"curies":[{"name":"wp","href":"https:\/\/api.w.org\/{rel}","templated":true}]}}