{"id":18647,"date":"2026-08-31T08:17:49","date_gmt":"2026-08-31T13:17:49","guid":{"rendered":"https:\/\/posletrasufac.com\/?p=18647"},"modified":"2026-08-31T08:17:52","modified_gmt":"2026-08-31T13:17:52","slug":"espaco-de-memoria-produzido-a-partir-de-pesquisa-do-ppgli-ufac-ganha-certificado-do-instituto-brasileiro-de-museus","status":"publish","type":"post","link":"https:\/\/posletrasufac.com\/es\/2026\/08\/31\/espaco-de-memoria-produzido-a-partir-de-pesquisa-do-ppgli-ufac-ganha-certificado-do-instituto-brasileiro-de-museus\/","title":{"rendered":"Espa\u00e7o de Mem\u00f3ria produzido a partir de pesquisa do PPGLI-Ufac ganha certificado do Instituto Brasileiro de Museus"},"content":{"rendered":"<figure class=\"wp-block-image size-large\"><a href=\"https:\/\/i0.wp.com\/posletrasufac.com\/wp-content\/uploads\/2026\/08\/Memorial-Colonia-Cinco-Mil-Divulgacao-5.jpeg-2.jpg?ssl=1\"><img data-recalc-dims=\"1\" loading=\"lazy\" decoding=\"async\" width=\"750\" height=\"475\" data-attachment-id=\"18649\" data-permalink=\"https:\/\/posletrasufac.com\/es\/2026\/08\/31\/espaco-de-memoria-produzido-a-partir-de-pesquisa-do-ppgli-ufac-ganha-certificado-do-instituto-brasileiro-de-museus\/memorial-colonia-cinco-mil-divulgacao-5-jpeg-2\/\" data-orig-file=\"https:\/\/i0.wp.com\/posletrasufac.com\/wp-content\/uploads\/2026\/08\/Memorial-Colonia-Cinco-Mil-Divulgacao-5.jpeg-2.jpg?fit=5814%2C3677&amp;ssl=1\" data-orig-size=\"5814,3677\" data-comments-opened=\"0\" data-image-meta=\"{&quot;aperture&quot;:&quot;5&quot;,&quot;credit&quot;:&quot;&quot;,&quot;camera&quot;:&quot;Canon EOS RP&quot;,&quot;caption&quot;:&quot;&quot;,&quot;created_timestamp&quot;:&quot;1729974095&quot;,&quot;copyright&quot;:&quot;&quot;,&quot;focal_length&quot;:&quot;24&quot;,&quot;iso&quot;:&quot;3200&quot;,&quot;shutter_speed&quot;:&quot;0.0055555555555556&quot;,&quot;title&quot;:&quot;&quot;,&quot;orientation&quot;:&quot;0&quot;,&quot;alt&quot;:&quot;&quot;}\" data-image-title=\"Memorial Col\u00f4nia Cinco Mil &amp;#8211; Divulga\u00e7\u00e3o (5).jpeg (2)\" data-image-description=\"\" data-image-caption=\"\" data-large-file=\"https:\/\/i0.wp.com\/posletrasufac.com\/wp-content\/uploads\/2026\/08\/Memorial-Colonia-Cinco-Mil-Divulgacao-5.jpeg-2.jpg?fit=750%2C475&amp;ssl=1\" src=\"https:\/\/i0.wp.com\/posletrasufac.com\/wp-content\/uploads\/2026\/08\/Memorial-Colonia-Cinco-Mil-Divulgacao-5.jpeg-2.jpg?resize=750%2C475&#038;ssl=1\" alt=\"\" class=\"wp-image-18649\" srcset=\"https:\/\/i0.wp.com\/posletrasufac.com\/wp-content\/uploads\/2026\/08\/Memorial-Colonia-Cinco-Mil-Divulgacao-5.jpeg-2.jpg?resize=1024%2C648&amp;ssl=1 1024w, https:\/\/i0.wp.com\/posletrasufac.com\/wp-content\/uploads\/2026\/08\/Memorial-Colonia-Cinco-Mil-Divulgacao-5.jpeg-2.jpg?resize=300%2C190&amp;ssl=1 300w, https:\/\/i0.wp.com\/posletrasufac.com\/wp-content\/uploads\/2026\/08\/Memorial-Colonia-Cinco-Mil-Divulgacao-5.jpeg-2.jpg?resize=768%2C486&amp;ssl=1 768w, https:\/\/i0.wp.com\/posletrasufac.com\/wp-content\/uploads\/2026\/08\/Memorial-Colonia-Cinco-Mil-Divulgacao-5.jpeg-2.jpg?resize=1536%2C971&amp;ssl=1 1536w, https:\/\/i0.wp.com\/posletrasufac.com\/wp-content\/uploads\/2026\/08\/Memorial-Colonia-Cinco-Mil-Divulgacao-5.jpeg-2.jpg?resize=2048%2C1295&amp;ssl=1 2048w, https:\/\/i0.wp.com\/posletrasufac.com\/wp-content\/uploads\/2026\/08\/Memorial-Colonia-Cinco-Mil-Divulgacao-5.jpeg-2.jpg?resize=18%2C12&amp;ssl=1 18w, https:\/\/i0.wp.com\/posletrasufac.com\/wp-content\/uploads\/2026\/08\/Memorial-Colonia-Cinco-Mil-Divulgacao-5.jpeg-2.jpg?w=2250&amp;ssl=1 2250w\" sizes=\"auto, (max-width: 750px) 100vw, 750px\" \/><\/a><\/figure>\n\n\n\n<p class=\"wp-block-paragraph\">Certifica\u00e7\u00e3o reconhece o trabalho desenvolvido pelo espa\u00e7o nas \u00e1reas de museologia social, educa\u00e7\u00e3o patrimonial, pesquisa e preserva\u00e7\u00e3o das mem\u00f3rias da comunidade<\/p>\n\n\n\n<p class=\"wp-block-paragraph\">Memorial da Col\u00f4nia Cinco Mil recebeu, no dia 24 de agosto, o Certificado de Ponto de Mem\u00f3ria concedido pelo Instituto Brasileiro de Museus (Ibram). O reconhecimento considera a atua\u00e7\u00e3o desenvolvida pelo espa\u00e7o na preserva\u00e7\u00e3o do patrim\u00f4nio cultural e na valoriza\u00e7\u00e3o das mem\u00f3rias e trajet\u00f3rias da comunidade.<\/p>\n\n\n\n<p class=\"wp-block-paragraph\">A certifica\u00e7\u00e3o foi concedida conforme os crit\u00e9rios estabelecidos pela Portaria Ibram n\u00ba 4.037, de 5 de maio de 2026, que regulamenta o reconhecimento de iniciativas comprometidas com a museologia social, a participa\u00e7\u00e3o comunit\u00e1ria e a rela\u00e7\u00e3o entre mem\u00f3ria e territ\u00f3rio.<\/p>\n\n\n\n<p class=\"wp-block-paragraph\">\u201cO Instituto Brasileiro de Museus reconhece a entidade cultural Memorial da Col\u00f4nia Cinco Mil como Ponto de Mem\u00f3ria. Este certificado comprova que a entidade cultural apoia e desenvolve programas, projetos e a\u00e7\u00f5es de museologia social, pautadas na gest\u00e3o participativa e no v\u00ednculo com a comunidade e seu territ\u00f3rio, visando \u00e0 identifica\u00e7\u00e3o, registro, pesquisa e promo\u00e7\u00e3o do patrim\u00f4nio material e imaterial, contribuindo para o reconhecimento e valoriza\u00e7\u00e3o da mem\u00f3ria social brasileira\u201d, informa o certificado.<\/p>\n\n\n\n<p class=\"wp-block-paragraph\">Criado em 2021, o Centro Cultural Sebasti\u00e3o Mota de Melo e Memorial da Col\u00f4nia Cinco Mil foi concebido como um presente \u00e0 comunidade durante as comemora\u00e7\u00f5es de seus 50 anos. Com o apoio da Funda\u00e7\u00e3o Garibaldi Brasil e produ\u00e7\u00e3o da Aru\u00ea! Arte, Cultura e Holismo, foram estruturadas duas salas de exposi\u00e7\u00e3o, reunindo fotografias, documentos, jornais, publica\u00e7\u00f5es, acervo bibliogr\u00e1fico e outros registros relacionados \u00e0 hist\u00f3ria local.<\/p>\n\n\n\n<p class=\"wp-block-paragraph\">O trabalho de pesquisa e organiza\u00e7\u00e3o do Memorial \u00e9 coordenado pela professora Julia Lobato Moura, da Universidade Federal do Acre (UFAC). A iniciativa est\u00e1 vinculada \u00e0 pesquisa realizada entre 2019 e 2023 durante seu doutorado no Programa de P\u00f3s-Gradua\u00e7\u00e3o em Letras: Linguagem e Identidade, na linha de pesquisa Culturas, narrativas e identidades amaz\u00f4nicas.<\/p>\n\n\n\n<p class=\"wp-block-paragraph\">O espa\u00e7o tamb\u00e9m mant\u00e9m atividades articuladas ao projeto de extens\u00e3o universit\u00e1ria \u201cMemorial da Col\u00f4nia Cinco Mil: espa\u00e7o de mem\u00f3ria e ponto de cultura\u201d, fortalecendo a rela\u00e7\u00e3o entre universidade, comunidade e patrim\u00f4nio cultural.<\/p>\n\n\n\n<h2 class=\"wp-block-heading\">Mem\u00f3ria constru\u00edda pela comunidade<\/h2>\n\n\n\n<p class=\"wp-block-paragraph\">O Memorial integra as a\u00e7\u00f5es de valoriza\u00e7\u00e3o e fortalecimento comunit\u00e1rio desenvolvidas pelo Coletivo Amigos da Cinco Mil no Centro Cultural Sebasti\u00e3o Mota de Melo. Entre as atividades realizadas est\u00e3o a educa\u00e7\u00e3o patrimonial, a pesquisa e a extens\u00e3o universit\u00e1ria, a organiza\u00e7\u00e3o e amplia\u00e7\u00e3o do acervo, a divulga\u00e7\u00e3o de conhecimentos e o atendimento a estudantes, pesquisadores e demais visitantes.<\/p>\n\n\n\n<p class=\"wp-block-paragraph\">Museus comunit\u00e1rios e espa\u00e7os de mem\u00f3ria desempenham um papel importante na preserva\u00e7\u00e3o dos patrim\u00f4nios materiais e imateriais. Essas iniciativas permitem que comunidades tradicionais, muitas vezes historicamente silenciadas, registrem suas experi\u00eancias, contem suas pr\u00f3prias hist\u00f3rias e produzam narrativas sobre seus territ\u00f3rios a partir de suas perspectivas e formas de organiza\u00e7\u00e3o.<\/p>\n\n\n\n<p class=\"wp-block-paragraph\">Em seus cinco anos de atua\u00e7\u00e3o, o Memorial da Col\u00f4nia Cinco Mil recebeu estudantes e visitantes de Rio Branco, de diferentes regi\u00f5es do Brasil e de outros pa\u00edses. O espa\u00e7o foi criado para preservar e divulgar as mem\u00f3rias da comunidade no contexto das culturas ayahuasqueiras do Acre, cuja import\u00e2ncia hist\u00f3rica e cultural ultrapassou as fronteiras amaz\u00f4nicas.<\/p>\n\n\n\n<p class=\"wp-block-paragraph\">Em 2025, a iniciativa tamb\u00e9m foi reconhecida como Ponto de Cultura pelo Minist\u00e9rio da Cultura. A certifica\u00e7\u00e3o como Ponto de Mem\u00f3ria amplia esse reconhecimento institucional e refor\u00e7a a continuidade do trabalho comunit\u00e1rio de identifica\u00e7\u00e3o, documenta\u00e7\u00e3o, pesquisa, preserva\u00e7\u00e3o e compartilhamento de seu patrim\u00f4nio cultural.<\/p>\n\n\n\n<figure class=\"wp-block-gallery has-nested-images columns-default is-cropped wp-block-gallery-1 is-layout-flex wp-block-gallery-is-layout-flex\">\n<figure class=\"wp-block-image size-large\"><a href=\"https:\/\/i0.wp.com\/posletrasufac.com\/wp-content\/uploads\/2026\/08\/Memorial-Colonia-Cinco-Mil-Divulgacao-5.jpeg-2-1.jpg?ssl=1\"><img data-recalc-dims=\"1\" loading=\"lazy\" decoding=\"async\" width=\"750\" height=\"475\" data-attachment-id=\"18653\" data-permalink=\"https:\/\/posletrasufac.com\/es\/2026\/08\/31\/espaco-de-memoria-produzido-a-partir-de-pesquisa-do-ppgli-ufac-ganha-certificado-do-instituto-brasileiro-de-museus\/memorial-colonia-cinco-mil-divulgacao-5-jpeg-2-2\/\" data-orig-file=\"https:\/\/i0.wp.com\/posletrasufac.com\/wp-content\/uploads\/2026\/08\/Memorial-Colonia-Cinco-Mil-Divulgacao-5.jpeg-2-1.jpg?fit=5814%2C3677&amp;ssl=1\" data-orig-size=\"5814,3677\" data-comments-opened=\"0\" data-image-meta=\"{&quot;aperture&quot;:&quot;5&quot;,&quot;credit&quot;:&quot;&quot;,&quot;camera&quot;:&quot;Canon EOS RP&quot;,&quot;caption&quot;:&quot;&quot;,&quot;created_timestamp&quot;:&quot;1729974095&quot;,&quot;copyright&quot;:&quot;&quot;,&quot;focal_length&quot;:&quot;24&quot;,&quot;iso&quot;:&quot;3200&quot;,&quot;shutter_speed&quot;:&quot;0.0055555555555556&quot;,&quot;title&quot;:&quot;&quot;,&quot;orientation&quot;:&quot;0&quot;,&quot;alt&quot;:&quot;&quot;}\" data-image-title=\"Memorial Col\u00f4nia Cinco Mil &amp;#8211; Divulga\u00e7\u00e3o (5).jpeg (2)\" data-image-description=\"\" data-image-caption=\"\" data-large-file=\"https:\/\/i0.wp.com\/posletrasufac.com\/wp-content\/uploads\/2026\/08\/Memorial-Colonia-Cinco-Mil-Divulgacao-5.jpeg-2-1.jpg?fit=750%2C475&amp;ssl=1\" data-id=\"18653\" src=\"https:\/\/i0.wp.com\/posletrasufac.com\/wp-content\/uploads\/2026\/08\/Memorial-Colonia-Cinco-Mil-Divulgacao-5.jpeg-2-1.jpg?resize=750%2C475&#038;ssl=1\" alt=\"\" class=\"wp-image-18653\" srcset=\"https:\/\/i0.wp.com\/posletrasufac.com\/wp-content\/uploads\/2026\/08\/Memorial-Colonia-Cinco-Mil-Divulgacao-5.jpeg-2-1.jpg?resize=1024%2C648&amp;ssl=1 1024w, https:\/\/i0.wp.com\/posletrasufac.com\/wp-content\/uploads\/2026\/08\/Memorial-Colonia-Cinco-Mil-Divulgacao-5.jpeg-2-1.jpg?resize=300%2C190&amp;ssl=1 300w, https:\/\/i0.wp.com\/posletrasufac.com\/wp-content\/uploads\/2026\/08\/Memorial-Colonia-Cinco-Mil-Divulgacao-5.jpeg-2-1.jpg?resize=768%2C486&amp;ssl=1 768w, https:\/\/i0.wp.com\/posletrasufac.com\/wp-content\/uploads\/2026\/08\/Memorial-Colonia-Cinco-Mil-Divulgacao-5.jpeg-2-1.jpg?resize=1536%2C971&amp;ssl=1 1536w, https:\/\/i0.wp.com\/posletrasufac.com\/wp-content\/uploads\/2026\/08\/Memorial-Colonia-Cinco-Mil-Divulgacao-5.jpeg-2-1.jpg?resize=2048%2C1295&amp;ssl=1 2048w, https:\/\/i0.wp.com\/posletrasufac.com\/wp-content\/uploads\/2026\/08\/Memorial-Colonia-Cinco-Mil-Divulgacao-5.jpeg-2-1.jpg?resize=18%2C12&amp;ssl=1 18w, https:\/\/i0.wp.com\/posletrasufac.com\/wp-content\/uploads\/2026\/08\/Memorial-Colonia-Cinco-Mil-Divulgacao-5.jpeg-2-1.jpg?w=2250&amp;ssl=1 2250w\" sizes=\"auto, (max-width: 750px) 100vw, 750px\" \/><\/a><\/figure>\n\n\n\n<figure class=\"wp-block-image size-large\"><a href=\"https:\/\/i0.wp.com\/posletrasufac.com\/wp-content\/uploads\/2026\/08\/Memorial-Colonia-Cinco-Mil-Divulgacao-1.jpeg?ssl=1\"><img data-recalc-dims=\"1\" loading=\"lazy\" decoding=\"async\" width=\"750\" height=\"1000\" data-attachment-id=\"18652\" data-permalink=\"https:\/\/posletrasufac.com\/es\/2026\/08\/31\/espaco-de-memoria-produzido-a-partir-de-pesquisa-do-ppgli-ufac-ganha-certificado-do-instituto-brasileiro-de-museus\/memorial-colonia-cinco-mil-divulgacao-1\/\" data-orig-file=\"https:\/\/i0.wp.com\/posletrasufac.com\/wp-content\/uploads\/2026\/08\/Memorial-Colonia-Cinco-Mil-Divulgacao-1.jpeg?fit=1200%2C1600&amp;ssl=1\" data-orig-size=\"1200,1600\" data-comments-opened=\"0\" data-image-meta=\"{&quot;aperture&quot;:&quot;0&quot;,&quot;credit&quot;:&quot;&quot;,&quot;camera&quot;:&quot;&quot;,&quot;caption&quot;:&quot;&quot;,&quot;created_timestamp&quot;:&quot;0&quot;,&quot;copyright&quot;:&quot;&quot;,&quot;focal_length&quot;:&quot;0&quot;,&quot;iso&quot;:&quot;0&quot;,&quot;shutter_speed&quot;:&quot;0&quot;,&quot;title&quot;:&quot;&quot;,&quot;orientation&quot;:&quot;0&quot;,&quot;alt&quot;:&quot;&quot;}\" data-image-title=\"Memorial Col\u00f4nia Cinco Mil &amp;#8211; Divulga\u00e7\u00e3o (1)\" data-image-description=\"\" data-image-caption=\"\" data-large-file=\"https:\/\/i0.wp.com\/posletrasufac.com\/wp-content\/uploads\/2026\/08\/Memorial-Colonia-Cinco-Mil-Divulgacao-1.jpeg?fit=750%2C1000&amp;ssl=1\" data-id=\"18652\" src=\"https:\/\/i0.wp.com\/posletrasufac.com\/wp-content\/uploads\/2026\/08\/Memorial-Colonia-Cinco-Mil-Divulgacao-1.jpeg?resize=750%2C1000&#038;ssl=1\" alt=\"\" class=\"wp-image-18652\" srcset=\"https:\/\/i0.wp.com\/posletrasufac.com\/wp-content\/uploads\/2026\/08\/Memorial-Colonia-Cinco-Mil-Divulgacao-1.jpeg?resize=768%2C1024&amp;ssl=1 768w, https:\/\/i0.wp.com\/posletrasufac.com\/wp-content\/uploads\/2026\/08\/Memorial-Colonia-Cinco-Mil-Divulgacao-1.jpeg?resize=225%2C300&amp;ssl=1 225w, https:\/\/i0.wp.com\/posletrasufac.com\/wp-content\/uploads\/2026\/08\/Memorial-Colonia-Cinco-Mil-Divulgacao-1.jpeg?resize=1152%2C1536&amp;ssl=1 1152w, https:\/\/i0.wp.com\/posletrasufac.com\/wp-content\/uploads\/2026\/08\/Memorial-Colonia-Cinco-Mil-Divulgacao-1.jpeg?resize=9%2C12&amp;ssl=1 9w, https:\/\/i0.wp.com\/posletrasufac.com\/wp-content\/uploads\/2026\/08\/Memorial-Colonia-Cinco-Mil-Divulgacao-1.jpeg?w=1200&amp;ssl=1 1200w\" sizes=\"auto, (max-width: 750px) 100vw, 750px\" \/><\/a><\/figure>\n\n\n\n<figure class=\"wp-block-image size-large\"><a href=\"https:\/\/i0.wp.com\/posletrasufac.com\/wp-content\/uploads\/2026\/08\/Memorial-Colonia-Cinco-Mil-Divulgacao-3.jpeg?ssl=1\"><img data-recalc-dims=\"1\" loading=\"lazy\" decoding=\"async\" width=\"750\" height=\"563\" data-attachment-id=\"18651\" data-permalink=\"https:\/\/posletrasufac.com\/es\/2026\/08\/31\/espaco-de-memoria-produzido-a-partir-de-pesquisa-do-ppgli-ufac-ganha-certificado-do-instituto-brasileiro-de-museus\/memorial-colonia-cinco-mil-divulgacao-3\/\" data-orig-file=\"https:\/\/i0.wp.com\/posletrasufac.com\/wp-content\/uploads\/2026\/08\/Memorial-Colonia-Cinco-Mil-Divulgacao-3.jpeg?fit=1600%2C1200&amp;ssl=1\" data-orig-size=\"1600,1200\" data-comments-opened=\"0\" data-image-meta=\"{&quot;aperture&quot;:&quot;0&quot;,&quot;credit&quot;:&quot;&quot;,&quot;camera&quot;:&quot;&quot;,&quot;caption&quot;:&quot;&quot;,&quot;created_timestamp&quot;:&quot;0&quot;,&quot;copyright&quot;:&quot;&quot;,&quot;focal_length&quot;:&quot;0&quot;,&quot;iso&quot;:&quot;0&quot;,&quot;shutter_speed&quot;:&quot;0&quot;,&quot;title&quot;:&quot;&quot;,&quot;orientation&quot;:&quot;0&quot;,&quot;alt&quot;:&quot;&quot;}\" data-image-title=\"Memorial Col\u00f4nia Cinco Mil &amp;#8211; Divulga\u00e7\u00e3o (3)\" data-image-description=\"\" data-image-caption=\"\" data-large-file=\"https:\/\/i0.wp.com\/posletrasufac.com\/wp-content\/uploads\/2026\/08\/Memorial-Colonia-Cinco-Mil-Divulgacao-3.jpeg?fit=750%2C563&amp;ssl=1\" data-id=\"18651\" src=\"https:\/\/i0.wp.com\/posletrasufac.com\/wp-content\/uploads\/2026\/08\/Memorial-Colonia-Cinco-Mil-Divulgacao-3.jpeg?resize=750%2C563&#038;ssl=1\" alt=\"\" class=\"wp-image-18651\" srcset=\"https:\/\/i0.wp.com\/posletrasufac.com\/wp-content\/uploads\/2026\/08\/Memorial-Colonia-Cinco-Mil-Divulgacao-3.jpeg?resize=1024%2C768&amp;ssl=1 1024w, https:\/\/i0.wp.com\/posletrasufac.com\/wp-content\/uploads\/2026\/08\/Memorial-Colonia-Cinco-Mil-Divulgacao-3.jpeg?resize=300%2C225&amp;ssl=1 300w, https:\/\/i0.wp.com\/posletrasufac.com\/wp-content\/uploads\/2026\/08\/Memorial-Colonia-Cinco-Mil-Divulgacao-3.jpeg?resize=768%2C576&amp;ssl=1 768w, https:\/\/i0.wp.com\/posletrasufac.com\/wp-content\/uploads\/2026\/08\/Memorial-Colonia-Cinco-Mil-Divulgacao-3.jpeg?resize=1536%2C1152&amp;ssl=1 1536w, https:\/\/i0.wp.com\/posletrasufac.com\/wp-content\/uploads\/2026\/08\/Memorial-Colonia-Cinco-Mil-Divulgacao-3.jpeg?resize=16%2C12&amp;ssl=1 16w, https:\/\/i0.wp.com\/posletrasufac.com\/wp-content\/uploads\/2026\/08\/Memorial-Colonia-Cinco-Mil-Divulgacao-3.jpeg?w=1600&amp;ssl=1 1600w\" sizes=\"auto, (max-width: 750px) 100vw, 750px\" \/><\/a><\/figure>\n\n\n\n<figure class=\"wp-block-image size-large\"><a href=\"https:\/\/i0.wp.com\/posletrasufac.com\/wp-content\/uploads\/2026\/08\/Memorial-Colonia-Cinco-Mil-Divulgacao-2.jpeg?ssl=1\"><img data-recalc-dims=\"1\" loading=\"lazy\" decoding=\"async\" width=\"620\" height=\"827\" data-attachment-id=\"18650\" data-permalink=\"https:\/\/posletrasufac.com\/es\/2026\/08\/31\/espaco-de-memoria-produzido-a-partir-de-pesquisa-do-ppgli-ufac-ganha-certificado-do-instituto-brasileiro-de-museus\/memorial-colonia-cinco-mil-divulgacao-2\/\" data-orig-file=\"https:\/\/i0.wp.com\/posletrasufac.com\/wp-content\/uploads\/2026\/08\/Memorial-Colonia-Cinco-Mil-Divulgacao-2.jpeg?fit=620%2C827&amp;ssl=1\" data-orig-size=\"620,827\" data-comments-opened=\"0\" data-image-meta=\"{&quot;aperture&quot;:&quot;0&quot;,&quot;credit&quot;:&quot;&quot;,&quot;camera&quot;:&quot;&quot;,&quot;caption&quot;:&quot;&quot;,&quot;created_timestamp&quot;:&quot;0&quot;,&quot;copyright&quot;:&quot;&quot;,&quot;focal_length&quot;:&quot;0&quot;,&quot;iso&quot;:&quot;0&quot;,&quot;shutter_speed&quot;:&quot;0&quot;,&quot;title&quot;:&quot;&quot;,&quot;orientation&quot;:&quot;0&quot;,&quot;alt&quot;:&quot;&quot;}\" data-image-title=\"Memorial Col\u00f4nia Cinco Mil &amp;#8211; Divulga\u00e7\u00e3o (2)\" data-image-description=\"\" data-image-caption=\"\" data-large-file=\"https:\/\/i0.wp.com\/posletrasufac.com\/wp-content\/uploads\/2026\/08\/Memorial-Colonia-Cinco-Mil-Divulgacao-2.jpeg?fit=620%2C827&amp;ssl=1\" data-id=\"18650\" src=\"https:\/\/i0.wp.com\/posletrasufac.com\/wp-content\/uploads\/2026\/08\/Memorial-Colonia-Cinco-Mil-Divulgacao-2.jpeg?resize=620%2C827&#038;ssl=1\" alt=\"\" class=\"wp-image-18650\" srcset=\"https:\/\/i0.wp.com\/posletrasufac.com\/wp-content\/uploads\/2026\/08\/Memorial-Colonia-Cinco-Mil-Divulgacao-2.jpeg?w=620&amp;ssl=1 620w, https:\/\/i0.wp.com\/posletrasufac.com\/wp-content\/uploads\/2026\/08\/Memorial-Colonia-Cinco-Mil-Divulgacao-2.jpeg?resize=225%2C300&amp;ssl=1 225w, https:\/\/i0.wp.com\/posletrasufac.com\/wp-content\/uploads\/2026\/08\/Memorial-Colonia-Cinco-Mil-Divulgacao-2.jpeg?resize=9%2C12&amp;ssl=1 9w\" sizes=\"auto, (max-width: 620px) 100vw, 620px\" \/><\/a><\/figure>\n<\/figure>\n\n\n\n<h2 class=\"wp-block-heading\"><strong>Memorial da Col\u00f4nia Cinco Mil<br>Local:<\/strong> Centro Cultural Sebasti\u00e3o Mota de Melo, Rio Branco (AC)<br><strong>Visitas:<\/strong> mediante agendamento pr\u00e9vio pelas redes sociais do Memorial<br><strong>Para mais informa\u00e7\u00f5es acesse:<\/strong> <a href=\"http:\/\/instagram.com\/memorialcincomil\/\" target=\"_blank\" rel=\"noopener\">instagram.com\/memorialcincomil\/<\/a>\u00a0<\/h2>","protected":false},"excerpt":{"rendered":"<p>Certifica\u00e7\u00e3o reconhece o trabalho desenvolvido pelo espa\u00e7o nas \u00e1reas de museologia social, educa\u00e7\u00e3o patrimonial, pesquisa e preserva\u00e7\u00e3o das mem\u00f3rias da comunidade Memorial da Col\u00f4nia Cinco Mil recebeu, no dia 24 de agosto, o Certificado de Ponto de Mem\u00f3ria concedido pelo<\/p>","protected":false},"author":65883018,"featured_media":0,"comment_status":"closed","ping_status":"closed","sticky":false,"template":"","format":"standard","meta":{"_coblocks_attr":"","_coblocks_dimensions":"","_coblocks_responsive_height":"","_coblocks_accordion_ie_support":"","advanced_seo_description":"","jetpack_seo_html_title":"","jetpack_seo_noindex":false,"jetpack_seo_schema_type":"","_jetpack_newsletter_access":"","_jetpack_dont_email_post_to_subs":false,"_jetpack_newsletter_tier_id":0,"_jetpack_memberships_contains_paywalled_content":false,"_wpcom_ai_launchpad_first_post":false,"_jetpack_feature_clip_id":0,"_jetpack_memberships_contains_paid_content":false,"footnotes":"","jetpack_publicize_message":"{title}\n\n{excerpt}\n\n{url}","jetpack_publicize_feature_enabled":true,"jetpack_social_post_already_shared":true,"jetpack_social_options":{"image_generator_settings":{"template":"highway","default_image_id":0,"font":"","enabled":false},"version":2},"_wpas_customize_per_network":false,"jetpack_post_was_ever_published":false},"categories":[233475685],"tags":[],"class_list":["post-18647","post","type-post","status-publish","format-standard","hentry","category-ppgli"],"jetpack_publicize_connections":[],"jetpack_likes_enabled":false,"jetpack_sharing_enabled":true,"jetpack_shortlink":"https:\/\/wp.me\/p4Na16-4QL","amp_enabled":true,"jetpack_featured_media_url":"","_links":{"self":[{"href":"https:\/\/posletrasufac.com\/es\/wp-json\/wp\/v2\/posts\/18647","targetHints":{"allow":["GET"]}}],"collection":[{"href":"https:\/\/posletrasufac.com\/es\/wp-json\/wp\/v2\/posts"}],"about":[{"href":"https:\/\/posletrasufac.com\/es\/wp-json\/wp\/v2\/types\/post"}],"author":[{"embeddable":true,"href":"https:\/\/posletrasufac.com\/es\/wp-json\/wp\/v2\/users\/65883018"}],"replies":[{"embeddable":true,"href":"https:\/\/posletrasufac.com\/es\/wp-json\/wp\/v2\/comments?post=18647"}],"version-history":[{"count":3,"href":"https:\/\/posletrasufac.com\/es\/wp-json\/wp\/v2\/posts\/18647\/revisions"}],"predecessor-version":[{"id":18655,"href":"https:\/\/posletrasufac.com\/es\/wp-json\/wp\/v2\/posts\/18647\/revisions\/18655"}],"wp:attachment":[{"href":"https:\/\/posletrasufac.com\/es\/wp-json\/wp\/v2\/media?parent=18647"}],"wp:term":[{"taxonomy":"category","embeddable":true,"href":"https:\/\/posletrasufac.com\/es\/wp-json\/wp\/v2\/categories?post=18647"},{"taxonomy":"post_tag","embeddable":true,"href":"https:\/\/posletrasufac.com\/es\/wp-json\/wp\/v2\/tags?post=18647"}],"curies":[{"name":"wp","href":"https:\/\/api.w.org\/{rel}","templated":true}]}}