{"id":18642,"date":"2026-08-26T10:52:25","date_gmt":"2026-08-26T15:52:25","guid":{"rendered":"https:\/\/posletrasufac.com\/?p=18642"},"modified":"2026-08-26T10:55:27","modified_gmt":"2026-08-26T15:55:27","slug":"comunicado","status":"publish","type":"post","link":"https:\/\/posletrasufac.com\/es\/2026\/08\/26\/comunicado\/","title":{"rendered":"Comunicado"},"content":{"rendered":"<div class=\"wp-block-image\">\n<figure class=\"aligncenter size-large\"><a href=\"https:\/\/i0.wp.com\/posletrasufac.com\/wp-content\/uploads\/2026\/05\/Headbanner-PPGLI-20-anos.png?ssl=1\"><img data-recalc-dims=\"1\" loading=\"lazy\" decoding=\"async\" width=\"750\" height=\"188\" data-attachment-id=\"18266\" data-permalink=\"https:\/\/posletrasufac.com\/es\/2026\/05\/06\/comunicado-ppgli-ufac-inicio-do-semestre-letivo-2026-1\/headbanner-ppgli-20-anos\/\" data-orig-file=\"https:\/\/i0.wp.com\/posletrasufac.com\/wp-content\/uploads\/2026\/05\/Headbanner-PPGLI-20-anos.png?fit=1600%2C400&amp;ssl=1\" data-orig-size=\"1600,400\" data-comments-opened=\"0\" data-image-meta=\"{&quot;aperture&quot;:&quot;0&quot;,&quot;credit&quot;:&quot;&quot;,&quot;camera&quot;:&quot;&quot;,&quot;caption&quot;:&quot;&quot;,&quot;created_timestamp&quot;:&quot;0&quot;,&quot;copyright&quot;:&quot;&quot;,&quot;focal_length&quot;:&quot;0&quot;,&quot;iso&quot;:&quot;0&quot;,&quot;shutter_speed&quot;:&quot;0&quot;,&quot;title&quot;:&quot;&quot;,&quot;orientation&quot;:&quot;0&quot;}\" data-image-title=\"Headbanner PPGLI 20 anos\" data-image-description=\"\" data-image-caption=\"\" data-large-file=\"https:\/\/i0.wp.com\/posletrasufac.com\/wp-content\/uploads\/2026\/05\/Headbanner-PPGLI-20-anos.png?fit=750%2C188&amp;ssl=1\" src=\"https:\/\/i0.wp.com\/posletrasufac.com\/wp-content\/uploads\/2026\/05\/Headbanner-PPGLI-20-anos.png?resize=750%2C188&#038;ssl=1\" alt=\"\" class=\"wp-image-18266\" srcset=\"https:\/\/i0.wp.com\/posletrasufac.com\/wp-content\/uploads\/2026\/05\/Headbanner-PPGLI-20-anos.png?resize=1024%2C256&amp;ssl=1 1024w, https:\/\/i0.wp.com\/posletrasufac.com\/wp-content\/uploads\/2026\/05\/Headbanner-PPGLI-20-anos.png?resize=300%2C75&amp;ssl=1 300w, https:\/\/i0.wp.com\/posletrasufac.com\/wp-content\/uploads\/2026\/05\/Headbanner-PPGLI-20-anos.png?resize=768%2C192&amp;ssl=1 768w, https:\/\/i0.wp.com\/posletrasufac.com\/wp-content\/uploads\/2026\/05\/Headbanner-PPGLI-20-anos.png?resize=1536%2C384&amp;ssl=1 1536w, https:\/\/i0.wp.com\/posletrasufac.com\/wp-content\/uploads\/2026\/05\/Headbanner-PPGLI-20-anos.png?resize=18%2C5&amp;ssl=1 18w, https:\/\/i0.wp.com\/posletrasufac.com\/wp-content\/uploads\/2026\/05\/Headbanner-PPGLI-20-anos.png?resize=1200%2C300&amp;ssl=1 1200w, https:\/\/i0.wp.com\/posletrasufac.com\/wp-content\/uploads\/2026\/05\/Headbanner-PPGLI-20-anos.png?w=1600&amp;ssl=1 1600w\" sizes=\"auto, (max-width: 750px) 100vw, 750px\" \/><\/a><\/figure>\n<\/div>\n\n\n<p class=\"wp-block-paragraph\">A Comiss\u00e3o Eleitoral do Processo de Elei\u00e7\u00e3o para a Coordena\u00e7\u00e3o e Vice-Coordena\u00e7\u00e3o do Programa de P\u00f3s-Gradua\u00e7\u00e3o em Letras: Linguagem e Identidade (PPGLI), bi\u00eanio 2026-2028, comunica oficialmente que, em reuni\u00e3o plen\u00e1ria realizada no dia 24 de agosto do corrente ano, o Colegiado do PPGLI da UFAC homologou da \u00fanica chapa inscrita para participar do processo de vota\u00e7\u00e3o, em conformidade com o que estabelece o Artigo 6\u00ba do Edital de Elei\u00e7\u00e3o.<\/p>\n\n\n\n<p class=\"wp-block-paragraph\">Nesse sentido, no dia 27 de agosto, est\u00e3o habilitados a concorrer ao processo de vota\u00e7\u00e3o os seguintes candidatos: Professor Dr. Gerson Rodrigues de Albuquerque \u2013 Coordenador \u2013 e Professor Dr. Amilton Jos\u00e9 Freire de Queiroz \u2013 Vice-Coordenador.<\/p>\n\n\n\n<p class=\"wp-block-paragraph\">A elei\u00e7\u00e3o ocorrer\u00e1 no dia\u00a027 de agosto do corrente ano, no hor\u00e1rio das 8h \u00e0s 12h (hor\u00e1rio de Rio Branco, Acre), de forma\u00a0presencial na Sala de aula do PPGLI (Bloco da P\u00f3s-Gradua\u00e7\u00e3o, T\u00e9rreo).\u00a0Docentes e discentes que residem ou que estejam fora do munic\u00edpio de Rio\u00a0Branco votar\u00e3o de forma remota.<\/p>\n\n\n\n<p class=\"wp-block-paragraph\">Comiss\u00e3o Eleitoral<br>Francisco Bento da Silva (Presidente), Cleniza de Souza Belo Nogueira (Secret\u00e1ria) e Joaquim Damasio Calixto Neto (Membro)<\/p>\n\n\n\n<p class=\"wp-block-paragraph\"><\/p>","protected":false},"excerpt":{"rendered":"<p>A Comiss\u00e3o Eleitoral do Processo de Elei\u00e7\u00e3o para a Coordena\u00e7\u00e3o e Vice-Coordena\u00e7\u00e3o do Programa de P\u00f3s-Gradua\u00e7\u00e3o em Letras: Linguagem e Identidade (PPGLI), bi\u00eanio 2026-2028, comunica oficialmente que, em reuni\u00e3o plen\u00e1ria realizada no dia 24 de agosto do corrente ano, o<\/p>","protected":false},"author":65883018,"featured_media":0,"comment_status":"closed","ping_status":"closed","sticky":false,"template":"","format":"standard","meta":{"_coblocks_attr":"","_coblocks_dimensions":"","_coblocks_responsive_height":"","_coblocks_accordion_ie_support":"","advanced_seo_description":"","jetpack_seo_html_title":"","jetpack_seo_noindex":false,"jetpack_seo_schema_type":"","_jetpack_newsletter_access":"","_jetpack_dont_email_post_to_subs":false,"_jetpack_newsletter_tier_id":0,"_jetpack_memberships_contains_paywalled_content":false,"_wpcom_ai_launchpad_first_post":false,"_jetpack_feature_clip_id":0,"_jetpack_memberships_contains_paid_content":false,"footnotes":"","jetpack_publicize_message":"{title}\n\n{excerpt}\n\n{url}","jetpack_publicize_feature_enabled":true,"jetpack_social_post_already_shared":true,"jetpack_social_options":{"image_generator_settings":{"template":"highway","default_image_id":0,"font":"","enabled":false},"version":2},"_wpas_customize_per_network":false,"jetpack_post_was_ever_published":false},"categories":[233475685],"tags":[],"class_list":["post-18642","post","type-post","status-publish","format-standard","hentry","category-ppgli"],"jetpack_publicize_connections":[],"jetpack_likes_enabled":false,"jetpack_sharing_enabled":true,"jetpack_shortlink":"https:\/\/wp.me\/p4Na16-4QG","amp_enabled":true,"jetpack_featured_media_url":"","_links":{"self":[{"href":"https:\/\/posletrasufac.com\/es\/wp-json\/wp\/v2\/posts\/18642","targetHints":{"allow":["GET"]}}],"collection":[{"href":"https:\/\/posletrasufac.com\/es\/wp-json\/wp\/v2\/posts"}],"about":[{"href":"https:\/\/posletrasufac.com\/es\/wp-json\/wp\/v2\/types\/post"}],"author":[{"embeddable":true,"href":"https:\/\/posletrasufac.com\/es\/wp-json\/wp\/v2\/users\/65883018"}],"replies":[{"embeddable":true,"href":"https:\/\/posletrasufac.com\/es\/wp-json\/wp\/v2\/comments?post=18642"}],"version-history":[{"count":4,"href":"https:\/\/posletrasufac.com\/es\/wp-json\/wp\/v2\/posts\/18642\/revisions"}],"predecessor-version":[{"id":18646,"href":"https:\/\/posletrasufac.com\/es\/wp-json\/wp\/v2\/posts\/18642\/revisions\/18646"}],"wp:attachment":[{"href":"https:\/\/posletrasufac.com\/es\/wp-json\/wp\/v2\/media?parent=18642"}],"wp:term":[{"taxonomy":"category","embeddable":true,"href":"https:\/\/posletrasufac.com\/es\/wp-json\/wp\/v2\/categories?post=18642"},{"taxonomy":"post_tag","embeddable":true,"href":"https:\/\/posletrasufac.com\/es\/wp-json\/wp\/v2\/tags?post=18642"}],"curies":[{"name":"wp","href":"https:\/\/api.w.org\/{rel}","templated":true}]}}