{"id":17551,"date":"2026-01-21T12:38:39","date_gmt":"2026-01-21T17:38:39","guid":{"rendered":"https:\/\/posletrasufac.com\/?p=17551"},"modified":"2026-01-21T12:48:46","modified_gmt":"2026-01-21T17:48:46","slug":"seminario-ppgli-ufac-20-anos","status":"publish","type":"post","link":"https:\/\/posletrasufac.com\/es\/2026\/01\/21\/seminario-ppgli-ufac-20-anos\/","title":{"rendered":"Semin\u00e1rio PPGLI-UFAC 20 Anos"},"content":{"rendered":"<div class=\"wp-block-image\">\n<figure class=\"aligncenter size-large\"><a href=\"https:\/\/i0.wp.com\/posletrasufac.com\/wp-content\/uploads\/2026\/01\/Evento-PPGLI-20-Anos-4.jpg?ssl=1\"><img data-recalc-dims=\"1\" loading=\"lazy\" decoding=\"async\" width=\"750\" height=\"750\" data-attachment-id=\"17557\" data-permalink=\"https:\/\/posletrasufac.com\/es\/2026\/01\/21\/seminario-ppgli-ufac-20-anos\/evento-ppgli-20-anos-4\/\" data-orig-file=\"https:\/\/i0.wp.com\/posletrasufac.com\/wp-content\/uploads\/2026\/01\/Evento-PPGLI-20-Anos-4.jpg?fit=1080%2C1080&amp;ssl=1\" data-orig-size=\"1080,1080\" data-comments-opened=\"0\" data-image-meta=\"{&quot;aperture&quot;:&quot;0&quot;,&quot;credit&quot;:&quot;&quot;,&quot;camera&quot;:&quot;&quot;,&quot;caption&quot;:&quot;&quot;,&quot;created_timestamp&quot;:&quot;0&quot;,&quot;copyright&quot;:&quot;&quot;,&quot;focal_length&quot;:&quot;0&quot;,&quot;iso&quot;:&quot;0&quot;,&quot;shutter_speed&quot;:&quot;0&quot;,&quot;title&quot;:&quot;&quot;,&quot;orientation&quot;:&quot;1&quot;}\" data-image-title=\"Evento PPGLI 20 Anos (4)\" data-image-description=\"\" data-image-caption=\"\" data-large-file=\"https:\/\/i0.wp.com\/posletrasufac.com\/wp-content\/uploads\/2026\/01\/Evento-PPGLI-20-Anos-4.jpg?fit=750%2C750&amp;ssl=1\" src=\"https:\/\/i0.wp.com\/posletrasufac.com\/wp-content\/uploads\/2026\/01\/Evento-PPGLI-20-Anos-4.jpg?resize=750%2C750&#038;ssl=1\" alt=\"Cartaz do evento comemorativo de 20 anos do PPGLI-UFAC, com programa\u00e7\u00e3o de defesa de doutorado, cerim\u00f4nia de abertura, confer\u00eancia e exposi\u00e7\u00e3o de pesquisas.\" class=\"wp-image-17557\" srcset=\"https:\/\/i0.wp.com\/posletrasufac.com\/wp-content\/uploads\/2026\/01\/Evento-PPGLI-20-Anos-4.jpg?resize=1024%2C1024&amp;ssl=1 1024w, https:\/\/i0.wp.com\/posletrasufac.com\/wp-content\/uploads\/2026\/01\/Evento-PPGLI-20-Anos-4.jpg?resize=300%2C300&amp;ssl=1 300w, https:\/\/i0.wp.com\/posletrasufac.com\/wp-content\/uploads\/2026\/01\/Evento-PPGLI-20-Anos-4.jpg?resize=150%2C150&amp;ssl=1 150w, https:\/\/i0.wp.com\/posletrasufac.com\/wp-content\/uploads\/2026\/01\/Evento-PPGLI-20-Anos-4.jpg?resize=768%2C768&amp;ssl=1 768w, https:\/\/i0.wp.com\/posletrasufac.com\/wp-content\/uploads\/2026\/01\/Evento-PPGLI-20-Anos-4.jpg?resize=12%2C12&amp;ssl=1 12w, https:\/\/i0.wp.com\/posletrasufac.com\/wp-content\/uploads\/2026\/01\/Evento-PPGLI-20-Anos-4.jpg?resize=800%2C800&amp;ssl=1 800w, https:\/\/i0.wp.com\/posletrasufac.com\/wp-content\/uploads\/2026\/01\/Evento-PPGLI-20-Anos-4.jpg?resize=600%2C600&amp;ssl=1 600w, https:\/\/i0.wp.com\/posletrasufac.com\/wp-content\/uploads\/2026\/01\/Evento-PPGLI-20-Anos-4.jpg?resize=400%2C400&amp;ssl=1 400w, https:\/\/i0.wp.com\/posletrasufac.com\/wp-content\/uploads\/2026\/01\/Evento-PPGLI-20-Anos-4.jpg?resize=200%2C200&amp;ssl=1 200w, https:\/\/i0.wp.com\/posletrasufac.com\/wp-content\/uploads\/2026\/01\/Evento-PPGLI-20-Anos-4.jpg?resize=270%2C270&amp;ssl=1 270w, https:\/\/i0.wp.com\/posletrasufac.com\/wp-content\/uploads\/2026\/01\/Evento-PPGLI-20-Anos-4.jpg?resize=230%2C230&amp;ssl=1 230w, https:\/\/i0.wp.com\/posletrasufac.com\/wp-content\/uploads\/2026\/01\/Evento-PPGLI-20-Anos-4.jpg?w=1080&amp;ssl=1 1080w\" sizes=\"auto, (max-width: 750px) 100vw, 750px\" \/><\/a><\/figure>\n<\/div>\n\n\n<p class=\"wp-block-paragraph\">Criado em 2005, com a primeira turma de mestrado iniciada em 2006 e ampliado em 2019, com a entrada da primeira turma do doutorado, o Programa de P\u00f3s-Gradua\u00e7\u00e3o em Letras: Linguagem e Identidade (PPGLI) da Universidade Federal do Acre (UFAC) est\u00e1 h\u00e1 duas d\u00e9cadas atuando na forma\u00e7\u00e3o de profissionais da educa\u00e7\u00e3o com significativo impacto na regi\u00e3o.<\/p>\n\n\n\n<p class=\"wp-block-paragraph\">Entre os dias 02 a 04 de fevereiro de 2026, realizaremos um encontro que celebra esse marco de uma trajet\u00f3ria de compromisso com a forma\u00e7\u00e3o qualificada, pesquisa e transforma\u00e7\u00e3o social na Amaz\u00f4nia e na Pan-Amaz\u00f4nia.<\/p>\n\n\n\n<p class=\"wp-block-paragraph\">Participe!<\/p>","protected":false},"excerpt":{"rendered":"<p>Criado em 2005, com a primeira turma de mestrado iniciada em 2006 e ampliado em 2019, com a entrada da primeira turma do doutorado, o Programa de P\u00f3s-Gradua\u00e7\u00e3o em Letras: Linguagem e Identidade (PPGLI) da Universidade Federal do Acre (UFAC)<\/p>","protected":false},"author":65883018,"featured_media":0,"comment_status":"closed","ping_status":"closed","sticky":false,"template":"","format":"standard","meta":{"_coblocks_attr":"","_coblocks_dimensions":"","_coblocks_responsive_height":"","_coblocks_accordion_ie_support":"","_crdt_document":"","advanced_seo_description":"","jetpack_seo_html_title":"","jetpack_seo_noindex":false,"_jetpack_newsletter_access":"","_jetpack_dont_email_post_to_subs":false,"_jetpack_newsletter_tier_id":0,"_jetpack_memberships_contains_paywalled_content":false,"_jetpack_memberships_contains_paid_content":false,"footnotes":"","jetpack_publicize_message":"","jetpack_publicize_feature_enabled":true,"jetpack_social_post_already_shared":true,"jetpack_social_options":{"image_generator_settings":{"template":"highway","default_image_id":0,"font":"","enabled":false},"version":2},"_wpas_customize_per_network":false,"jetpack_post_was_ever_published":false},"categories":[233475685],"tags":[],"class_list":["post-17551","post","type-post","status-publish","format-standard","hentry","category-ppgli"],"jetpack_publicize_connections":[],"jetpack_featured_media_url":"","jetpack_likes_enabled":false,"jetpack_sharing_enabled":true,"jetpack_shortlink":"https:\/\/wp.me\/p4Na16-4z5","amp_enabled":true,"_links":{"self":[{"href":"https:\/\/posletrasufac.com\/es\/wp-json\/wp\/v2\/posts\/17551","targetHints":{"allow":["GET"]}}],"collection":[{"href":"https:\/\/posletrasufac.com\/es\/wp-json\/wp\/v2\/posts"}],"about":[{"href":"https:\/\/posletrasufac.com\/es\/wp-json\/wp\/v2\/types\/post"}],"author":[{"embeddable":true,"href":"https:\/\/posletrasufac.com\/es\/wp-json\/wp\/v2\/users\/65883018"}],"replies":[{"embeddable":true,"href":"https:\/\/posletrasufac.com\/es\/wp-json\/wp\/v2\/comments?post=17551"}],"version-history":[{"count":4,"href":"https:\/\/posletrasufac.com\/es\/wp-json\/wp\/v2\/posts\/17551\/revisions"}],"predecessor-version":[{"id":17558,"href":"https:\/\/posletrasufac.com\/es\/wp-json\/wp\/v2\/posts\/17551\/revisions\/17558"}],"wp:attachment":[{"href":"https:\/\/posletrasufac.com\/es\/wp-json\/wp\/v2\/media?parent=17551"}],"wp:term":[{"taxonomy":"category","embeddable":true,"href":"https:\/\/posletrasufac.com\/es\/wp-json\/wp\/v2\/categories?post=17551"},{"taxonomy":"post_tag","embeddable":true,"href":"https:\/\/posletrasufac.com\/es\/wp-json\/wp\/v2\/tags?post=17551"}],"curies":[{"name":"wp","href":"https:\/\/api.w.org\/{rel}","templated":true}]}}