{"id":16081,"date":"2025-08-04T11:25:43","date_gmt":"2025-08-04T16:25:43","guid":{"rendered":"https:\/\/posletrasufac.com\/?p=16081"},"modified":"2025-08-04T11:54:32","modified_gmt":"2025-08-04T16:54:32","slug":"doutoranda-do-ppgli-participa-do-encontro-global-da-onu-sobre-direitos-indigenas-em-genebra","status":"publish","type":"post","link":"https:\/\/posletrasufac.com\/es\/2025\/08\/04\/doutoranda-do-ppgli-participa-do-encontro-global-da-onu-sobre-direitos-indigenas-em-genebra\/","title":{"rendered":"Estudiante de doctorado del PPGLI participa en la Reuni\u00f3n Mundial de la ONU sobre los derechos ind\u00edgenas en Ginebra"},"content":{"rendered":"<p class=\"wp-block-paragraph\">La investigadora doctoral del PPGLI, Edilene Barbosa \u2013 Pakakuru Bukini Madj\u00e1, particip\u00f3 en la Reuni\u00f3n del Mecanismo de Expertos sobre los Derechos de los Pueblos Ind\u00edgenas (EMRIP) 2025, organizada por las Naciones Unidas (ONU) en Ginebra, Suiza. El evento es uno de los principales foros mundiales dedicados al debate y al fortalecimiento de los derechos de los pueblos ind\u00edgenas en todo el mundo.<\/p>\n\n\n\n<p class=\"wp-block-paragraph\">Edilene particip\u00f3 activamente en el Grupo Tem\u00e1tico 7 \u2013 Pueblos Ind\u00edgenas, un espacio que reuni\u00f3 a expertos, representantes de organizaciones ind\u00edgenas, instituciones acad\u00e9micas y delegaciones estatales para debatir cuestiones urgentes como la autodeterminaci\u00f3n, la protecci\u00f3n de los territorios, la justicia clim\u00e1tica y las pol\u00edticas de reparaci\u00f3n hist\u00f3rica en todo el mundo.<\/p>\n\n\n\n<p class=\"wp-block-paragraph\">Su participaci\u00f3n en el EMRIP fue posible gracias a la invitaci\u00f3n de la Red de Cooperaci\u00f3n Amaz\u00f3nica (RCA) y del Instituto de Investigaci\u00f3n y Formaci\u00f3n Ind\u00edgena (IEP\u00c9), socios que trabajan para fortalecer las voces ind\u00edgenas en los espacios nacionales e internacionales de formulaci\u00f3n de pol\u00edticas p\u00fablicas.<\/p>\n\n\n\n<p class=\"wp-block-paragraph\">Durante el encuentro, Edilene comparti\u00f3 reflexiones basadas en su experiencia como investigadora ind\u00edgena y en la realidad de los pueblos de Acre, aportando perspectivas sobre los retos a los que se enfrentan en el \u00e1mbito de los derechos de los pueblos, en especial los derechos de las mujeres ind\u00edgenas, as\u00ed como la preservaci\u00f3n de las lenguas originarias y la valorizaci\u00f3n de los conocimientos culturales.<\/p>\n\n\n\n<p class=\"wp-block-paragraph\">\"Para m\u00ed fue una experiencia incre\u00edble porque pude ver c\u00f3mo est\u00e1 la cuesti\u00f3n de los derechos de los pueblos ind\u00edgenas en otros pa\u00edses: Bolivia, Per\u00fa, Panam\u00e1, Estados Unidos, Italia. Tuve el honor de haber sido invitada por el Instituto Iep\u00e9. Me invitaron porque, como estoy haciendo el doctorado, trabajo con el tema de la violaci\u00f3n de los derechos, sobre todo de los pueblos ind\u00edgenas, principalmente de las mujeres\", destac\u00f3 Edilene.<\/p>\n\n\n\n<p class=\"wp-block-paragraph\">Adem\u00e1s de su actuaci\u00f3n en el evento, la participaci\u00f3n de la investigadora tambi\u00e9n simboliza el avance de la presencia ind\u00edgena en el \u00e1mbito acad\u00e9mico. Como doctoranda del PPGLI, su investigaci\u00f3n contribuye al reconocimiento de las epistemolog\u00edas ind\u00edgenas y al fortalecimiento de la diversidad ling\u00fc\u00edstica y cultural en los estudios literarios y educativos.<\/p>\n\n\n\n<p class=\"wp-block-paragraph\">El EMRIP est\u00e1 vinculado al Consejo de Derechos Humanos de la ONU y tiene como objetivo ofrecer recomendaciones pr\u00e1cticas a los Estados y organismos internacionales sobre la implementaci\u00f3n de la <em>Declaraci\u00f3n de las Naciones Unidas sobre los Derechos de los Pueblos Ind\u00edgenas<\/em>.<\/p>\n\n\n\n<div class=\"wp-block-columns is-layout-flex wp-container-core-columns-is-layout-8f761849 wp-block-columns-is-layout-flex\">\n<div class=\"wp-block-column is-layout-flow wp-block-column-is-layout-flow\" style=\"flex-basis:100%\">\n<div class=\"wp-block-coblocks-gallery-stacked alignwide\"><ul class=\"alignwide coblocks-gallery has-fullwidth-images\"><li class=\"coblocks-gallery--item\"><figure class=\"coblocks-gallery--figure\"><img data-recalc-dims=\"1\" loading=\"lazy\" decoding=\"async\" width=\"750\" height=\"563\" data-attachment-id=\"16097\" data-permalink=\"https:\/\/posletrasufac.com\/es\/2025\/08\/04\/doutoranda-do-ppgli-participa-do-encontro-global-da-onu-sobre-direitos-indigenas-em-genebra\/edilene-6\/\" data-orig-file=\"https:\/\/i0.wp.com\/posletrasufac.com\/wp-content\/uploads\/2025\/07\/edilene-2.jpg?fit=1600%2C1200&amp;ssl=1\" data-orig-size=\"1600,1200\" data-comments-opened=\"0\" data-image-meta=\"{&quot;aperture&quot;:&quot;0&quot;,&quot;credit&quot;:&quot;&quot;,&quot;camera&quot;:&quot;&quot;,&quot;caption&quot;:&quot;&quot;,&quot;created_timestamp&quot;:&quot;0&quot;,&quot;copyright&quot;:&quot;&quot;,&quot;focal_length&quot;:&quot;0&quot;,&quot;iso&quot;:&quot;0&quot;,&quot;shutter_speed&quot;:&quot;0&quot;,&quot;title&quot;:&quot;&quot;,&quot;orientation&quot;:&quot;0&quot;}\" data-image-title=\"edilene\" data-image-description=\"\" data-image-caption=\"\" data-large-file=\"https:\/\/i0.wp.com\/posletrasufac.com\/wp-content\/uploads\/2025\/07\/edilene-2.jpg?fit=750%2C563&amp;ssl=1\" alt=\"\" class=\"wp-image-16097 has-shadow-none\" data-id=\"16097\" data-imglink=\"\" data-link=\"https:\/\/posletrasufac.com\/?attachment_id=16097\" src=\"https:\/\/i0.wp.com\/posletrasufac.com\/wp-content\/uploads\/2025\/07\/edilene-2.jpg?resize=750%2C563&#038;ssl=1\" srcset=\"https:\/\/i0.wp.com\/posletrasufac.com\/wp-content\/uploads\/2025\/07\/edilene-2.jpg?resize=1024%2C768&amp;ssl=1 1024w, https:\/\/i0.wp.com\/posletrasufac.com\/wp-content\/uploads\/2025\/07\/edilene-2.jpg?resize=300%2C225&amp;ssl=1 300w, https:\/\/i0.wp.com\/posletrasufac.com\/wp-content\/uploads\/2025\/07\/edilene-2.jpg?resize=768%2C576&amp;ssl=1 768w, https:\/\/i0.wp.com\/posletrasufac.com\/wp-content\/uploads\/2025\/07\/edilene-2.jpg?resize=1536%2C1152&amp;ssl=1 1536w, https:\/\/i0.wp.com\/posletrasufac.com\/wp-content\/uploads\/2025\/07\/edilene-2.jpg?resize=16%2C12&amp;ssl=1 16w, https:\/\/i0.wp.com\/posletrasufac.com\/wp-content\/uploads\/2025\/07\/edilene-2.jpg?resize=1200%2C900&amp;ssl=1 1200w, https:\/\/i0.wp.com\/posletrasufac.com\/wp-content\/uploads\/2025\/07\/edilene-2.jpg?resize=800%2C600&amp;ssl=1 800w, https:\/\/i0.wp.com\/posletrasufac.com\/wp-content\/uploads\/2025\/07\/edilene-2.jpg?resize=600%2C450&amp;ssl=1 600w, https:\/\/i0.wp.com\/posletrasufac.com\/wp-content\/uploads\/2025\/07\/edilene-2.jpg?resize=400%2C300&amp;ssl=1 400w, https:\/\/i0.wp.com\/posletrasufac.com\/wp-content\/uploads\/2025\/07\/edilene-2.jpg?resize=200%2C150&amp;ssl=1 200w, https:\/\/i0.wp.com\/posletrasufac.com\/wp-content\/uploads\/2025\/07\/edilene-2.jpg?w=1600&amp;ssl=1 1600w\" sizes=\"auto, (max-width: 750px) 100vw, 750px\" \/><\/figure><\/li><li class=\"coblocks-gallery--item\"><figure class=\"coblocks-gallery--figure\"><img data-recalc-dims=\"1\" loading=\"lazy\" decoding=\"async\" width=\"750\" height=\"1000\" data-attachment-id=\"16098\" data-permalink=\"https:\/\/posletrasufac.com\/es\/2025\/08\/04\/doutoranda-do-ppgli-participa-do-encontro-global-da-onu-sobre-direitos-indigenas-em-genebra\/edilene2-3\/\" data-orig-file=\"https:\/\/i0.wp.com\/posletrasufac.com\/wp-content\/uploads\/2025\/07\/edilene2-2.jpg?fit=1200%2C1600&amp;ssl=1\" data-orig-size=\"1200,1600\" data-comments-opened=\"0\" data-image-meta=\"{&quot;aperture&quot;:&quot;0&quot;,&quot;credit&quot;:&quot;&quot;,&quot;camera&quot;:&quot;&quot;,&quot;caption&quot;:&quot;&quot;,&quot;created_timestamp&quot;:&quot;0&quot;,&quot;copyright&quot;:&quot;&quot;,&quot;focal_length&quot;:&quot;0&quot;,&quot;iso&quot;:&quot;0&quot;,&quot;shutter_speed&quot;:&quot;0&quot;,&quot;title&quot;:&quot;&quot;,&quot;orientation&quot;:&quot;0&quot;}\" data-image-title=\"edilene2\" data-image-description=\"\" data-image-caption=\"\" data-large-file=\"https:\/\/i0.wp.com\/posletrasufac.com\/wp-content\/uploads\/2025\/07\/edilene2-2.jpg?fit=750%2C1000&amp;ssl=1\" alt=\"\" class=\"wp-image-16098 has-shadow-none\" data-id=\"16098\" data-imglink=\"\" data-link=\"https:\/\/posletrasufac.com\/?attachment_id=16098\" src=\"https:\/\/i0.wp.com\/posletrasufac.com\/wp-content\/uploads\/2025\/07\/edilene2-2.jpg?resize=750%2C1000&#038;ssl=1\" srcset=\"https:\/\/i0.wp.com\/posletrasufac.com\/wp-content\/uploads\/2025\/07\/edilene2-2.jpg?resize=768%2C1024&amp;ssl=1 768w, https:\/\/i0.wp.com\/posletrasufac.com\/wp-content\/uploads\/2025\/07\/edilene2-2.jpg?resize=225%2C300&amp;ssl=1 225w, https:\/\/i0.wp.com\/posletrasufac.com\/wp-content\/uploads\/2025\/07\/edilene2-2.jpg?resize=1152%2C1536&amp;ssl=1 1152w, https:\/\/i0.wp.com\/posletrasufac.com\/wp-content\/uploads\/2025\/07\/edilene2-2.jpg?resize=9%2C12&amp;ssl=1 9w, https:\/\/i0.wp.com\/posletrasufac.com\/wp-content\/uploads\/2025\/07\/edilene2-2.jpg?resize=900%2C1200&amp;ssl=1 900w, https:\/\/i0.wp.com\/posletrasufac.com\/wp-content\/uploads\/2025\/07\/edilene2-2.jpg?resize=600%2C800&amp;ssl=1 600w, https:\/\/i0.wp.com\/posletrasufac.com\/wp-content\/uploads\/2025\/07\/edilene2-2.jpg?resize=450%2C600&amp;ssl=1 450w, https:\/\/i0.wp.com\/posletrasufac.com\/wp-content\/uploads\/2025\/07\/edilene2-2.jpg?resize=300%2C400&amp;ssl=1 300w, https:\/\/i0.wp.com\/posletrasufac.com\/wp-content\/uploads\/2025\/07\/edilene2-2.jpg?resize=150%2C200&amp;ssl=1 150w, https:\/\/i0.wp.com\/posletrasufac.com\/wp-content\/uploads\/2025\/07\/edilene2-2.jpg?w=1200&amp;ssl=1 1200w\" sizes=\"auto, (max-width: 750px) 100vw, 750px\" \/><\/figure><\/li><li class=\"coblocks-gallery--item\"><figure class=\"coblocks-gallery--figure\"><img data-recalc-dims=\"1\" loading=\"lazy\" decoding=\"async\" width=\"750\" height=\"422\" data-attachment-id=\"16099\" data-permalink=\"https:\/\/posletrasufac.com\/es\/2025\/08\/04\/doutoranda-do-ppgli-participa-do-encontro-global-da-onu-sobre-direitos-indigenas-em-genebra\/edilene-3-4\/\" data-orig-file=\"https:\/\/i0.wp.com\/posletrasufac.com\/wp-content\/uploads\/2025\/07\/Edilene-3-3.jpg?fit=1300%2C731&amp;ssl=1\" data-orig-size=\"1300,731\" data-comments-opened=\"0\" data-image-meta=\"{&quot;aperture&quot;:&quot;0&quot;,&quot;credit&quot;:&quot;&quot;,&quot;camera&quot;:&quot;&quot;,&quot;caption&quot;:&quot;&quot;,&quot;created_timestamp&quot;:&quot;0&quot;,&quot;copyright&quot;:&quot;&quot;,&quot;focal_length&quot;:&quot;0&quot;,&quot;iso&quot;:&quot;0&quot;,&quot;shutter_speed&quot;:&quot;0&quot;,&quot;title&quot;:&quot;&quot;,&quot;orientation&quot;:&quot;0&quot;}\" data-image-title=\"Edilene 3\" data-image-description=\"\" data-image-caption=\"\" data-large-file=\"https:\/\/i0.wp.com\/posletrasufac.com\/wp-content\/uploads\/2025\/07\/Edilene-3-3.jpg?fit=750%2C422&amp;ssl=1\" alt=\"\" class=\"wp-image-16099 has-shadow-none\" data-id=\"16099\" data-imglink=\"\" data-link=\"https:\/\/posletrasufac.com\/?attachment_id=16099\" src=\"https:\/\/i0.wp.com\/posletrasufac.com\/wp-content\/uploads\/2025\/07\/Edilene-3-3.jpg?resize=750%2C422&#038;ssl=1\" srcset=\"https:\/\/i0.wp.com\/posletrasufac.com\/wp-content\/uploads\/2025\/07\/Edilene-3-3.jpg?resize=1024%2C576&amp;ssl=1 1024w, https:\/\/i0.wp.com\/posletrasufac.com\/wp-content\/uploads\/2025\/07\/Edilene-3-3.jpg?resize=300%2C169&amp;ssl=1 300w, https:\/\/i0.wp.com\/posletrasufac.com\/wp-content\/uploads\/2025\/07\/Edilene-3-3.jpg?resize=768%2C432&amp;ssl=1 768w, https:\/\/i0.wp.com\/posletrasufac.com\/wp-content\/uploads\/2025\/07\/Edilene-3-3.jpg?resize=18%2C10&amp;ssl=1 18w, https:\/\/i0.wp.com\/posletrasufac.com\/wp-content\/uploads\/2025\/07\/Edilene-3-3.jpg?resize=1200%2C675&amp;ssl=1 1200w, https:\/\/i0.wp.com\/posletrasufac.com\/wp-content\/uploads\/2025\/07\/Edilene-3-3.jpg?w=1300&amp;ssl=1 1300w\" sizes=\"auto, (max-width: 750px) 100vw, 750px\" \/><\/figure><\/li><li class=\"coblocks-gallery--item\"><figure class=\"coblocks-gallery--figure\"><img data-recalc-dims=\"1\" loading=\"lazy\" decoding=\"async\" width=\"750\" height=\"1000\" data-attachment-id=\"16100\" data-permalink=\"https:\/\/posletrasufac.com\/es\/2025\/08\/04\/doutoranda-do-ppgli-participa-do-encontro-global-da-onu-sobre-direitos-indigenas-em-genebra\/whatsapp-image-2025-07-31-at-10-37-41-3\/\" data-orig-file=\"https:\/\/i0.wp.com\/posletrasufac.com\/wp-content\/uploads\/2025\/07\/WhatsApp-Image-2025-07-31-at-10.37.41-2.jpeg?fit=3024%2C4032&amp;ssl=1\" data-orig-size=\"3024,4032\" data-comments-opened=\"0\" data-image-meta=\"{&quot;aperture&quot;:&quot;0&quot;,&quot;credit&quot;:&quot;&quot;,&quot;camera&quot;:&quot;&quot;,&quot;caption&quot;:&quot;&quot;,&quot;created_timestamp&quot;:&quot;0&quot;,&quot;copyright&quot;:&quot;&quot;,&quot;focal_length&quot;:&quot;0&quot;,&quot;iso&quot;:&quot;0&quot;,&quot;shutter_speed&quot;:&quot;0&quot;,&quot;title&quot;:&quot;&quot;,&quot;orientation&quot;:&quot;0&quot;}\" data-image-title=\"WhatsApp Image 2025-07-31 at 10.37.41\" data-image-description=\"\" data-image-caption=\"\" data-large-file=\"https:\/\/i0.wp.com\/posletrasufac.com\/wp-content\/uploads\/2025\/07\/WhatsApp-Image-2025-07-31-at-10.37.41-2.jpeg?fit=750%2C1000&amp;ssl=1\" alt=\"\" class=\"wp-image-16100 has-shadow-none\" data-id=\"16100\" data-imglink=\"\" data-link=\"https:\/\/posletrasufac.com\/?attachment_id=16100\" src=\"https:\/\/i0.wp.com\/posletrasufac.com\/wp-content\/uploads\/2025\/07\/WhatsApp-Image-2025-07-31-at-10.37.41-2.jpeg?resize=750%2C1000&#038;ssl=1\" srcset=\"https:\/\/i0.wp.com\/posletrasufac.com\/wp-content\/uploads\/2025\/07\/WhatsApp-Image-2025-07-31-at-10.37.41-2.jpeg?resize=768%2C1024&amp;ssl=1 768w, https:\/\/i0.wp.com\/posletrasufac.com\/wp-content\/uploads\/2025\/07\/WhatsApp-Image-2025-07-31-at-10.37.41-2.jpeg?resize=225%2C300&amp;ssl=1 225w, https:\/\/i0.wp.com\/posletrasufac.com\/wp-content\/uploads\/2025\/07\/WhatsApp-Image-2025-07-31-at-10.37.41-2.jpeg?resize=1152%2C1536&amp;ssl=1 1152w, https:\/\/i0.wp.com\/posletrasufac.com\/wp-content\/uploads\/2025\/07\/WhatsApp-Image-2025-07-31-at-10.37.41-2.jpeg?resize=1536%2C2048&amp;ssl=1 1536w, https:\/\/i0.wp.com\/posletrasufac.com\/wp-content\/uploads\/2025\/07\/WhatsApp-Image-2025-07-31-at-10.37.41-2.jpeg?resize=9%2C12&amp;ssl=1 9w, https:\/\/i0.wp.com\/posletrasufac.com\/wp-content\/uploads\/2025\/07\/WhatsApp-Image-2025-07-31-at-10.37.41-2.jpeg?resize=900%2C1200&amp;ssl=1 900w, https:\/\/i0.wp.com\/posletrasufac.com\/wp-content\/uploads\/2025\/07\/WhatsApp-Image-2025-07-31-at-10.37.41-2.jpeg?resize=600%2C800&amp;ssl=1 600w, https:\/\/i0.wp.com\/posletrasufac.com\/wp-content\/uploads\/2025\/07\/WhatsApp-Image-2025-07-31-at-10.37.41-2.jpeg?resize=450%2C600&amp;ssl=1 450w, https:\/\/i0.wp.com\/posletrasufac.com\/wp-content\/uploads\/2025\/07\/WhatsApp-Image-2025-07-31-at-10.37.41-2.jpeg?resize=300%2C400&amp;ssl=1 300w, https:\/\/i0.wp.com\/posletrasufac.com\/wp-content\/uploads\/2025\/07\/WhatsApp-Image-2025-07-31-at-10.37.41-2.jpeg?resize=150%2C200&amp;ssl=1 150w, https:\/\/i0.wp.com\/posletrasufac.com\/wp-content\/uploads\/2025\/07\/WhatsApp-Image-2025-07-31-at-10.37.41-2.jpeg?resize=1200%2C1600&amp;ssl=1 1200w, https:\/\/i0.wp.com\/posletrasufac.com\/wp-content\/uploads\/2025\/07\/WhatsApp-Image-2025-07-31-at-10.37.41-2.jpeg?w=2250&amp;ssl=1 2250w\" sizes=\"auto, (max-width: 750px) 100vw, 750px\" \/><\/figure><\/li><\/ul><\/div>\n<\/div>\n<\/div>","protected":false},"excerpt":{"rendered":"<p>A pesquisadora doutoranda do PPGLI, Edilene Barbosa &#8211; Pakakuru Bukini Madj\u00e1, participou do Encontro do Mecanismo de Peritos sobre os Direitos dos Povos Ind\u00edgenas (EMRIP) 2025, realizado pela Organiza\u00e7\u00e3o das Na\u00e7\u00f5es Unidas (ONU), em Genebra, Su\u00ed\u00e7a. O evento \u00e9 um<\/p>","protected":false},"author":65883018,"featured_media":16097,"comment_status":"closed","ping_status":"closed","sticky":false,"template":"","format":"standard","meta":{"_coblocks_attr":"","_coblocks_dimensions":"","_coblocks_responsive_height":"","_coblocks_accordion_ie_support":"","_crdt_document":"","advanced_seo_description":"Edilene Barbosa representa os povos ind\u00edgenas no EMRIP 2025 da ONU, destacando a luta por direitos e a valoriza\u00e7\u00e3o cultural em Genebra.","jetpack_seo_html_title":"Edilene Barbosa no EMRIP 2025: Vozes Ind\u00edgenas em Destaque","jetpack_seo_noindex":false,"_jetpack_newsletter_access":"","_jetpack_dont_email_post_to_subs":false,"_jetpack_newsletter_tier_id":0,"_jetpack_memberships_contains_paywalled_content":false,"_jetpack_memberships_contains_paid_content":false,"footnotes":"","jetpack_publicize_message":"","jetpack_publicize_feature_enabled":true,"jetpack_social_post_already_shared":true,"jetpack_social_options":{"image_generator_settings":{"template":"highway","default_image_id":0,"enabled":false},"version":2},"_wpas_customize_per_network":false,"jetpack_post_was_ever_published":false},"categories":[233475685],"tags":[],"class_list":["post-16081","post","type-post","status-publish","format-standard","has-post-thumbnail","hentry","category-ppgli"],"jetpack_publicize_connections":[],"jetpack_featured_media_url":"https:\/\/i0.wp.com\/posletrasufac.com\/wp-content\/uploads\/2025\/07\/edilene-2.jpg?fit=1600%2C1200&ssl=1","jetpack_likes_enabled":false,"jetpack_sharing_enabled":true,"jetpack_shortlink":"https:\/\/wp.me\/p4Na16-4bn","amp_enabled":true,"_links":{"self":[{"href":"https:\/\/posletrasufac.com\/es\/wp-json\/wp\/v2\/posts\/16081","targetHints":{"allow":["GET"]}}],"collection":[{"href":"https:\/\/posletrasufac.com\/es\/wp-json\/wp\/v2\/posts"}],"about":[{"href":"https:\/\/posletrasufac.com\/es\/wp-json\/wp\/v2\/types\/post"}],"author":[{"embeddable":true,"href":"https:\/\/posletrasufac.com\/es\/wp-json\/wp\/v2\/users\/65883018"}],"replies":[{"embeddable":true,"href":"https:\/\/posletrasufac.com\/es\/wp-json\/wp\/v2\/comments?post=16081"}],"version-history":[{"count":11,"href":"https:\/\/posletrasufac.com\/es\/wp-json\/wp\/v2\/posts\/16081\/revisions"}],"predecessor-version":[{"id":16113,"href":"https:\/\/posletrasufac.com\/es\/wp-json\/wp\/v2\/posts\/16081\/revisions\/16113"}],"wp:featuredmedia":[{"embeddable":true,"href":"https:\/\/posletrasufac.com\/es\/wp-json\/wp\/v2\/media\/16097"}],"wp:attachment":[{"href":"https:\/\/posletrasufac.com\/es\/wp-json\/wp\/v2\/media?parent=16081"}],"wp:term":[{"taxonomy":"category","embeddable":true,"href":"https:\/\/posletrasufac.com\/es\/wp-json\/wp\/v2\/categories?post=16081"},{"taxonomy":"post_tag","embeddable":true,"href":"https:\/\/posletrasufac.com\/es\/wp-json\/wp\/v2\/tags?post=16081"}],"curies":[{"name":"wp","href":"https:\/\/api.w.org\/{rel}","templated":true}]}}