{"id":1523,"date":"2016-04-11T18:09:38","date_gmt":"2016-04-11T23:09:38","guid":{"rendered":"http:\/\/posletrasufac.com\/?p=1523"},"modified":"2016-04-11T21:06:16","modified_gmt":"2016-04-12T02:06:16","slug":"programa-de-pos-graduacao-em-letras-linguagem-e-identidade-inicia-semestre-letivo","status":"publish","type":"post","link":"https:\/\/posletrasufac.com\/es\/2016\/04\/11\/programa-de-pos-graduacao-em-letras-linguagem-e-identidade-inicia-semestre-letivo\/","title":{"rendered":"Programa de P\u00f3s-gradua\u00e7\u00e3o em Letras: Linguagem e Identidade inicia semestre letivo"},"content":{"rendered":"<p class=\"jetpack-slideshow-noscript robots-nocontent\">El pase de diapositivas requiere JavaScript.<\/p><div id=\"gallery-1523-1-slideshow\" class=\"jetpack-slideshow-window jetpack-slideshow jetpack-slideshow-black\" data-trans=\"fade\" data-autostart=\"1\" data-gallery=\"[{&quot;src&quot;:&quot;https:\\\/\\\/i0.wp.com\\\/posletrasufac.com\\\/wp-content\\\/uploads\\\/2016\\\/04\\\/11-04-16-003.jpg?fit=1600%2C1064\\u0026ssl=1&quot;,&quot;id&quot;:&quot;1522&quot;,&quot;title&quot;:&quot;11.04.16 003&quot;,&quot;alt&quot;:&quot;&quot;,&quot;caption&quot;:&quot;&quot;,&quot;itemprop&quot;:&quot;image&quot;},{&quot;src&quot;:&quot;https:\\\/\\\/i0.wp.com\\\/posletrasufac.com\\\/wp-content\\\/uploads\\\/2016\\\/04\\\/11-04-16-001.jpg?fit=1600%2C1064\\u0026ssl=1&quot;,&quot;id&quot;:&quot;1521&quot;,&quot;title&quot;:&quot;11.04.16 001&quot;,&quot;alt&quot;:&quot;&quot;,&quot;caption&quot;:&quot;&quot;,&quot;itemprop&quot;:&quot;image&quot;}]\" itemscope itemtype=\"https:\/\/schema.org\/ImageGallery\"><\/div>\n<p>Na tarde de hoje, 11, uma nova turma no Curso de Mestrado em Letras da Ufac iniciou suas atividades letivas com a <strong>Disciplina Discurso, Sujeitos e Identidades<\/strong>, ministrada pelo Prof. Dr. Gerson Albuquerque e Profa. Dra. Maria de Jesus Morais.<\/p>\n<p>A nova turma conta com 31 alunos egressos de distintos cursos de gradua\u00e7\u00e3o, como Letras, Comunica\u00e7\u00e3o Social, Hist\u00f3ria, Artes C\u00eanicas, Ci\u00eancias Sociais, Direito, dentre outros.<\/p>\n<p>Para a atual mestranda\u00a0Izis Melo da Silva, formada em Letras\/Portugu\u00eas-Espanhol pela Ufac, o Mestrado em Letras: Linguagem e Identidade possui a proposta curricular que se ad\u00e9qua ao seu projeto de pesquisa que aborda as\u00a0personagens femininas na obra Mad Maria de M\u00e1rcio Souza. Como militante feminista e dos Direitos Humanos, Izis considera, ap\u00f3s a aula com o Prof. Gerson Albuquerque, que fez a escolha certa. &#8220;O mestrado em letras da Ufac \u00e9 a minha cara&#8221;, finaliza.<\/p>\n<figure id=\"attachment_1540\" aria-describedby=\"caption-attachment-1540\" style=\"width: 1600px\" class=\"wp-caption alignnone\"><img data-recalc-dims=\"1\" loading=\"lazy\" decoding=\"async\" data-attachment-id=\"1540\" data-permalink=\"https:\/\/posletrasufac.com\/es\/2016\/04\/11\/programa-de-pos-graduacao-em-letras-linguagem-e-identidade-inicia-semestre-letivo\/11-04-16-ok-001\/\" data-orig-file=\"https:\/\/i0.wp.com\/posletrasufac.com\/wp-content\/uploads\/2016\/04\/11-04-16-ok-001.jpg?fit=1600%2C1064&amp;ssl=1\" data-orig-size=\"1600,1064\" data-comments-opened=\"0\" data-image-meta=\"{&quot;aperture&quot;:&quot;2&quot;,&quot;credit&quot;:&quot;&quot;,&quot;camera&quot;:&quot;Canon PowerShot G15&quot;,&quot;caption&quot;:&quot;&quot;,&quot;created_timestamp&quot;:&quot;1460404055&quot;,&quot;copyright&quot;:&quot;&quot;,&quot;focal_length&quot;:&quot;7.02&quot;,&quot;iso&quot;:&quot;640&quot;,&quot;shutter_speed&quot;:&quot;0.033333333333333&quot;,&quot;title&quot;:&quot;&quot;,&quot;orientation&quot;:&quot;1&quot;}\" data-image-title=\"11.04.16 ok 001\" data-image-description=\"\" data-image-caption=\"\" data-large-file=\"https:\/\/i0.wp.com\/posletrasufac.com\/wp-content\/uploads\/2016\/04\/11-04-16-ok-001.jpg?fit=750%2C499&amp;ssl=1\" class=\"alignnone size-full wp-image-1540\" src=\"https:\/\/i0.wp.com\/posletrasufac.com\/wp-content\/uploads\/2016\/04\/11-04-16-ok-001.jpg?resize=750%2C499&#038;ssl=1\" alt=\"11.04.16 ok 001.JPG\" width=\"750\" height=\"499\" \/><figcaption id=\"caption-attachment-1540\" class=\"wp-caption-text\">Izis Melo da Silva, Mestranda em Letras: Linguagem e Identidade (Ufac)<\/figcaption><\/figure>\n<p>&nbsp;<\/p>","protected":false},"excerpt":{"rendered":"<p>Na tarde de hoje, 11, uma nova turma no Curso de Mestrado em Letras da Ufac iniciou suas atividades letivas com a Disciplina Discurso, Sujeitos e Identidades, ministrada pelo Prof. Dr. Gerson Albuquerque e Profa. Dra. Maria de Jesus Morais.<\/p>","protected":false},"author":65883018,"featured_media":0,"comment_status":"closed","ping_status":"closed","sticky":false,"template":"","format":"standard","meta":{"_coblocks_attr":"","_coblocks_dimensions":"","_coblocks_responsive_height":"","_coblocks_accordion_ie_support":"","_crdt_document":"","advanced_seo_description":"","jetpack_seo_html_title":"","jetpack_seo_noindex":false,"_jetpack_newsletter_access":"","_jetpack_dont_email_post_to_subs":false,"_jetpack_newsletter_tier_id":0,"_jetpack_memberships_contains_paywalled_content":false,"_jetpack_memberships_contains_paid_content":false,"footnotes":"","jetpack_publicize_message":"","jetpack_publicize_feature_enabled":true,"jetpack_social_post_already_shared":false,"jetpack_social_options":{"image_generator_settings":{"template":"highway","default_image_id":0,"font":"","enabled":false},"version":2},"_wpas_customize_per_network":false,"jetpack_post_was_ever_published":false},"categories":[233475685],"tags":[],"class_list":["post-1523","post","type-post","status-publish","format-standard","hentry","category-ppgli"],"jetpack_publicize_connections":[],"jetpack_featured_media_url":"","jetpack_likes_enabled":false,"jetpack_sharing_enabled":true,"jetpack_shortlink":"https:\/\/wp.me\/p4Na16-oz","amp_enabled":true,"_links":{"self":[{"href":"https:\/\/posletrasufac.com\/es\/wp-json\/wp\/v2\/posts\/1523","targetHints":{"allow":["GET"]}}],"collection":[{"href":"https:\/\/posletrasufac.com\/es\/wp-json\/wp\/v2\/posts"}],"about":[{"href":"https:\/\/posletrasufac.com\/es\/wp-json\/wp\/v2\/types\/post"}],"author":[{"embeddable":true,"href":"https:\/\/posletrasufac.com\/es\/wp-json\/wp\/v2\/users\/65883018"}],"replies":[{"embeddable":true,"href":"https:\/\/posletrasufac.com\/es\/wp-json\/wp\/v2\/comments?post=1523"}],"version-history":[{"count":25,"href":"https:\/\/posletrasufac.com\/es\/wp-json\/wp\/v2\/posts\/1523\/revisions"}],"predecessor-version":[{"id":1552,"href":"https:\/\/posletrasufac.com\/es\/wp-json\/wp\/v2\/posts\/1523\/revisions\/1552"}],"wp:attachment":[{"href":"https:\/\/posletrasufac.com\/es\/wp-json\/wp\/v2\/media?parent=1523"}],"wp:term":[{"taxonomy":"category","embeddable":true,"href":"https:\/\/posletrasufac.com\/es\/wp-json\/wp\/v2\/categories?post=1523"},{"taxonomy":"post_tag","embeddable":true,"href":"https:\/\/posletrasufac.com\/es\/wp-json\/wp\/v2\/tags?post=1523"}],"curies":[{"name":"wp","href":"https:\/\/api.w.org\/{rel}","templated":true}]}}