{"id":1336,"date":"2016-02-26T19:39:57","date_gmt":"2016-02-27T00:39:57","guid":{"rendered":"http:\/\/posletrasufac.com\/?p=1336"},"modified":"2016-02-26T19:40:54","modified_gmt":"2016-02-27T00:40:54","slug":"orador-do-mestre-irineu-serra-e-tema-de-dissertacao-defendida-no-ppgli","status":"publish","type":"post","link":"https:\/\/posletrasufac.com\/es\/2016\/02\/26\/orador-do-mestre-irineu-serra-e-tema-de-dissertacao-defendida-no-ppgli\/","title":{"rendered":"Luiz Mendes, orador do Mestre Irineu Serra, \u00e9 tema de disserta\u00e7\u00e3o defendida no PPGLI"},"content":{"rendered":"<div class=\"tiled-gallery type-rectangular tiled-gallery-unresized\" data-original-width=\"750\" data-carousel-extra='{&quot;blog_id&quot;:1,&quot;permalink&quot;:&quot;https:\\\/\\\/posletrasufac.com\\\/es\\\/2016\\\/02\\\/26\\\/orador-do-mestre-irineu-serra-e-tema-de-dissertacao-defendida-no-ppgli\\\/&quot;,&quot;likes_blog_id&quot;:70821924}' itemscope itemtype=\"http:\/\/schema.org\/ImageGallery\" > <div class=\"gallery-row\" style=\"width: 750px; height: 220px;\" data-original-width=\"750\" data-original-height=\"220\" > <div class=\"gallery-group images-1\" style=\"width: 292px; height: 220px;\" data-original-width=\"292\" data-original-height=\"220\" > <div class=\"tiled-gallery-item tiled-gallery-item-large\" itemprop=\"associatedMedia\" itemscope itemtype=\"http:\/\/schema.org\/ImageObject\"> <a href=\"https:\/\/posletrasufac.com\/es\/2016\/02\/26\/orador-do-mestre-irineu-serra-e-tema-de-dissertacao-defendida-no-ppgli\/img_5495\/\" border=\"0\" itemprop=\"url\"> <meta itemprop=\"width\" content=\"288\"> <meta itemprop=\"height\" content=\"216\"> <img decoding=\"async\" class=\"\" data-attachment-id=\"1337\" data-orig-file=\"https:\/\/posletrasufac.com\/wp-content\/uploads\/2016\/02\/img_5495.jpg\" data-orig-size=\"4608,3456\" data-comments-opened=\"\" data-image-meta=\"{&quot;aperture&quot;:&quot;4&quot;,&quot;credit&quot;:&quot;&quot;,&quot;camera&quot;:&quot;Canon PowerShot SX170 IS&quot;,&quot;caption&quot;:&quot;&quot;,&quot;created_timestamp&quot;:&quot;1456499971&quot;,&quot;copyright&quot;:&quot;&quot;,&quot;focal_length&quot;:&quot;6.309&quot;,&quot;iso&quot;:&quot;320&quot;,&quot;shutter_speed&quot;:&quot;0.008&quot;,&quot;title&quot;:&quot;&quot;,&quot;orientation&quot;:&quot;1&quot;}\" data-image-title=\"IMG_5495\" data-image-description=\"\" data-medium-file=\"https:\/\/i0.wp.com\/posletrasufac.com\/wp-content\/uploads\/2016\/02\/img_5495.jpg?fit=300%2C225&#038;ssl=1\" data-large-file=\"https:\/\/i0.wp.com\/posletrasufac.com\/wp-content\/uploads\/2016\/02\/img_5495.jpg?fit=750%2C563&#038;ssl=1\" src=\"https:\/\/i0.wp.com\/posletrasufac.com\/wp-content\/uploads\/2016\/02\/img_5495.jpg?w=288&#038;h=216&#038;ssl=1\" width=\"288\" height=\"216\" loading=\"lazy\" data-original-width=\"288\" data-original-height=\"216\" itemprop=\"http:\/\/schema.org\/image\" title=\"IMG_5495\" alt=\"2016 - Defesa de disserta\u00e7\u00e3o de Fernanda Cougo Mendon\u00e7a\" style=\"width: 288px; height: 216px;\" \/> <\/a> <div class=\"tiled-gallery-caption\" itemprop=\"caption description\"> 2016 &#8211; Defesa de disserta\u00e7\u00e3o de Fernanda Cougo Mendon\u00e7a <\/div> <\/div> <\/div> <!-- close group --> <div class=\"gallery-group images-1\" style=\"width: 166px; height: 220px;\" data-original-width=\"166\" data-original-height=\"220\" > <div class=\"tiled-gallery-item tiled-gallery-item-small\" itemprop=\"associatedMedia\" itemscope itemtype=\"http:\/\/schema.org\/ImageObject\"> <a href=\"https:\/\/posletrasufac.com\/es\/2016\/02\/26\/orador-do-mestre-irineu-serra-e-tema-de-dissertacao-defendida-no-ppgli\/img_5535\/\" border=\"0\" itemprop=\"url\"> <meta itemprop=\"width\" content=\"162\"> <meta itemprop=\"height\" content=\"216\"> <img decoding=\"async\" class=\"\" data-attachment-id=\"1342\" data-orig-file=\"https:\/\/posletrasufac.com\/wp-content\/uploads\/2016\/02\/img_5535.jpg\" data-orig-size=\"3456,4608\" data-comments-opened=\"\" data-image-meta=\"{&quot;aperture&quot;:&quot;3.5&quot;,&quot;credit&quot;:&quot;&quot;,&quot;camera&quot;:&quot;Canon PowerShot SX170 IS&quot;,&quot;caption&quot;:&quot;&quot;,&quot;created_timestamp&quot;:&quot;1456514094&quot;,&quot;copyright&quot;:&quot;&quot;,&quot;focal_length&quot;:&quot;5&quot;,&quot;iso&quot;:&quot;400&quot;,&quot;shutter_speed&quot;:&quot;0.02&quot;,&quot;title&quot;:&quot;&quot;,&quot;orientation&quot;:&quot;1&quot;}\" data-image-title=\"IMG_5535\" data-image-description=\"\" data-medium-file=\"https:\/\/i0.wp.com\/posletrasufac.com\/wp-content\/uploads\/2016\/02\/img_5535.jpg?fit=225%2C300&#038;ssl=1\" data-large-file=\"https:\/\/i0.wp.com\/posletrasufac.com\/wp-content\/uploads\/2016\/02\/img_5535.jpg?fit=750%2C1000&#038;ssl=1\" src=\"https:\/\/i0.wp.com\/posletrasufac.com\/wp-content\/uploads\/2016\/02\/img_5535.jpg?w=162&#038;h=216&#038;ssl=1\" width=\"162\" height=\"216\" loading=\"lazy\" data-original-width=\"162\" data-original-height=\"216\" itemprop=\"http:\/\/schema.org\/image\" title=\"IMG_5535\" alt=\"2016 - Defesa de disserta\u00e7\u00e3o de Fernanda Cougo Mendon\u00e7a\" style=\"width: 162px; height: 216px;\" \/> <\/a> <div class=\"tiled-gallery-caption\" itemprop=\"caption description\"> 2016 &#8211; Defesa de disserta\u00e7\u00e3o de Fernanda Cougo Mendon\u00e7a <\/div> <\/div> <\/div> <!-- close group --> <div class=\"gallery-group images-1\" style=\"width: 292px; height: 220px;\" data-original-width=\"292\" data-original-height=\"220\" > <div class=\"tiled-gallery-item tiled-gallery-item-large\" itemprop=\"associatedMedia\" itemscope itemtype=\"http:\/\/schema.org\/ImageObject\"> <a href=\"https:\/\/posletrasufac.com\/es\/2016\/02\/26\/orador-do-mestre-irineu-serra-e-tema-de-dissertacao-defendida-no-ppgli\/img_5533\/\" border=\"0\" itemprop=\"url\"> <meta itemprop=\"width\" content=\"288\"> <meta itemprop=\"height\" content=\"216\"> <img decoding=\"async\" class=\"\" data-attachment-id=\"1339\" data-orig-file=\"https:\/\/posletrasufac.com\/wp-content\/uploads\/2016\/02\/img_5533.jpg\" data-orig-size=\"4608,3456\" data-comments-opened=\"\" data-image-meta=\"{&quot;aperture&quot;:&quot;4&quot;,&quot;credit&quot;:&quot;&quot;,&quot;camera&quot;:&quot;Canon PowerShot SX170 IS&quot;,&quot;caption&quot;:&quot;&quot;,&quot;created_timestamp&quot;:&quot;1456513981&quot;,&quot;copyright&quot;:&quot;&quot;,&quot;focal_length&quot;:&quot;6.447&quot;,&quot;iso&quot;:&quot;250&quot;,&quot;shutter_speed&quot;:&quot;0.016666666666667&quot;,&quot;title&quot;:&quot;&quot;,&quot;orientation&quot;:&quot;1&quot;}\" data-image-title=\"IMG_5533\" data-image-description=\"\" data-medium-file=\"https:\/\/i0.wp.com\/posletrasufac.com\/wp-content\/uploads\/2016\/02\/img_5533.jpg?fit=300%2C225&#038;ssl=1\" data-large-file=\"https:\/\/i0.wp.com\/posletrasufac.com\/wp-content\/uploads\/2016\/02\/img_5533.jpg?fit=750%2C563&#038;ssl=1\" src=\"https:\/\/i0.wp.com\/posletrasufac.com\/wp-content\/uploads\/2016\/02\/img_5533.jpg?w=288&#038;h=216&#038;ssl=1\" width=\"288\" height=\"216\" loading=\"lazy\" data-original-width=\"288\" data-original-height=\"216\" itemprop=\"http:\/\/schema.org\/image\" title=\"IMG_5533\" alt=\"2016 - Defesa de disserta\u00e7\u00e3o de Fernanda Cougo Mendon\u00e7a\" style=\"width: 288px; height: 216px;\" \/> <\/a> <div class=\"tiled-gallery-caption\" itemprop=\"caption description\"> 2016 &#8211; Defesa de disserta\u00e7\u00e3o de Fernanda Cougo Mendon\u00e7a <\/div> <\/div> <\/div> <!-- close group --> <\/div> <!-- close row --> <div class=\"gallery-row\" style=\"width: 750px; height: 376px;\" data-original-width=\"750\" data-original-height=\"376\" > <div class=\"gallery-group images-1\" style=\"width: 500px; height: 376px;\" data-original-width=\"500\" data-original-height=\"376\" > <div class=\"tiled-gallery-item tiled-gallery-item-large\" itemprop=\"associatedMedia\" itemscope itemtype=\"http:\/\/schema.org\/ImageObject\"> <a href=\"https:\/\/posletrasufac.com\/es\/2016\/02\/26\/orador-do-mestre-irineu-serra-e-tema-de-dissertacao-defendida-no-ppgli\/img_5534\/\" border=\"0\" itemprop=\"url\"> <meta itemprop=\"width\" content=\"496\"> <meta itemprop=\"height\" content=\"372\"> <img decoding=\"async\" class=\"\" data-attachment-id=\"1341\" data-orig-file=\"https:\/\/posletrasufac.com\/wp-content\/uploads\/2016\/02\/img_5534.jpg\" data-orig-size=\"4608,3456\" data-comments-opened=\"\" data-image-meta=\"{&quot;aperture&quot;:&quot;3.5&quot;,&quot;credit&quot;:&quot;&quot;,&quot;camera&quot;:&quot;Canon PowerShot SX170 IS&quot;,&quot;caption&quot;:&quot;&quot;,&quot;created_timestamp&quot;:&quot;1456514044&quot;,&quot;copyright&quot;:&quot;&quot;,&quot;focal_length&quot;:&quot;6.176&quot;,&quot;iso&quot;:&quot;320&quot;,&quot;shutter_speed&quot;:&quot;0.04&quot;,&quot;title&quot;:&quot;&quot;,&quot;orientation&quot;:&quot;1&quot;}\" data-image-title=\"IMG_5534\" data-image-description=\"\" data-medium-file=\"https:\/\/i0.wp.com\/posletrasufac.com\/wp-content\/uploads\/2016\/02\/img_5534.jpg?fit=300%2C225&#038;ssl=1\" data-large-file=\"https:\/\/i0.wp.com\/posletrasufac.com\/wp-content\/uploads\/2016\/02\/img_5534.jpg?fit=750%2C563&#038;ssl=1\" src=\"https:\/\/i0.wp.com\/posletrasufac.com\/wp-content\/uploads\/2016\/02\/img_5534.jpg?w=496&#038;h=372&#038;ssl=1\" width=\"496\" height=\"372\" loading=\"lazy\" data-original-width=\"496\" data-original-height=\"372\" itemprop=\"http:\/\/schema.org\/image\" title=\"IMG_5534\" alt=\"2016 - Defesa de disserta\u00e7\u00e3o de Fernanda Cougo Mendon\u00e7a\" style=\"width: 496px; height: 372px;\" \/> <\/a> <div class=\"tiled-gallery-caption\" itemprop=\"caption description\"> 2016 &#8211; Defesa de disserta\u00e7\u00e3o de Fernanda Cougo Mendon\u00e7a <\/div> <\/div> <\/div> <!-- close group --> <div class=\"gallery-group images-2\" style=\"width: 250px; height: 376px;\" data-original-width=\"250\" data-original-height=\"376\" > <div class=\"tiled-gallery-item tiled-gallery-item-small\" itemprop=\"associatedMedia\" itemscope itemtype=\"http:\/\/schema.org\/ImageObject\"> <a href=\"https:\/\/posletrasufac.com\/es\/2016\/02\/26\/orador-do-mestre-irineu-serra-e-tema-de-dissertacao-defendida-no-ppgli\/img_5499\/\" border=\"0\" itemprop=\"url\"> <meta itemprop=\"width\" content=\"246\"> <meta itemprop=\"height\" content=\"184\"> <img decoding=\"async\" class=\"\" data-attachment-id=\"1346\" data-orig-file=\"https:\/\/posletrasufac.com\/wp-content\/uploads\/2016\/02\/img_5499.jpg\" data-orig-size=\"4608,3456\" data-comments-opened=\"\" data-image-meta=\"{&quot;aperture&quot;:&quot;4.5&quot;,&quot;credit&quot;:&quot;&quot;,&quot;camera&quot;:&quot;Canon PowerShot SX170 IS&quot;,&quot;caption&quot;:&quot;&quot;,&quot;created_timestamp&quot;:&quot;1456500368&quot;,&quot;copyright&quot;:&quot;&quot;,&quot;focal_length&quot;:&quot;12.835&quot;,&quot;iso&quot;:&quot;800&quot;,&quot;shutter_speed&quot;:&quot;0.016666666666667&quot;,&quot;title&quot;:&quot;&quot;,&quot;orientation&quot;:&quot;1&quot;}\" data-image-title=\"IMG_5499\" data-image-description=\"\" data-medium-file=\"https:\/\/i0.wp.com\/posletrasufac.com\/wp-content\/uploads\/2016\/02\/img_5499.jpg?fit=300%2C225&#038;ssl=1\" data-large-file=\"https:\/\/i0.wp.com\/posletrasufac.com\/wp-content\/uploads\/2016\/02\/img_5499.jpg?fit=750%2C563&#038;ssl=1\" src=\"https:\/\/i0.wp.com\/posletrasufac.com\/wp-content\/uploads\/2016\/02\/img_5499.jpg?w=246&#038;h=184&#038;ssl=1\" width=\"246\" height=\"184\" loading=\"lazy\" data-original-width=\"246\" data-original-height=\"184\" itemprop=\"http:\/\/schema.org\/image\" title=\"IMG_5499\" alt=\"2016 - Defesa de disserta\u00e7\u00e3o de Fernanda Cougo Mendon\u00e7a\" style=\"width: 246px; height: 184px;\" \/> <\/a> <div class=\"tiled-gallery-caption\" itemprop=\"caption description\"> 2016 &#8211; Defesa de disserta\u00e7\u00e3o de Fernanda Cougo Mendon\u00e7a <\/div> <\/div> <div class=\"tiled-gallery-item tiled-gallery-item-small\" itemprop=\"associatedMedia\" itemscope itemtype=\"http:\/\/schema.org\/ImageObject\"> <a href=\"https:\/\/posletrasufac.com\/es\/2016\/02\/26\/orador-do-mestre-irineu-serra-e-tema-de-dissertacao-defendida-no-ppgli\/img_5517\/\" border=\"0\" itemprop=\"url\"> <meta itemprop=\"width\" content=\"246\"> <meta itemprop=\"height\" content=\"184\"> <img decoding=\"async\" class=\"\" data-attachment-id=\"1345\" data-orig-file=\"https:\/\/posletrasufac.com\/wp-content\/uploads\/2016\/02\/img_5517.jpg\" data-orig-size=\"4608,3456\" data-comments-opened=\"\" data-image-meta=\"{&quot;aperture&quot;:&quot;5&quot;,&quot;credit&quot;:&quot;&quot;,&quot;camera&quot;:&quot;Canon PowerShot SX170 IS&quot;,&quot;caption&quot;:&quot;&quot;,&quot;created_timestamp&quot;:&quot;1456509245&quot;,&quot;copyright&quot;:&quot;&quot;,&quot;focal_length&quot;:&quot;23.553&quot;,&quot;iso&quot;:&quot;640&quot;,&quot;shutter_speed&quot;:&quot;0.05&quot;,&quot;title&quot;:&quot;&quot;,&quot;orientation&quot;:&quot;1&quot;}\" data-image-title=\"IMG_5517\" data-image-description=\"\" data-medium-file=\"https:\/\/i0.wp.com\/posletrasufac.com\/wp-content\/uploads\/2016\/02\/img_5517.jpg?fit=300%2C225&#038;ssl=1\" data-large-file=\"https:\/\/i0.wp.com\/posletrasufac.com\/wp-content\/uploads\/2016\/02\/img_5517.jpg?fit=750%2C563&#038;ssl=1\" src=\"https:\/\/i0.wp.com\/posletrasufac.com\/wp-content\/uploads\/2016\/02\/img_5517.jpg?w=246&#038;h=184&#038;ssl=1\" width=\"246\" height=\"184\" loading=\"lazy\" data-original-width=\"246\" data-original-height=\"184\" itemprop=\"http:\/\/schema.org\/image\" title=\"IMG_5517\" alt=\"2016 - Defesa de disserta\u00e7\u00e3o de Fernanda Cougo Mendon\u00e7a\" style=\"width: 246px; height: 184px;\" \/> <\/a> <div class=\"tiled-gallery-caption\" itemprop=\"caption description\"> 2016 &#8211; Defesa de disserta\u00e7\u00e3o de Fernanda Cougo Mendon\u00e7a <\/div> <\/div> <\/div> <!-- close group --> <\/div> <!-- close row --> <div class=\"gallery-row\" style=\"width: 750px; height: 142px;\" data-original-width=\"750\" data-original-height=\"142\" > <div class=\"gallery-group images-1\" style=\"width: 188px; height: 142px;\" data-original-width=\"188\" data-original-height=\"142\" > <div class=\"tiled-gallery-item tiled-gallery-item-small\" itemprop=\"associatedMedia\" itemscope itemtype=\"http:\/\/schema.org\/ImageObject\"> <a href=\"https:\/\/posletrasufac.com\/es\/2016\/02\/26\/orador-do-mestre-irineu-serra-e-tema-de-dissertacao-defendida-no-ppgli\/img_5508\/\" border=\"0\" itemprop=\"url\"> <meta itemprop=\"width\" content=\"184\"> <meta itemprop=\"height\" content=\"138\"> <img decoding=\"async\" class=\"\" data-attachment-id=\"1344\" data-orig-file=\"https:\/\/posletrasufac.com\/wp-content\/uploads\/2016\/02\/img_5508.jpg\" data-orig-size=\"4608,3456\" data-comments-opened=\"\" data-image-meta=\"{&quot;aperture&quot;:&quot;5&quot;,&quot;credit&quot;:&quot;&quot;,&quot;camera&quot;:&quot;Canon PowerShot SX170 IS&quot;,&quot;caption&quot;:&quot;&quot;,&quot;created_timestamp&quot;:&quot;1456504714&quot;,&quot;copyright&quot;:&quot;&quot;,&quot;focal_length&quot;:&quot;38.352&quot;,&quot;iso&quot;:&quot;640&quot;,&quot;shutter_speed&quot;:&quot;0.05&quot;,&quot;title&quot;:&quot;&quot;,&quot;orientation&quot;:&quot;1&quot;}\" data-image-title=\"IMG_5508\" data-image-description=\"\" data-medium-file=\"https:\/\/i0.wp.com\/posletrasufac.com\/wp-content\/uploads\/2016\/02\/img_5508.jpg?fit=300%2C225&#038;ssl=1\" data-large-file=\"https:\/\/i0.wp.com\/posletrasufac.com\/wp-content\/uploads\/2016\/02\/img_5508.jpg?fit=750%2C563&#038;ssl=1\" src=\"https:\/\/i0.wp.com\/posletrasufac.com\/wp-content\/uploads\/2016\/02\/img_5508.jpg?w=184&#038;h=138&#038;ssl=1\" width=\"184\" height=\"138\" loading=\"lazy\" data-original-width=\"184\" data-original-height=\"138\" itemprop=\"http:\/\/schema.org\/image\" title=\"IMG_5508\" alt=\"2016 - Defesa de disserta\u00e7\u00e3o de Fernanda Cougo Mendon\u00e7a\" style=\"width: 184px; height: 138px;\" \/> <\/a> <div class=\"tiled-gallery-caption\" itemprop=\"caption description\"> 2016 &#8211; Defesa de disserta\u00e7\u00e3o de Fernanda Cougo Mendon\u00e7a <\/div> <\/div> <\/div> <!-- close group --> <div class=\"gallery-group images-1\" style=\"width: 188px; height: 142px;\" data-original-width=\"188\" data-original-height=\"142\" > <div class=\"tiled-gallery-item tiled-gallery-item-small\" itemprop=\"associatedMedia\" itemscope itemtype=\"http:\/\/schema.org\/ImageObject\"> <a href=\"https:\/\/posletrasufac.com\/es\/2016\/02\/26\/orador-do-mestre-irineu-serra-e-tema-de-dissertacao-defendida-no-ppgli\/img_5530\/\" border=\"0\" itemprop=\"url\"> <meta itemprop=\"width\" content=\"184\"> <meta itemprop=\"height\" content=\"138\"> <img decoding=\"async\" class=\"\" data-attachment-id=\"1338\" data-orig-file=\"https:\/\/posletrasufac.com\/wp-content\/uploads\/2016\/02\/img_5530.jpg\" data-orig-size=\"4608,3456\" data-comments-opened=\"\" data-image-meta=\"{&quot;aperture&quot;:&quot;3.5&quot;,&quot;credit&quot;:&quot;&quot;,&quot;camera&quot;:&quot;Canon PowerShot SX170 IS&quot;,&quot;caption&quot;:&quot;&quot;,&quot;created_timestamp&quot;:&quot;1456513853&quot;,&quot;copyright&quot;:&quot;&quot;,&quot;focal_length&quot;:&quot;5&quot;,&quot;iso&quot;:&quot;250&quot;,&quot;shutter_speed&quot;:&quot;0.016666666666667&quot;,&quot;title&quot;:&quot;&quot;,&quot;orientation&quot;:&quot;1&quot;}\" data-image-title=\"IMG_5530\" data-image-description=\"\" data-medium-file=\"https:\/\/i0.wp.com\/posletrasufac.com\/wp-content\/uploads\/2016\/02\/img_5530.jpg?fit=300%2C225&#038;ssl=1\" data-large-file=\"https:\/\/i0.wp.com\/posletrasufac.com\/wp-content\/uploads\/2016\/02\/img_5530.jpg?fit=750%2C563&#038;ssl=1\" src=\"https:\/\/i0.wp.com\/posletrasufac.com\/wp-content\/uploads\/2016\/02\/img_5530.jpg?w=184&#038;h=138&#038;ssl=1\" width=\"184\" height=\"138\" loading=\"lazy\" data-original-width=\"184\" data-original-height=\"138\" itemprop=\"http:\/\/schema.org\/image\" title=\"IMG_5530\" alt=\"2016 - Defesa de disserta\u00e7\u00e3o de Fernanda Cougo Mendon\u00e7a\" style=\"width: 184px; height: 138px;\" \/> <\/a> <div class=\"tiled-gallery-caption\" itemprop=\"caption description\"> 2016 &#8211; Defesa de disserta\u00e7\u00e3o de Fernanda Cougo Mendon\u00e7a <\/div> <\/div> <\/div> <!-- close group --> <div class=\"gallery-group images-1\" style=\"width: 187px; height: 142px;\" data-original-width=\"187\" data-original-height=\"142\" > <div class=\"tiled-gallery-item tiled-gallery-item-small\" itemprop=\"associatedMedia\" itemscope itemtype=\"http:\/\/schema.org\/ImageObject\"> <a href=\"https:\/\/posletrasufac.com\/es\/2016\/02\/26\/orador-do-mestre-irineu-serra-e-tema-de-dissertacao-defendida-no-ppgli\/img_5529\/\" border=\"0\" itemprop=\"url\"> <meta itemprop=\"width\" content=\"183\"> <meta itemprop=\"height\" content=\"138\"> <img decoding=\"async\" class=\"\" data-attachment-id=\"1340\" data-orig-file=\"https:\/\/posletrasufac.com\/wp-content\/uploads\/2016\/02\/img_5529.jpg\" data-orig-size=\"4608,3456\" data-comments-opened=\"\" data-image-meta=\"{&quot;aperture&quot;:&quot;3.5&quot;,&quot;credit&quot;:&quot;&quot;,&quot;camera&quot;:&quot;Canon PowerShot SX170 IS&quot;,&quot;caption&quot;:&quot;&quot;,&quot;created_timestamp&quot;:&quot;1456513846&quot;,&quot;copyright&quot;:&quot;&quot;,&quot;focal_length&quot;:&quot;5&quot;,&quot;iso&quot;:&quot;100&quot;,&quot;shutter_speed&quot;:&quot;0.066666666666667&quot;,&quot;title&quot;:&quot;&quot;,&quot;orientation&quot;:&quot;1&quot;}\" data-image-title=\"IMG_5529\" data-image-description=\"\" data-medium-file=\"https:\/\/i0.wp.com\/posletrasufac.com\/wp-content\/uploads\/2016\/02\/img_5529.jpg?fit=300%2C225&#038;ssl=1\" data-large-file=\"https:\/\/i0.wp.com\/posletrasufac.com\/wp-content\/uploads\/2016\/02\/img_5529.jpg?fit=750%2C563&#038;ssl=1\" src=\"https:\/\/i0.wp.com\/posletrasufac.com\/wp-content\/uploads\/2016\/02\/img_5529.jpg?w=183&#038;h=138&#038;ssl=1\" width=\"183\" height=\"138\" loading=\"lazy\" data-original-width=\"183\" data-original-height=\"138\" itemprop=\"http:\/\/schema.org\/image\" title=\"IMG_5529\" alt=\"2016 - Defesa de disserta\u00e7\u00e3o de Fernanda Cougo Mendon\u00e7a\" style=\"width: 183px; height: 138px;\" \/> <\/a> <div class=\"tiled-gallery-caption\" itemprop=\"caption description\"> 2016 &#8211; Defesa de disserta\u00e7\u00e3o de Fernanda Cougo Mendon\u00e7a <\/div> <\/div> <\/div> <!-- close group --> <div class=\"gallery-group images-1\" style=\"width: 187px; height: 142px;\" data-original-width=\"187\" data-original-height=\"142\" > <div class=\"tiled-gallery-item tiled-gallery-item-small\" itemprop=\"associatedMedia\" itemscope itemtype=\"http:\/\/schema.org\/ImageObject\"> <a href=\"https:\/\/posletrasufac.com\/es\/2016\/02\/26\/orador-do-mestre-irineu-serra-e-tema-de-dissertacao-defendida-no-ppgli\/img_5498\/\" border=\"0\" itemprop=\"url\"> <meta itemprop=\"width\" content=\"183\"> <meta itemprop=\"height\" content=\"138\"> <img decoding=\"async\" class=\"\" data-attachment-id=\"1343\" data-orig-file=\"https:\/\/posletrasufac.com\/wp-content\/uploads\/2016\/02\/img_5498.jpg\" data-orig-size=\"4608,3456\" data-comments-opened=\"\" data-image-meta=\"{&quot;aperture&quot;:&quot;4&quot;,&quot;credit&quot;:&quot;&quot;,&quot;camera&quot;:&quot;Canon PowerShot SX170 IS&quot;,&quot;caption&quot;:&quot;&quot;,&quot;created_timestamp&quot;:&quot;1456500354&quot;,&quot;copyright&quot;:&quot;&quot;,&quot;focal_length&quot;:&quot;6.741&quot;,&quot;iso&quot;:&quot;800&quot;,&quot;shutter_speed&quot;:&quot;0.016666666666667&quot;,&quot;title&quot;:&quot;&quot;,&quot;orientation&quot;:&quot;1&quot;}\" data-image-title=\"IMG_5498\" data-image-description=\"\" data-medium-file=\"https:\/\/i0.wp.com\/posletrasufac.com\/wp-content\/uploads\/2016\/02\/img_5498.jpg?fit=300%2C225&#038;ssl=1\" data-large-file=\"https:\/\/i0.wp.com\/posletrasufac.com\/wp-content\/uploads\/2016\/02\/img_5498.jpg?fit=750%2C563&#038;ssl=1\" src=\"https:\/\/i0.wp.com\/posletrasufac.com\/wp-content\/uploads\/2016\/02\/img_5498.jpg?w=183&#038;h=138&#038;ssl=1\" width=\"183\" height=\"138\" loading=\"lazy\" data-original-width=\"183\" data-original-height=\"138\" itemprop=\"http:\/\/schema.org\/image\" title=\"IMG_5498\" alt=\"2016 - Defesa de disserta\u00e7\u00e3o de Fernanda Cougo Mendon\u00e7a\" style=\"width: 183px; height: 138px;\" \/> <\/a> <div class=\"tiled-gallery-caption\" itemprop=\"caption description\"> 2016 &#8211; Defesa de disserta\u00e7\u00e3o de Fernanda Cougo Mendon\u00e7a <\/div> <\/div> <\/div> <!-- close group --> <\/div> <!-- close row --> <\/div>\n<p>Ocorreu na tarde de hoje, 26, a defesa p\u00fablica da disserta\u00e7\u00e3o da aluna\u00a0Fernanda Cougo Mendon\u00e7a, cujo t\u00edtulo \u00e9 &#8221;\u00a0MEM\u00d3RIAS E ARTES VERBAIS DE LUIZ MENDES DO NASCIMENTO:\u00a0O ORADOR DO MESTRE IRINEU&#8221;<\/p>\n<p>Participaram da Banca Examinadora o\u00a0Prof. Dr. Gerson Rodrigues de Albuquerque \u2013 Presidente\/Orientador \u2013 UFAC, o\u00a0Prof. Dr. Francisco Bento da Silva \u2013 Membro \u2013 UFAC, a\u00a0Profa. Dra. Maria de Nazar\u00e9 Cavalcante de Souza \u2013 Membro \u2013 UFAC e a\u00a0Profa. Dra. Maria Bet\u00e2nia Barbosa Albuquerque \u2013 Membro \u2013 UEPA<\/p>","protected":false},"excerpt":{"rendered":"<p>Ocorreu na tarde de hoje, 26, a defesa p\u00fablica da disserta\u00e7\u00e3o da aluna\u00a0Fernanda Cougo Mendon\u00e7a, cujo t\u00edtulo \u00e9 &#8221;\u00a0MEM\u00d3RIAS E ARTES VERBAIS DE LUIZ MENDES DO NASCIMENTO:\u00a0O ORADOR DO MESTRE IRINEU&#8221; Participaram da Banca Examinadora o\u00a0Prof. Dr. Gerson Rodrigues de<\/p>","protected":false},"author":65883018,"featured_media":0,"comment_status":"closed","ping_status":"closed","sticky":false,"template":"","format":"standard","meta":{"_coblocks_attr":"","_coblocks_dimensions":"","_coblocks_responsive_height":"","_coblocks_accordion_ie_support":"","_crdt_document":"","advanced_seo_description":"","jetpack_seo_html_title":"","jetpack_seo_noindex":false,"_jetpack_newsletter_access":"","_jetpack_dont_email_post_to_subs":false,"_jetpack_newsletter_tier_id":0,"_jetpack_memberships_contains_paywalled_content":false,"_jetpack_memberships_contains_paid_content":false,"footnotes":"","jetpack_publicize_message":"","jetpack_publicize_feature_enabled":true,"jetpack_social_post_already_shared":false,"jetpack_social_options":{"image_generator_settings":{"template":"highway","default_image_id":0,"font":"","enabled":false},"version":2},"_wpas_customize_per_network":false,"jetpack_post_was_ever_published":false},"categories":[5078],"tags":[],"class_list":["post-1336","post","type-post","status-publish","format-standard","hentry","category-sem-categoria"],"jetpack_publicize_connections":[],"jetpack_featured_media_url":"","jetpack_likes_enabled":false,"jetpack_sharing_enabled":true,"jetpack_shortlink":"https:\/\/wp.me\/p4Na16-ly","amp_enabled":true,"_links":{"self":[{"href":"https:\/\/posletrasufac.com\/es\/wp-json\/wp\/v2\/posts\/1336","targetHints":{"allow":["GET"]}}],"collection":[{"href":"https:\/\/posletrasufac.com\/es\/wp-json\/wp\/v2\/posts"}],"about":[{"href":"https:\/\/posletrasufac.com\/es\/wp-json\/wp\/v2\/types\/post"}],"author":[{"embeddable":true,"href":"https:\/\/posletrasufac.com\/es\/wp-json\/wp\/v2\/users\/65883018"}],"replies":[{"embeddable":true,"href":"https:\/\/posletrasufac.com\/es\/wp-json\/wp\/v2\/comments?post=1336"}],"version-history":[{"count":8,"href":"https:\/\/posletrasufac.com\/es\/wp-json\/wp\/v2\/posts\/1336\/revisions"}],"predecessor-version":[{"id":1354,"href":"https:\/\/posletrasufac.com\/es\/wp-json\/wp\/v2\/posts\/1336\/revisions\/1354"}],"wp:attachment":[{"href":"https:\/\/posletrasufac.com\/es\/wp-json\/wp\/v2\/media?parent=1336"}],"wp:term":[{"taxonomy":"category","embeddable":true,"href":"https:\/\/posletrasufac.com\/es\/wp-json\/wp\/v2\/categories?post=1336"},{"taxonomy":"post_tag","embeddable":true,"href":"https:\/\/posletrasufac.com\/es\/wp-json\/wp\/v2\/tags?post=1336"}],"curies":[{"name":"wp","href":"https:\/\/api.w.org\/{rel}","templated":true}]}}