{"id":13317,"date":"2024-07-25T09:33:08","date_gmt":"2024-07-25T14:33:08","guid":{"rendered":"https:\/\/posletrasufac.com\/?p=13317"},"modified":"2024-07-25T10:32:16","modified_gmt":"2024-07-25T15:32:16","slug":"convocatoria-para-becas-en-la-amazonia-brasilena","status":"publish","type":"post","link":"https:\/\/posletrasufac.com\/es\/2024\/07\/25\/convocatoria-para-becas-en-la-amazonia-brasilena\/","title":{"rendered":"Convocatoria para becas en la Amazonia brasile\u00f1a"},"content":{"rendered":"<div class=\"wp-block-image\">\n<figure class=\"aligncenter size-full is-resized\"><a href=\"https:\/\/i0.wp.com\/posletrasufac.com\/wp-content\/uploads\/2024\/07\/Mova-1.png?ssl=1\"><img data-recalc-dims=\"1\" loading=\"lazy\" decoding=\"async\" width=\"600\" height=\"600\" data-attachment-id=\"13318\" data-permalink=\"https:\/\/posletrasufac.com\/es\/2024\/07\/25\/convocatoria-para-becas-en-la-amazonia-brasilena\/mova-1\/\" data-orig-file=\"https:\/\/i0.wp.com\/posletrasufac.com\/wp-content\/uploads\/2024\/07\/Mova-1.png?fit=600%2C600&amp;ssl=1\" data-orig-size=\"600,600\" data-comments-opened=\"0\" data-image-meta=\"{&quot;aperture&quot;:&quot;0&quot;,&quot;credit&quot;:&quot;&quot;,&quot;camera&quot;:&quot;&quot;,&quot;caption&quot;:&quot;&quot;,&quot;created_timestamp&quot;:&quot;0&quot;,&quot;copyright&quot;:&quot;&quot;,&quot;focal_length&quot;:&quot;0&quot;,&quot;iso&quot;:&quot;0&quot;,&quot;shutter_speed&quot;:&quot;0&quot;,&quot;title&quot;:&quot;&quot;,&quot;orientation&quot;:&quot;0&quot;}\" data-image-title=\"Mova (1)\" data-image-description=\"\" data-image-caption=\"\" data-large-file=\"https:\/\/i0.wp.com\/posletrasufac.com\/wp-content\/uploads\/2024\/07\/Mova-1.png?fit=600%2C600&amp;ssl=1\" src=\"https:\/\/i0.wp.com\/posletrasufac.com\/wp-content\/uploads\/2024\/07\/Mova-1.png?resize=600%2C600&#038;ssl=1\" alt=\"\" class=\"wp-image-13318\" style=\"width:600px;height:auto\" srcset=\"https:\/\/i0.wp.com\/posletrasufac.com\/wp-content\/uploads\/2024\/07\/Mova-1.png?w=600&amp;ssl=1 600w, https:\/\/i0.wp.com\/posletrasufac.com\/wp-content\/uploads\/2024\/07\/Mova-1.png?resize=300%2C300&amp;ssl=1 300w, https:\/\/i0.wp.com\/posletrasufac.com\/wp-content\/uploads\/2024\/07\/Mova-1.png?resize=150%2C150&amp;ssl=1 150w, https:\/\/i0.wp.com\/posletrasufac.com\/wp-content\/uploads\/2024\/07\/Mova-1.png?resize=400%2C400&amp;ssl=1 400w, https:\/\/i0.wp.com\/posletrasufac.com\/wp-content\/uploads\/2024\/07\/Mova-1.png?resize=200%2C200&amp;ssl=1 200w, https:\/\/i0.wp.com\/posletrasufac.com\/wp-content\/uploads\/2024\/07\/Mova-1.png?resize=270%2C270&amp;ssl=1 270w, https:\/\/i0.wp.com\/posletrasufac.com\/wp-content\/uploads\/2024\/07\/Mova-1.png?resize=230%2C230&amp;ssl=1 230w\" sizes=\"auto, (max-width: 600px) 100vw, 600px\" \/><\/a><\/figure>\n<\/div>\n\n\n<p class=\"wp-block-paragraph\">El Programa de Posgrado em Letras: Lenguaje e Identidad de la Universidad Federal de Acre, Brasil, est\u00e1 ofreciendo 7 (siete) vacantes para becas para estancia de maestr\u00eda (3 vacantes) e doctorado (4 vacantes) para estudiantes de posgrado de pa\u00edses latinoamericanos. <\/p>\n\n\n\n<p class=\"wp-block-paragraph\">Las informaciones sobre las becas y las inscripciones, que van hasta el 8 de agosto de 2024, est\u00e1n disponibles en el siguiente enlace:: <a href=\"https:\/\/www.gov.br\/capes\/pt-br\/acesso-a-informacao\/acoes-e-programas\/bolsas\/bolsas-e-auxilios-internacionais\/encontre-aqui\/paises\/multinacional\/programa-move-la-america\" rel=\"nofollow\">https:\/\/www.gov.br\/capes\/pt-br\/acesso-a-informacao\/acoes-e-programas\/bolsas\/bolsas-e-auxilios-internacionais\/encontre-aqui\/paises\/multinacional\/programa-move-la-america<\/a><\/p>","protected":false},"excerpt":{"rendered":"<p>El Programa de Posgrado em Letras: Lenguaje e Identidad de la Universidad Federal de Acre, Brasil, est\u00e1 ofreciendo 7 (siete) vacantes para becas para estancia de maestr\u00eda (3 vacantes) e doctorado (4 vacantes) para estudiantes de posgrado de pa\u00edses latinoamericanos.<\/p>","protected":false},"author":65883018,"featured_media":0,"comment_status":"closed","ping_status":"closed","sticky":false,"template":"","format":"standard","meta":{"_coblocks_attr":"","_coblocks_dimensions":"","_coblocks_responsive_height":"","_coblocks_accordion_ie_support":"","_crdt_document":"","advanced_seo_description":"","jetpack_seo_html_title":"","jetpack_seo_noindex":false,"_jetpack_newsletter_access":"","_jetpack_dont_email_post_to_subs":false,"_jetpack_newsletter_tier_id":0,"_jetpack_memberships_contains_paywalled_content":false,"_jetpack_memberships_contains_paid_content":false,"footnotes":"","jetpack_publicize_message":"","jetpack_publicize_feature_enabled":true,"jetpack_social_post_already_shared":true,"jetpack_social_options":{"image_generator_settings":{"template":"highway","default_image_id":0,"font":"","enabled":false},"version":2},"_wpas_customize_per_network":false,"jetpack_post_was_ever_published":false},"categories":[233475685],"tags":[],"class_list":["post-13317","post","type-post","status-publish","format-standard","hentry","category-ppgli"],"jetpack_publicize_connections":[],"jetpack_featured_media_url":"","jetpack_likes_enabled":false,"jetpack_sharing_enabled":true,"jetpack_shortlink":"https:\/\/wp.me\/p4Na16-3sN","amp_enabled":true,"_links":{"self":[{"href":"https:\/\/posletrasufac.com\/es\/wp-json\/wp\/v2\/posts\/13317","targetHints":{"allow":["GET"]}}],"collection":[{"href":"https:\/\/posletrasufac.com\/es\/wp-json\/wp\/v2\/posts"}],"about":[{"href":"https:\/\/posletrasufac.com\/es\/wp-json\/wp\/v2\/types\/post"}],"author":[{"embeddable":true,"href":"https:\/\/posletrasufac.com\/es\/wp-json\/wp\/v2\/users\/65883018"}],"replies":[{"embeddable":true,"href":"https:\/\/posletrasufac.com\/es\/wp-json\/wp\/v2\/comments?post=13317"}],"version-history":[{"count":4,"href":"https:\/\/posletrasufac.com\/es\/wp-json\/wp\/v2\/posts\/13317\/revisions"}],"predecessor-version":[{"id":13323,"href":"https:\/\/posletrasufac.com\/es\/wp-json\/wp\/v2\/posts\/13317\/revisions\/13323"}],"wp:attachment":[{"href":"https:\/\/posletrasufac.com\/es\/wp-json\/wp\/v2\/media?parent=13317"}],"wp:term":[{"taxonomy":"category","embeddable":true,"href":"https:\/\/posletrasufac.com\/es\/wp-json\/wp\/v2\/categories?post=13317"},{"taxonomy":"post_tag","embeddable":true,"href":"https:\/\/posletrasufac.com\/es\/wp-json\/wp\/v2\/tags?post=13317"}],"curies":[{"name":"wp","href":"https:\/\/api.w.org\/{rel}","templated":true}]}}