{"id":1306,"date":"2016-02-26T19:27:13","date_gmt":"2016-02-27T00:27:13","guid":{"rendered":"http:\/\/posletrasufac.com\/?p=1306"},"modified":"2016-02-26T19:27:22","modified_gmt":"2016-02-27T00:27:22","slug":"dissertacao-defendida-no-ppgli-aborda-o-curriculo-de-filosofia-no-acre","status":"publish","type":"post","link":"https:\/\/posletrasufac.com\/es\/2016\/02\/26\/dissertacao-defendida-no-ppgli-aborda-o-curriculo-de-filosofia-no-acre\/","title":{"rendered":"Disserta\u00e7\u00e3o defendida no PPGLI aborda o curr\u00edculo de filosofia no Acre"},"content":{"rendered":"<p>Ocorreu no dia 25 de fevereiro a defesa p\u00fablica da disserta\u00e7\u00e3o de mestrado do aluno\u00a0Guilherme da Silva Cunha, cujo t\u00edtulo \u00e9 &#8220;O CURR\u00cdCULO DE FILOSOFIA NO ACRE SOB UMA PERSPECTIVA NIETZSCHIANA&#8221;<\/p>\n<p>Participaram da Banca Examinadora a\u00a0Profa. Dra. T\u00e2nia Mara Rezende Machado \u2013 Presidente\/Orientadora \u2013 UFAC, o\u00a0Prof. Dr. Miguel \u00c2ngelo Oliveira do Carmo \u2013 Membro \u2013 UFAC e a\u00a0Profa. Dra. Elizabeth Miranda de Lima \u2013 Membro \u2013 UFAC.<\/p>\n<div class=\"tiled-gallery type-rectangular tiled-gallery-unresized\" data-original-width=\"750\" data-carousel-extra='{&quot;blog_id&quot;:1,&quot;permalink&quot;:&quot;https:\\\/\\\/posletrasufac.com\\\/es\\\/2016\\\/02\\\/26\\\/dissertacao-defendida-no-ppgli-aborda-o-curriculo-de-filosofia-no-acre\\\/&quot;,&quot;likes_blog_id&quot;:70821924}' itemscope itemtype=\"http:\/\/schema.org\/ImageGallery\" > <div class=\"gallery-row\" style=\"width: 750px; height: 530px;\" data-original-width=\"750\" data-original-height=\"530\" > <div class=\"gallery-group images-2\" style=\"width: 352px; height: 530px;\" data-original-width=\"352\" data-original-height=\"530\" > <div class=\"tiled-gallery-item tiled-gallery-item-large\" itemprop=\"associatedMedia\" itemscope itemtype=\"http:\/\/schema.org\/ImageObject\"> <a href=\"https:\/\/posletrasufac.com\/es\/2016\/02\/26\/dissertacao-defendida-no-ppgli-aborda-o-curriculo-de-filosofia-no-acre\/26-02-16-056\/\" border=\"0\" itemprop=\"url\"> <meta itemprop=\"width\" content=\"348\"> <meta itemprop=\"height\" content=\"261\"> <img decoding=\"async\" class=\"\" data-attachment-id=\"1318\" data-orig-file=\"https:\/\/posletrasufac.com\/wp-content\/uploads\/2016\/02\/26-02-16-056.jpg\" data-orig-size=\"4608,3456\" data-comments-opened=\"\" data-image-meta=\"{&quot;aperture&quot;:&quot;4.5&quot;,&quot;credit&quot;:&quot;&quot;,&quot;camera&quot;:&quot;Canon PowerShot SX170 IS&quot;,&quot;caption&quot;:&quot;&quot;,&quot;created_timestamp&quot;:&quot;1456398774&quot;,&quot;copyright&quot;:&quot;&quot;,&quot;focal_length&quot;:&quot;11.074&quot;,&quot;iso&quot;:&quot;640&quot;,&quot;shutter_speed&quot;:&quot;0.016666666666667&quot;,&quot;title&quot;:&quot;&quot;,&quot;orientation&quot;:&quot;1&quot;}\" data-image-title=\"26.02.16 056\" data-image-description=\"\" data-medium-file=\"https:\/\/i0.wp.com\/posletrasufac.com\/wp-content\/uploads\/2016\/02\/26-02-16-056.jpg?fit=300%2C225&#038;ssl=1\" data-large-file=\"https:\/\/i0.wp.com\/posletrasufac.com\/wp-content\/uploads\/2016\/02\/26-02-16-056.jpg?fit=750%2C563&#038;ssl=1\" src=\"https:\/\/i0.wp.com\/posletrasufac.com\/wp-content\/uploads\/2016\/02\/26-02-16-056.jpg?w=348&#038;h=261&#038;ssl=1\" width=\"348\" height=\"261\" loading=\"lazy\" data-original-width=\"348\" data-original-height=\"261\" itemprop=\"http:\/\/schema.org\/image\" title=\"26.02.16 056\" alt=\"2016 - Defesa de disserta\u00e7\u00e3o de Guilherme da Silva Cunha\" style=\"width: 348px; height: 261px;\" \/> <\/a> <div class=\"tiled-gallery-caption\" itemprop=\"caption description\"> 2016 &#8211; Defesa de disserta\u00e7\u00e3o de Guilherme da Silva Cunha <\/div> <\/div> <div class=\"tiled-gallery-item tiled-gallery-item-large\" itemprop=\"associatedMedia\" itemscope itemtype=\"http:\/\/schema.org\/ImageObject\"> <a href=\"https:\/\/posletrasufac.com\/es\/2016\/02\/26\/dissertacao-defendida-no-ppgli-aborda-o-curriculo-de-filosofia-no-acre\/26-02-16-043\/\" border=\"0\" itemprop=\"url\"> <meta itemprop=\"width\" content=\"348\"> <meta itemprop=\"height\" content=\"261\"> <img decoding=\"async\" class=\"\" data-attachment-id=\"1316\" data-orig-file=\"https:\/\/posletrasufac.com\/wp-content\/uploads\/2016\/02\/26-02-16-043.jpg\" data-orig-size=\"4608,3456\" data-comments-opened=\"\" data-image-meta=\"{&quot;aperture&quot;:&quot;5&quot;,&quot;credit&quot;:&quot;&quot;,&quot;camera&quot;:&quot;Canon PowerShot SX170 IS&quot;,&quot;caption&quot;:&quot;&quot;,&quot;created_timestamp&quot;:&quot;1456392436&quot;,&quot;copyright&quot;:&quot;&quot;,&quot;focal_length&quot;:&quot;22.206&quot;,&quot;iso&quot;:&quot;400&quot;,&quot;shutter_speed&quot;:&quot;0.066666666666667&quot;,&quot;title&quot;:&quot;&quot;,&quot;orientation&quot;:&quot;1&quot;}\" data-image-title=\"26.02.16 043\" data-image-description=\"\" data-medium-file=\"https:\/\/i0.wp.com\/posletrasufac.com\/wp-content\/uploads\/2016\/02\/26-02-16-043.jpg?fit=300%2C225&#038;ssl=1\" data-large-file=\"https:\/\/i0.wp.com\/posletrasufac.com\/wp-content\/uploads\/2016\/02\/26-02-16-043.jpg?fit=750%2C563&#038;ssl=1\" src=\"https:\/\/i0.wp.com\/posletrasufac.com\/wp-content\/uploads\/2016\/02\/26-02-16-043.jpg?w=348&#038;h=261&#038;ssl=1\" width=\"348\" height=\"261\" loading=\"lazy\" data-original-width=\"348\" data-original-height=\"261\" itemprop=\"http:\/\/schema.org\/image\" title=\"26.02.16 043\" alt=\"2016 - Defesa de disserta\u00e7\u00e3o de Guilherme da Silva Cunha\" style=\"width: 348px; height: 261px;\" \/> <\/a> <div class=\"tiled-gallery-caption\" itemprop=\"caption description\"> 2016 &#8211; Defesa de disserta\u00e7\u00e3o de Guilherme da Silva Cunha <\/div> <\/div> <\/div> <!-- close group --> <div class=\"gallery-group images-1\" style=\"width: 398px; height: 530px;\" data-original-width=\"398\" data-original-height=\"530\" > <div class=\"tiled-gallery-item tiled-gallery-item-large\" itemprop=\"associatedMedia\" itemscope itemtype=\"http:\/\/schema.org\/ImageObject\"> <a href=\"https:\/\/posletrasufac.com\/es\/2016\/02\/26\/dissertacao-defendida-no-ppgli-aborda-o-curriculo-de-filosofia-no-acre\/26-02-16-062\/\" border=\"0\" itemprop=\"url\"> <meta itemprop=\"width\" content=\"394\"> <meta itemprop=\"height\" content=\"526\"> <img decoding=\"async\" class=\"\" data-attachment-id=\"1319\" data-orig-file=\"https:\/\/posletrasufac.com\/wp-content\/uploads\/2016\/02\/26-02-16-062.jpg\" data-orig-size=\"3456,4608\" data-comments-opened=\"\" data-image-meta=\"{&quot;aperture&quot;:&quot;4&quot;,&quot;credit&quot;:&quot;&quot;,&quot;camera&quot;:&quot;Canon PowerShot SX170 IS&quot;,&quot;caption&quot;:&quot;&quot;,&quot;created_timestamp&quot;:&quot;1456400890&quot;,&quot;copyright&quot;:&quot;&quot;,&quot;focal_length&quot;:&quot;9.611&quot;,&quot;iso&quot;:&quot;320&quot;,&quot;shutter_speed&quot;:&quot;0.04&quot;,&quot;title&quot;:&quot;&quot;,&quot;orientation&quot;:&quot;1&quot;}\" data-image-title=\"26.02.16 062\" data-image-description=\"\" data-medium-file=\"https:\/\/i0.wp.com\/posletrasufac.com\/wp-content\/uploads\/2016\/02\/26-02-16-062.jpg?fit=225%2C300&#038;ssl=1\" data-large-file=\"https:\/\/i0.wp.com\/posletrasufac.com\/wp-content\/uploads\/2016\/02\/26-02-16-062.jpg?fit=750%2C1000&#038;ssl=1\" src=\"https:\/\/i0.wp.com\/posletrasufac.com\/wp-content\/uploads\/2016\/02\/26-02-16-062.jpg?w=394&#038;h=526&#038;ssl=1\" width=\"394\" height=\"526\" loading=\"lazy\" data-original-width=\"394\" data-original-height=\"526\" itemprop=\"http:\/\/schema.org\/image\" title=\"26.02.16 062\" alt=\"2016 - Defesa de disserta\u00e7\u00e3o de Guilherme da Silva Cunha\" style=\"width: 394px; height: 526px;\" \/> <\/a> <div class=\"tiled-gallery-caption\" itemprop=\"caption description\"> 2016 &#8211; Defesa de disserta\u00e7\u00e3o de Guilherme da Silva Cunha <\/div> <\/div> <\/div> <!-- close group --> <\/div> <!-- close row --> <div class=\"gallery-row\" style=\"width: 750px; height: 376px;\" data-original-width=\"750\" data-original-height=\"376\" > <div class=\"gallery-group images-1\" style=\"width: 500px; height: 376px;\" data-original-width=\"500\" data-original-height=\"376\" > <div class=\"tiled-gallery-item tiled-gallery-item-large\" itemprop=\"associatedMedia\" itemscope itemtype=\"http:\/\/schema.org\/ImageObject\"> <a href=\"https:\/\/posletrasufac.com\/es\/2016\/02\/26\/dissertacao-defendida-no-ppgli-aborda-o-curriculo-de-filosofia-no-acre\/26-02-16-063\/\" border=\"0\" itemprop=\"url\"> <meta itemprop=\"width\" content=\"496\"> <meta itemprop=\"height\" content=\"372\"> <img decoding=\"async\" class=\"\" data-attachment-id=\"1314\" data-orig-file=\"https:\/\/posletrasufac.com\/wp-content\/uploads\/2016\/02\/26-02-16-063.jpg\" data-orig-size=\"4608,3456\" data-comments-opened=\"\" data-image-meta=\"{&quot;aperture&quot;:&quot;4&quot;,&quot;credit&quot;:&quot;&quot;,&quot;camera&quot;:&quot;Canon PowerShot SX170 IS&quot;,&quot;caption&quot;:&quot;&quot;,&quot;created_timestamp&quot;:&quot;1456400975&quot;,&quot;copyright&quot;:&quot;&quot;,&quot;focal_length&quot;:&quot;6.741&quot;,&quot;iso&quot;:&quot;200&quot;,&quot;shutter_speed&quot;:&quot;0.066666666666667&quot;,&quot;title&quot;:&quot;&quot;,&quot;orientation&quot;:&quot;1&quot;}\" data-image-title=\"26.02.16 063\" data-image-description=\"\" data-medium-file=\"https:\/\/i0.wp.com\/posletrasufac.com\/wp-content\/uploads\/2016\/02\/26-02-16-063.jpg?fit=300%2C225&#038;ssl=1\" data-large-file=\"https:\/\/i0.wp.com\/posletrasufac.com\/wp-content\/uploads\/2016\/02\/26-02-16-063.jpg?fit=750%2C563&#038;ssl=1\" src=\"https:\/\/i0.wp.com\/posletrasufac.com\/wp-content\/uploads\/2016\/02\/26-02-16-063.jpg?w=496&#038;h=372&#038;ssl=1\" width=\"496\" height=\"372\" loading=\"lazy\" data-original-width=\"496\" data-original-height=\"372\" itemprop=\"http:\/\/schema.org\/image\" title=\"26.02.16 063\" alt=\"2016 - Defesa de disserta\u00e7\u00e3o de Guilherme da Silva Cunha\" style=\"width: 496px; height: 372px;\" \/> <\/a> <div class=\"tiled-gallery-caption\" itemprop=\"caption description\"> 2016 &#8211; Defesa de disserta\u00e7\u00e3o de Guilherme da Silva Cunha <\/div> <\/div> <\/div> <!-- close group --> <div class=\"gallery-group images-2\" style=\"width: 250px; height: 376px;\" data-original-width=\"250\" data-original-height=\"376\" > <div class=\"tiled-gallery-item tiled-gallery-item-small\" itemprop=\"associatedMedia\" itemscope itemtype=\"http:\/\/schema.org\/ImageObject\"> <a href=\"https:\/\/posletrasufac.com\/es\/2016\/02\/26\/dissertacao-defendida-no-ppgli-aborda-o-curriculo-de-filosofia-no-acre\/26-02-16-048\/\" border=\"0\" itemprop=\"url\"> <meta itemprop=\"width\" content=\"246\"> <meta itemprop=\"height\" content=\"184\"> <img decoding=\"async\" class=\"\" data-attachment-id=\"1313\" data-orig-file=\"https:\/\/posletrasufac.com\/wp-content\/uploads\/2016\/02\/26-02-16-048.jpg\" data-orig-size=\"4608,3456\" data-comments-opened=\"\" data-image-meta=\"{&quot;aperture&quot;:&quot;3.5&quot;,&quot;credit&quot;:&quot;&quot;,&quot;camera&quot;:&quot;Canon PowerShot SX170 IS&quot;,&quot;caption&quot;:&quot;&quot;,&quot;created_timestamp&quot;:&quot;1456393688&quot;,&quot;copyright&quot;:&quot;&quot;,&quot;focal_length&quot;:&quot;5&quot;,&quot;iso&quot;:&quot;400&quot;,&quot;shutter_speed&quot;:&quot;0.016666666666667&quot;,&quot;title&quot;:&quot;&quot;,&quot;orientation&quot;:&quot;1&quot;}\" data-image-title=\"26.02.16 048\" data-image-description=\"\" data-medium-file=\"https:\/\/i0.wp.com\/posletrasufac.com\/wp-content\/uploads\/2016\/02\/26-02-16-048.jpg?fit=300%2C225&#038;ssl=1\" data-large-file=\"https:\/\/i0.wp.com\/posletrasufac.com\/wp-content\/uploads\/2016\/02\/26-02-16-048.jpg?fit=750%2C563&#038;ssl=1\" src=\"https:\/\/i0.wp.com\/posletrasufac.com\/wp-content\/uploads\/2016\/02\/26-02-16-048.jpg?w=246&#038;h=184&#038;ssl=1\" width=\"246\" height=\"184\" loading=\"lazy\" data-original-width=\"246\" data-original-height=\"184\" itemprop=\"http:\/\/schema.org\/image\" title=\"26.02.16 048\" alt=\"2016 - Defesa de disserta\u00e7\u00e3o de Guilherme da Silva Cunha\" style=\"width: 246px; height: 184px;\" \/> <\/a> <div class=\"tiled-gallery-caption\" itemprop=\"caption description\"> 2016 &#8211; Defesa de disserta\u00e7\u00e3o de Guilherme da Silva Cunha <\/div> <\/div> <div class=\"tiled-gallery-item tiled-gallery-item-small\" itemprop=\"associatedMedia\" itemscope itemtype=\"http:\/\/schema.org\/ImageObject\"> <a href=\"https:\/\/posletrasufac.com\/es\/2016\/02\/26\/dissertacao-defendida-no-ppgli-aborda-o-curriculo-de-filosofia-no-acre\/26-02-16-057\/\" border=\"0\" itemprop=\"url\"> <meta itemprop=\"width\" content=\"246\"> <meta itemprop=\"height\" content=\"184\"> <img decoding=\"async\" class=\"\" data-attachment-id=\"1317\" data-orig-file=\"https:\/\/posletrasufac.com\/wp-content\/uploads\/2016\/02\/26-02-16-057.jpg\" data-orig-size=\"4608,3456\" data-comments-opened=\"\" data-image-meta=\"{&quot;aperture&quot;:&quot;3.5&quot;,&quot;credit&quot;:&quot;&quot;,&quot;camera&quot;:&quot;Canon PowerShot SX170 IS&quot;,&quot;caption&quot;:&quot;&quot;,&quot;created_timestamp&quot;:&quot;1456399407&quot;,&quot;copyright&quot;:&quot;&quot;,&quot;focal_length&quot;:&quot;5&quot;,&quot;iso&quot;:&quot;200&quot;,&quot;shutter_speed&quot;:&quot;0.033333333333333&quot;,&quot;title&quot;:&quot;&quot;,&quot;orientation&quot;:&quot;1&quot;}\" data-image-title=\"26.02.16 057\" data-image-description=\"\" data-medium-file=\"https:\/\/i0.wp.com\/posletrasufac.com\/wp-content\/uploads\/2016\/02\/26-02-16-057.jpg?fit=300%2C225&#038;ssl=1\" data-large-file=\"https:\/\/i0.wp.com\/posletrasufac.com\/wp-content\/uploads\/2016\/02\/26-02-16-057.jpg?fit=750%2C563&#038;ssl=1\" src=\"https:\/\/i0.wp.com\/posletrasufac.com\/wp-content\/uploads\/2016\/02\/26-02-16-057.jpg?w=246&#038;h=184&#038;ssl=1\" width=\"246\" height=\"184\" loading=\"lazy\" data-original-width=\"246\" data-original-height=\"184\" itemprop=\"http:\/\/schema.org\/image\" title=\"26.02.16 057\" alt=\"2016 - Defesa de disserta\u00e7\u00e3o de Guilherme da Silva Cunha\" style=\"width: 246px; height: 184px;\" \/> <\/a> <div class=\"tiled-gallery-caption\" itemprop=\"caption description\"> 2016 &#8211; Defesa de disserta\u00e7\u00e3o de Guilherme da Silva Cunha <\/div> <\/div> <\/div> <!-- close group --> <\/div> <!-- close row --> <div class=\"gallery-row\" style=\"width: 750px; height: 564px;\" data-original-width=\"750\" data-original-height=\"564\" > <div class=\"gallery-group images-1\" style=\"width: 750px; height: 564px;\" data-original-width=\"750\" data-original-height=\"564\" > <div class=\"tiled-gallery-item tiled-gallery-item-large\" itemprop=\"associatedMedia\" itemscope itemtype=\"http:\/\/schema.org\/ImageObject\"> <a href=\"https:\/\/posletrasufac.com\/es\/2016\/02\/26\/dissertacao-defendida-no-ppgli-aborda-o-curriculo-de-filosofia-no-acre\/26-02-16-066\/\" border=\"0\" itemprop=\"url\"> <meta itemprop=\"width\" content=\"746\"> <meta itemprop=\"height\" content=\"560\"> <img decoding=\"async\" class=\"\" data-attachment-id=\"1315\" data-orig-file=\"https:\/\/posletrasufac.com\/wp-content\/uploads\/2016\/02\/26-02-16-066.jpg\" data-orig-size=\"4608,3456\" data-comments-opened=\"\" data-image-meta=\"{&quot;aperture&quot;:&quot;4&quot;,&quot;credit&quot;:&quot;&quot;,&quot;camera&quot;:&quot;Canon PowerShot SX170 IS&quot;,&quot;caption&quot;:&quot;&quot;,&quot;created_timestamp&quot;:&quot;1456401098&quot;,&quot;copyright&quot;:&quot;&quot;,&quot;focal_length&quot;:&quot;6.898&quot;,&quot;iso&quot;:&quot;800&quot;,&quot;shutter_speed&quot;:&quot;0.016666666666667&quot;,&quot;title&quot;:&quot;&quot;,&quot;orientation&quot;:&quot;1&quot;}\" data-image-title=\"26.02.16 066\" data-image-description=\"\" data-medium-file=\"https:\/\/i0.wp.com\/posletrasufac.com\/wp-content\/uploads\/2016\/02\/26-02-16-066.jpg?fit=300%2C225&#038;ssl=1\" data-large-file=\"https:\/\/i0.wp.com\/posletrasufac.com\/wp-content\/uploads\/2016\/02\/26-02-16-066.jpg?fit=750%2C563&#038;ssl=1\" src=\"https:\/\/i0.wp.com\/posletrasufac.com\/wp-content\/uploads\/2016\/02\/26-02-16-066.jpg?w=746&#038;h=560&#038;ssl=1\" width=\"746\" height=\"560\" loading=\"lazy\" data-original-width=\"746\" data-original-height=\"560\" itemprop=\"http:\/\/schema.org\/image\" title=\"26.02.16 066\" alt=\"2016 - Defesa de disserta\u00e7\u00e3o de Guilherme da Silva Cunha\" style=\"width: 746px; height: 560px;\" \/> <\/a> <div class=\"tiled-gallery-caption\" itemprop=\"caption description\"> 2016 &#8211; Defesa de disserta\u00e7\u00e3o de Guilherme da Silva Cunha <\/div> <\/div> <\/div> <!-- close group --> <\/div> <!-- close row --> <\/div>\n<p>&nbsp;<\/p>","protected":false},"excerpt":{"rendered":"<p>Ocorreu no dia 25 de fevereiro a defesa p\u00fablica da disserta\u00e7\u00e3o de mestrado do aluno\u00a0Guilherme da Silva Cunha, cujo t\u00edtulo \u00e9 &#8220;O CURR\u00cdCULO DE FILOSOFIA NO ACRE SOB UMA PERSPECTIVA NIETZSCHIANA&#8221; Participaram da Banca Examinadora a\u00a0Profa. Dra. T\u00e2nia Mara Rezende<\/p>","protected":false},"author":65883018,"featured_media":0,"comment_status":"closed","ping_status":"closed","sticky":false,"template":"","format":"standard","meta":{"_coblocks_attr":"","_coblocks_dimensions":"","_coblocks_responsive_height":"","_coblocks_accordion_ie_support":"","_crdt_document":"","advanced_seo_description":"","jetpack_seo_html_title":"","jetpack_seo_noindex":false,"_jetpack_newsletter_access":"","_jetpack_dont_email_post_to_subs":false,"_jetpack_newsletter_tier_id":0,"_jetpack_memberships_contains_paywalled_content":false,"_jetpack_memberships_contains_paid_content":false,"footnotes":"","jetpack_publicize_message":"","jetpack_publicize_feature_enabled":true,"jetpack_social_post_already_shared":false,"jetpack_social_options":{"image_generator_settings":{"template":"highway","default_image_id":0,"font":"","enabled":false},"version":2},"_wpas_customize_per_network":false,"jetpack_post_was_ever_published":false},"categories":[5078],"tags":[],"class_list":["post-1306","post","type-post","status-publish","format-standard","hentry","category-sem-categoria"],"jetpack_publicize_connections":[],"jetpack_featured_media_url":"","jetpack_likes_enabled":false,"jetpack_sharing_enabled":true,"jetpack_shortlink":"https:\/\/wp.me\/p4Na16-l4","amp_enabled":true,"_links":{"self":[{"href":"https:\/\/posletrasufac.com\/es\/wp-json\/wp\/v2\/posts\/1306","targetHints":{"allow":["GET"]}}],"collection":[{"href":"https:\/\/posletrasufac.com\/es\/wp-json\/wp\/v2\/posts"}],"about":[{"href":"https:\/\/posletrasufac.com\/es\/wp-json\/wp\/v2\/types\/post"}],"author":[{"embeddable":true,"href":"https:\/\/posletrasufac.com\/es\/wp-json\/wp\/v2\/users\/65883018"}],"replies":[{"embeddable":true,"href":"https:\/\/posletrasufac.com\/es\/wp-json\/wp\/v2\/comments?post=1306"}],"version-history":[{"count":7,"href":"https:\/\/posletrasufac.com\/es\/wp-json\/wp\/v2\/posts\/1306\/revisions"}],"predecessor-version":[{"id":1320,"href":"https:\/\/posletrasufac.com\/es\/wp-json\/wp\/v2\/posts\/1306\/revisions\/1320"}],"wp:attachment":[{"href":"https:\/\/posletrasufac.com\/es\/wp-json\/wp\/v2\/media?parent=1306"}],"wp:term":[{"taxonomy":"category","embeddable":true,"href":"https:\/\/posletrasufac.com\/es\/wp-json\/wp\/v2\/categories?post=1306"},{"taxonomy":"post_tag","embeddable":true,"href":"https:\/\/posletrasufac.com\/es\/wp-json\/wp\/v2\/tags?post=1306"}],"curies":[{"name":"wp","href":"https:\/\/api.w.org\/{rel}","templated":true}]}}