{"id":11785,"date":"2023-08-28T11:25:57","date_gmt":"2023-08-28T16:25:57","guid":{"rendered":"https:\/\/posletrasufac.com\/?p=11785"},"modified":"2023-10-16T11:13:26","modified_gmt":"2023-10-16T16:13:26","slug":"coletanea-nos-nao-somos-genericos-linguagens-interculturalidades-e-educacao-escolar-indigena-e-nao-indigena-em-ambientes-amazonicos","status":"publish","type":"post","link":"https:\/\/posletrasufac.com\/es\/2023\/08\/28\/coletanea-nos-nao-somos-genericos-linguagens-interculturalidades-e-educacao-escolar-indigena-e-nao-indigena-em-ambientes-amazonicos\/","title":{"rendered":"Colet\u00e2nea \u201cN\u00f3s n\u00e3o somos gen\u00e9ricos: l\u00edngua(gens), interculturalidades e educa\u00e7\u00e3o escolar ind\u00edgena e n\u00e3o ind\u00edgena em ambientes amaz\u00f4nicos\u201d"},"content":{"rendered":"<div class=\"wp-block-image\">\n<figure class=\"aligncenter size-full\"><a href=\"https:\/\/i0.wp.com\/posletrasufac.com\/wp-content\/uploads\/2023\/10\/Captura-d-1.png?ssl=1\"><img data-recalc-dims=\"1\" loading=\"lazy\" decoding=\"async\" width=\"461\" height=\"455\" data-attachment-id=\"12016\" data-permalink=\"https:\/\/posletrasufac.com\/es\/2023\/08\/28\/coletanea-nos-nao-somos-genericos-linguagens-interculturalidades-e-educacao-escolar-indigena-e-nao-indigena-em-ambientes-amazonicos\/captura-d-1\/\" data-orig-file=\"https:\/\/i0.wp.com\/posletrasufac.com\/wp-content\/uploads\/2023\/10\/Captura-d-1.png?fit=461%2C455&amp;ssl=1\" data-orig-size=\"461,455\" data-comments-opened=\"0\" data-image-meta=\"{&quot;aperture&quot;:&quot;0&quot;,&quot;credit&quot;:&quot;&quot;,&quot;camera&quot;:&quot;&quot;,&quot;caption&quot;:&quot;&quot;,&quot;created_timestamp&quot;:&quot;0&quot;,&quot;copyright&quot;:&quot;&quot;,&quot;focal_length&quot;:&quot;0&quot;,&quot;iso&quot;:&quot;0&quot;,&quot;shutter_speed&quot;:&quot;0&quot;,&quot;title&quot;:&quot;&quot;,&quot;orientation&quot;:&quot;0&quot;}\" data-image-title=\"Captura-d-1\" data-image-description=\"\" data-image-caption=\"\" data-large-file=\"https:\/\/i0.wp.com\/posletrasufac.com\/wp-content\/uploads\/2023\/10\/Captura-d-1.png?fit=461%2C455&amp;ssl=1\" src=\"https:\/\/i0.wp.com\/posletrasufac.com\/wp-content\/uploads\/2023\/10\/Captura-d-1.png?resize=461%2C455&#038;ssl=1\" alt=\"\" class=\"wp-image-12016\" srcset=\"https:\/\/i0.wp.com\/posletrasufac.com\/wp-content\/uploads\/2023\/10\/Captura-d-1.png?w=461&amp;ssl=1 461w, https:\/\/i0.wp.com\/posletrasufac.com\/wp-content\/uploads\/2023\/10\/Captura-d-1.png?resize=300%2C296&amp;ssl=1 300w\" sizes=\"auto, (max-width: 461px) 100vw, 461px\" \/><\/a><\/figure>\n<\/div>\n\n\n<p class=\"wp-block-paragraph\"><strong>CHAMADA ABERTA<\/strong><\/p>\n\n\n\n<p class=\"wp-block-paragraph\"><strong>Ementa<\/strong>: A proposta \u00e9 promover discuss\u00f5es sobre as m\u00faltiplas l\u00edngua(gens) presentes nos universos amaz\u00f4nicos e pan-amaz\u00f4nicos, problematizando quest\u00f5es relacionadas aos conceitos de l\u00edngua(gens), de interculturalidades e de letramentos em di\u00e1logo com povos ind\u00edgenas em espa\u00e7os amaz\u00f4nicos, embora estudos em espa\u00e7os amaz\u00f4nicos n\u00e3o ind\u00edgenas tamb\u00e9m sejam relevantes para esta colet\u00e2nea. Nosso interesse \u00e9 discutir como essas quest\u00f5es se relacionam com os distintos projetos de educa\u00e7\u00e3o escolar ind\u00edgena e n\u00e3o ind\u00edgena, considerando que as produ\u00e7\u00f5es de l\u00edngua(gens), enquanto g\u00eaneros que materializam as pr\u00e1ticas sociais, evocam, em alguma medida, diferentes formas com as quais sujeitas e sujeitos produzem sociabilidades. &nbsp;<\/p>\n\n\n\n<p class=\"wp-block-paragraph\"> <strong>Organiza\u00e7\u00e3o:<\/strong>  Shelton Lima de Souza, Aline Suelen Santos, Joaquim Man\u00e1 Kaxinaw\u00e1 e Simone Cordeiro Oliveira Pinheiro &nbsp; &nbsp; &nbsp;<\/p>\n\n\n\n<p class=\"wp-block-paragraph\"> ENVIO SEU TEXTOS:  AT\u00c9 A DATA LIMITE DE 15\/10\/2023. <\/p>\n\n\n\n<p class=\"wp-block-paragraph\">AVALIA\u00c7\u00c3O: AT\u00c9 A DATA LIMITE DE 3\/11\/2023 <\/p>\n\n\n\n<p class=\"wp-block-paragraph\">PUBLICA\u00c7\u00c3O: DEZEMBRO DE 2023 &nbsp; <\/p>\n\n\n\n<p class=\"wp-block-paragraph\">D\u00daVIDAS: (68) 99229-2183 &nbsp; <\/p>\n\n\n\n<p class=\"wp-block-paragraph\">ENVIO DOS ORIGINAIS: <a href=\"https:\/\/docs.google.com\/forms\/d\/e\/1FAIpQLSc7ByQdPqgvEI8qqxjU5eFeIGMcAuddQ98Mo1EQ0wqbEKJ68Q\/viewform?usp=sf_link\">https:\/\/docs.google.com\/forms\/d\/e\/1FAIpQLSc7ByQdPqgvEI8qqxjU5eFeIGMcAuddQ98Mo1EQ0wqbEKJ68Q\/viewform?usp=sf_link<\/a><strong>&nbsp;&nbsp;<\/strong><\/p>\n\n\n\n<p class=\"wp-block-paragraph\"><strong>Como publicar<\/strong>:<\/p>\n\n\n\n<ul class=\"wp-block-list\">\n<li>Em l\u00edngua portuguesa, inglesa ou espanhola, os textos encaminhados para publica\u00e7\u00e3o devem ser digitado em editor de texto Word, fonte Times New Roman, tamanho 12, espa\u00e7o entrelinhas de 1,5, papel A4, margens superior\/inferior 2,5 cm e esquerda\/direita 3 cm, podendo ser entre 15 e 25 p\u00e1ginas, incluindo refer\u00eancias ao final do texto.<\/li>\n\n\n\n<li>Os artigos devem constar de, pelo menos, um autor com titula\u00e7\u00e3o de mestrado ou doutorado, n\u00e3o poder\u00e3o superar mais de tr\u00eas autores por cap\u00edtulo e dever\u00e3o ser assim apresentados:<\/li>\n<\/ul>\n\n\n\n<p class=\"wp-block-paragraph\">1.&nbsp; T\u00edtulo do trabalho, centralizado, na primeira linha da folha inicial e em caixa alta; <\/p>\n\n\n\n<p class=\"wp-block-paragraph\">2.&nbsp; Logo abaixo, o(s) nome(s) do(s) autor(es); <\/p>\n\n\n\n<p class=\"wp-block-paragraph\">3.&nbsp; Depois disso, a filia\u00e7\u00e3o institucional do(s) autor(es) com a respectiva titula\u00e7\u00e3o; <\/p>\n\n\n\n<p class=\"wp-block-paragraph\">4.&nbsp;&nbsp; As cita\u00e7\u00f5es devem obedecer ao sistema Autor\/Data. Somente ser\u00e3o aceitas notas explicativas no seguinte formato: fonte Times New Roman, tamanho10, espa\u00e7o simples, alinhamento justificado. &nbsp;<\/p>\n\n\n\n<p class=\"wp-block-paragraph\">As cita\u00e7\u00f5es com at\u00e9 tr\u00eas linhas devem estar entre aspas e no corpo do trabalho. Com mais de tr\u00eas linhas devem ter adentramento \u00e0 esquerda de 4 cm, corpo 10, sem adentramento \u00e0 direita e entrelinhas simples;<\/p>\n\n\n\n<p class=\"wp-block-paragraph\"> 5.&nbsp;&nbsp;&nbsp;&nbsp; Refer\u00eancias bibliogr\u00e1ficas, segundo normas da ABNT. &nbsp;<\/p>\n\n\n\n<p class=\"wp-block-paragraph\"> <strong>Realiza\u00e7\u00e3o<\/strong>: <\/p>\n\n\n\n<p class=\"wp-block-paragraph\">Universidade Federal do Acre<\/p>\n\n\n\n<p class=\"wp-block-paragraph\">Programa de P\u00f3s-Gradua\u00e7\u00e3o em Letras &#8211; Linguagem e Identidade<\/p>","protected":false},"excerpt":{"rendered":"<p>CHAMADA ABERTA Ementa: A proposta \u00e9 promover discuss\u00f5es sobre as m\u00faltiplas l\u00edngua(gens) presentes nos universos amaz\u00f4nicos e pan-amaz\u00f4nicos, problematizando quest\u00f5es relacionadas aos conceitos de l\u00edngua(gens), de interculturalidades e de letramentos em di\u00e1logo com povos ind\u00edgenas em espa\u00e7os amaz\u00f4nicos, embora estudos<\/p>","protected":false},"author":65883018,"featured_media":0,"comment_status":"closed","ping_status":"closed","sticky":false,"template":"","format":"standard","meta":{"_coblocks_attr":"","_coblocks_dimensions":"","_coblocks_responsive_height":"","_coblocks_accordion_ie_support":"","_crdt_document":"","advanced_seo_description":"","jetpack_seo_html_title":"","jetpack_seo_noindex":false,"_jetpack_newsletter_access":"","_jetpack_dont_email_post_to_subs":false,"_jetpack_newsletter_tier_id":0,"_jetpack_memberships_contains_paywalled_content":false,"_jetpack_memberships_contains_paid_content":false,"footnotes":"","jetpack_publicize_message":"","jetpack_publicize_feature_enabled":true,"jetpack_social_post_already_shared":true,"jetpack_social_options":{"image_generator_settings":{"template":"highway","default_image_id":0,"font":"","enabled":false},"version":2},"_wpas_customize_per_network":false,"jetpack_post_was_ever_published":false},"categories":[233475685],"tags":[],"class_list":["post-11785","post","type-post","status-publish","format-standard","hentry","category-ppgli"],"jetpack_publicize_connections":[],"jetpack_featured_media_url":"","jetpack_likes_enabled":false,"jetpack_sharing_enabled":true,"jetpack_shortlink":"https:\/\/wp.me\/p4Na16-345","amp_enabled":true,"_links":{"self":[{"href":"https:\/\/posletrasufac.com\/es\/wp-json\/wp\/v2\/posts\/11785","targetHints":{"allow":["GET"]}}],"collection":[{"href":"https:\/\/posletrasufac.com\/es\/wp-json\/wp\/v2\/posts"}],"about":[{"href":"https:\/\/posletrasufac.com\/es\/wp-json\/wp\/v2\/types\/post"}],"author":[{"embeddable":true,"href":"https:\/\/posletrasufac.com\/es\/wp-json\/wp\/v2\/users\/65883018"}],"replies":[{"embeddable":true,"href":"https:\/\/posletrasufac.com\/es\/wp-json\/wp\/v2\/comments?post=11785"}],"version-history":[{"count":6,"href":"https:\/\/posletrasufac.com\/es\/wp-json\/wp\/v2\/posts\/11785\/revisions"}],"predecessor-version":[{"id":12017,"href":"https:\/\/posletrasufac.com\/es\/wp-json\/wp\/v2\/posts\/11785\/revisions\/12017"}],"wp:attachment":[{"href":"https:\/\/posletrasufac.com\/es\/wp-json\/wp\/v2\/media?parent=11785"}],"wp:term":[{"taxonomy":"category","embeddable":true,"href":"https:\/\/posletrasufac.com\/es\/wp-json\/wp\/v2\/categories?post=11785"},{"taxonomy":"post_tag","embeddable":true,"href":"https:\/\/posletrasufac.com\/es\/wp-json\/wp\/v2\/tags?post=11785"}],"curies":[{"name":"wp","href":"https:\/\/api.w.org\/{rel}","templated":true}]}}