{"id":9623,"date":"2022-07-26T22:23:47","date_gmt":"2022-07-27T03:23:47","guid":{"rendered":"https:\/\/posletrasufac.com\/?p=9623"},"modified":"2022-07-26T22:23:48","modified_gmt":"2022-07-27T03:23:48","slug":"inscricoes-deferidas-edital-propeg-no-06-2022-politicas-afirmativas-decada-internacional-das-linguas-indigenas","status":"publish","type":"post","link":"https:\/\/posletrasufac.com\/en\/2022\/07\/26\/inscricoes-deferidas-edital-propeg-no-06-2022-politicas-afirmativas-decada-internacional-das-linguas-indigenas\/","title":{"rendered":"INSCRI\u00c7\u00d5ES DEFERIDAS &#8211; Edital PROPEG no 06\/2022 \u2013 Pol\u00edticas afirmativas: D\u00e9cada Internacional das L\u00ednguas Ind\u00edgenas"},"content":{"rendered":"<div class=\"wp-block-image\">\n<figure class=\"aligncenter size-full\"><a href=\"https:\/\/i0.wp.com\/posletrasufac.com\/wp-content\/uploads\/2022\/04\/Edital-Decada-Internacional-Linguas-Indigenas.png?ssl=1\"><img data-recalc-dims=\"1\" loading=\"lazy\" decoding=\"async\" width=\"750\" height=\"333\" data-attachment-id=\"8948\" data-permalink=\"https:\/\/posletrasufac.com\/en\/2022\/04\/08\/edital-no-06-2022-decada-internacional-das-linguas-indigenas-selecao-publica-de-candidatoas-indigenas-para-o-preenchimento-de-15-quinze-vagas-para-o-curso-de-mestrado-e-10-dez-vagas\/edital-decada-internacional-linguas-indigenas\/\" data-orig-file=\"https:\/\/i0.wp.com\/posletrasufac.com\/wp-content\/uploads\/2022\/04\/Edital-Decada-Internacional-Linguas-Indigenas.png?fit=900%2C400&amp;ssl=1\" data-orig-size=\"900,400\" data-comments-opened=\"0\" data-image-meta=\"{&quot;aperture&quot;:&quot;0&quot;,&quot;credit&quot;:&quot;&quot;,&quot;camera&quot;:&quot;&quot;,&quot;caption&quot;:&quot;&quot;,&quot;created_timestamp&quot;:&quot;0&quot;,&quot;copyright&quot;:&quot;&quot;,&quot;focal_length&quot;:&quot;0&quot;,&quot;iso&quot;:&quot;0&quot;,&quot;shutter_speed&quot;:&quot;0&quot;,&quot;title&quot;:&quot;&quot;,&quot;orientation&quot;:&quot;0&quot;}\" data-image-title=\"Edital-Decada-Internacional-Linguas-Indigenas\" data-image-description=\"\" data-image-caption=\"\" data-large-file=\"https:\/\/i0.wp.com\/posletrasufac.com\/wp-content\/uploads\/2022\/04\/Edital-Decada-Internacional-Linguas-Indigenas.png?fit=750%2C333&amp;ssl=1\" src=\"https:\/\/i0.wp.com\/posletrasufac.com\/wp-content\/uploads\/2022\/04\/Edital-Decada-Internacional-Linguas-Indigenas.png?resize=750%2C333&#038;ssl=1\" alt=\"\" class=\"wp-image-8948\" srcset=\"https:\/\/i0.wp.com\/posletrasufac.com\/wp-content\/uploads\/2022\/04\/Edital-Decada-Internacional-Linguas-Indigenas.png?w=900&amp;ssl=1 900w, https:\/\/i0.wp.com\/posletrasufac.com\/wp-content\/uploads\/2022\/04\/Edital-Decada-Internacional-Linguas-Indigenas.png?resize=300%2C133&amp;ssl=1 300w, https:\/\/i0.wp.com\/posletrasufac.com\/wp-content\/uploads\/2022\/04\/Edital-Decada-Internacional-Linguas-Indigenas.png?resize=768%2C341&amp;ssl=1 768w\" sizes=\"auto, (max-width: 750px) 100vw, 750px\" \/><\/a><\/figure>\n<\/div>\n\n\n<div data-wp-interactive=\"core\/file\" class=\"wp-block-file\"><object data-wp-bind--hidden=\"!state.hasPdfPreview\" hidden class=\"wp-block-file__embed\" data=\"https:\/\/posletrasufac.com\/wp-content\/uploads\/2022\/07\/Inscricoes-deferidas.pdf\" type=\"application\/pdf\" style=\"width:100%;height:600px\" aria-label=\"Embed of M\u00eddia incorporada de Inscri\u00e7\u00f5es Deferidas..\"><\/object><a id=\"wp-block-file--media-c4221480-4a32-4f8b-a7d8-cb45f3617cdb\" href=\"https:\/\/posletrasufac.com\/wp-content\/uploads\/2022\/07\/Inscricoes-deferidas.pdf\">Inscri\u00e7\u00f5es Deferidas<\/a><a href=\"https:\/\/posletrasufac.com\/wp-content\/uploads\/2022\/07\/Inscricoes-deferidas.pdf\" class=\"wp-block-file__button wp-element-button\" download aria-describedby=\"wp-block-file--media-c4221480-4a32-4f8b-a7d8-cb45f3617cdb\">Download<\/a><\/div>","protected":false},"excerpt":{"rendered":"","protected":false},"author":65883018,"featured_media":0,"comment_status":"closed","ping_status":"closed","sticky":false,"template":"","format":"standard","meta":{"_coblocks_attr":"","_coblocks_dimensions":"","_coblocks_responsive_height":"","_coblocks_accordion_ie_support":"","_crdt_document":"","advanced_seo_description":"","jetpack_seo_html_title":"","jetpack_seo_noindex":false,"_jetpack_newsletter_access":"","_jetpack_dont_email_post_to_subs":false,"_jetpack_newsletter_tier_id":0,"_jetpack_memberships_contains_paywalled_content":false,"_jetpack_memberships_contains_paid_content":false,"footnotes":"","jetpack_publicize_message":"","jetpack_publicize_feature_enabled":true,"jetpack_social_post_already_shared":true,"jetpack_social_options":{"image_generator_settings":{"template":"highway","default_image_id":0,"font":"","enabled":false},"version":2},"_wpas_customize_per_network":false,"jetpack_post_was_ever_published":false},"categories":[233475685],"tags":[],"class_list":["post-9623","post","type-post","status-publish","format-standard","hentry","category-ppgli"],"jetpack_publicize_connections":[],"jetpack_featured_media_url":"","jetpack_likes_enabled":false,"jetpack_sharing_enabled":true,"jetpack_shortlink":"https:\/\/wp.me\/p4Na16-2vd","amp_enabled":true,"_links":{"self":[{"href":"https:\/\/posletrasufac.com\/en\/wp-json\/wp\/v2\/posts\/9623","targetHints":{"allow":["GET"]}}],"collection":[{"href":"https:\/\/posletrasufac.com\/en\/wp-json\/wp\/v2\/posts"}],"about":[{"href":"https:\/\/posletrasufac.com\/en\/wp-json\/wp\/v2\/types\/post"}],"author":[{"embeddable":true,"href":"https:\/\/posletrasufac.com\/en\/wp-json\/wp\/v2\/users\/65883018"}],"replies":[{"embeddable":true,"href":"https:\/\/posletrasufac.com\/en\/wp-json\/wp\/v2\/comments?post=9623"}],"version-history":[{"count":2,"href":"https:\/\/posletrasufac.com\/en\/wp-json\/wp\/v2\/posts\/9623\/revisions"}],"predecessor-version":[{"id":9626,"href":"https:\/\/posletrasufac.com\/en\/wp-json\/wp\/v2\/posts\/9623\/revisions\/9626"}],"wp:attachment":[{"href":"https:\/\/posletrasufac.com\/en\/wp-json\/wp\/v2\/media?parent=9623"}],"wp:term":[{"taxonomy":"category","embeddable":true,"href":"https:\/\/posletrasufac.com\/en\/wp-json\/wp\/v2\/categories?post=9623"},{"taxonomy":"post_tag","embeddable":true,"href":"https:\/\/posletrasufac.com\/en\/wp-json\/wp\/v2\/tags?post=9623"}],"curies":[{"name":"wp","href":"https:\/\/api.w.org\/{rel}","templated":true}]}}