{"id":925,"date":"2015-10-05T09:00:09","date_gmt":"2015-10-05T14:00:09","guid":{"rendered":"http:\/\/posletrasufac.com\/?p=925"},"modified":"2015-10-05T09:00:09","modified_gmt":"2015-10-05T14:00:09","slug":"seminario-de-estudos-linguisticos-e-literarios-de-vilhena-ro","status":"publish","type":"post","link":"https:\/\/posletrasufac.com\/en\/2015\/10\/05\/seminario-de-estudos-linguisticos-e-literarios-de-vilhena-ro\/","title":{"rendered":"Semin\u00e1rio de Estudos Lingu\u00edsticos e Liter\u00e1rios de Vilhena &#8211; RO"},"content":{"rendered":"<p class=\"font_8\"><span class=\"color_11\">A miss\u00e3o do Semin\u00e1rio de Estudos Lingu\u00edsticos e Liter\u00e1rios de Vilhena \u00e9 estimular a produ\u00e7\u00e3o e a socializa\u00e7\u00e3o do conhecimento, fomentando e valorizando a cultura da especializa\u00e7\u00e3o acad\u00eamica na regi\u00e3o norte.<\/span><\/p>\n<p class=\"font_8\">\n<p class=\"font_8\"><span class=\"color_11\">S\u00e3o duas as matrizes do evento, postas sempre de modo interdisciplinar: as discuss\u00f5es acerca da lingu\u00edstica e seus desmembramentos e as reflex\u00f5es concernentes aos estudos liter\u00e1rios e art\u00edsticos. D\u00e1-se tamb\u00e9m import\u00e2ncia, a fim de atender o anseio formativo dos professores da rede p\u00fablica, \u00e0s rela\u00e7\u00f5es acerca desses temas (lingu\u00edstica, letras e artes) com a educa\u00e7\u00e3o \u00a0e o exerc\u00edcio do magist\u00e9rio do ensino fundamental e m\u00e9dio.<\/span><\/p>\n<p class=\"font_8\">\n<p class=\"font_8\"><span class=\"color_11\">Sendo o seu objetivo principal contribuir com a educa\u00e7\u00e3o e com a forma\u00e7\u00e3o de professores, e tendo se consolidado como evento dessa natureza em Rond\u00f4nia e regi\u00e3o, o Sell adquiriu o tra\u00e7o pluritem\u00e1tico que o define. A 20\u00aa edi\u00e7\u00e3o do evento, sem descurar dessa tradi\u00e7\u00e3o, e seguindo a trilha que se abriu com a cria\u00e7\u00e3o dos cursos de mestrado em Letras e em Estudos Liter\u00e1rios, prossegue a reorganiza\u00e7\u00e3o de sua estrutura e tem\u00e1tica. Mant\u00e9m-se, contudo, o prop\u00f3sito de catalisar o anseio de forma\u00e7\u00e3o acad\u00eamica, transformando-o em a\u00e7\u00e3o educativa, al\u00e9m de testar, afirmar e consolidar as linhas de investiga\u00e7\u00e3o dos estudos de Letras na Unir e estimular a intera\u00e7\u00e3o entre gradua\u00e7\u00e3o e p\u00f3s-gradua\u00e7\u00e3o.<\/span><\/p>\n<p class=\"font_8\"><span class=\"color_11\">Tema do XX SELL<\/span><\/p>\n<p class=\"font_8\">\n<p class=\"font_8\"><span class=\"color_11\">A hiperespecializa\u00e7\u00e3o nas ci\u00eancias humanas cumpriu o papel de superar ora a indulg\u00eancia ora a racionalidade de vi\u00e9s inflex\u00edvel que durante longos per\u00edodos imperou nos estudos da linguagem, obliterando avan\u00e7os na cr\u00edtica liter\u00e1ria. A hiperespecializa\u00e7\u00e3o, contudo, trouxe consigo a parceliza\u00e7\u00e3o do saber, numa complexa disputa e coexist\u00eancia entre teorias, que coincide com a perda da centralidade da cultura. Nas artes, parece coincidir com a crise do estilo, que indicia tanto uma nova rela\u00e7\u00e3o entre natureza, valor e forma, como a reconfigura\u00e7\u00e3o da cr\u00edtica.<\/span><\/p>\n<p class=\"font_8\">Inscri\u00e7\u00f5es:\u00a0http:\/\/sellunir.wix.com\/xxsell<\/p>","protected":false},"excerpt":{"rendered":"<p>A miss\u00e3o do Semin\u00e1rio de Estudos Lingu\u00edsticos e Liter\u00e1rios de Vilhena \u00e9 estimular a produ\u00e7\u00e3o e a socializa\u00e7\u00e3o do conhecimento, fomentando e valorizando a cultura da especializa\u00e7\u00e3o acad\u00eamica na regi\u00e3o norte. S\u00e3o duas as matrizes do evento, postas sempre de<\/p>","protected":false},"author":65883018,"featured_media":0,"comment_status":"closed","ping_status":"closed","sticky":false,"template":"","format":"standard","meta":{"_coblocks_attr":"","_coblocks_dimensions":"","_coblocks_responsive_height":"","_coblocks_accordion_ie_support":"","_crdt_document":"","advanced_seo_description":"","jetpack_seo_html_title":"","jetpack_seo_noindex":false,"_jetpack_newsletter_access":"","_jetpack_dont_email_post_to_subs":false,"_jetpack_newsletter_tier_id":0,"_jetpack_memberships_contains_paywalled_content":false,"_jetpack_memberships_contains_paid_content":false,"footnotes":"","jetpack_publicize_message":"","jetpack_publicize_feature_enabled":true,"jetpack_social_post_already_shared":false,"jetpack_social_options":{"image_generator_settings":{"template":"highway","default_image_id":0,"font":"","enabled":false},"version":2},"_wpas_customize_per_network":false,"jetpack_post_was_ever_published":false},"categories":[5078],"tags":[],"class_list":["post-925","post","type-post","status-publish","format-standard","hentry","category-sem-categoria"],"jetpack_publicize_connections":[],"jetpack_featured_media_url":"","jetpack_likes_enabled":false,"jetpack_sharing_enabled":true,"jetpack_shortlink":"https:\/\/wp.me\/p4Na16-eV","amp_enabled":true,"_links":{"self":[{"href":"https:\/\/posletrasufac.com\/en\/wp-json\/wp\/v2\/posts\/925","targetHints":{"allow":["GET"]}}],"collection":[{"href":"https:\/\/posletrasufac.com\/en\/wp-json\/wp\/v2\/posts"}],"about":[{"href":"https:\/\/posletrasufac.com\/en\/wp-json\/wp\/v2\/types\/post"}],"author":[{"embeddable":true,"href":"https:\/\/posletrasufac.com\/en\/wp-json\/wp\/v2\/users\/65883018"}],"replies":[{"embeddable":true,"href":"https:\/\/posletrasufac.com\/en\/wp-json\/wp\/v2\/comments?post=925"}],"version-history":[{"count":1,"href":"https:\/\/posletrasufac.com\/en\/wp-json\/wp\/v2\/posts\/925\/revisions"}],"predecessor-version":[{"id":926,"href":"https:\/\/posletrasufac.com\/en\/wp-json\/wp\/v2\/posts\/925\/revisions\/926"}],"wp:attachment":[{"href":"https:\/\/posletrasufac.com\/en\/wp-json\/wp\/v2\/media?parent=925"}],"wp:term":[{"taxonomy":"category","embeddable":true,"href":"https:\/\/posletrasufac.com\/en\/wp-json\/wp\/v2\/categories?post=925"},{"taxonomy":"post_tag","embeddable":true,"href":"https:\/\/posletrasufac.com\/en\/wp-json\/wp\/v2\/tags?post=925"}],"curies":[{"name":"wp","href":"https:\/\/api.w.org\/{rel}","templated":true}]}}