{"id":892,"date":"2015-09-25T16:13:09","date_gmt":"2015-09-25T21:13:09","guid":{"rendered":"http:\/\/posletrasufac.com\/?p=892"},"modified":"2015-09-25T16:13:58","modified_gmt":"2015-09-25T21:13:58","slug":"edital-propeg-no-0132015-selecao-publica-de-candidatos-para-o-mestrado-em-letras-turma-2016","status":"publish","type":"post","link":"https:\/\/posletrasufac.com\/en\/2015\/09\/25\/edital-propeg-no-0132015-selecao-publica-de-candidatos-para-o-mestrado-em-letras-turma-2016\/","title":{"rendered":"Edital PROPEG n. 013\/2015 &#8211; Sele\u00e7\u00e3o p\u00fablica de candidatos para o Mestrado em Letras &#8211; Turma 2016"},"content":{"rendered":"<p><a href=\"https:\/\/i0.wp.com\/posletrasufac.com\/wp-content\/uploads\/2015\/09\/edital-turma-2016.png?ssl=1\"><img data-recalc-dims=\"1\" loading=\"lazy\" decoding=\"async\" data-attachment-id=\"893\" data-permalink=\"https:\/\/posletrasufac.com\/en\/2015\/09\/25\/edital-propeg-no-0132015-selecao-publica-de-candidatos-para-o-mestrado-em-letras-turma-2016\/edital-turma-2016\/\" data-orig-file=\"https:\/\/i0.wp.com\/posletrasufac.com\/wp-content\/uploads\/2015\/09\/edital-turma-2016.png?fit=2482%2C1750&amp;ssl=1\" data-orig-size=\"2482,1750\" data-comments-opened=\"0\" data-image-meta=\"{&quot;aperture&quot;:&quot;0&quot;,&quot;credit&quot;:&quot;&quot;,&quot;camera&quot;:&quot;&quot;,&quot;caption&quot;:&quot;&quot;,&quot;created_timestamp&quot;:&quot;0&quot;,&quot;copyright&quot;:&quot;&quot;,&quot;focal_length&quot;:&quot;0&quot;,&quot;iso&quot;:&quot;0&quot;,&quot;shutter_speed&quot;:&quot;0&quot;,&quot;title&quot;:&quot;&quot;,&quot;orientation&quot;:&quot;0&quot;}\" data-image-title=\"Edital Turma 2016\" data-image-description=\"\" data-image-caption=\"\" data-large-file=\"https:\/\/i0.wp.com\/posletrasufac.com\/wp-content\/uploads\/2015\/09\/edital-turma-2016.png?fit=750%2C529&amp;ssl=1\" class=\"aligncenter wp-image-893 size-large\" src=\"https:\/\/i0.wp.com\/posletrasufac.com\/wp-content\/uploads\/2015\/09\/edital-turma-2016.png?resize=660%2C465&#038;ssl=1\" alt=\"Edital Turma 2016\" width=\"660\" height=\"465\" \/><\/a><\/p>\n<p style=\"text-align:center;\"><a href=\"https:\/\/posletrasufac.com\/wp-content\/uploads\/2015\/09\/edital-mestrado-em-letras-turma-2016.pdf\">Edital Mestrado em Letras &#8211; Turma 2016<\/a><\/p>","protected":false},"excerpt":{"rendered":"<p>Edital Mestrado em Letras &#8211; Turma 2016<\/p>","protected":false},"author":65883018,"featured_media":0,"comment_status":"closed","ping_status":"closed","sticky":false,"template":"","format":"standard","meta":{"_coblocks_attr":"","_coblocks_dimensions":"","_coblocks_responsive_height":"","_coblocks_accordion_ie_support":"","_crdt_document":"","advanced_seo_description":"","jetpack_seo_html_title":"","jetpack_seo_noindex":false,"_jetpack_newsletter_access":"","_jetpack_dont_email_post_to_subs":false,"_jetpack_newsletter_tier_id":0,"_jetpack_memberships_contains_paywalled_content":false,"_jetpack_memberships_contains_paid_content":false,"footnotes":"","jetpack_publicize_message":"","jetpack_publicize_feature_enabled":true,"jetpack_social_post_already_shared":false,"jetpack_social_options":{"image_generator_settings":{"template":"highway","default_image_id":0,"font":"","enabled":false},"version":2},"_wpas_customize_per_network":false,"jetpack_post_was_ever_published":false},"categories":[5078],"tags":[],"class_list":["post-892","post","type-post","status-publish","format-standard","hentry","category-sem-categoria"],"jetpack_publicize_connections":[],"jetpack_featured_media_url":"","jetpack_likes_enabled":false,"jetpack_sharing_enabled":true,"jetpack_shortlink":"https:\/\/wp.me\/p4Na16-eo","amp_enabled":true,"_links":{"self":[{"href":"https:\/\/posletrasufac.com\/en\/wp-json\/wp\/v2\/posts\/892","targetHints":{"allow":["GET"]}}],"collection":[{"href":"https:\/\/posletrasufac.com\/en\/wp-json\/wp\/v2\/posts"}],"about":[{"href":"https:\/\/posletrasufac.com\/en\/wp-json\/wp\/v2\/types\/post"}],"author":[{"embeddable":true,"href":"https:\/\/posletrasufac.com\/en\/wp-json\/wp\/v2\/users\/65883018"}],"replies":[{"embeddable":true,"href":"https:\/\/posletrasufac.com\/en\/wp-json\/wp\/v2\/comments?post=892"}],"version-history":[{"count":2,"href":"https:\/\/posletrasufac.com\/en\/wp-json\/wp\/v2\/posts\/892\/revisions"}],"predecessor-version":[{"id":896,"href":"https:\/\/posletrasufac.com\/en\/wp-json\/wp\/v2\/posts\/892\/revisions\/896"}],"wp:attachment":[{"href":"https:\/\/posletrasufac.com\/en\/wp-json\/wp\/v2\/media?parent=892"}],"wp:term":[{"taxonomy":"category","embeddable":true,"href":"https:\/\/posletrasufac.com\/en\/wp-json\/wp\/v2\/categories?post=892"},{"taxonomy":"post_tag","embeddable":true,"href":"https:\/\/posletrasufac.com\/en\/wp-json\/wp\/v2\/tags?post=892"}],"curies":[{"name":"wp","href":"https:\/\/api.w.org\/{rel}","templated":true}]}}