{"id":8594,"date":"2021-12-09T16:32:58","date_gmt":"2021-12-09T21:32:58","guid":{"rendered":"https:\/\/posletrasufac.com\/?p=8594"},"modified":"2021-12-09T16:44:44","modified_gmt":"2021-12-09T21:44:44","slug":"ppgli-encerra-atividades-em-2021-com-serie-de-defesas-de-dissertacoes","status":"publish","type":"post","link":"https:\/\/posletrasufac.com\/en\/2021\/12\/09\/ppgli-encerra-atividades-em-2021-com-serie-de-defesas-de-dissertacoes\/","title":{"rendered":"PPGLI encerra atividades em 2021 com s\u00e9rie de defesas de disserta\u00e7\u00f5es"},"content":{"rendered":"<div class=\"wp-block-jetpack-slideshow aligncenter\" data-effect=\"slide\"><div class=\"wp-block-jetpack-slideshow_container swiper-container\"><ul class=\"wp-block-jetpack-slideshow_swiper-wrapper swiper-wrapper\"><li class=\"wp-block-jetpack-slideshow_slide swiper-slide\"><figure><img data-recalc-dims=\"1\" loading=\"lazy\" decoding=\"async\" width=\"750\" height=\"428\" alt=\"\" class=\"wp-block-jetpack-slideshow_image wp-image-8619\" data-id=\"8619\" src=\"https:\/\/i0.wp.com\/posletrasufac.com\/wp-content\/uploads\/2021\/12\/adicleia-2.png?resize=750%2C428&#038;ssl=1\" srcset=\"https:\/\/i0.wp.com\/posletrasufac.com\/wp-content\/uploads\/2021\/12\/adicleia-2.png?resize=1024%2C585&amp;ssl=1 1024w, https:\/\/i0.wp.com\/posletrasufac.com\/wp-content\/uploads\/2021\/12\/adicleia-2.png?resize=300%2C171&amp;ssl=1 300w, https:\/\/i0.wp.com\/posletrasufac.com\/wp-content\/uploads\/2021\/12\/adicleia-2.png?resize=768%2C439&amp;ssl=1 768w, https:\/\/i0.wp.com\/posletrasufac.com\/wp-content\/uploads\/2021\/12\/adicleia-2.png?resize=1200%2C686&amp;ssl=1 1200w, https:\/\/i0.wp.com\/posletrasufac.com\/wp-content\/uploads\/2021\/12\/adicleia-2.png?w=1281&amp;ssl=1 1281w\" sizes=\"(max-width: 750px) 100vw, 750px\" \/><\/figure><\/li><li class=\"wp-block-jetpack-slideshow_slide swiper-slide\"><figure><img data-recalc-dims=\"1\" loading=\"lazy\" decoding=\"async\" width=\"750\" height=\"428\" alt=\"\" class=\"wp-block-jetpack-slideshow_image wp-image-8620\" data-id=\"8620\" src=\"https:\/\/i0.wp.com\/posletrasufac.com\/wp-content\/uploads\/2021\/12\/mai-2.png?resize=750%2C428&#038;ssl=1\" srcset=\"https:\/\/i0.wp.com\/posletrasufac.com\/wp-content\/uploads\/2021\/12\/mai-2.png?resize=1024%2C585&amp;ssl=1 1024w, https:\/\/i0.wp.com\/posletrasufac.com\/wp-content\/uploads\/2021\/12\/mai-2.png?resize=300%2C171&amp;ssl=1 300w, https:\/\/i0.wp.com\/posletrasufac.com\/wp-content\/uploads\/2021\/12\/mai-2.png?resize=768%2C439&amp;ssl=1 768w, https:\/\/i0.wp.com\/posletrasufac.com\/wp-content\/uploads\/2021\/12\/mai-2.png?resize=1200%2C686&amp;ssl=1 1200w, https:\/\/i0.wp.com\/posletrasufac.com\/wp-content\/uploads\/2021\/12\/mai-2.png?w=1281&amp;ssl=1 1281w\" sizes=\"(max-width: 750px) 100vw, 750px\" \/><\/figure><\/li><li class=\"wp-block-jetpack-slideshow_slide swiper-slide\"><figure><img data-recalc-dims=\"1\" loading=\"lazy\" decoding=\"async\" width=\"750\" height=\"428\" alt=\"\" class=\"wp-block-jetpack-slideshow_image wp-image-8621\" data-id=\"8621\" src=\"https:\/\/i0.wp.com\/posletrasufac.com\/wp-content\/uploads\/2021\/12\/Poli-2.png?resize=750%2C428&#038;ssl=1\" srcset=\"https:\/\/i0.wp.com\/posletrasufac.com\/wp-content\/uploads\/2021\/12\/Poli-2.png?resize=1024%2C585&amp;ssl=1 1024w, https:\/\/i0.wp.com\/posletrasufac.com\/wp-content\/uploads\/2021\/12\/Poli-2.png?resize=300%2C171&amp;ssl=1 300w, https:\/\/i0.wp.com\/posletrasufac.com\/wp-content\/uploads\/2021\/12\/Poli-2.png?resize=768%2C439&amp;ssl=1 768w, https:\/\/i0.wp.com\/posletrasufac.com\/wp-content\/uploads\/2021\/12\/Poli-2.png?resize=1200%2C686&amp;ssl=1 1200w, https:\/\/i0.wp.com\/posletrasufac.com\/wp-content\/uploads\/2021\/12\/Poli-2.png?w=1281&amp;ssl=1 1281w\" sizes=\"(max-width: 750px) 100vw, 750px\" \/><\/figure><\/li><li class=\"wp-block-jetpack-slideshow_slide swiper-slide\"><figure><img data-recalc-dims=\"1\" loading=\"lazy\" decoding=\"async\" width=\"750\" height=\"428\" alt=\"\" class=\"wp-block-jetpack-slideshow_image wp-image-8622\" data-id=\"8622\" src=\"https:\/\/i0.wp.com\/posletrasufac.com\/wp-content\/uploads\/2021\/12\/vildna-2.png?resize=750%2C428&#038;ssl=1\" srcset=\"https:\/\/i0.wp.com\/posletrasufac.com\/wp-content\/uploads\/2021\/12\/vildna-2.png?resize=1024%2C585&amp;ssl=1 1024w, https:\/\/i0.wp.com\/posletrasufac.com\/wp-content\/uploads\/2021\/12\/vildna-2.png?resize=300%2C171&amp;ssl=1 300w, https:\/\/i0.wp.com\/posletrasufac.com\/wp-content\/uploads\/2021\/12\/vildna-2.png?resize=768%2C439&amp;ssl=1 768w, https:\/\/i0.wp.com\/posletrasufac.com\/wp-content\/uploads\/2021\/12\/vildna-2.png?resize=1200%2C686&amp;ssl=1 1200w, https:\/\/i0.wp.com\/posletrasufac.com\/wp-content\/uploads\/2021\/12\/vildna-2.png?w=1281&amp;ssl=1 1281w\" sizes=\"(max-width: 750px) 100vw, 750px\" \/><\/figure><\/li><\/ul><a class=\"wp-block-jetpack-slideshow_button-prev swiper-button-prev swiper-button-white\" role=\"button\"><\/a><a class=\"wp-block-jetpack-slideshow_button-next swiper-button-next swiper-button-white\" role=\"button\"><\/a><a aria-label=\"Pause Slideshow\" class=\"wp-block-jetpack-slideshow_button-pause\" role=\"button\"><\/a><div class=\"wp-block-jetpack-slideshow_pagination swiper-pagination swiper-pagination-white\"><\/div><\/div><\/div>\n\n\n\n<p class=\"wp-block-paragraph\">Nos dias 28 e 29 de dezembro, o Programa de P\u00f3s-Gradua\u00e7\u00e3o em Letras: Linguagem e Identidade da Universidade Federal do Acre (PPGLI-Ufac) encerrar\u00e1 as atividades do ano com uma s\u00e9rie de  defesa de mestrado que ser\u00e3o transmitidas via YouTube pelo Canal do Ceprodoc.<\/p>\n\n\n\n<p class=\"wp-block-paragraph\">No dia 28, ter\u00e7a-feira, \u00e0s 8h (Acre), a discente Maiara Pinho de Oliveira far\u00e1 sua defesa de disserta\u00e7\u00e3o intitulada: <em>Loucura, louco e louca no estado do Acre: interpelado \u201cnot\u00edcias\u201d de jornais e outros escritos.<\/em> <\/p>\n\n\n\n<p class=\"wp-block-paragraph\">No mesmo dia, \u00e0s 15h (Acre), ser\u00e1 a vez da discente Adicleia Nascimento de Souza que abordar\u00e1 o tema <em>Narrativas sobre a sa\u00fade, doen\u00e7as e curas no Acre Federal e em Manaus (1890 a 1930). <\/em><\/p>\n\n\n\n<p class=\"wp-block-paragraph\">No dia 29, quarta-feira, a discente Vildna Dias da Costa apresentar\u00e1 sua defesa de disserta\u00e7\u00e3o, iniciando \u00e0s 8h (Acre), com o t\u00edtulo: <em>Discursos da escola ind\u00edgena Ix\u016bb\u00e3y Rabu\u0129 Puyanawa: reafirma\u00e7\u00e3o\/valoriza\u00e7\u00e3o cultural e identit\u00e1ria do povo Puyanawa. <\/em><\/p>\n\n\n\n<p class=\"wp-block-paragraph\">\u00c0s 14h (Acre) do mesmo dia, a mestranda Poliana de Melo Nogueira com o t\u00edtulo de disserta\u00e7\u00e3o: <em>Entre as palavras e as pedras: os fatos de mem\u00f3ria e as viv\u00eancias tecidas por trabalhadores e trabalhadoras do Cemit\u00e9rio S\u00e3o Jo\u00e3o Batista, em Rio Branco, Acre<\/em>, realizar\u00e1 sua defesa e finalizar\u00e1 as apresenta\u00e7\u00f5es do ano de 2021.<\/p>\n\n\n\n<p class=\"wp-block-paragraph\">As defesas est\u00e3o ocorrendo de forma on-line devido \u00e0 pandemia de Covid-19 e podem ser acessadas nos links abaixo:<\/p>\n\n\n\n<p class=\"wp-block-paragraph\"><strong>Maiara Pinho de Oliveira <\/strong><em>Loucura, louco e louca no estado do Acre: interpelando &#8220;not\u00edcias&#8221; de jornais e outros escritos <\/em><a rel=\"noreferrer noopener\" href=\"https:\/\/youtu.be\/pOyxMLOtW70\" target=\"_blank\">https:\/\/youtu.be\/pOyxMLOtW70<\/a><\/p>\n\n\n\n<p class=\"wp-block-paragraph\"><strong>Adicleia Nascimento de Souza<\/strong> Narrativas sobre sa\u00fade, doen\u00e7as e curas no Acre Federal e em Manaus (1890 a 1930) <a rel=\"noreferrer noopener\" href=\"https:\/\/youtu.be\/BHW2TOOMlYs\" target=\"_blank\">https:\/\/youtu.be\/BHW2TOOMlYs<\/a><\/p>\n\n\n\n<p class=\"wp-block-paragraph\"><strong>Vildna Dias da Costa <\/strong><em>Discursos da escola ind\u00edgena Ix\u016bb\u00e3y Rabu\u0129 Puyanawa: reafirma\u00e7\u00e3o\/valoriza\u00e7\u00e3o cultural e identit\u00e1ria do povo Puyanawa<\/em> <a href=\"https:\/\/youtu.be\/MUBq0LJZqsw\">https:\/\/youtu.be\/MUBq0LJZqsw<\/a><\/p>\n\n\n\n<p class=\"wp-block-paragraph\"><strong>Poliana de Melo Nogueira<\/strong> <em>Entre as palavras e as pedras: os fatos de mem\u00f3ria e as viv\u00eancias tecidas por trabalhadores e trabalhadoras do Cemit\u00e9rio S\u00e3o Jo\u00e3o Batista, em Rio Branco, Acre<\/em>  <a rel=\"noreferrer noopener\" href=\"https:\/\/youtu.be\/-iqDlcVXUus\" target=\"_blank\">https:\/\/youtu.be\/-iqDlcVXUus<\/a><\/p>","protected":false},"excerpt":{"rendered":"<p>Nos dias 28 e 29 de dezembro, o Programa de P\u00f3s-Gradua\u00e7\u00e3o em Letras: Linguagem e Identidade da Universidade Federal do Acre (PPGLI-Ufac) encerrar\u00e1 as atividades do ano com uma s\u00e9rie de defesa de mestrado que ser\u00e3o transmitidas via YouTube pelo<\/p>","protected":false},"author":65883018,"featured_media":0,"comment_status":"closed","ping_status":"closed","sticky":false,"template":"","format":"standard","meta":{"_coblocks_attr":"","_coblocks_dimensions":"","_coblocks_responsive_height":"","_coblocks_accordion_ie_support":"","_crdt_document":"","advanced_seo_description":"","jetpack_seo_html_title":"","jetpack_seo_noindex":false,"_jetpack_newsletter_access":"","_jetpack_dont_email_post_to_subs":false,"_jetpack_newsletter_tier_id":0,"_jetpack_memberships_contains_paywalled_content":false,"_jetpack_memberships_contains_paid_content":false,"footnotes":"","jetpack_publicize_message":"","jetpack_publicize_feature_enabled":true,"jetpack_social_post_already_shared":true,"jetpack_social_options":{"image_generator_settings":{"template":"highway","default_image_id":0,"font":"","enabled":false},"version":2},"_wpas_customize_per_network":false,"jetpack_post_was_ever_published":false},"categories":[233475685],"tags":[],"class_list":["post-8594","post","type-post","status-publish","format-standard","hentry","category-ppgli"],"jetpack_publicize_connections":[],"jetpack_featured_media_url":"","jetpack_likes_enabled":false,"jetpack_sharing_enabled":true,"jetpack_shortlink":"https:\/\/wp.me\/p4Na16-2eC","amp_enabled":true,"_links":{"self":[{"href":"https:\/\/posletrasufac.com\/en\/wp-json\/wp\/v2\/posts\/8594","targetHints":{"allow":["GET"]}}],"collection":[{"href":"https:\/\/posletrasufac.com\/en\/wp-json\/wp\/v2\/posts"}],"about":[{"href":"https:\/\/posletrasufac.com\/en\/wp-json\/wp\/v2\/types\/post"}],"author":[{"embeddable":true,"href":"https:\/\/posletrasufac.com\/en\/wp-json\/wp\/v2\/users\/65883018"}],"replies":[{"embeddable":true,"href":"https:\/\/posletrasufac.com\/en\/wp-json\/wp\/v2\/comments?post=8594"}],"version-history":[{"count":9,"href":"https:\/\/posletrasufac.com\/en\/wp-json\/wp\/v2\/posts\/8594\/revisions"}],"predecessor-version":[{"id":8623,"href":"https:\/\/posletrasufac.com\/en\/wp-json\/wp\/v2\/posts\/8594\/revisions\/8623"}],"wp:attachment":[{"href":"https:\/\/posletrasufac.com\/en\/wp-json\/wp\/v2\/media?parent=8594"}],"wp:term":[{"taxonomy":"category","embeddable":true,"href":"https:\/\/posletrasufac.com\/en\/wp-json\/wp\/v2\/categories?post=8594"},{"taxonomy":"post_tag","embeddable":true,"href":"https:\/\/posletrasufac.com\/en\/wp-json\/wp\/v2\/tags?post=8594"}],"curies":[{"name":"wp","href":"https:\/\/api.w.org\/{rel}","templated":true}]}}