{"id":7664,"date":"2021-03-13T14:45:29","date_gmt":"2021-03-13T19:45:29","guid":{"rendered":"https:\/\/posletrasufac.com\/?p=7664"},"modified":"2021-03-13T14:45:31","modified_gmt":"2021-03-13T19:45:31","slug":"chamada-para-publicacao-revista-brasileira-de-linguas-indigenas-rbli","status":"publish","type":"post","link":"https:\/\/posletrasufac.com\/en\/2021\/03\/13\/chamada-para-publicacao-revista-brasileira-de-linguas-indigenas-rbli\/","title":{"rendered":"CHAMADA PARA PUBLICA\u00c7\u00c3O &#8211; REVISTA BRASILEIRA DE L\u00cdNGUAS IND\u00cdGENAS (RBLI)"},"content":{"rendered":"<div class=\"wp-block-image\"><figure class=\"alignright size-large\"><a href=\"https:\/\/i0.wp.com\/posletrasufac.com\/wp-content\/uploads\/2021\/03\/WhatsApp-Image-2021-03-10-at-07.20.51.jpeg?ssl=1\"><img data-recalc-dims=\"1\" loading=\"lazy\" decoding=\"async\" width=\"723\" height=\"1024\" data-attachment-id=\"7666\" data-permalink=\"https:\/\/posletrasufac.com\/en\/2021\/03\/13\/chamada-para-publicacao-revista-brasileira-de-linguas-indigenas-rbli\/whatsapp-image-2021-03-10-at-07-20-51\/\" data-orig-file=\"https:\/\/i0.wp.com\/posletrasufac.com\/wp-content\/uploads\/2021\/03\/WhatsApp-Image-2021-03-10-at-07.20.51.jpeg?fit=904%2C1280&amp;ssl=1\" data-orig-size=\"904,1280\" data-comments-opened=\"0\" data-image-meta=\"{&quot;aperture&quot;:&quot;0&quot;,&quot;credit&quot;:&quot;&quot;,&quot;camera&quot;:&quot;&quot;,&quot;caption&quot;:&quot;&quot;,&quot;created_timestamp&quot;:&quot;0&quot;,&quot;copyright&quot;:&quot;&quot;,&quot;focal_length&quot;:&quot;0&quot;,&quot;iso&quot;:&quot;0&quot;,&quot;shutter_speed&quot;:&quot;0&quot;,&quot;title&quot;:&quot;&quot;,&quot;orientation&quot;:&quot;0&quot;}\" data-image-title=\"WhatsApp-Image-2021-03-10-at-07.20.51\" data-image-description=\"\" data-image-caption=\"\" data-large-file=\"https:\/\/i0.wp.com\/posletrasufac.com\/wp-content\/uploads\/2021\/03\/WhatsApp-Image-2021-03-10-at-07.20.51.jpeg?fit=723%2C1024&amp;ssl=1\" src=\"https:\/\/i0.wp.com\/posletrasufac.com\/wp-content\/uploads\/2021\/03\/WhatsApp-Image-2021-03-10-at-07.20.51.jpeg?resize=723%2C1024&#038;ssl=1\" alt=\"\" class=\"wp-image-7666\" srcset=\"https:\/\/i0.wp.com\/posletrasufac.com\/wp-content\/uploads\/2021\/03\/WhatsApp-Image-2021-03-10-at-07.20.51.jpeg?resize=723%2C1024&amp;ssl=1 723w, https:\/\/i0.wp.com\/posletrasufac.com\/wp-content\/uploads\/2021\/03\/WhatsApp-Image-2021-03-10-at-07.20.51.jpeg?resize=212%2C300&amp;ssl=1 212w, https:\/\/i0.wp.com\/posletrasufac.com\/wp-content\/uploads\/2021\/03\/WhatsApp-Image-2021-03-10-at-07.20.51.jpeg?resize=768%2C1087&amp;ssl=1 768w, https:\/\/i0.wp.com\/posletrasufac.com\/wp-content\/uploads\/2021\/03\/WhatsApp-Image-2021-03-10-at-07.20.51.jpeg?w=904&amp;ssl=1 904w\" sizes=\"auto, (max-width: 723px) 100vw, 723px\" \/><\/a><\/figure><\/div>\n\n\n\n<p class=\"wp-block-paragraph\">A\u00a0<em>Revista Brasileira de L\u00ednguas Ind\u00edgenas (RBLI)<\/em>\u00a0est\u00e1 recebendo artigos para o primeiro n\u00famero de 2021. A\u00a0<em>RBLI<\/em>\u00a0aceita artigos em portugu\u00eas, ingl\u00eas, espanhol e franc\u00eas.<\/p>\n\n\n\n<p class=\"wp-block-paragraph\"><strong>1. SALA DE AULA DE L\u00cdNGUAS EM ESCOLA IND\u00cdGENA<\/strong><\/p>\n\n\n\n<p class=\"wp-block-paragraph\"><strong>Organizadores<\/strong>:&nbsp; &nbsp; &nbsp; &nbsp; &nbsp;Prof. Dr. Antonio Almir Silva Gomes (PPGLET\/UNIFAP)<\/p>\n\n\n\n<p class=\"wp-block-paragraph\">Prof. Dr. Shelton Lima de Souza (PPGLI\/UFAC)<strong><em>&nbsp;<\/em><\/strong><strong><br><\/strong><strong>Prazo de submiss\u00e3o<\/strong>: 15 de maio de 2021.<strong>Previs\u00e3o de publica\u00e7\u00e3o:<\/strong>&nbsp;agosto de 2021.<strong>E-mail para contato:<\/strong><a href=\"mailto:neli.unifap@gmail.com\" target=\"_blank\" rel=\"noreferrer noopener\">neli.unifap@gmail.com<\/a><\/p>\n\n\n\n<p class=\"wp-block-paragraph\"><strong>Syllabus:&nbsp;<\/strong>o r\u00f3tulo Educa\u00e7\u00e3o Escolar Ind\u00edgena \u2013 atrelado a r\u00f3tulos tais como: diferen\u00e7as, especificidades, interculturalidade \u2013&nbsp;constitui-se importante na afirma\u00e7\u00e3o dos direitos das popula\u00e7\u00f5es ind\u00edgenas brasileiras a pensarem e executarem seus modelos educacionais escolares, al\u00e9m de sinalizarem oposi\u00e7\u00e3o a modelos governamentais anteriores com objetivos integracionistas. Nesse contexto, quando pensados para as aulas de l\u00ednguas no interior das escolas ind\u00edgenas, os mesmos r\u00f3tulos implicam a\u00e7\u00f5es e metodologias espec\u00edficas tomadas a partir de contextos igualmente espec\u00edficos. Com isso em mente, o dossi\u00ea \u201cSala de aula de l\u00ednguas em escola ind\u00edgena\u201d&nbsp;acolhe artigos resultados de pesquisas e experi\u00eancias desenvolvidas por professores e pesquisadores com escopo nas aulas de l\u00ednguas ind\u00edgenas e n\u00e3o ind\u00edgenas executadas na sala de aula da Educa\u00e7\u00e3o Escolar Ind\u00edgena. Para al\u00e9m de artigos, o presente dossi\u00ea acolhe relatos de experi\u00eancias por professores ind\u00edgenas e n\u00e3o ind\u00edgenas acerca do mesmo escopo.<\/p>\n\n\n\n<p class=\"wp-block-paragraph\"><strong>2. SE\u00c7\u00c3O LIVRE<\/strong><strong><br><\/strong><strong>Prazo de submiss\u00e3o<\/strong>: 15 de maio de 2021.<strong>Previs\u00e3o de publica\u00e7\u00e3o:<\/strong>&nbsp;agosto de 2021.<strong>E-mail para contato:<\/strong><a href=\"mailto:neli.unifap@gmail.com\" target=\"_blank\" rel=\"noreferrer noopener\">neli.unifap@gmail.com<\/a><\/p>\n\n\n\n<p class=\"wp-block-paragraph\">Nesta se\u00e7\u00e3o ser\u00e3o publicados textos resultantes de pesquisas em l\u00ednguas ind\u00edgenas brasileiras e sul-americanas em suas diferentes perspectivas: estudos descritivos, te\u00f3ricos, hist\u00f3ricos, documentais, bem como as discuss\u00f5es relacionadas ao ensino de l\u00ednguas, pol\u00edticas lingu\u00edsticas e identit\u00e1rias e artes verbais. Com as mesmas perspectivas, a RBLI recebe RELAT\u00d3RIOS DE EXPERI\u00caNCIA, TRADU\u00c7\u00c3O para o Portugu\u00eas Brasileiro de textos importantes relacionados \u00e0s l\u00ednguas ind\u00edgenas das Am\u00e9ricas ou de outras partes do globo e ENTREVISTAS escritas ou coletadas por pesquisadores e pessoas ind\u00edgenas e n\u00e3o ind\u00edgenas com reconhecido conhecimento acerca de l\u00ednguas ind\u00edgenas.&#8212;&#8212;&#8212;&#8212;&#8212;&#8212;&#8212;&#8212;&#8212;&#8212;&#8212;&#8212;&#8212;&#8212;&#8212;&#8212;&#8212;-<br>CALL FOR PAPERS<em>Revista Brasileira de L\u00ednguas Ind\u00edgenas<\/em>&nbsp;(RBLI)<\/p>\n\n\n\n<p class=\"wp-block-paragraph\">ISSN 2595-685X<strong><em>&nbsp;<\/em><\/strong><\/p>\n\n\n\n<p class=\"wp-block-paragraph\"><strong>1. LANGUAGE CLASSROOM AND THE INDIGENOUS EDUCATIONAL SYSTEM<\/strong><strong><br><\/strong><strong><br><\/strong><strong>Issue editors:&nbsp;<\/strong>Antonio Almir Silva Gomes (UNIFAP),&nbsp;Shelton Lima de Souza (UFAC)<strong><br><\/strong><strong>Deadline for submission<\/strong>: May 31, 2021<strong>Planed publication date:<\/strong><strong>&nbsp;<\/strong>August\/2021<strong>Contact e-mail<\/strong>:&nbsp;<a href=\"mailto:neli.unifap@gmail.com\" rel=\"noreferrer noopener\" target=\"_blank\">neli.unifap@gmail.com<\/a><br><strong><br><\/strong><strong>Description:&nbsp;<\/strong>the Indigenous Educational System in Brazil \u2013 linked with labels such as differentiated, specificities, interculturality \u2013 is an important label in affirming the rights of Brazilian indigenous population to execute their own models related to teaching and learning processes. When these labels are concerned with the language classroom developed in that indigenous system, it is expected a set of particular methodological actions able to express the specificities and desires of the indigenous population served by the school. Considering this scenario, the Brazilian Journal of Indigenous Languages welcomes papers resulting from research and experiences developed by researchers with scope in indigenous and non-indigenous language classes carried out inside the Indigenous Educational System in Brazil. In addition to the papers, the same Journal expects reports of experiences by indigenous and non-indigenous teachers about the same scope.<\/p>\n\n\n\n<p class=\"wp-block-paragraph\"><strong>2. FREE SECTION<\/strong><strong>Deadline for submission<\/strong>: May 31, 2021<strong>Planed publication date:<\/strong><strong>&nbsp;<\/strong>August\/2021<strong>Contact e-mail<\/strong>:&nbsp;<a href=\"mailto:neli.unifap@gmail.com\" rel=\"noreferrer noopener\" target=\"_blank\">neli.unifap@gmail.com<\/a><br>The RBLI has a FREE SECTION to receive papers resulting from research in Brazilian and South American indigenous languages not linked to the Special Numbers Issues. These papers can be related to different perspectives of research, as descriptive, theoretical, historical, documentation, as well as studies related to language teaching, identities, language policies and verbal arts. In the same perspectives, the RBLI receives EXPERIENCE REPORTS, TRANSLATION to Brazilian Portuguese of important texts related to indigenous languages of the Americas and beyond and INTERVIEWS written or given by the indigenous and non-indigenous researcher or person with recognized knowledge of the indigenous languages.<\/p>\n\n\n\n<p class=\"wp-block-paragraph\">Link da RBLI:&nbsp;<a href=\"https:\/\/periodicos.unifap.br\/index.php\/linguasindigenas\" rel=\"noreferrer noopener\" target=\"_blank\">https:\/\/periodicos.unifap.br\/index.php\/linguasindigenas<\/a><\/p>","protected":false},"excerpt":{"rendered":"<p>A\u00a0Revista Brasileira de L\u00ednguas Ind\u00edgenas (RBLI)\u00a0est\u00e1 recebendo artigos para o primeiro n\u00famero de 2021. A\u00a0RBLI\u00a0aceita artigos em portugu\u00eas, ingl\u00eas, espanhol e franc\u00eas. 1. SALA DE AULA DE L\u00cdNGUAS EM ESCOLA IND\u00cdGENA Organizadores:&nbsp; &nbsp; &nbsp; &nbsp; &nbsp;Prof. Dr. Antonio Almir Silva<\/p>","protected":false},"author":65883018,"featured_media":0,"comment_status":"closed","ping_status":"closed","sticky":false,"template":"","format":"standard","meta":{"_coblocks_attr":"","_coblocks_dimensions":"","_coblocks_responsive_height":"","_coblocks_accordion_ie_support":"","_crdt_document":"","advanced_seo_description":"","jetpack_seo_html_title":"","jetpack_seo_noindex":false,"_jetpack_newsletter_access":"","_jetpack_dont_email_post_to_subs":false,"_jetpack_newsletter_tier_id":0,"_jetpack_memberships_contains_paywalled_content":false,"_jetpack_memberships_contains_paid_content":false,"footnotes":"","jetpack_publicize_message":"","jetpack_publicize_feature_enabled":true,"jetpack_social_post_already_shared":true,"jetpack_social_options":{"image_generator_settings":{"template":"highway","default_image_id":0,"font":"","enabled":false},"version":2},"_wpas_customize_per_network":false,"jetpack_post_was_ever_published":false},"categories":[233475685],"tags":[],"class_list":["post-7664","post","type-post","status-publish","format-standard","hentry","category-ppgli"],"jetpack_publicize_connections":[],"jetpack_featured_media_url":"","jetpack_likes_enabled":false,"jetpack_sharing_enabled":true,"jetpack_shortlink":"https:\/\/wp.me\/p4Na16-1ZC","amp_enabled":true,"_links":{"self":[{"href":"https:\/\/posletrasufac.com\/en\/wp-json\/wp\/v2\/posts\/7664","targetHints":{"allow":["GET"]}}],"collection":[{"href":"https:\/\/posletrasufac.com\/en\/wp-json\/wp\/v2\/posts"}],"about":[{"href":"https:\/\/posletrasufac.com\/en\/wp-json\/wp\/v2\/types\/post"}],"author":[{"embeddable":true,"href":"https:\/\/posletrasufac.com\/en\/wp-json\/wp\/v2\/users\/65883018"}],"replies":[{"embeddable":true,"href":"https:\/\/posletrasufac.com\/en\/wp-json\/wp\/v2\/comments?post=7664"}],"version-history":[{"count":2,"href":"https:\/\/posletrasufac.com\/en\/wp-json\/wp\/v2\/posts\/7664\/revisions"}],"predecessor-version":[{"id":7667,"href":"https:\/\/posletrasufac.com\/en\/wp-json\/wp\/v2\/posts\/7664\/revisions\/7667"}],"wp:attachment":[{"href":"https:\/\/posletrasufac.com\/en\/wp-json\/wp\/v2\/media?parent=7664"}],"wp:term":[{"taxonomy":"category","embeddable":true,"href":"https:\/\/posletrasufac.com\/en\/wp-json\/wp\/v2\/categories?post=7664"},{"taxonomy":"post_tag","embeddable":true,"href":"https:\/\/posletrasufac.com\/en\/wp-json\/wp\/v2\/tags?post=7664"}],"curies":[{"name":"wp","href":"https:\/\/api.w.org\/{rel}","templated":true}]}}