{"id":762,"date":"2015-07-09T12:48:14","date_gmt":"2015-07-09T17:48:14","guid":{"rendered":"http:\/\/posletrasufac.com\/?p=762"},"modified":"2015-07-09T12:50:57","modified_gmt":"2015-07-09T17:50:57","slug":"professsores-do-ppgli-marcam-presenca-no-congresso-da-abralic-2015","status":"publish","type":"post","link":"https:\/\/posletrasufac.com\/en\/2015\/07\/09\/professsores-do-ppgli-marcam-presenca-no-congresso-da-abralic-2015\/","title":{"rendered":"Professsores do PPGLI marcam presen\u00e7a no Congresso da ABRALIC 2015"},"content":{"rendered":"<p><a href=\"https:\/\/i0.wp.com\/posletrasufac.com\/wp-content\/uploads\/2015\/07\/joc3a3o-carlos-gerson-raquel-e-outros.jpg?ssl=1\"><img data-recalc-dims=\"1\" loading=\"lazy\" decoding=\"async\" data-attachment-id=\"763\" data-permalink=\"https:\/\/posletrasufac.com\/en\/2015\/07\/09\/professsores-do-ppgli-marcam-presenca-no-congresso-da-abralic-2015\/joao-carlos-gerson-raquel-e-outros\/\" data-orig-file=\"https:\/\/i0.wp.com\/posletrasufac.com\/wp-content\/uploads\/2015\/07\/joc3a3o-carlos-gerson-raquel-e-outros.jpg?fit=2560%2C1920&amp;ssl=1\" data-orig-size=\"2560,1920\" data-comments-opened=\"0\" data-image-meta=\"{&quot;aperture&quot;:&quot;2.7&quot;,&quot;credit&quot;:&quot;&quot;,&quot;camera&quot;:&quot;GT-N8000&quot;,&quot;caption&quot;:&quot;&quot;,&quot;created_timestamp&quot;:&quot;1435588588&quot;,&quot;copyright&quot;:&quot;&quot;,&quot;focal_length&quot;:&quot;3.43&quot;,&quot;iso&quot;:&quot;400&quot;,&quot;shutter_speed&quot;:&quot;0.125&quot;,&quot;title&quot;:&quot;&quot;,&quot;orientation&quot;:&quot;1&quot;}\" data-image-title=\"\" data-image-description=\"\" data-image-caption=\"&lt;p&gt;2015 &amp;#8211; XIV CONGRESSO INTERNACIONAL DA ABRALICFLUXOS E CORRENTES: TR\u00c2NSITOS E TRADU\u00c7\u00d5ES LITER\u00c1RIAS&lt;\/p&gt;\" data-large-file=\"https:\/\/i0.wp.com\/posletrasufac.com\/wp-content\/uploads\/2015\/07\/joc3a3o-carlos-gerson-raquel-e-outros.jpg?fit=750%2C563&amp;ssl=1\" class=\"wp-image-763 size-large aligncenter\" src=\"https:\/\/i0.wp.com\/posletrasufac.com\/wp-content\/uploads\/2015\/07\/joc3a3o-carlos-gerson-raquel-e-outros.jpg?resize=660%2C495&#038;ssl=1\" alt=\"\" width=\"660\" height=\"495\" \/><\/a><\/p>\n<p>Quatro professores do PPGLI participaram com apresenta\u00e7\u00f5es de trabalhos do\u00a0XIV Congresso Internacional da Associa\u00e7\u00e3o\u00a0Brasileira de Literatura Comparada &#8211; ABRALIC, cujo tema deste ano foi &#8220;Fluxos e correntes: tr\u00e2nsitos e tradu\u00e7\u00f5es liter\u00e1rias&#8221;.<\/p>\n<p>O evento ocorreu na cidade de Bel\u00e9m, entre os dias 26 de junho e 03 de julho. Em sua programa\u00e7\u00e3o, o congresso da ABRALIC contou com a participa\u00e7\u00e3o da\u00a0Profa. Dra. Ana Pizzaro (Universidade do Chile), do\u00a0Prof. Dr. Roger Chartier (Coll\u00e8ge de France),\u00a0Prof. Dr. Jo\u00e3o Cezar de Castro Rocha (UERJ),\u00a0Profa. Dra. Marisa Lajolo (Mackenzie), dentre outros.<\/p>\n<figure id=\"attachment_764\" aria-describedby=\"caption-attachment-764\" style=\"width: 300px\" class=\"wp-caption alignleft\"><img data-recalc-dims=\"1\" loading=\"lazy\" decoding=\"async\" data-attachment-id=\"764\" data-permalink=\"https:\/\/posletrasufac.com\/en\/2015\/07\/09\/professsores-do-ppgli-marcam-presenca-no-congresso-da-abralic-2015\/belem-165\/\" data-orig-file=\"https:\/\/i0.wp.com\/posletrasufac.com\/wp-content\/uploads\/2015\/07\/belc3a9m-165.jpg?fit=4000%2C3000&amp;ssl=1\" data-orig-size=\"4000,3000\" data-comments-opened=\"0\" data-image-meta=\"{&quot;aperture&quot;:&quot;2.8&quot;,&quot;credit&quot;:&quot;&quot;,&quot;camera&quot;:&quot;Canon PowerShot G15&quot;,&quot;caption&quot;:&quot;&quot;,&quot;created_timestamp&quot;:&quot;1435746051&quot;,&quot;copyright&quot;:&quot;&quot;,&quot;focal_length&quot;:&quot;30.5&quot;,&quot;iso&quot;:&quot;800&quot;,&quot;shutter_speed&quot;:&quot;0.016666666666667&quot;,&quot;title&quot;:&quot;&quot;,&quot;orientation&quot;:&quot;1&quot;}\" data-image-title=\"\" data-image-description=\"\" data-image-caption=\"&lt;p&gt;2015 &amp;#8211; XIV CONGRESSO INTERNACIONAL DA ABRALIC&lt;br \/&gt;FLUXOS E CORRENTES: TR\u00c2NSITOS E TRADU\u00c7\u00d5ES LITER\u00c1RIAS&lt;\/p&gt;\" data-large-file=\"https:\/\/i0.wp.com\/posletrasufac.com\/wp-content\/uploads\/2015\/07\/belc3a9m-165.jpg?fit=750%2C563&amp;ssl=1\" class=\"wp-image-764 size-medium\" src=\"https:\/\/i0.wp.com\/posletrasufac.com\/wp-content\/uploads\/2015\/07\/belc3a9m-165.jpg?resize=300%2C225&#038;ssl=1\" alt=\"\" width=\"300\" height=\"225\" \/><figcaption id=\"caption-attachment-764\" class=\"wp-caption-text\">Prof. Dr. Jo\u00e3o Carlos de Souza Ribeiro<\/figcaption><\/figure>\n<p>Tamb\u00e9m participou como convidado, o\u00a0Prof. Dr. Jo\u00e3o Carlos de Souza Ribeiro, do PPGLI-UFAC, que comp\u00f4s a mesa-redonda sobre o tema &#8220;Poesia Contempor\u00e2nea&#8221;, ao lado da\u00a0Profa. Dra. Ida Alves (UFF).<\/p>\n<p>As produ\u00e7\u00f5es dos demais professores do PPGLI foram apresentadas em Simp\u00f3sios Tem\u00e1ticos que abordavam diferentes temas. O Prof. Dr.\u00a0Gerson Rodrigues de Albuquerque, coordenador do PPGLI-UFAC, exp\u00f4s seu trabalho, em co-autoria com a Prof. Me. Raquel Alves Ishii (UFAC), no <strong>Simp\u00f3sio Tem\u00e1tico 37: Vertentes do Fant\u00e1stico em Literaturas Neolatina<\/strong>, com o tema \u00a0JUDAS AHSVERUS: O FANT\u00c1STICO \u201cREAL\u201d EM EUCLIDES DA CUNHA.<\/p>\n<figure id=\"attachment_765\" aria-describedby=\"caption-attachment-765\" style=\"width: 224px\" class=\"wp-caption alignright\"><img data-recalc-dims=\"1\" loading=\"lazy\" decoding=\"async\" data-attachment-id=\"765\" data-permalink=\"https:\/\/posletrasufac.com\/en\/2015\/07\/09\/professsores-do-ppgli-marcam-presenca-no-congresso-da-abralic-2015\/img_2011\/\" data-orig-file=\"https:\/\/i0.wp.com\/posletrasufac.com\/wp-content\/uploads\/2015\/07\/img_2011.jpg?fit=1936%2C2592&amp;ssl=1\" data-orig-size=\"1936,2592\" data-comments-opened=\"0\" data-image-meta=\"{&quot;aperture&quot;:&quot;2.4&quot;,&quot;credit&quot;:&quot;&quot;,&quot;camera&quot;:&quot;iPad mini&quot;,&quot;caption&quot;:&quot;&quot;,&quot;created_timestamp&quot;:&quot;1435670256&quot;,&quot;copyright&quot;:&quot;&quot;,&quot;focal_length&quot;:&quot;3.3&quot;,&quot;iso&quot;:&quot;80&quot;,&quot;shutter_speed&quot;:&quot;0.041666666666667&quot;,&quot;title&quot;:&quot;&quot;,&quot;orientation&quot;:&quot;1&quot;}\" data-image-title=\"IMG_2011\" data-image-description=\"\" data-image-caption=\"\" data-large-file=\"https:\/\/i0.wp.com\/posletrasufac.com\/wp-content\/uploads\/2015\/07\/img_2011.jpg?fit=750%2C1004&amp;ssl=1\" class=\"wp-image-765 size-medium\" src=\"https:\/\/i0.wp.com\/posletrasufac.com\/wp-content\/uploads\/2015\/07\/img_2011.jpg?resize=224%2C300&#038;ssl=1\" alt=\"\" width=\"224\" height=\"300\" \/><figcaption id=\"caption-attachment-765\" class=\"wp-caption-text\">Profa. Dra. Maria Nazar\u00e9 Cavalcante de Souza<\/figcaption><\/figure>\n<p>J\u00e1 a Profa. Dra.\u00a0Maria Nazar\u00e9 Cavalcante de Souza (PPGLI-UFAC), exp\u00f4s sua pesquisa no\u00a0<strong>Simp\u00f3sio Tem\u00e1tico 21: Am\u00e9rica Latina: conceitos e ass\u00e9dios<\/strong>, com tema\u00a0CABEZA RODANTE: O MITO IND\u00cdGENA NO CINEMA E A QUEST\u00c3O DA INTERCULTURALIDADE.<\/p>\n<p>A Profa. Dra.\u00a0Vera L\u00facia Magalh\u00e3es Bambirra (PPGLI-UFAC), em co-autoria com a Profa. Dra. Maria Jos\u00e9 da Silva Morais da Consta (UFAC), apresentou sua comunica\u00e7\u00e3o oral no\u00a0<strong>Simp\u00f3sio Tem\u00e1tico 38: Literatura Interamericana e Diferen\u00e7a Cultural: Identidades, Mem\u00f3rias, Espa\u00e7os<\/strong>, com o tema\u00a0O IND\u00cdGENA NA LITERATURA: ENTRE-MUNDOS, ENTRE-CULTURAS.<br \/>\nPara o Coordenador do PPGLI, Prof. Dr. Gerson Albuquerque, a participa\u00e7\u00e3o dos professores na ABRALIC 2015 revela o empenho dos professores do programa em divulgar suas pesquisas, ao mesmo tempo em que contribui significativamente\u00a0com a produ\u00e7\u00e3o acad\u00eamica\u00a0do corpo docente do Curso de Mestrado em Letras: Linguagem e Identidade da UFAC.<\/p>\n<p>Para acessar o Caderno de Resumo do evento, <a href=\"http:\/\/internacional.xivabralic.com.br\/programacao\/caderno_de_resumo.pdf\" target=\"_blank\">clique aqui.<\/a><\/p>\n<div class=\"tiled-gallery type-rectangular tiled-gallery-unresized\" data-original-width=\"750\" data-carousel-extra='{&quot;blog_id&quot;:1,&quot;permalink&quot;:&quot;https:\\\/\\\/posletrasufac.com\\\/en\\\/2015\\\/07\\\/09\\\/professsores-do-ppgli-marcam-presenca-no-congresso-da-abralic-2015\\\/&quot;,&quot;likes_blog_id&quot;:70821924}' itemscope itemtype=\"http:\/\/schema.org\/ImageGallery\" > <div class=\"gallery-row\" style=\"width: 750px; height: 335px;\" data-original-width=\"750\" data-original-height=\"335\" > <div class=\"gallery-group images-1\" style=\"width: 501px; height: 335px;\" data-original-width=\"501\" data-original-height=\"335\" > <div class=\"tiled-gallery-item tiled-gallery-item-large\" itemprop=\"associatedMedia\" itemscope itemtype=\"http:\/\/schema.org\/ImageObject\"> <a href=\"https:\/\/posletrasufac.com\/en\/2015\/07\/09\/professsores-do-ppgli-marcam-presenca-no-congresso-da-abralic-2015\/belem-215\/\" border=\"0\" itemprop=\"url\"> <meta itemprop=\"width\" content=\"497\"> <meta itemprop=\"height\" content=\"331\"> <img decoding=\"async\" class=\"\" data-attachment-id=\"766\" data-orig-file=\"https:\/\/posletrasufac.com\/wp-content\/uploads\/2015\/07\/belc3a9m-215.jpg\" data-orig-size=\"4000,2664\" data-comments-opened=\"\" data-image-meta=\"{&quot;aperture&quot;:&quot;2.8&quot;,&quot;credit&quot;:&quot;&quot;,&quot;camera&quot;:&quot;Canon PowerShot G15&quot;,&quot;caption&quot;:&quot;&quot;,&quot;created_timestamp&quot;:&quot;1435917590&quot;,&quot;copyright&quot;:&quot;&quot;,&quot;focal_length&quot;:&quot;20.049&quot;,&quot;iso&quot;:&quot;1250&quot;,&quot;shutter_speed&quot;:&quot;0.05&quot;,&quot;title&quot;:&quot;&quot;,&quot;orientation&quot;:&quot;1&quot;}\" data-image-title=\"Bel\u00e9m 215\" data-image-description=\"\" data-medium-file=\"https:\/\/i0.wp.com\/posletrasufac.com\/wp-content\/uploads\/2015\/07\/belc3a9m-215.jpg?fit=300%2C200&#038;ssl=1\" data-large-file=\"https:\/\/i0.wp.com\/posletrasufac.com\/wp-content\/uploads\/2015\/07\/belc3a9m-215.jpg?fit=750%2C500&#038;ssl=1\" src=\"https:\/\/i0.wp.com\/posletrasufac.com\/wp-content\/uploads\/2015\/07\/belc3a9m-215.jpg?w=497&#038;h=331&#038;ssl=1\" width=\"497\" height=\"331\" loading=\"lazy\" data-original-width=\"497\" data-original-height=\"331\" itemprop=\"http:\/\/schema.org\/image\" title=\"Bel\u00e9m 215\" alt=\"Bel\u00e9m 215\" style=\"width: 497px; height: 331px;\" \/> <\/a> <\/div> <\/div> <!-- close group --> <div class=\"gallery-group images-2\" style=\"width: 249px; height: 335px;\" data-original-width=\"249\" data-original-height=\"335\" > <div class=\"tiled-gallery-item tiled-gallery-item-small\" itemprop=\"associatedMedia\" itemscope itemtype=\"http:\/\/schema.org\/ImageObject\"> <a href=\"https:\/\/posletrasufac.com\/en\/2015\/07\/09\/professsores-do-ppgli-marcam-presenca-no-congresso-da-abralic-2015\/belem-220\/\" border=\"0\" itemprop=\"url\"> <meta itemprop=\"width\" content=\"245\"> <meta itemprop=\"height\" content=\"164\"> <img decoding=\"async\" class=\"\" data-attachment-id=\"767\" data-orig-file=\"https:\/\/posletrasufac.com\/wp-content\/uploads\/2015\/07\/belc3a9m-220.jpg\" data-orig-size=\"4000,2664\" data-comments-opened=\"\" data-image-meta=\"{&quot;aperture&quot;:&quot;2.8&quot;,&quot;credit&quot;:&quot;&quot;,&quot;camera&quot;:&quot;Canon PowerShot G15&quot;,&quot;caption&quot;:&quot;&quot;,&quot;created_timestamp&quot;:&quot;1435919434&quot;,&quot;copyright&quot;:&quot;&quot;,&quot;focal_length&quot;:&quot;30.5&quot;,&quot;iso&quot;:&quot;800&quot;,&quot;shutter_speed&quot;:&quot;0.05&quot;,&quot;title&quot;:&quot;&quot;,&quot;orientation&quot;:&quot;1&quot;}\" data-image-title=\"Bel\u00e9m 220\" data-image-description=\"\" data-medium-file=\"https:\/\/i0.wp.com\/posletrasufac.com\/wp-content\/uploads\/2015\/07\/belc3a9m-220.jpg?fit=300%2C200&#038;ssl=1\" data-large-file=\"https:\/\/i0.wp.com\/posletrasufac.com\/wp-content\/uploads\/2015\/07\/belc3a9m-220.jpg?fit=750%2C500&#038;ssl=1\" src=\"https:\/\/i0.wp.com\/posletrasufac.com\/wp-content\/uploads\/2015\/07\/belc3a9m-220.jpg?w=245&#038;h=164&#038;ssl=1\" width=\"245\" height=\"164\" loading=\"lazy\" data-original-width=\"245\" data-original-height=\"164\" itemprop=\"http:\/\/schema.org\/image\" title=\"Bel\u00e9m 220\" alt=\"Bel\u00e9m 220\" style=\"width: 245px; height: 164px;\" \/> <\/a> <\/div> <div class=\"tiled-gallery-item tiled-gallery-item-small\" itemprop=\"associatedMedia\" itemscope itemtype=\"http:\/\/schema.org\/ImageObject\"> <a href=\"https:\/\/posletrasufac.com\/en\/2015\/07\/09\/professsores-do-ppgli-marcam-presenca-no-congresso-da-abralic-2015\/belem-134\/\" border=\"0\" itemprop=\"url\"> <meta itemprop=\"width\" content=\"245\"> <meta itemprop=\"height\" content=\"163\"> <img decoding=\"async\" class=\"\" data-attachment-id=\"768\" data-orig-file=\"https:\/\/posletrasufac.com\/wp-content\/uploads\/2015\/07\/belc3a9m-134.jpg\" data-orig-size=\"4000,2664\" data-comments-opened=\"\" data-image-meta=\"{&quot;aperture&quot;:&quot;2.8&quot;,&quot;credit&quot;:&quot;&quot;,&quot;camera&quot;:&quot;Canon PowerShot G15&quot;,&quot;caption&quot;:&quot;&quot;,&quot;created_timestamp&quot;:&quot;1435743676&quot;,&quot;copyright&quot;:&quot;&quot;,&quot;focal_length&quot;:&quot;30.5&quot;,&quot;iso&quot;:&quot;800&quot;,&quot;shutter_speed&quot;:&quot;0.05&quot;,&quot;title&quot;:&quot;&quot;,&quot;orientation&quot;:&quot;1&quot;}\" data-image-title=\"Bel\u00e9m 134\" data-image-description=\"\" data-medium-file=\"https:\/\/i0.wp.com\/posletrasufac.com\/wp-content\/uploads\/2015\/07\/belc3a9m-134.jpg?fit=300%2C200&#038;ssl=1\" data-large-file=\"https:\/\/i0.wp.com\/posletrasufac.com\/wp-content\/uploads\/2015\/07\/belc3a9m-134.jpg?fit=750%2C500&#038;ssl=1\" src=\"https:\/\/i0.wp.com\/posletrasufac.com\/wp-content\/uploads\/2015\/07\/belc3a9m-134.jpg?w=245&#038;h=163&#038;ssl=1\" width=\"245\" height=\"163\" loading=\"lazy\" data-original-width=\"245\" data-original-height=\"163\" itemprop=\"http:\/\/schema.org\/image\" title=\"Bel\u00e9m 134\" alt=\"Bel\u00e9m 134\" style=\"width: 245px; height: 163px;\" \/> <\/a> <\/div> <\/div> <!-- close group --> <\/div> <!-- close row --> <div class=\"gallery-row\" style=\"width: 750px; height: 361px;\" data-original-width=\"750\" data-original-height=\"361\" > <div class=\"gallery-group images-2\" style=\"width: 269px; height: 361px;\" data-original-width=\"269\" data-original-height=\"361\" > <div class=\"tiled-gallery-item tiled-gallery-item-large\" itemprop=\"associatedMedia\" itemscope itemtype=\"http:\/\/schema.org\/ImageObject\"> <a href=\"https:\/\/posletrasufac.com\/en\/2015\/07\/09\/professsores-do-ppgli-marcam-presenca-no-congresso-da-abralic-2015\/belem-136\/\" border=\"0\" itemprop=\"url\"> <meta itemprop=\"width\" content=\"265\"> <meta itemprop=\"height\" content=\"177\"> <img decoding=\"async\" class=\"\" data-attachment-id=\"769\" data-orig-file=\"https:\/\/posletrasufac.com\/wp-content\/uploads\/2015\/07\/belc3a9m-136.jpg\" data-orig-size=\"4000,2664\" data-comments-opened=\"\" data-image-meta=\"{&quot;aperture&quot;:&quot;2.8&quot;,&quot;credit&quot;:&quot;&quot;,&quot;camera&quot;:&quot;Canon PowerShot G15&quot;,&quot;caption&quot;:&quot;&quot;,&quot;created_timestamp&quot;:&quot;1435743692&quot;,&quot;copyright&quot;:&quot;&quot;,&quot;focal_length&quot;:&quot;30.5&quot;,&quot;iso&quot;:&quot;800&quot;,&quot;shutter_speed&quot;:&quot;0.033333333333333&quot;,&quot;title&quot;:&quot;&quot;,&quot;orientation&quot;:&quot;1&quot;}\" data-image-title=\"Bel\u00e9m 136\" data-image-description=\"\" data-medium-file=\"https:\/\/i0.wp.com\/posletrasufac.com\/wp-content\/uploads\/2015\/07\/belc3a9m-136.jpg?fit=300%2C200&#038;ssl=1\" data-large-file=\"https:\/\/i0.wp.com\/posletrasufac.com\/wp-content\/uploads\/2015\/07\/belc3a9m-136.jpg?fit=750%2C500&#038;ssl=1\" src=\"https:\/\/i0.wp.com\/posletrasufac.com\/wp-content\/uploads\/2015\/07\/belc3a9m-136.jpg?w=265&#038;h=177&#038;ssl=1\" width=\"265\" height=\"177\" loading=\"lazy\" data-original-width=\"265\" data-original-height=\"177\" itemprop=\"http:\/\/schema.org\/image\" title=\"Bel\u00e9m 136\" alt=\"Bel\u00e9m 136\" style=\"width: 265px; height: 177px;\" \/> <\/a> <\/div> <div class=\"tiled-gallery-item tiled-gallery-item-large\" itemprop=\"associatedMedia\" itemscope itemtype=\"http:\/\/schema.org\/ImageObject\"> <a href=\"https:\/\/posletrasufac.com\/en\/2015\/07\/09\/professsores-do-ppgli-marcam-presenca-no-congresso-da-abralic-2015\/belem-156\/\" border=\"0\" itemprop=\"url\"> <meta itemprop=\"width\" content=\"265\"> <meta itemprop=\"height\" content=\"176\"> <img decoding=\"async\" class=\"\" data-attachment-id=\"770\" data-orig-file=\"https:\/\/posletrasufac.com\/wp-content\/uploads\/2015\/07\/belc3a9m-156.jpg\" data-orig-size=\"4000,2664\" data-comments-opened=\"\" data-image-meta=\"{&quot;aperture&quot;:&quot;2.8&quot;,&quot;credit&quot;:&quot;&quot;,&quot;camera&quot;:&quot;Canon PowerShot G15&quot;,&quot;caption&quot;:&quot;&quot;,&quot;created_timestamp&quot;:&quot;1435745990&quot;,&quot;copyright&quot;:&quot;&quot;,&quot;focal_length&quot;:&quot;30.5&quot;,&quot;iso&quot;:&quot;800&quot;,&quot;shutter_speed&quot;:&quot;0.0125&quot;,&quot;title&quot;:&quot;&quot;,&quot;orientation&quot;:&quot;1&quot;}\" data-image-title=\"Bel\u00e9m 156\" data-image-description=\"\" data-medium-file=\"https:\/\/i0.wp.com\/posletrasufac.com\/wp-content\/uploads\/2015\/07\/belc3a9m-156.jpg?fit=300%2C200&#038;ssl=1\" data-large-file=\"https:\/\/i0.wp.com\/posletrasufac.com\/wp-content\/uploads\/2015\/07\/belc3a9m-156.jpg?fit=750%2C500&#038;ssl=1\" src=\"https:\/\/i0.wp.com\/posletrasufac.com\/wp-content\/uploads\/2015\/07\/belc3a9m-156.jpg?w=265&#038;h=176&#038;ssl=1\" width=\"265\" height=\"176\" loading=\"lazy\" data-original-width=\"265\" data-original-height=\"176\" itemprop=\"http:\/\/schema.org\/image\" title=\"Bel\u00e9m 156\" alt=\"Bel\u00e9m 156\" style=\"width: 265px; height: 176px;\" \/> <\/a> <\/div> <\/div> <!-- close group --> <div class=\"gallery-group images-1\" style=\"width: 481px; height: 361px;\" data-original-width=\"481\" data-original-height=\"361\" > <div class=\"tiled-gallery-item tiled-gallery-item-large\" itemprop=\"associatedMedia\" itemscope itemtype=\"http:\/\/schema.org\/ImageObject\"> <a href=\"https:\/\/posletrasufac.com\/en\/2015\/07\/09\/professsores-do-ppgli-marcam-presenca-no-congresso-da-abralic-2015\/belem-203\/\" border=\"0\" itemprop=\"url\"> <meta itemprop=\"width\" content=\"477\"> <meta itemprop=\"height\" content=\"357\"> <img decoding=\"async\" class=\"\" data-attachment-id=\"771\" data-orig-file=\"https:\/\/posletrasufac.com\/wp-content\/uploads\/2015\/07\/belc3a9m-203.jpg\" data-orig-size=\"4000,3000\" data-comments-opened=\"\" data-image-meta=\"{&quot;aperture&quot;:&quot;2.5&quot;,&quot;credit&quot;:&quot;&quot;,&quot;camera&quot;:&quot;Canon PowerShot G15&quot;,&quot;caption&quot;:&quot;&quot;,&quot;created_timestamp&quot;:&quot;1435758342&quot;,&quot;copyright&quot;:&quot;&quot;,&quot;focal_length&quot;:&quot;19.123&quot;,&quot;iso&quot;:&quot;500&quot;,&quot;shutter_speed&quot;:&quot;0.00625&quot;,&quot;title&quot;:&quot;&quot;,&quot;orientation&quot;:&quot;1&quot;}\" data-image-title=\"Bel\u00e9m 203\" data-image-description=\"\" data-medium-file=\"https:\/\/i0.wp.com\/posletrasufac.com\/wp-content\/uploads\/2015\/07\/belc3a9m-203.jpg?fit=300%2C225&#038;ssl=1\" data-large-file=\"https:\/\/i0.wp.com\/posletrasufac.com\/wp-content\/uploads\/2015\/07\/belc3a9m-203.jpg?fit=750%2C563&#038;ssl=1\" src=\"https:\/\/i0.wp.com\/posletrasufac.com\/wp-content\/uploads\/2015\/07\/belc3a9m-203.jpg?w=477&#038;h=357&#038;ssl=1\" width=\"477\" height=\"357\" loading=\"lazy\" data-original-width=\"477\" data-original-height=\"357\" itemprop=\"http:\/\/schema.org\/image\" title=\"Bel\u00e9m 203\" alt=\"Bel\u00e9m 203\" style=\"width: 477px; height: 357px;\" \/> <\/a> <\/div> <\/div> <!-- close group --> <\/div> <!-- close row --> <\/div>","protected":false},"excerpt":{"rendered":"<p>Quatro professores do PPGLI participaram com apresenta\u00e7\u00f5es de trabalhos do\u00a0XIV Congresso Internacional da Associa\u00e7\u00e3o\u00a0Brasileira de Literatura Comparada &#8211; ABRALIC, cujo tema deste ano foi &#8220;Fluxos e correntes: tr\u00e2nsitos e tradu\u00e7\u00f5es liter\u00e1rias&#8221;. O evento ocorreu na cidade de Bel\u00e9m, entre os<\/p>","protected":false},"author":65883018,"featured_media":0,"comment_status":"closed","ping_status":"closed","sticky":false,"template":"","format":"standard","meta":{"_coblocks_attr":"","_coblocks_dimensions":"","_coblocks_responsive_height":"","_coblocks_accordion_ie_support":"","_crdt_document":"","advanced_seo_description":"","jetpack_seo_html_title":"","jetpack_seo_noindex":false,"_jetpack_newsletter_access":"","_jetpack_dont_email_post_to_subs":false,"_jetpack_newsletter_tier_id":0,"_jetpack_memberships_contains_paywalled_content":false,"_jetpack_memberships_contains_paid_content":false,"footnotes":"","jetpack_publicize_message":"Professsores do PPGLI marcam presen\u00e7a no Congresso da ABRALIC 2015","jetpack_publicize_feature_enabled":true,"jetpack_social_post_already_shared":false,"jetpack_social_options":{"image_generator_settings":{"template":"highway","default_image_id":0,"font":"","enabled":false},"version":2},"_wpas_customize_per_network":false,"jetpack_post_was_ever_published":false},"categories":[5078],"tags":[],"class_list":["post-762","post","type-post","status-publish","format-standard","hentry","category-sem-categoria"],"jetpack_publicize_connections":[],"jetpack_featured_media_url":"","jetpack_likes_enabled":false,"jetpack_sharing_enabled":true,"jetpack_shortlink":"https:\/\/wp.me\/p4Na16-ci","amp_enabled":true,"_links":{"self":[{"href":"https:\/\/posletrasufac.com\/en\/wp-json\/wp\/v2\/posts\/762","targetHints":{"allow":["GET"]}}],"collection":[{"href":"https:\/\/posletrasufac.com\/en\/wp-json\/wp\/v2\/posts"}],"about":[{"href":"https:\/\/posletrasufac.com\/en\/wp-json\/wp\/v2\/types\/post"}],"author":[{"embeddable":true,"href":"https:\/\/posletrasufac.com\/en\/wp-json\/wp\/v2\/users\/65883018"}],"replies":[{"embeddable":true,"href":"https:\/\/posletrasufac.com\/en\/wp-json\/wp\/v2\/comments?post=762"}],"version-history":[{"count":2,"href":"https:\/\/posletrasufac.com\/en\/wp-json\/wp\/v2\/posts\/762\/revisions"}],"predecessor-version":[{"id":773,"href":"https:\/\/posletrasufac.com\/en\/wp-json\/wp\/v2\/posts\/762\/revisions\/773"}],"wp:attachment":[{"href":"https:\/\/posletrasufac.com\/en\/wp-json\/wp\/v2\/media?parent=762"}],"wp:term":[{"taxonomy":"category","embeddable":true,"href":"https:\/\/posletrasufac.com\/en\/wp-json\/wp\/v2\/categories?post=762"},{"taxonomy":"post_tag","embeddable":true,"href":"https:\/\/posletrasufac.com\/en\/wp-json\/wp\/v2\/tags?post=762"}],"curies":[{"name":"wp","href":"https:\/\/api.w.org\/{rel}","templated":true}]}}