{"id":760,"date":"2015-07-09T12:08:46","date_gmt":"2015-07-09T17:08:46","guid":{"rendered":"http:\/\/posletrasufac.com\/?p=760"},"modified":"2015-07-09T12:08:46","modified_gmt":"2015-07-09T17:08:46","slug":"ultimos-dias-para-submissao-de-trabalhos-no-ix-simposio-linguagens-e-identidades-dana-amazonia-sul-ocidental","status":"publish","type":"post","link":"https:\/\/posletrasufac.com\/en\/2015\/07\/09\/ultimos-dias-para-submissao-de-trabalhos-no-ix-simposio-linguagens-e-identidades-dana-amazonia-sul-ocidental\/","title":{"rendered":"\u00daltimos dias para submiss\u00e3o de trabalhos no IX Simp\u00f3sio Linguagens e Identidades da\/na Amaz\u00f4nia Sul-Ocidental"},"content":{"rendered":"<p>Amanh\u00e3, 10 de julho, encerram-se as submiss\u00f5es de trabalhos a serem apresentados no\u00a0IX Simp\u00f3sio Linguagens e Identidades da\/na Amaz\u00f4nia Sul-Ocidental. O evento ocorrer\u00e1 nos dias de 09 a 13 de novembro de 2015, no c\u00e2mpus da UFAC.<\/p>\n<p>Os interessados podem submeter at\u00e9 04 trabalhos, sendo at\u00e9 duas comunica\u00e7\u00f5es orais (uma como autor e outra como co-autor) e at\u00e9 dois p\u00f4steres\u00a0(um como autor e outro como co-autor).<\/p>\n<p>As comunica\u00e7\u00f5es orais podem ser submetidas em Grupos de Trabalhos ou na forma de Comunica\u00e7\u00e3o Livre, organizada por eixos tem\u00e1ticos.<\/p>\n<p>As inscri\u00e7\u00f5es devem ser feitas por meio do site <a href=\"http:\/\/www.simposioufac.com\" rel=\"nofollow\">http:\/\/www.simposioufac.com<\/a><\/p>\n<p><a href=\"https:\/\/i0.wp.com\/posletrasufac.com\/wp-content\/uploads\/2015\/03\/cartaz-para-site.png?ssl=1\"><img data-recalc-dims=\"1\" loading=\"lazy\" decoding=\"async\" data-attachment-id=\"649\" data-permalink=\"https:\/\/posletrasufac.com\/en\/2015\/03\/13\/chamadas-para-submissao-de-propostas-de-minicursosoficinas-e-grupos-de-trabalho-no-ix-simposio-linguagens-e-identidades\/cartaz-para-site\/\" data-orig-file=\"https:\/\/i0.wp.com\/posletrasufac.com\/wp-content\/uploads\/2015\/03\/cartaz-para-site.png?fit=3508%2C2099&amp;ssl=1\" data-orig-size=\"3508,2099\" data-comments-opened=\"0\" data-image-meta=\"{&quot;aperture&quot;:&quot;0&quot;,&quot;credit&quot;:&quot;&quot;,&quot;camera&quot;:&quot;&quot;,&quot;caption&quot;:&quot;&quot;,&quot;created_timestamp&quot;:&quot;0&quot;,&quot;copyright&quot;:&quot;&quot;,&quot;focal_length&quot;:&quot;0&quot;,&quot;iso&quot;:&quot;0&quot;,&quot;shutter_speed&quot;:&quot;0&quot;,&quot;title&quot;:&quot;&quot;,&quot;orientation&quot;:&quot;0&quot;}\" data-image-title=\"\" data-image-description=\"\" data-image-caption=\"\" data-large-file=\"https:\/\/i0.wp.com\/posletrasufac.com\/wp-content\/uploads\/2015\/03\/cartaz-para-site.png?fit=750%2C449&amp;ssl=1\" class=\"aligncenter wp-image-649 size-large\" src=\"https:\/\/i0.wp.com\/posletrasufac.com\/wp-content\/uploads\/2015\/03\/cartaz-para-site.png?resize=660%2C395&#038;ssl=1\" alt=\"\" width=\"660\" height=\"395\" \/><\/a><\/p>","protected":false},"excerpt":{"rendered":"<p>Amanh\u00e3, 10 de julho, encerram-se as submiss\u00f5es de trabalhos a serem apresentados no\u00a0IX Simp\u00f3sio Linguagens e Identidades da\/na Amaz\u00f4nia Sul-Ocidental. O evento ocorrer\u00e1 nos dias de 09 a 13 de novembro de 2015, no c\u00e2mpus da UFAC. Os interessados podem<\/p>","protected":false},"author":65883018,"featured_media":0,"comment_status":"closed","ping_status":"closed","sticky":false,"template":"","format":"standard","meta":{"_coblocks_attr":"","_coblocks_dimensions":"","_coblocks_responsive_height":"","_coblocks_accordion_ie_support":"","_crdt_document":"","advanced_seo_description":"","jetpack_seo_html_title":"","jetpack_seo_noindex":false,"_jetpack_newsletter_access":"","_jetpack_dont_email_post_to_subs":false,"_jetpack_newsletter_tier_id":0,"_jetpack_memberships_contains_paywalled_content":false,"_jetpack_memberships_contains_paid_content":false,"footnotes":"","jetpack_publicize_message":"\u00daltimos dias para submiss\u00e3o de trabalhos no IX Simp\u00f3sio Linguagens e Identidades da\/na Amaz\u00f4nia Sul-Ocidental","jetpack_publicize_feature_enabled":true,"jetpack_social_post_already_shared":false,"jetpack_social_options":{"image_generator_settings":{"template":"highway","default_image_id":0,"font":"","enabled":false},"version":2},"_wpas_customize_per_network":false,"jetpack_post_was_ever_published":false},"categories":[5078],"tags":[],"class_list":["post-760","post","type-post","status-publish","format-standard","hentry","category-sem-categoria"],"jetpack_publicize_connections":[],"jetpack_featured_media_url":"","jetpack_likes_enabled":false,"jetpack_sharing_enabled":true,"jetpack_shortlink":"https:\/\/wp.me\/p4Na16-cg","amp_enabled":true,"_links":{"self":[{"href":"https:\/\/posletrasufac.com\/en\/wp-json\/wp\/v2\/posts\/760","targetHints":{"allow":["GET"]}}],"collection":[{"href":"https:\/\/posletrasufac.com\/en\/wp-json\/wp\/v2\/posts"}],"about":[{"href":"https:\/\/posletrasufac.com\/en\/wp-json\/wp\/v2\/types\/post"}],"author":[{"embeddable":true,"href":"https:\/\/posletrasufac.com\/en\/wp-json\/wp\/v2\/users\/65883018"}],"replies":[{"embeddable":true,"href":"https:\/\/posletrasufac.com\/en\/wp-json\/wp\/v2\/comments?post=760"}],"version-history":[{"count":1,"href":"https:\/\/posletrasufac.com\/en\/wp-json\/wp\/v2\/posts\/760\/revisions"}],"predecessor-version":[{"id":761,"href":"https:\/\/posletrasufac.com\/en\/wp-json\/wp\/v2\/posts\/760\/revisions\/761"}],"wp:attachment":[{"href":"https:\/\/posletrasufac.com\/en\/wp-json\/wp\/v2\/media?parent=760"}],"wp:term":[{"taxonomy":"category","embeddable":true,"href":"https:\/\/posletrasufac.com\/en\/wp-json\/wp\/v2\/categories?post=760"},{"taxonomy":"post_tag","embeddable":true,"href":"https:\/\/posletrasufac.com\/en\/wp-json\/wp\/v2\/tags?post=760"}],"curies":[{"name":"wp","href":"https:\/\/api.w.org\/{rel}","templated":true}]}}