{"id":7187,"date":"2020-10-08T21:45:40","date_gmt":"2020-10-09T02:45:40","guid":{"rendered":"https:\/\/posletrasufac.com\/?p=7187"},"modified":"2020-10-08T21:45:42","modified_gmt":"2020-10-09T02:45:42","slug":"iii-congresso-metodos-fronteiricos-corpos-espacialidades-outras-democracias","status":"publish","type":"post","link":"https:\/\/posletrasufac.com\/en\/2020\/10\/08\/iii-congresso-metodos-fronteiricos-corpos-espacialidades-outras-democracias\/","title":{"rendered":"III Congresso M\u00e9todos Fronteiri\u00e7os: corpo(s), espacialidade(s), outra(s) democracia(s)"},"content":{"rendered":"<p class=\"wp-block-paragraph\">A Comiss\u00e3o Organizadora convida estudantes, integrantes dos coletivos sociais, professores, pesquisadores e demais interessados a participarem do III Congresso M\u00e9todos Fronteiri\u00e7os: corpo(s), espacialidade(s), outra(s) democracia(s) que ocorrer\u00e1 na cidade Porto Velho, nos dias 11, 12 e 13 de Novembro de 2020.<\/p>\n\n\n\n<div class=\"wp-block-image\"><figure class=\"aligncenter size-large\"><a href=\"https:\/\/i0.wp.com\/posletrasufac.com\/wp-content\/uploads\/2020\/10\/WhatsApp-Image-2020-09-28-at-17.38.25.jpeg?ssl=1\"><img data-recalc-dims=\"1\" loading=\"lazy\" decoding=\"async\" width=\"617\" height=\"1024\" data-attachment-id=\"7189\" data-permalink=\"https:\/\/posletrasufac.com\/en\/2020\/10\/08\/iii-congresso-metodos-fronteiricos-corpos-espacialidades-outras-democracias\/whatsapp-image-2020-09-28-at-17-38-25\/\" data-orig-file=\"https:\/\/i0.wp.com\/posletrasufac.com\/wp-content\/uploads\/2020\/10\/WhatsApp-Image-2020-09-28-at-17.38.25.jpeg?fit=771%2C1280&amp;ssl=1\" data-orig-size=\"771,1280\" data-comments-opened=\"0\" data-image-meta=\"{&quot;aperture&quot;:&quot;0&quot;,&quot;credit&quot;:&quot;&quot;,&quot;camera&quot;:&quot;&quot;,&quot;caption&quot;:&quot;&quot;,&quot;created_timestamp&quot;:&quot;0&quot;,&quot;copyright&quot;:&quot;&quot;,&quot;focal_length&quot;:&quot;0&quot;,&quot;iso&quot;:&quot;0&quot;,&quot;shutter_speed&quot;:&quot;0&quot;,&quot;title&quot;:&quot;&quot;,&quot;orientation&quot;:&quot;0&quot;}\" data-image-title=\"WhatsApp-Image-2020-09-28-at-17.38.25\" data-image-description=\"\" data-image-caption=\"\" data-large-file=\"https:\/\/i0.wp.com\/posletrasufac.com\/wp-content\/uploads\/2020\/10\/WhatsApp-Image-2020-09-28-at-17.38.25.jpeg?fit=617%2C1024&amp;ssl=1\" src=\"https:\/\/i0.wp.com\/posletrasufac.com\/wp-content\/uploads\/2020\/10\/WhatsApp-Image-2020-09-28-at-17.38.25.jpeg?resize=617%2C1024&#038;ssl=1\" alt=\"\" class=\"wp-image-7189\" srcset=\"https:\/\/i0.wp.com\/posletrasufac.com\/wp-content\/uploads\/2020\/10\/WhatsApp-Image-2020-09-28-at-17.38.25.jpeg?resize=617%2C1024&amp;ssl=1 617w, https:\/\/i0.wp.com\/posletrasufac.com\/wp-content\/uploads\/2020\/10\/WhatsApp-Image-2020-09-28-at-17.38.25.jpeg?resize=181%2C300&amp;ssl=1 181w, https:\/\/i0.wp.com\/posletrasufac.com\/wp-content\/uploads\/2020\/10\/WhatsApp-Image-2020-09-28-at-17.38.25.jpeg?resize=768%2C1275&amp;ssl=1 768w, https:\/\/i0.wp.com\/posletrasufac.com\/wp-content\/uploads\/2020\/10\/WhatsApp-Image-2020-09-28-at-17.38.25.jpeg?w=771&amp;ssl=1 771w\" sizes=\"auto, (max-width: 617px) 100vw, 617px\" \/><\/a><\/figure><\/div>\n\n\n\n<p class=\"wp-block-paragraph\"><\/p>\n\n\n\n<p class=\"has-text-align-center wp-block-paragraph\">Acesse: <a href=\"https:\/\/metodosfronteiricos.wixsite.com\/deviramazoniaunir\">https:\/\/metodosfronteiricos.wixsite.com\/deviramazoniaunir<\/a><\/p>","protected":false},"excerpt":{"rendered":"<p>A Comiss\u00e3o Organizadora convida estudantes, integrantes dos coletivos sociais, professores, pesquisadores e demais interessados a participarem do III Congresso M\u00e9todos Fronteiri\u00e7os: corpo(s), espacialidade(s), outra(s) democracia(s) que ocorrer\u00e1 na cidade Porto Velho, nos dias 11, 12 e 13 de Novembro de<\/p>","protected":false},"author":65883018,"featured_media":0,"comment_status":"closed","ping_status":"closed","sticky":false,"template":"","format":"standard","meta":{"_coblocks_attr":"","_coblocks_dimensions":"","_coblocks_responsive_height":"","_coblocks_accordion_ie_support":"","_crdt_document":"","advanced_seo_description":"","jetpack_seo_html_title":"","jetpack_seo_noindex":false,"_jetpack_newsletter_access":"","_jetpack_dont_email_post_to_subs":false,"_jetpack_newsletter_tier_id":0,"_jetpack_memberships_contains_paywalled_content":false,"_jetpack_memberships_contains_paid_content":false,"footnotes":"","jetpack_publicize_message":"","jetpack_publicize_feature_enabled":true,"jetpack_social_post_already_shared":true,"jetpack_social_options":{"image_generator_settings":{"template":"highway","default_image_id":0,"font":"","enabled":false},"version":2},"_wpas_customize_per_network":false,"jetpack_post_was_ever_published":false},"categories":[233475685],"tags":[],"class_list":["post-7187","post","type-post","status-publish","format-standard","hentry","category-ppgli"],"jetpack_publicize_connections":[],"jetpack_featured_media_url":"","jetpack_likes_enabled":false,"jetpack_sharing_enabled":true,"jetpack_shortlink":"https:\/\/wp.me\/p4Na16-1RV","amp_enabled":true,"_links":{"self":[{"href":"https:\/\/posletrasufac.com\/en\/wp-json\/wp\/v2\/posts\/7187","targetHints":{"allow":["GET"]}}],"collection":[{"href":"https:\/\/posletrasufac.com\/en\/wp-json\/wp\/v2\/posts"}],"about":[{"href":"https:\/\/posletrasufac.com\/en\/wp-json\/wp\/v2\/types\/post"}],"author":[{"embeddable":true,"href":"https:\/\/posletrasufac.com\/en\/wp-json\/wp\/v2\/users\/65883018"}],"replies":[{"embeddable":true,"href":"https:\/\/posletrasufac.com\/en\/wp-json\/wp\/v2\/comments?post=7187"}],"version-history":[{"count":3,"href":"https:\/\/posletrasufac.com\/en\/wp-json\/wp\/v2\/posts\/7187\/revisions"}],"predecessor-version":[{"id":7192,"href":"https:\/\/posletrasufac.com\/en\/wp-json\/wp\/v2\/posts\/7187\/revisions\/7192"}],"wp:attachment":[{"href":"https:\/\/posletrasufac.com\/en\/wp-json\/wp\/v2\/media?parent=7187"}],"wp:term":[{"taxonomy":"category","embeddable":true,"href":"https:\/\/posletrasufac.com\/en\/wp-json\/wp\/v2\/categories?post=7187"},{"taxonomy":"post_tag","embeddable":true,"href":"https:\/\/posletrasufac.com\/en\/wp-json\/wp\/v2\/tags?post=7187"}],"curies":[{"name":"wp","href":"https:\/\/api.w.org\/{rel}","templated":true}]}}