{"id":714,"date":"2015-04-30T16:02:21","date_gmt":"2015-04-30T21:02:21","guid":{"rendered":"http:\/\/posletrasufac.com\/?p=714"},"modified":"2015-04-30T16:03:17","modified_gmt":"2015-04-30T21:03:17","slug":"ppgli-publica-edital-de-selecao-do-curso-de-mestrado-em-letras-linguagem-e-identidade-para-indigenas-e-professores-e-tas-do-campus-de-cruzeiro-do-sul","status":"publish","type":"post","link":"https:\/\/posletrasufac.com\/en\/2015\/04\/30\/ppgli-publica-edital-de-selecao-do-curso-de-mestrado-em-letras-linguagem-e-identidade-para-indigenas-e-professores-e-tas-do-campus-de-cruzeiro-do-sul\/","title":{"rendered":"PPGLI publica Edital de Sele\u00e7\u00e3o do Curso de Mestrado em Letras: Linguagem e Identidade para ind\u00edgenas, professores e TAs do C\u00e2mpus de Cruzeiro do Sul"},"content":{"rendered":"<p>A Pr\u00f3-Reitoria de Pesquisa e P\u00f3s-Gradua\u00e7\u00e3o (PROPEG) e o Programa de P\u00f3s-Gradua\u00e7\u00e3o em Letras: Linguagem e Identidade (PPGLI) da Universidade Federal do Acre (UFAC) tornam p\u00fablica a abertura de 25 (vinte e cinco) vagas para o Curso de Mestrado em Letras: Linguagem e Identidade, com ingresso no m\u00eas de setembro do ano letivo de 2015 e defesa da disserta\u00e7\u00e3o at\u00e9 o m\u00eas de agosto de 2017, em conformidade com o que estabelece o presente edital. Dentre as vagas oferecidas, 17 (dezessete) s\u00e3o reservadas, exclusivamente, para atender ao Programa de Apoio \u00e0 Qualifica\u00e7\u00e3o em P\u00f3s-Gradua\u00e7\u00e3o de Servidores Docentes e T\u00e9cnico-Administrativos (PAQDT) da UFAC, lotados no C\u00e2mpus \u201cFloresta\u201d \u2013 Cruzeiro do Sul, e 08 (oito) s\u00e3o destinadas para as pol\u00edticas afirmativas, componente \u00e9tnico ind\u00edgena.<\/p>\n<p>Acesse:\u00a0<a href=\"https:\/\/posletrasufac.com\/wp-content\/uploads\/2015\/04\/edital-mestrado-em-letras-turma-2015-cruzeiro-do-sul.pdf\">Edital Mestrado emLetras &#8211; Turma 2015 Cruzeiro do Sul<img data-recalc-dims=\"1\" loading=\"lazy\" decoding=\"async\" data-attachment-id=\"716\" data-permalink=\"https:\/\/posletrasufac.com\/en\/2015\/04\/30\/ppgli-publica-edital-de-selecao-do-curso-de-mestrado-em-letras-linguagem-e-identidade-para-indigenas-e-professores-e-tas-do-campus-de-cruzeiro-do-sul\/edital-czs\/\" data-orig-file=\"https:\/\/i0.wp.com\/posletrasufac.com\/wp-content\/uploads\/2015\/04\/edital-czs.jpg?fit=2482%2C1750&amp;ssl=1\" data-orig-size=\"2482,1750\" data-comments-opened=\"0\" data-image-meta=\"{&quot;aperture&quot;:&quot;0&quot;,&quot;credit&quot;:&quot;Raquel&quot;,&quot;camera&quot;:&quot;&quot;,&quot;caption&quot;:&quot;&quot;,&quot;created_timestamp&quot;:&quot;1430409555&quot;,&quot;copyright&quot;:&quot;&quot;,&quot;focal_length&quot;:&quot;0&quot;,&quot;iso&quot;:&quot;0&quot;,&quot;shutter_speed&quot;:&quot;0&quot;,&quot;title&quot;:&quot;&quot;,&quot;orientation&quot;:&quot;0&quot;}\" data-image-title=\"Edital CZS\" data-image-description=\"\" data-image-caption=\"\" data-large-file=\"https:\/\/i0.wp.com\/posletrasufac.com\/wp-content\/uploads\/2015\/04\/edital-czs.jpg?fit=750%2C529&amp;ssl=1\" class=\"aligncenter wp-image-716 size-large\" src=\"https:\/\/i0.wp.com\/posletrasufac.com\/wp-content\/uploads\/2015\/04\/edital-czs.jpg?resize=660%2C465&#038;ssl=1\" alt=\"Edital CZS\" width=\"660\" height=\"465\" \/><\/a><\/p>","protected":false},"excerpt":{"rendered":"<p>A Pr\u00f3-Reitoria de Pesquisa e P\u00f3s-Gradua\u00e7\u00e3o (PROPEG) e o Programa de P\u00f3s-Gradua\u00e7\u00e3o em Letras: Linguagem e Identidade (PPGLI) da Universidade Federal do Acre (UFAC) tornam p\u00fablica a abertura de 25 (vinte e cinco) vagas para o Curso de Mestrado em<\/p>","protected":false},"author":65883018,"featured_media":0,"comment_status":"closed","ping_status":"closed","sticky":false,"template":"","format":"standard","meta":{"_coblocks_attr":"","_coblocks_dimensions":"","_coblocks_responsive_height":"","_coblocks_accordion_ie_support":"","_crdt_document":"","advanced_seo_description":"","jetpack_seo_html_title":"","jetpack_seo_noindex":false,"_jetpack_newsletter_access":"","_jetpack_dont_email_post_to_subs":false,"_jetpack_newsletter_tier_id":0,"_jetpack_memberships_contains_paywalled_content":false,"_jetpack_memberships_contains_paid_content":false,"footnotes":"","jetpack_publicize_message":"PPGLI publica Edital de Sele\u00e7\u00e3o do Curso de Mestrado em Letras: Linguagem e Identidade para ind\u00edgenas e professores e TAs do C\u00e2mpus de Cruzeiro do Sul","jetpack_publicize_feature_enabled":true,"jetpack_social_post_already_shared":false,"jetpack_social_options":{"image_generator_settings":{"template":"highway","default_image_id":0,"font":"","enabled":false},"version":2},"_wpas_customize_per_network":false,"jetpack_post_was_ever_published":false},"categories":[5078],"tags":[],"class_list":["post-714","post","type-post","status-publish","format-standard","hentry","category-sem-categoria"],"jetpack_publicize_connections":[],"jetpack_featured_media_url":"","jetpack_likes_enabled":false,"jetpack_sharing_enabled":true,"jetpack_shortlink":"https:\/\/wp.me\/p4Na16-bw","amp_enabled":true,"_links":{"self":[{"href":"https:\/\/posletrasufac.com\/en\/wp-json\/wp\/v2\/posts\/714","targetHints":{"allow":["GET"]}}],"collection":[{"href":"https:\/\/posletrasufac.com\/en\/wp-json\/wp\/v2\/posts"}],"about":[{"href":"https:\/\/posletrasufac.com\/en\/wp-json\/wp\/v2\/types\/post"}],"author":[{"embeddable":true,"href":"https:\/\/posletrasufac.com\/en\/wp-json\/wp\/v2\/users\/65883018"}],"replies":[{"embeddable":true,"href":"https:\/\/posletrasufac.com\/en\/wp-json\/wp\/v2\/comments?post=714"}],"version-history":[{"count":2,"href":"https:\/\/posletrasufac.com\/en\/wp-json\/wp\/v2\/posts\/714\/revisions"}],"predecessor-version":[{"id":718,"href":"https:\/\/posletrasufac.com\/en\/wp-json\/wp\/v2\/posts\/714\/revisions\/718"}],"wp:attachment":[{"href":"https:\/\/posletrasufac.com\/en\/wp-json\/wp\/v2\/media?parent=714"}],"wp:term":[{"taxonomy":"category","embeddable":true,"href":"https:\/\/posletrasufac.com\/en\/wp-json\/wp\/v2\/categories?post=714"},{"taxonomy":"post_tag","embeddable":true,"href":"https:\/\/posletrasufac.com\/en\/wp-json\/wp\/v2\/tags?post=714"}],"curies":[{"name":"wp","href":"https:\/\/api.w.org\/{rel}","templated":true}]}}