{"id":6957,"date":"2020-09-17T17:18:34","date_gmt":"2020-09-17T22:18:34","guid":{"rendered":"https:\/\/posletrasufac.com\/?p=6957"},"modified":"2020-09-23T00:24:15","modified_gmt":"2020-09-23T05:24:15","slug":"convite-157","status":"publish","type":"post","link":"https:\/\/posletrasufac.com\/en\/2020\/09\/17\/convite-157\/","title":{"rendered":"Invitations"},"content":{"rendered":"<figure class=\"wp-block-image size-large\"><img data-recalc-dims=\"1\" loading=\"lazy\" decoding=\"async\" width=\"750\" height=\"750\" data-attachment-id=\"6958\" data-permalink=\"https:\/\/posletrasufac.com\/en\/2020\/09\/17\/convite-157\/live-em-24-de-setembro-1\/\" data-orig-file=\"https:\/\/i0.wp.com\/posletrasufac.com\/wp-content\/uploads\/2020\/09\/Live-em-24-de-setembro-1.png?fit=1080%2C1080&amp;ssl=1\" data-orig-size=\"1080,1080\" data-comments-opened=\"0\" data-image-meta=\"{&quot;aperture&quot;:&quot;0&quot;,&quot;credit&quot;:&quot;&quot;,&quot;camera&quot;:&quot;&quot;,&quot;caption&quot;:&quot;&quot;,&quot;created_timestamp&quot;:&quot;0&quot;,&quot;copyright&quot;:&quot;&quot;,&quot;focal_length&quot;:&quot;0&quot;,&quot;iso&quot;:&quot;0&quot;,&quot;shutter_speed&quot;:&quot;0&quot;,&quot;title&quot;:&quot;&quot;,&quot;orientation&quot;:&quot;0&quot;}\" data-image-title=\"Live-em-24-de-setembro-1\" data-image-description=\"\" data-image-caption=\"\" data-large-file=\"https:\/\/i0.wp.com\/posletrasufac.com\/wp-content\/uploads\/2020\/09\/Live-em-24-de-setembro-1.png?fit=750%2C750&amp;ssl=1\" src=\"https:\/\/i0.wp.com\/posletrasufac.com\/wp-content\/uploads\/2020\/09\/Live-em-24-de-setembro-1.png?resize=750%2C750&#038;ssl=1\" alt=\"\" class=\"wp-image-6958\" srcset=\"https:\/\/i0.wp.com\/posletrasufac.com\/wp-content\/uploads\/2020\/09\/Live-em-24-de-setembro-1.png?resize=1024%2C1024&amp;ssl=1 1024w, https:\/\/i0.wp.com\/posletrasufac.com\/wp-content\/uploads\/2020\/09\/Live-em-24-de-setembro-1.png?resize=300%2C300&amp;ssl=1 300w, https:\/\/i0.wp.com\/posletrasufac.com\/wp-content\/uploads\/2020\/09\/Live-em-24-de-setembro-1.png?resize=150%2C150&amp;ssl=1 150w, https:\/\/i0.wp.com\/posletrasufac.com\/wp-content\/uploads\/2020\/09\/Live-em-24-de-setembro-1.png?resize=768%2C768&amp;ssl=1 768w, https:\/\/i0.wp.com\/posletrasufac.com\/wp-content\/uploads\/2020\/09\/Live-em-24-de-setembro-1.png?resize=800%2C800&amp;ssl=1 800w, https:\/\/i0.wp.com\/posletrasufac.com\/wp-content\/uploads\/2020\/09\/Live-em-24-de-setembro-1.png?resize=400%2C400&amp;ssl=1 400w, https:\/\/i0.wp.com\/posletrasufac.com\/wp-content\/uploads\/2020\/09\/Live-em-24-de-setembro-1.png?resize=200%2C200&amp;ssl=1 200w, https:\/\/i0.wp.com\/posletrasufac.com\/wp-content\/uploads\/2020\/09\/Live-em-24-de-setembro-1.png?resize=270%2C270&amp;ssl=1 270w, https:\/\/i0.wp.com\/posletrasufac.com\/wp-content\/uploads\/2020\/09\/Live-em-24-de-setembro-1.png?resize=230%2C230&amp;ssl=1 230w, https:\/\/i0.wp.com\/posletrasufac.com\/wp-content\/uploads\/2020\/09\/Live-em-24-de-setembro-1.png?w=1080&amp;ssl=1 1080w\" sizes=\"auto, (max-width: 750px) 100vw, 750px\" \/><\/figure>\n\n\n\n<p class=\"wp-block-paragraph\">The <strong>Programa de P\u00f3s-Gradua\u00e7\u00e3o em Letras &#8211;\u00a0<strong>PPGL<\/strong><\/strong> da Universidade Federal de Roraima tem a honra de convid\u00e1-la(o) para participar da Mesa &#8220;Integracionismo e amazonialismo nos estudos liter\u00e1rios&#8221;. As atividades, que ser\u00e3o mediadas pela Prof. Tatiana Capaverde (PPGL), ter\u00e3o a participa\u00e7\u00e3o:<\/p>\n\n\n\n<p class=\"wp-block-paragraph\">1) Da Profa.&nbsp;<strong><a href=\"http:\/\/lattes.cnpq.br\/4698757785021733\">Dra. D\u00e9bora Cota (UNILA)<\/a><\/strong>, que apresentar\u00e1 a fala &#8220;Di\u00e1logos na literatura latino-americana: em busca de alternativas de abordagens para nossos tempos&#8221;, e;<\/p>\n\n\n\n<p class=\"wp-block-paragraph\">2) Do Prof.&nbsp;<strong><a href=\"http:\/\/lattes.cnpq.br\/7042183462903180\">Dr. Gerson Albuquerque (UFAC)<\/a><\/strong>, que apresentar\u00e1 a fala &#8220;Subjetivando modos de ver e pensar&#8221;.<\/p>\n\n\n\n<p class=\"wp-block-paragraph\">O Evento \u00e9 aberto ao p\u00fablico e ocorrer\u00e1 em regime de videoconfer\u00eancia, no dia 24\/09\/2020, \u00e0s 18h (19h hor\u00e1rio de Bras\u00edlia).<\/p>\n\n\n\n<p class=\"wp-block-paragraph\"><a href=\"https:\/\/forms.gle\/6vUgciKhWkcLPM5bA\">Fa\u00e7a sua INSCRI\u00c7\u00c3O clicando AQUI.<\/a><\/p>","protected":false},"excerpt":{"rendered":"<p>O Programa de P\u00f3s-Gradua\u00e7\u00e3o em Letras &#8211;\u00a0PPGL da Universidade Federal de Roraima tem a honra de convid\u00e1-la(o) para participar da Mesa &#8220;Integracionismo e amazonialismo nos estudos liter\u00e1rios&#8221;. As atividades, que ser\u00e3o mediadas pela Prof. Tatiana Capaverde (PPGL), ter\u00e3o a participa\u00e7\u00e3o:<\/p>","protected":false},"author":65883018,"featured_media":0,"comment_status":"closed","ping_status":"closed","sticky":false,"template":"","format":"standard","meta":{"_coblocks_attr":"","_coblocks_dimensions":"","_coblocks_responsive_height":"","_coblocks_accordion_ie_support":"","_crdt_document":"","advanced_seo_description":"","jetpack_seo_html_title":"","jetpack_seo_noindex":false,"_jetpack_newsletter_access":"","_jetpack_dont_email_post_to_subs":false,"_jetpack_newsletter_tier_id":0,"_jetpack_memberships_contains_paywalled_content":false,"_jetpack_memberships_contains_paid_content":false,"footnotes":"","jetpack_publicize_message":"","jetpack_publicize_feature_enabled":true,"jetpack_social_post_already_shared":true,"jetpack_social_options":{"image_generator_settings":{"template":"highway","default_image_id":0,"font":"","enabled":false},"version":2},"_wpas_customize_per_network":false,"jetpack_post_was_ever_published":false},"categories":[233475685],"tags":[],"class_list":["post-6957","post","type-post","status-publish","format-standard","hentry","category-ppgli"],"jetpack_publicize_connections":[],"jetpack_featured_media_url":"","jetpack_likes_enabled":false,"jetpack_sharing_enabled":true,"jetpack_shortlink":"https:\/\/wp.me\/p4Na16-1Od","amp_enabled":true,"_links":{"self":[{"href":"https:\/\/posletrasufac.com\/en\/wp-json\/wp\/v2\/posts\/6957","targetHints":{"allow":["GET"]}}],"collection":[{"href":"https:\/\/posletrasufac.com\/en\/wp-json\/wp\/v2\/posts"}],"about":[{"href":"https:\/\/posletrasufac.com\/en\/wp-json\/wp\/v2\/types\/post"}],"author":[{"embeddable":true,"href":"https:\/\/posletrasufac.com\/en\/wp-json\/wp\/v2\/users\/65883018"}],"replies":[{"embeddable":true,"href":"https:\/\/posletrasufac.com\/en\/wp-json\/wp\/v2\/comments?post=6957"}],"version-history":[{"count":2,"href":"https:\/\/posletrasufac.com\/en\/wp-json\/wp\/v2\/posts\/6957\/revisions"}],"predecessor-version":[{"id":6980,"href":"https:\/\/posletrasufac.com\/en\/wp-json\/wp\/v2\/posts\/6957\/revisions\/6980"}],"wp:attachment":[{"href":"https:\/\/posletrasufac.com\/en\/wp-json\/wp\/v2\/media?parent=6957"}],"wp:term":[{"taxonomy":"category","embeddable":true,"href":"https:\/\/posletrasufac.com\/en\/wp-json\/wp\/v2\/categories?post=6957"},{"taxonomy":"post_tag","embeddable":true,"href":"https:\/\/posletrasufac.com\/en\/wp-json\/wp\/v2\/tags?post=6957"}],"curies":[{"name":"wp","href":"https:\/\/api.w.org\/{rel}","templated":true}]}}