{"id":660,"date":"2015-03-30T09:47:42","date_gmt":"2015-03-30T14:47:42","guid":{"rendered":"http:\/\/posletrasufac.com\/?p=660"},"modified":"2015-03-30T09:47:42","modified_gmt":"2015-03-30T14:47:42","slug":"xxx-encontro-nacional-da-anpoll","status":"publish","type":"post","link":"https:\/\/posletrasufac.com\/en\/2015\/03\/30\/xxx-encontro-nacional-da-anpoll\/","title":{"rendered":"XXX Encontro Nacional da ANPOLL"},"content":{"rendered":"<p>A Associa\u00e7\u00e3o Nacional de P\u00f3s-Gradua\u00e7\u00e3o e Pesquisa em Letras e Lingu\u00edstica realizar\u00e1 de 6 a 8 de julho de 2015 o XXX Encontro Nacional da ANPOLL, com o tema &#8220;Produ\u00e7\u00e3o, produtividade, produtivismo na \u00e1rea de Letras e Lingu\u00edstica hoje&#8221;.<\/p>\n<p>Mais informa\u00e7\u00f5es no site\u00a0http:\/\/anpoll.org.br\/eventos\/enanpoll2015\/<\/p>\n<p><a href=\"https:\/\/i0.wp.com\/posletrasufac.com\/wp-content\/uploads\/2015\/03\/logo_enanpoll_anpoll1.png?ssl=1\"><img data-recalc-dims=\"1\" loading=\"lazy\" decoding=\"async\" data-attachment-id=\"661\" data-permalink=\"https:\/\/posletrasufac.com\/en\/2015\/03\/30\/xxx-encontro-nacional-da-anpoll\/logo_enanpoll_anpoll1\/\" data-orig-file=\"https:\/\/i0.wp.com\/posletrasufac.com\/wp-content\/uploads\/2015\/03\/logo_enanpoll_anpoll1.png?fit=819%2C389&amp;ssl=1\" data-orig-size=\"819,389\" data-comments-opened=\"0\" data-image-meta=\"{&quot;aperture&quot;:&quot;0&quot;,&quot;credit&quot;:&quot;&quot;,&quot;camera&quot;:&quot;&quot;,&quot;caption&quot;:&quot;&quot;,&quot;created_timestamp&quot;:&quot;0&quot;,&quot;copyright&quot;:&quot;&quot;,&quot;focal_length&quot;:&quot;0&quot;,&quot;iso&quot;:&quot;0&quot;,&quot;shutter_speed&quot;:&quot;0&quot;,&quot;title&quot;:&quot;&quot;,&quot;orientation&quot;:&quot;0&quot;}\" data-image-title=\"logo_enanpoll_ANPOLL1\" data-image-description=\"\" data-image-caption=\"\" data-large-file=\"https:\/\/i0.wp.com\/posletrasufac.com\/wp-content\/uploads\/2015\/03\/logo_enanpoll_anpoll1.png?fit=750%2C356&amp;ssl=1\" class=\"aligncenter wp-image-661 size-full\" src=\"https:\/\/i0.wp.com\/posletrasufac.com\/wp-content\/uploads\/2015\/03\/logo_enanpoll_anpoll1.png?resize=750%2C356&#038;ssl=1\" alt=\"logo_enanpoll_ANPOLL1\" width=\"750\" height=\"356\" \/><\/a><\/p>","protected":false},"excerpt":{"rendered":"<p>A Associa\u00e7\u00e3o Nacional de P\u00f3s-Gradua\u00e7\u00e3o e Pesquisa em Letras e Lingu\u00edstica realizar\u00e1 de 6 a 8 de julho de 2015 o XXX Encontro Nacional da ANPOLL, com o tema &#8220;Produ\u00e7\u00e3o, produtividade, produtivismo na \u00e1rea de Letras e Lingu\u00edstica hoje&#8221;. Mais<\/p>","protected":false},"author":65883018,"featured_media":0,"comment_status":"closed","ping_status":"closed","sticky":false,"template":"","format":"standard","meta":{"_coblocks_attr":"","_coblocks_dimensions":"","_coblocks_responsive_height":"","_coblocks_accordion_ie_support":"","_crdt_document":"","advanced_seo_description":"","jetpack_seo_html_title":"","jetpack_seo_noindex":false,"_jetpack_newsletter_access":"","_jetpack_dont_email_post_to_subs":false,"_jetpack_newsletter_tier_id":0,"_jetpack_memberships_contains_paywalled_content":false,"_jetpack_memberships_contains_paid_content":false,"footnotes":"","jetpack_publicize_message":"XXX Encontro Nacional da ANPOLL","jetpack_publicize_feature_enabled":true,"jetpack_social_post_already_shared":false,"jetpack_social_options":{"image_generator_settings":{"template":"highway","default_image_id":0,"font":"","enabled":false},"version":2},"_wpas_customize_per_network":false,"jetpack_post_was_ever_published":false},"categories":[5078],"tags":[],"class_list":["post-660","post","type-post","status-publish","format-standard","hentry","category-sem-categoria"],"jetpack_publicize_connections":[],"jetpack_featured_media_url":"","jetpack_likes_enabled":false,"jetpack_sharing_enabled":true,"jetpack_shortlink":"https:\/\/wp.me\/p4Na16-aE","amp_enabled":true,"_links":{"self":[{"href":"https:\/\/posletrasufac.com\/en\/wp-json\/wp\/v2\/posts\/660","targetHints":{"allow":["GET"]}}],"collection":[{"href":"https:\/\/posletrasufac.com\/en\/wp-json\/wp\/v2\/posts"}],"about":[{"href":"https:\/\/posletrasufac.com\/en\/wp-json\/wp\/v2\/types\/post"}],"author":[{"embeddable":true,"href":"https:\/\/posletrasufac.com\/en\/wp-json\/wp\/v2\/users\/65883018"}],"replies":[{"embeddable":true,"href":"https:\/\/posletrasufac.com\/en\/wp-json\/wp\/v2\/comments?post=660"}],"version-history":[{"count":1,"href":"https:\/\/posletrasufac.com\/en\/wp-json\/wp\/v2\/posts\/660\/revisions"}],"predecessor-version":[{"id":662,"href":"https:\/\/posletrasufac.com\/en\/wp-json\/wp\/v2\/posts\/660\/revisions\/662"}],"wp:attachment":[{"href":"https:\/\/posletrasufac.com\/en\/wp-json\/wp\/v2\/media?parent=660"}],"wp:term":[{"taxonomy":"category","embeddable":true,"href":"https:\/\/posletrasufac.com\/en\/wp-json\/wp\/v2\/categories?post=660"},{"taxonomy":"post_tag","embeddable":true,"href":"https:\/\/posletrasufac.com\/en\/wp-json\/wp\/v2\/tags?post=660"}],"curies":[{"name":"wp","href":"https:\/\/api.w.org\/{rel}","templated":true}]}}