{"id":657,"date":"2015-03-18T17:03:52","date_gmt":"2015-03-18T22:03:52","guid":{"rendered":"http:\/\/posletrasufac.com\/?p=657"},"modified":"2015-03-18T17:03:52","modified_gmt":"2015-03-18T22:03:52","slug":"convocacao-de-alunos","status":"publish","type":"post","link":"https:\/\/posletrasufac.com\/en\/2015\/03\/18\/convocacao-de-alunos\/","title":{"rendered":"Convoca\u00e7\u00e3o de alunos"},"content":{"rendered":"<p>O Coordenador do Programa de P\u00f3s-Gradua\u00e7\u00e3o em Letras: Linguagem e Identidade (PPGLI), da Universidade Federal do Acre, no uso de suas atribui\u00e7\u00f5es legais, convoca os alunos listados no documento abaixo para que compare\u00e7am \u00e0 Secretaria do PPGLI\/UFAC, no prazo m\u00e1ximo de 15 (quinze) dias corridos, a contar desta data, para ci\u00eancia e manifesta\u00e7\u00e3o em processos de seus interesses.<\/p>\n<p><a href=\"https:\/\/posletrasufac.com\/wp-content\/uploads\/2015\/03\/convocac3a7c3a3o-de-alunos.pdf\">Convoca\u00e7\u00e3o de alunos<\/a><\/p>","protected":false},"excerpt":{"rendered":"<p>O Coordenador do Programa de P\u00f3s-Gradua\u00e7\u00e3o em Letras: Linguagem e Identidade (PPGLI), da Universidade Federal do Acre, no uso de suas atribui\u00e7\u00f5es legais, convoca os alunos listados no documento abaixo para que compare\u00e7am \u00e0 Secretaria do PPGLI\/UFAC, no prazo m\u00e1ximo<\/p>","protected":false},"author":65883018,"featured_media":0,"comment_status":"closed","ping_status":"closed","sticky":false,"template":"","format":"standard","meta":{"_coblocks_attr":"","_coblocks_dimensions":"","_coblocks_responsive_height":"","_coblocks_accordion_ie_support":"","_crdt_document":"","advanced_seo_description":"","jetpack_seo_html_title":"","jetpack_seo_noindex":false,"_jetpack_newsletter_access":"","_jetpack_dont_email_post_to_subs":false,"_jetpack_newsletter_tier_id":0,"_jetpack_memberships_contains_paywalled_content":false,"_jetpack_memberships_contains_paid_content":false,"footnotes":"","jetpack_publicize_message":"Convoca\u00e7\u00e3o de alunos","jetpack_publicize_feature_enabled":true,"jetpack_social_post_already_shared":false,"jetpack_social_options":{"image_generator_settings":{"template":"highway","default_image_id":0,"font":"","enabled":false},"version":2},"_wpas_customize_per_network":false,"jetpack_post_was_ever_published":false},"categories":[5078],"tags":[],"class_list":["post-657","post","type-post","status-publish","format-standard","hentry","category-sem-categoria"],"jetpack_publicize_connections":[],"jetpack_featured_media_url":"","jetpack_likes_enabled":false,"jetpack_sharing_enabled":true,"jetpack_shortlink":"https:\/\/wp.me\/p4Na16-aB","amp_enabled":true,"_links":{"self":[{"href":"https:\/\/posletrasufac.com\/en\/wp-json\/wp\/v2\/posts\/657","targetHints":{"allow":["GET"]}}],"collection":[{"href":"https:\/\/posletrasufac.com\/en\/wp-json\/wp\/v2\/posts"}],"about":[{"href":"https:\/\/posletrasufac.com\/en\/wp-json\/wp\/v2\/types\/post"}],"author":[{"embeddable":true,"href":"https:\/\/posletrasufac.com\/en\/wp-json\/wp\/v2\/users\/65883018"}],"replies":[{"embeddable":true,"href":"https:\/\/posletrasufac.com\/en\/wp-json\/wp\/v2\/comments?post=657"}],"version-history":[{"count":1,"href":"https:\/\/posletrasufac.com\/en\/wp-json\/wp\/v2\/posts\/657\/revisions"}],"predecessor-version":[{"id":659,"href":"https:\/\/posletrasufac.com\/en\/wp-json\/wp\/v2\/posts\/657\/revisions\/659"}],"wp:attachment":[{"href":"https:\/\/posletrasufac.com\/en\/wp-json\/wp\/v2\/media?parent=657"}],"wp:term":[{"taxonomy":"category","embeddable":true,"href":"https:\/\/posletrasufac.com\/en\/wp-json\/wp\/v2\/categories?post=657"},{"taxonomy":"post_tag","embeddable":true,"href":"https:\/\/posletrasufac.com\/en\/wp-json\/wp\/v2\/tags?post=657"}],"curies":[{"name":"wp","href":"https:\/\/api.w.org\/{rel}","templated":true}]}}