{"id":580,"date":"2014-12-29T16:19:23","date_gmt":"2014-12-29T21:19:23","guid":{"rendered":"http:\/\/posletrasufac.com\/?p=580"},"modified":"2014-12-29T16:20:22","modified_gmt":"2014-12-29T21:20:22","slug":"adendo-no-01-ao-edital-propeg-152014-selecao-publica-de-candidatos-para-o-preenchimento-de-28-vinte-e-oito-vagas-para-o-curso-de-mestrado-em-letras-linguagem-e-identidade-turma-2015","status":"publish","type":"post","link":"https:\/\/posletrasufac.com\/en\/2014\/12\/29\/adendo-no-01-ao-edital-propeg-152014-selecao-publica-de-candidatos-para-o-preenchimento-de-28-vinte-e-oito-vagas-para-o-curso-de-mestrado-em-letras-linguagem-e-identidade-turma-2015\/","title":{"rendered":"Adendo n. 01 ao Edital PROPEG 15\/2014 &#8211; Sele\u00e7\u00e3o 2014"},"content":{"rendered":"<p><a href=\"https:\/\/i0.wp.com\/posletrasufac.com\/wp-content\/uploads\/2014\/12\/cartaz-edital-015-adendo-01.png?ssl=1\"><img data-recalc-dims=\"1\" loading=\"lazy\" decoding=\"async\" data-attachment-id=\"581\" data-permalink=\"https:\/\/posletrasufac.com\/en\/2014\/12\/29\/adendo-no-01-ao-edital-propeg-152014-selecao-publica-de-candidatos-para-o-preenchimento-de-28-vinte-e-oito-vagas-para-o-curso-de-mestrado-em-letras-linguagem-e-identidade-turma-2015\/cartaz-edital-015-adendo-01\/\" data-orig-file=\"https:\/\/i0.wp.com\/posletrasufac.com\/wp-content\/uploads\/2014\/12\/cartaz-edital-015-adendo-01.png?fit=1489%2C2106&amp;ssl=1\" data-orig-size=\"1489,2106\" data-comments-opened=\"0\" data-image-meta=\"{&quot;aperture&quot;:&quot;0&quot;,&quot;credit&quot;:&quot;&quot;,&quot;camera&quot;:&quot;&quot;,&quot;caption&quot;:&quot;&quot;,&quot;created_timestamp&quot;:&quot;0&quot;,&quot;copyright&quot;:&quot;&quot;,&quot;focal_length&quot;:&quot;0&quot;,&quot;iso&quot;:&quot;0&quot;,&quot;shutter_speed&quot;:&quot;0&quot;,&quot;title&quot;:&quot;&quot;,&quot;orientation&quot;:&quot;0&quot;}\" data-image-title=\"Cartaz Edital 015 Adendo 01\" data-image-description=\"\" data-image-caption=\"\" data-large-file=\"https:\/\/i0.wp.com\/posletrasufac.com\/wp-content\/uploads\/2014\/12\/cartaz-edital-015-adendo-01.png?fit=724%2C1024&amp;ssl=1\" class=\"aligncenter size-large wp-image-581\" src=\"https:\/\/i0.wp.com\/posletrasufac.com\/wp-content\/uploads\/2014\/12\/cartaz-edital-015-adendo-01.png?resize=660%2C933&#038;ssl=1\" alt=\"Cartaz Edital 015 Adendo 01\" width=\"660\" height=\"933\" \/><\/a><\/p>\n<p><a href=\"https:\/\/posletrasufac.com\/wp-content\/uploads\/2014\/07\/adendo-nc2ba-01.pdf\">Adendo n\u00ba 01<\/a><\/p>\n<p><a title=\"Sele\u00e7\u00e3o\" href=\"http:\/\/posletrasufac.com\/en\/selecao\/\">Ver todos os documentos.<\/a><\/p>","protected":false},"excerpt":{"rendered":"<p>Adendo n\u00ba 01 Ver todos os documentos.<\/p>","protected":false},"author":65883018,"featured_media":0,"comment_status":"closed","ping_status":"closed","sticky":false,"template":"","format":"standard","meta":{"_coblocks_attr":"","_coblocks_dimensions":"","_coblocks_responsive_height":"","_coblocks_accordion_ie_support":"","_crdt_document":"","advanced_seo_description":"","jetpack_seo_html_title":"","jetpack_seo_noindex":false,"_jetpack_newsletter_access":"","_jetpack_dont_email_post_to_subs":false,"_jetpack_newsletter_tier_id":0,"_jetpack_memberships_contains_paywalled_content":false,"_jetpack_memberships_contains_paid_content":false,"footnotes":"","jetpack_publicize_message":"Adendo n\u00ba 01 ao Edital PROPEG 15\/2014 - Sele\u00e7\u00e3o p\u00fablica de candidatos para o preenchimento de 28 (vinte e oito) vagas para o Curso de Mestrado em Letras: Linguagem e Identidade Turma 2015","jetpack_publicize_feature_enabled":true,"jetpack_social_post_already_shared":false,"jetpack_social_options":{"image_generator_settings":{"template":"highway","default_image_id":0,"font":"","enabled":false},"version":2},"_wpas_customize_per_network":false,"jetpack_post_was_ever_published":false},"categories":[5078],"tags":[],"class_list":["post-580","post","type-post","status-publish","format-standard","hentry","category-sem-categoria"],"jetpack_publicize_connections":[],"jetpack_featured_media_url":"","jetpack_likes_enabled":false,"jetpack_sharing_enabled":true,"jetpack_shortlink":"https:\/\/wp.me\/p4Na16-9m","amp_enabled":true,"_links":{"self":[{"href":"https:\/\/posletrasufac.com\/en\/wp-json\/wp\/v2\/posts\/580","targetHints":{"allow":["GET"]}}],"collection":[{"href":"https:\/\/posletrasufac.com\/en\/wp-json\/wp\/v2\/posts"}],"about":[{"href":"https:\/\/posletrasufac.com\/en\/wp-json\/wp\/v2\/types\/post"}],"author":[{"embeddable":true,"href":"https:\/\/posletrasufac.com\/en\/wp-json\/wp\/v2\/users\/65883018"}],"replies":[{"embeddable":true,"href":"https:\/\/posletrasufac.com\/en\/wp-json\/wp\/v2\/comments?post=580"}],"version-history":[{"count":3,"href":"https:\/\/posletrasufac.com\/en\/wp-json\/wp\/v2\/posts\/580\/revisions"}],"predecessor-version":[{"id":584,"href":"https:\/\/posletrasufac.com\/en\/wp-json\/wp\/v2\/posts\/580\/revisions\/584"}],"wp:attachment":[{"href":"https:\/\/posletrasufac.com\/en\/wp-json\/wp\/v2\/media?parent=580"}],"wp:term":[{"taxonomy":"category","embeddable":true,"href":"https:\/\/posletrasufac.com\/en\/wp-json\/wp\/v2\/categories?post=580"},{"taxonomy":"post_tag","embeddable":true,"href":"https:\/\/posletrasufac.com\/en\/wp-json\/wp\/v2\/tags?post=580"}],"curies":[{"name":"wp","href":"https:\/\/api.w.org\/{rel}","templated":true}]}}