{"id":558,"date":"2014-12-13T13:20:42","date_gmt":"2014-12-13T18:20:42","guid":{"rendered":"http:\/\/posletrasufac.com\/?p=558"},"modified":"2014-12-13T16:56:37","modified_gmt":"2014-12-13T21:56:37","slug":"com-82-de-aprovacao-estao-eleitos-os-novos-coordenadores-do-ppgli","status":"publish","type":"post","link":"https:\/\/posletrasufac.com\/en\/2014\/12\/13\/com-82-de-aprovacao-estao-eleitos-os-novos-coordenadores-do-ppgli\/","title":{"rendered":"Com 82% de aprova\u00e7\u00e3o, est\u00e3o eleitos os novos coordenadores do PPGLI"},"content":{"rendered":"<p>Aconteceu no dia 11 de dezembro a elei\u00e7\u00e3o para Coordena\u00e7\u00e3o do Programa de P\u00f3s-Gradua\u00e7\u00e3o em Letras: Linguagem e Identidade da Universidade Federal do Acre &#8211; UFAC.<\/p>\n<p>A chapa eleita com 82% dos votos v\u00e1lidos \u00e9 composta\u00a0pelo Prof. Dr. Gerson Rodrigues de Albuquerque, candidato a Coordenador, e o Prof. Dr. Francisco Bento da Silva, candidato a Vice-Coordenador.<\/p>\n<p>Dentre os alunos e t\u00e9cnicos-administrativos, a aprova\u00e7\u00e3o foi de 80,7% e, dentre os professores, a aprova\u00e7\u00e3o da chapa foi de 83,3%.<\/p>\n<p>A nova gest\u00e3o assumir\u00e1 a Coordena\u00e7\u00e3o do PPGLI durante o bi\u00eanio 2015-2016.<\/p>\n<figure id=\"attachment_560\" aria-describedby=\"caption-attachment-560\" style=\"width: 660px\" class=\"wp-caption aligncenter\"><a href=\"https:\/\/i0.wp.com\/posletrasufac.com\/wp-content\/uploads\/2014\/12\/sem-tc3adtulo-11.png?ssl=1\"><img data-recalc-dims=\"1\" loading=\"lazy\" decoding=\"async\" data-attachment-id=\"560\" data-permalink=\"https:\/\/posletrasufac.com\/en\/2014\/12\/13\/com-82-de-aprovacao-estao-eleitos-os-novos-coordenadores-do-ppgli\/sem-titulo-1-2\/\" data-orig-file=\"https:\/\/i0.wp.com\/posletrasufac.com\/wp-content\/uploads\/2014\/12\/sem-tc3adtulo-11.png?fit=1808%2C1652&amp;ssl=1\" data-orig-size=\"1808,1652\" data-comments-opened=\"0\" data-image-meta=\"{&quot;aperture&quot;:&quot;0&quot;,&quot;credit&quot;:&quot;&quot;,&quot;camera&quot;:&quot;&quot;,&quot;caption&quot;:&quot;&quot;,&quot;created_timestamp&quot;:&quot;0&quot;,&quot;copyright&quot;:&quot;&quot;,&quot;focal_length&quot;:&quot;0&quot;,&quot;iso&quot;:&quot;0&quot;,&quot;shutter_speed&quot;:&quot;0&quot;,&quot;title&quot;:&quot;&quot;,&quot;orientation&quot;:&quot;0&quot;}\" data-image-title=\"Sem t\u00edtulo-1\" data-image-description=\"\" data-image-caption=\"\" data-large-file=\"https:\/\/i0.wp.com\/posletrasufac.com\/wp-content\/uploads\/2014\/12\/sem-tc3adtulo-11.png?fit=750%2C685&amp;ssl=1\" class=\"wp-image-560 size-large\" src=\"https:\/\/i0.wp.com\/posletrasufac.com\/wp-content\/uploads\/2014\/12\/sem-tc3adtulo-11.png?resize=660%2C603&#038;ssl=1\" alt=\"\" width=\"660\" height=\"603\" \/><\/a><figcaption id=\"caption-attachment-560\" class=\"wp-caption-text\">Prof. Dr. Francisco Bento da Silva e Prof. Dr. Gerson Rodrigues de Albuquerque<\/figcaption><\/figure>","protected":false},"excerpt":{"rendered":"<p>Aconteceu no dia 11 de dezembro a elei\u00e7\u00e3o para Coordena\u00e7\u00e3o do Programa de P\u00f3s-Gradua\u00e7\u00e3o em Letras: Linguagem e Identidade da Universidade Federal do Acre &#8211; UFAC. A chapa eleita com 82% dos votos v\u00e1lidos \u00e9 composta\u00a0pelo Prof. Dr. Gerson Rodrigues<\/p>","protected":false},"author":65883018,"featured_media":0,"comment_status":"closed","ping_status":"closed","sticky":false,"template":"","format":"standard","meta":{"_coblocks_attr":"","_coblocks_dimensions":"","_coblocks_responsive_height":"","_coblocks_accordion_ie_support":"","_crdt_document":"","advanced_seo_description":"","jetpack_seo_html_title":"","jetpack_seo_noindex":false,"_jetpack_newsletter_access":"","_jetpack_dont_email_post_to_subs":false,"_jetpack_newsletter_tier_id":0,"_jetpack_memberships_contains_paywalled_content":false,"_jetpack_memberships_contains_paid_content":false,"footnotes":"","jetpack_publicize_message":"Com 82% de aprova\u00e7\u00e3o, est\u00e3o eleitos os novos coordenadores do PPGLI","jetpack_publicize_feature_enabled":true,"jetpack_social_post_already_shared":false,"jetpack_social_options":{"image_generator_settings":{"template":"highway","default_image_id":0,"font":"","enabled":false},"version":2},"_wpas_customize_per_network":false,"jetpack_post_was_ever_published":false},"categories":[5078],"tags":[],"class_list":["post-558","post","type-post","status-publish","format-standard","hentry","category-sem-categoria"],"jetpack_publicize_connections":[],"jetpack_featured_media_url":"","jetpack_likes_enabled":false,"jetpack_sharing_enabled":true,"jetpack_shortlink":"https:\/\/wp.me\/p4Na16-90","amp_enabled":true,"_links":{"self":[{"href":"https:\/\/posletrasufac.com\/en\/wp-json\/wp\/v2\/posts\/558","targetHints":{"allow":["GET"]}}],"collection":[{"href":"https:\/\/posletrasufac.com\/en\/wp-json\/wp\/v2\/posts"}],"about":[{"href":"https:\/\/posletrasufac.com\/en\/wp-json\/wp\/v2\/types\/post"}],"author":[{"embeddable":true,"href":"https:\/\/posletrasufac.com\/en\/wp-json\/wp\/v2\/users\/65883018"}],"replies":[{"embeddable":true,"href":"https:\/\/posletrasufac.com\/en\/wp-json\/wp\/v2\/comments?post=558"}],"version-history":[{"count":4,"href":"https:\/\/posletrasufac.com\/en\/wp-json\/wp\/v2\/posts\/558\/revisions"}],"predecessor-version":[{"id":563,"href":"https:\/\/posletrasufac.com\/en\/wp-json\/wp\/v2\/posts\/558\/revisions\/563"}],"wp:attachment":[{"href":"https:\/\/posletrasufac.com\/en\/wp-json\/wp\/v2\/media?parent=558"}],"wp:term":[{"taxonomy":"category","embeddable":true,"href":"https:\/\/posletrasufac.com\/en\/wp-json\/wp\/v2\/categories?post=558"},{"taxonomy":"post_tag","embeddable":true,"href":"https:\/\/posletrasufac.com\/en\/wp-json\/wp\/v2\/tags?post=558"}],"curies":[{"name":"wp","href":"https:\/\/api.w.org\/{rel}","templated":true}]}}