{"id":551,"date":"2014-12-01T22:33:55","date_gmt":"2014-12-02T03:33:55","guid":{"rendered":"http:\/\/posletrasufac.com\/?p=551"},"modified":"2014-12-01T22:56:12","modified_gmt":"2014-12-02T03:56:12","slug":"colegiado-do-ppgli-homologa-chapa-para-eleicao-de-coordenador-e-vice-coordenador-do-mestrado-em-letras","status":"publish","type":"post","link":"https:\/\/posletrasufac.com\/en\/2014\/12\/01\/colegiado-do-ppgli-homologa-chapa-para-eleicao-de-coordenador-e-vice-coordenador-do-mestrado-em-letras\/","title":{"rendered":"Colegiado do PPGLI homologa chapa para elei\u00e7\u00e3o de Coordenador e Vice Coordenador do Mestrado em Letras"},"content":{"rendered":"<p>Na manh\u00e3 de hoje, 1\u00ba de dezembro, o Colegiado do PPGLI homologou a inscri\u00e7\u00e3o da \u00fanica chapa inscrita para concorrer \u00e0s elei\u00e7\u00f5es para Coordenador e Vice-Coordenador do\u00a0Programa de P\u00f3s-gradua\u00e7\u00e3o em Letras, bi\u00eanio 2015-2016. A chapa para os dois cargos \u00e9 composta, respectivamente, pelo Prof. Dr. Gerson Rodrigues de Albuquerque e Prof. Dr. Francisco Bento da Silva.<\/p>\n<p>A partir desta data inicia-se o per\u00edodo de campanha eleitoral, sendo que dia 02 de dezembro, conforme estabelecido em edital, \u00e9 a data para &#8220;os candidatos apresentarem seus programas e debaterem suas propostas com alunos, professores e t\u00e9cnicos administrativos do PPGLI&#8221;.<\/p>\n<p>A vota\u00e7\u00e3o ocorrer\u00e1 dia 11 de dezembro no hor\u00e1rio das 8h \u00e0s 12h e das 14h \u00e0s 17h. Poder\u00e3o votar\u00a0todos os alunos regularmente matriculados no Curso de Mestrado em Letras: Linguagem e Identidade e os servidores docentes e t\u00e9cnicos administrativos vinculados ao PPGLI.<\/p>\n<figure id=\"attachment_555\" aria-describedby=\"caption-attachment-555\" style=\"width: 660px\" class=\"wp-caption aligncenter\"><a href=\"https:\/\/i0.wp.com\/posletrasufac.com\/wp-content\/uploads\/2014\/12\/sem-tc3adtulo-1.png?ssl=1\"><img data-recalc-dims=\"1\" loading=\"lazy\" decoding=\"async\" data-attachment-id=\"555\" data-permalink=\"https:\/\/posletrasufac.com\/en\/2014\/12\/01\/colegiado-do-ppgli-homologa-chapa-para-eleicao-de-coordenador-e-vice-coordenador-do-mestrado-em-letras\/sem-titulo-1\/\" data-orig-file=\"https:\/\/i0.wp.com\/posletrasufac.com\/wp-content\/uploads\/2014\/12\/sem-tc3adtulo-1.png?fit=1817%2C750&amp;ssl=1\" data-orig-size=\"1817,750\" data-comments-opened=\"0\" data-image-meta=\"{&quot;aperture&quot;:&quot;0&quot;,&quot;credit&quot;:&quot;&quot;,&quot;camera&quot;:&quot;&quot;,&quot;caption&quot;:&quot;&quot;,&quot;created_timestamp&quot;:&quot;0&quot;,&quot;copyright&quot;:&quot;&quot;,&quot;focal_length&quot;:&quot;0&quot;,&quot;iso&quot;:&quot;0&quot;,&quot;shutter_speed&quot;:&quot;0&quot;,&quot;title&quot;:&quot;&quot;,&quot;orientation&quot;:&quot;0&quot;}\" data-image-title=\"\" data-image-description=\"\" data-image-caption=\"\" data-large-file=\"https:\/\/i0.wp.com\/posletrasufac.com\/wp-content\/uploads\/2014\/12\/sem-tc3adtulo-1.png?fit=750%2C310&amp;ssl=1\" class=\"wp-image-555 size-large\" src=\"https:\/\/i0.wp.com\/posletrasufac.com\/wp-content\/uploads\/2014\/12\/sem-tc3adtulo-1.png?resize=660%2C272&#038;ssl=1\" alt=\"\" width=\"660\" height=\"272\" \/><\/a><figcaption id=\"caption-attachment-555\" class=\"wp-caption-text\">Prof. Dr. Gerson Rodrigues de Albuquerque e Prof. Dr. Francisco Bento da Silva.<\/figcaption><\/figure>","protected":false},"excerpt":{"rendered":"<p>Na manh\u00e3 de hoje, 1\u00ba de dezembro, o Colegiado do PPGLI homologou a inscri\u00e7\u00e3o da \u00fanica chapa inscrita para concorrer \u00e0s elei\u00e7\u00f5es para Coordenador e Vice-Coordenador do\u00a0Programa de P\u00f3s-gradua\u00e7\u00e3o em Letras, bi\u00eanio 2015-2016. A chapa para os dois cargos \u00e9<\/p>","protected":false},"author":65883018,"featured_media":0,"comment_status":"closed","ping_status":"closed","sticky":false,"template":"","format":"standard","meta":{"_coblocks_attr":"","_coblocks_dimensions":"","_coblocks_responsive_height":"","_coblocks_accordion_ie_support":"","_crdt_document":"","advanced_seo_description":"","jetpack_seo_html_title":"","jetpack_seo_noindex":false,"_jetpack_newsletter_access":"","_jetpack_dont_email_post_to_subs":false,"_jetpack_newsletter_tier_id":0,"_jetpack_memberships_contains_paywalled_content":false,"_jetpack_memberships_contains_paid_content":false,"footnotes":"","jetpack_publicize_message":"Colegiado do PPGLI homologa chapa para elei\u00e7\u00e3o de Coordenador e Vice Coordenador do Mestrado em Letras","jetpack_publicize_feature_enabled":true,"jetpack_social_post_already_shared":false,"jetpack_social_options":{"image_generator_settings":{"template":"highway","default_image_id":0,"font":"","enabled":false},"version":2},"_wpas_customize_per_network":false,"jetpack_post_was_ever_published":false},"categories":[5078],"tags":[],"class_list":["post-551","post","type-post","status-publish","format-standard","hentry","category-sem-categoria"],"jetpack_publicize_connections":[],"jetpack_featured_media_url":"","jetpack_likes_enabled":false,"jetpack_sharing_enabled":true,"jetpack_shortlink":"https:\/\/wp.me\/p4Na16-8T","amp_enabled":true,"_links":{"self":[{"href":"https:\/\/posletrasufac.com\/en\/wp-json\/wp\/v2\/posts\/551","targetHints":{"allow":["GET"]}}],"collection":[{"href":"https:\/\/posletrasufac.com\/en\/wp-json\/wp\/v2\/posts"}],"about":[{"href":"https:\/\/posletrasufac.com\/en\/wp-json\/wp\/v2\/types\/post"}],"author":[{"embeddable":true,"href":"https:\/\/posletrasufac.com\/en\/wp-json\/wp\/v2\/users\/65883018"}],"replies":[{"embeddable":true,"href":"https:\/\/posletrasufac.com\/en\/wp-json\/wp\/v2\/comments?post=551"}],"version-history":[{"count":4,"href":"https:\/\/posletrasufac.com\/en\/wp-json\/wp\/v2\/posts\/551\/revisions"}],"predecessor-version":[{"id":557,"href":"https:\/\/posletrasufac.com\/en\/wp-json\/wp\/v2\/posts\/551\/revisions\/557"}],"wp:attachment":[{"href":"https:\/\/posletrasufac.com\/en\/wp-json\/wp\/v2\/media?parent=551"}],"wp:term":[{"taxonomy":"category","embeddable":true,"href":"https:\/\/posletrasufac.com\/en\/wp-json\/wp\/v2\/categories?post=551"},{"taxonomy":"post_tag","embeddable":true,"href":"https:\/\/posletrasufac.com\/en\/wp-json\/wp\/v2\/tags?post=551"}],"curies":[{"name":"wp","href":"https:\/\/api.w.org\/{rel}","templated":true}]}}