{"id":4824,"date":"2019-01-09T11:55:10","date_gmt":"2019-01-09T16:55:10","guid":{"rendered":"http:\/\/posletrasufac.com\/?p=4824"},"modified":"2019-01-09T12:04:45","modified_gmt":"2019-01-09T17:04:45","slug":"onu-declara-2019-como-ano-internacional-das-linguas-indigenas","status":"publish","type":"post","link":"https:\/\/posletrasufac.com\/en\/2019\/01\/09\/onu-declara-2019-como-ano-internacional-das-linguas-indigenas\/","title":{"rendered":"ONU declara 2019 como Ano Internacional das L\u00ednguas Ind\u00edgenas"},"content":{"rendered":"<div class=\"article-top-bar transparent-bg\">\n<div class=\"wf-wrap\">\n<div class=\"wf-container-top\">\n<div class=\"navigation-inner\">\n<div class=\"single-navigation-wrap\"><img data-recalc-dims=\"1\" loading=\"lazy\" decoding=\"async\" data-attachment-id=\"4825\" data-permalink=\"https:\/\/posletrasufac.com\/en\/2019\/01\/09\/onu-declara-2019-como-ano-internacional-das-linguas-indigenas\/foto-2\/\" data-orig-file=\"https:\/\/i0.wp.com\/posletrasufac.com\/wp-content\/uploads\/2019\/01\/foto.png?fit=1334%2C604&amp;ssl=1\" data-orig-size=\"1334,604\" data-comments-opened=\"0\" data-image-meta=\"{&quot;aperture&quot;:&quot;0&quot;,&quot;credit&quot;:&quot;&quot;,&quot;camera&quot;:&quot;&quot;,&quot;caption&quot;:&quot;&quot;,&quot;created_timestamp&quot;:&quot;0&quot;,&quot;copyright&quot;:&quot;&quot;,&quot;focal_length&quot;:&quot;0&quot;,&quot;iso&quot;:&quot;0&quot;,&quot;shutter_speed&quot;:&quot;0&quot;,&quot;title&quot;:&quot;&quot;,&quot;orientation&quot;:&quot;0&quot;}\" data-image-title=\"foto\" data-image-description=\"\" data-image-caption=\"\" data-large-file=\"https:\/\/i0.wp.com\/posletrasufac.com\/wp-content\/uploads\/2019\/01\/foto.png?fit=750%2C340&amp;ssl=1\" class=\"alignnone size-full wp-image-4825\" src=\"https:\/\/i0.wp.com\/posletrasufac.com\/wp-content\/uploads\/2019\/01\/foto.png?resize=750%2C340&#038;ssl=1\" alt=\"foto.PNG\" width=\"750\" height=\"340\" \/>2019 foi declarado pela Organiza\u00e7\u00e3o das Na\u00e7\u00f5es Unidas, a ONU, como o Ano Internacional das L\u00ednguas Ind\u00edgenas.<\/div>\n<\/div>\n<div>Para acessar o site clique <a href=\"https:\/\/en.iyil2019.org\/\" target=\"_blank\" rel=\"noopener\">here\u00a0<\/a><\/div>\n<\/div>\n<\/div>\n<\/div>\n<div id=\"content\" class=\"content\" role=\"main\">\n<article id=\"post-2033\" class=\"post-2033 post type-post status-publish format-standard has-post-thumbnail category-noticia description-off\">&nbsp;<\/p>\n<\/article>\n<\/div>","protected":false},"excerpt":{"rendered":"<p>2019 foi declarado pela Organiza\u00e7\u00e3o das Na\u00e7\u00f5es Unidas, a ONU, como o Ano Internacional das L\u00ednguas Ind\u00edgenas. Para acessar o site clique aqui\u00a0 &nbsp;<\/p>","protected":false},"author":65883018,"featured_media":0,"comment_status":"closed","ping_status":"closed","sticky":false,"template":"","format":"standard","meta":{"_coblocks_attr":"","_coblocks_dimensions":"","_coblocks_responsive_height":"","_coblocks_accordion_ie_support":"","_crdt_document":"","advanced_seo_description":"","jetpack_seo_html_title":"","jetpack_seo_noindex":false,"_jetpack_newsletter_access":"","_jetpack_dont_email_post_to_subs":false,"_jetpack_newsletter_tier_id":0,"_jetpack_memberships_contains_paywalled_content":false,"_jetpack_memberships_contains_paid_content":false,"footnotes":"","jetpack_publicize_message":"","jetpack_publicize_feature_enabled":true,"jetpack_social_post_already_shared":false,"jetpack_social_options":{"image_generator_settings":{"template":"highway","default_image_id":0,"font":"","enabled":false},"version":2},"_wpas_customize_per_network":false,"jetpack_post_was_ever_published":false},"categories":[233475685],"tags":[],"class_list":["post-4824","post","type-post","status-publish","format-standard","hentry","category-ppgli"],"jetpack_publicize_connections":[],"jetpack_featured_media_url":"","jetpack_likes_enabled":false,"jetpack_sharing_enabled":true,"jetpack_shortlink":"https:\/\/wp.me\/p4Na16-1fO","amp_enabled":true,"_links":{"self":[{"href":"https:\/\/posletrasufac.com\/en\/wp-json\/wp\/v2\/posts\/4824","targetHints":{"allow":["GET"]}}],"collection":[{"href":"https:\/\/posletrasufac.com\/en\/wp-json\/wp\/v2\/posts"}],"about":[{"href":"https:\/\/posletrasufac.com\/en\/wp-json\/wp\/v2\/types\/post"}],"author":[{"embeddable":true,"href":"https:\/\/posletrasufac.com\/en\/wp-json\/wp\/v2\/users\/65883018"}],"replies":[{"embeddable":true,"href":"https:\/\/posletrasufac.com\/en\/wp-json\/wp\/v2\/comments?post=4824"}],"version-history":[{"count":3,"href":"https:\/\/posletrasufac.com\/en\/wp-json\/wp\/v2\/posts\/4824\/revisions"}],"predecessor-version":[{"id":4828,"href":"https:\/\/posletrasufac.com\/en\/wp-json\/wp\/v2\/posts\/4824\/revisions\/4828"}],"wp:attachment":[{"href":"https:\/\/posletrasufac.com\/en\/wp-json\/wp\/v2\/media?parent=4824"}],"wp:term":[{"taxonomy":"category","embeddable":true,"href":"https:\/\/posletrasufac.com\/en\/wp-json\/wp\/v2\/categories?post=4824"},{"taxonomy":"post_tag","embeddable":true,"href":"https:\/\/posletrasufac.com\/en\/wp-json\/wp\/v2\/tags?post=4824"}],"curies":[{"name":"wp","href":"https:\/\/api.w.org\/{rel}","templated":true}]}}