{"id":4600,"date":"2018-10-16T11:38:45","date_gmt":"2018-10-16T16:38:45","guid":{"rendered":"http:\/\/posletrasufac.com\/?p=4600"},"modified":"2018-10-16T12:44:58","modified_gmt":"2018-10-16T17:44:58","slug":"nota-de-apoio-6a-reuniao-ordinaria-do-conselho-universitario-da-ufac-consu","status":"publish","type":"post","link":"https:\/\/posletrasufac.com\/en\/2018\/10\/16\/nota-de-apoio-6a-reuniao-ordinaria-do-conselho-universitario-da-ufac-consu\/","title":{"rendered":"Nota de apoio &#8211; 6\u00aa Reuni\u00e3o Ordin\u00e1ria do Conselho Universit\u00e1rio da Ufac \u2013 Consu"},"content":{"rendered":"<div id=\"plone-content\">\n<div id=\"portal-columns\" class=\"row\">\n<div id=\"portal-column-content\" class=\"cell width-3:4 position-1:4\">\n<div class=\"\">\n<div id=\"content\">\n<article>\n<div id=\"viewlet-below-content-title\">\n<div id=\"plone-document-byline\" class=\"documentByLine\"><span class=\"documentPublished\"><img data-recalc-dims=\"1\" loading=\"lazy\" decoding=\"async\" data-attachment-id=\"4601\" data-permalink=\"https:\/\/posletrasufac.com\/en\/2018\/10\/16\/nota-de-apoio-6a-reuniao-ordinaria-do-conselho-universitario-da-ufac-consu\/oi-13\/\" data-orig-file=\"https:\/\/i0.wp.com\/posletrasufac.com\/wp-content\/uploads\/2018\/10\/oi.png?fit=1009%2C232&amp;ssl=1\" data-orig-size=\"1009,232\" data-comments-opened=\"0\" data-image-meta=\"{&quot;aperture&quot;:&quot;0&quot;,&quot;credit&quot;:&quot;&quot;,&quot;camera&quot;:&quot;&quot;,&quot;caption&quot;:&quot;&quot;,&quot;created_timestamp&quot;:&quot;0&quot;,&quot;copyright&quot;:&quot;&quot;,&quot;focal_length&quot;:&quot;0&quot;,&quot;iso&quot;:&quot;0&quot;,&quot;shutter_speed&quot;:&quot;0&quot;,&quot;title&quot;:&quot;&quot;,&quot;orientation&quot;:&quot;0&quot;}\" data-image-title=\"oi\" data-image-description=\"\" data-image-caption=\"\" data-large-file=\"https:\/\/i0.wp.com\/posletrasufac.com\/wp-content\/uploads\/2018\/10\/oi.png?fit=750%2C172&amp;ssl=1\" class=\"alignnone size-full wp-image-4601\" src=\"https:\/\/i0.wp.com\/posletrasufac.com\/wp-content\/uploads\/2018\/10\/oi.png?resize=750%2C172&#038;ssl=1\" alt=\"oi.PNG\" width=\"750\" height=\"172\" \/>Publicado:\u00a010\/10\/2018 18h45,<\/span><span class=\"documentModified\">\u00daltima modifica\u00e7\u00e3o:\u00a010\/10\/2018 18h45<\/span><\/div>\n<\/div>\n<div class=\"newsLeftPane\"><\/div>\n<div>\n<p class=\"\">N\u00f3s conselheiras e conselheiros reunidos na\u00a06\u00aa Reuni\u00e3o Ordin\u00e1ria\u00a0do\u00a0Conselho Universit\u00e1rio da Universidade Federal do Acre \u2013 Consu \u2013 Mandato 2018, nesse momento de disputa eleitoral, vimos a p\u00fablico manifestar defesa incondicional \u00e0 Universidade P\u00fablica, gratuita,\u00a0em todas as atividades de ensino, pesquisa e extens\u00e3o desenvolvidas nos cursos e programas regulares, laica, de qualidade,\u00a0socialmente referenciada, de gest\u00e3o democr\u00e1tica, centrada nos \u00f3rg\u00e3os deliberativos, voltada aos interesses desta Universidade, conectada com as demandas da sociedade. Entendemos que a universidade p\u00fablica \u00e9 o caminho para construir um pa\u00eds justo, inclusivo e democr\u00e1tico. Esta defesa se faz necess\u00e1ria nesse momento do exerc\u00edcio do estado democr\u00e1tico de direito, duramente conquistado e garantido na Constitui\u00e7\u00e3o Cidad\u00e3 de 1988. Nosso posicionamento tamb\u00e9m \u00e9 a explicita\u00e7\u00e3o do apoio \u00e0 nossa magn\u00edfica reitora\u00a0Prof.\u00aa Dr.\u00aa Margarida de Aquino Cunha que nos representa junto \u00e0\u00a0Associa\u00e7\u00e3o Nacional dos Dirigentes das Institui\u00e7\u00f5es Federais de Ensino Superior &#8211; Andifes.<\/p>\n<p class=\"\">Rio Branco\/AC, 10 de outubro de 2018.<\/p>\n<\/div>\n<div class=\"newsview\"><\/div>\n<\/article>\n<\/div>\n<\/div>\n<div id=\"viewlet-below-content\"><\/div>\n<\/div>\n<\/div>\n<\/div>\n<div id=\"voltar-topo\">Fonte: <a href=\"http:\/\/www.ufac.br\/site\/noticias\/comunicados-informes\/nota-de-apoio-6a-reuniao-ordinaria-do-conselho-universitario-da-universidade-federal-do-acre-2013-consu\">www.ufac.br<\/a><\/div>","protected":false},"excerpt":{"rendered":"<p>Publicado:\u00a010\/10\/2018 18h45,\u00daltima modifica\u00e7\u00e3o:\u00a010\/10\/2018 18h45 N\u00f3s conselheiras e conselheiros reunidos na\u00a06\u00aa Reuni\u00e3o Ordin\u00e1ria\u00a0do\u00a0Conselho Universit\u00e1rio da Universidade Federal do Acre \u2013 Consu \u2013 Mandato 2018, nesse momento de disputa eleitoral, vimos a p\u00fablico manifestar defesa incondicional \u00e0 Universidade P\u00fablica, gratuita,\u00a0em todas as<\/p>","protected":false},"author":65883018,"featured_media":0,"comment_status":"closed","ping_status":"closed","sticky":false,"template":"","format":"standard","meta":{"_coblocks_attr":"","_coblocks_dimensions":"","_coblocks_responsive_height":"","_coblocks_accordion_ie_support":"","_crdt_document":"","advanced_seo_description":"","jetpack_seo_html_title":"","jetpack_seo_noindex":false,"_jetpack_newsletter_access":"","_jetpack_dont_email_post_to_subs":false,"_jetpack_newsletter_tier_id":0,"_jetpack_memberships_contains_paywalled_content":false,"_jetpack_memberships_contains_paid_content":false,"footnotes":"","jetpack_publicize_message":"","jetpack_publicize_feature_enabled":true,"jetpack_social_post_already_shared":false,"jetpack_social_options":{"image_generator_settings":{"template":"highway","default_image_id":0,"font":"","enabled":false},"version":2},"_wpas_customize_per_network":false,"jetpack_post_was_ever_published":false},"categories":[233475685],"tags":[],"class_list":["post-4600","post","type-post","status-publish","format-standard","hentry","category-ppgli"],"jetpack_publicize_connections":[],"jetpack_featured_media_url":"","jetpack_likes_enabled":false,"jetpack_sharing_enabled":true,"jetpack_shortlink":"https:\/\/wp.me\/p4Na16-1cc","amp_enabled":true,"_links":{"self":[{"href":"https:\/\/posletrasufac.com\/en\/wp-json\/wp\/v2\/posts\/4600","targetHints":{"allow":["GET"]}}],"collection":[{"href":"https:\/\/posletrasufac.com\/en\/wp-json\/wp\/v2\/posts"}],"about":[{"href":"https:\/\/posletrasufac.com\/en\/wp-json\/wp\/v2\/types\/post"}],"author":[{"embeddable":true,"href":"https:\/\/posletrasufac.com\/en\/wp-json\/wp\/v2\/users\/65883018"}],"replies":[{"embeddable":true,"href":"https:\/\/posletrasufac.com\/en\/wp-json\/wp\/v2\/comments?post=4600"}],"version-history":[{"count":1,"href":"https:\/\/posletrasufac.com\/en\/wp-json\/wp\/v2\/posts\/4600\/revisions"}],"predecessor-version":[{"id":4602,"href":"https:\/\/posletrasufac.com\/en\/wp-json\/wp\/v2\/posts\/4600\/revisions\/4602"}],"wp:attachment":[{"href":"https:\/\/posletrasufac.com\/en\/wp-json\/wp\/v2\/media?parent=4600"}],"wp:term":[{"taxonomy":"category","embeddable":true,"href":"https:\/\/posletrasufac.com\/en\/wp-json\/wp\/v2\/categories?post=4600"},{"taxonomy":"post_tag","embeddable":true,"href":"https:\/\/posletrasufac.com\/en\/wp-json\/wp\/v2\/tags?post=4600"}],"curies":[{"name":"wp","href":"https:\/\/api.w.org\/{rel}","templated":true}]}}