{"id":4590,"date":"2018-10-03T13:31:34","date_gmt":"2018-10-03T18:31:34","guid":{"rendered":"http:\/\/posletrasufac.com\/?p=4590"},"modified":"2018-10-03T14:31:38","modified_gmt":"2018-10-03T19:31:38","slug":"museu-nacional-da-tragedia-do-incendio-a-tragedia-das-mps-privatizante","status":"publish","type":"post","link":"https:\/\/posletrasufac.com\/en\/2018\/10\/03\/museu-nacional-da-tragedia-do-incendio-a-tragedia-das-mps-privatizante\/","title":{"rendered":"Museu Nacional: da trag\u00e9dia do inc\u00eandio \u00e0 trag\u00e9dia das MPs privatizante."},"content":{"rendered":"<div dir=\"auto\">\n<p>RODA DE CONVERSA<\/p>\n<\/div>\n<div dir=\"auto\">\n<p>Museu Nacional: da trag\u00e9dia do inc\u00eandio \u00e0 trag\u00e9dia das MPs privatizante.<\/p>\n<\/div>\n<div dir=\"auto\">\n<p>Essa roda de conversa tem o objetivo de mostrar o descaso \u00e0s diversas manifesta\u00e7\u00f5es dos curadore(a)s, pesquisadore(a)s e demais interessado(a)s sobre a manuten\u00e7\u00e3o e conserva\u00e7\u00e3o do Museu Nacional que vinha sendo negligenciado h\u00e1 v\u00e1rios anos por parte do poder p\u00fablico federal.<\/p>\n<\/div>\n<div dir=\"auto\">\n<p>Esta trag\u00e9dia estava anunciada e revelou o descaso com parte da hist\u00f3ria da ci\u00eancia, das artes e da tecnologia no Brasil, de um espa\u00e7o prestes a celebrar seus 200 anos, e que resistia por conta do labor de professore(a)s, pesquisadore(a)s, aluno(a)s e amigo(a)s que viam no Museu Nacional um dos embri\u00f5es da necessidade de compreender a ci\u00eancia e a tecnologia no Brasil como vetores de desenvolvimento e justi\u00e7a social.<\/p>\n<\/div>\n<div dir=\"auto\">\n<p>Incalcul\u00e1veis elementos referenciais nas mais diversas \u00e1reas do conhecimento foram incinerados, no momento em que estamos vivenciando os impactos mais nefastos na vida social brasileira, a\u00a0Emenda Constitucional 95, que imp\u00f5e um teto aos gastos p\u00fablicos ao mesmo tempo em que libera o pagamento de juros, amortiza\u00e7\u00f5es e rolagem da d\u00edvida p\u00fablica.<\/p>\n<\/div>\n<div dir=\"auto\">Todos(as) est\u00e3o convidados a participar dessa discuss\u00e3o para propormos a\u00e7\u00f5es pol\u00edticas contra os cortes no or\u00e7amento, que podem extinguir cerca de 105 mil bolsas e aux\u00edlios (PIBIC, PIBID, PET e da P\u00f3s gradua\u00e7\u00e3o), e paralisar pesquisas j\u00e1 em andamento. Precisamos defender mais recursos para C&amp;T, articuladas com a defesa dos direitos sociais e trabalhistas que est\u00e3o em processo acelerado de destrui\u00e7\u00e3o. E que esses recursos sejam voltados para um sistema p\u00fablico de ensino e produ\u00e7\u00e3o de conhecimento cient\u00edfico e tecnol\u00f3gico voltado para solucionar os problemas cruciais da maioria da sociedade brasileira e n\u00e3o para o mercado.<\/div>","protected":false},"excerpt":{"rendered":"<p>RODA DE CONVERSA Museu Nacional: da trag\u00e9dia do inc\u00eandio \u00e0 trag\u00e9dia das MPs privatizante. Essa roda de conversa tem o objetivo de mostrar o descaso \u00e0s diversas manifesta\u00e7\u00f5es dos curadore(a)s, pesquisadore(a)s e demais interessado(a)s sobre a manuten\u00e7\u00e3o e conserva\u00e7\u00e3o do<\/p>","protected":false},"author":65883018,"featured_media":0,"comment_status":"closed","ping_status":"closed","sticky":false,"template":"","format":"standard","meta":{"_coblocks_attr":"","_coblocks_dimensions":"","_coblocks_responsive_height":"","_coblocks_accordion_ie_support":"","_crdt_document":"","advanced_seo_description":"","jetpack_seo_html_title":"","jetpack_seo_noindex":false,"_jetpack_newsletter_access":"","_jetpack_dont_email_post_to_subs":false,"_jetpack_newsletter_tier_id":0,"_jetpack_memberships_contains_paywalled_content":false,"_jetpack_memberships_contains_paid_content":false,"footnotes":"","jetpack_publicize_message":"","jetpack_publicize_feature_enabled":true,"jetpack_social_post_already_shared":false,"jetpack_social_options":{"image_generator_settings":{"template":"highway","default_image_id":0,"font":"","enabled":false},"version":2},"_wpas_customize_per_network":false,"jetpack_post_was_ever_published":false},"categories":[233475685],"tags":[],"class_list":["post-4590","post","type-post","status-publish","format-standard","hentry","category-ppgli"],"jetpack_publicize_connections":[],"jetpack_featured_media_url":"","jetpack_likes_enabled":false,"jetpack_sharing_enabled":true,"jetpack_shortlink":"https:\/\/wp.me\/p4Na16-1c2","amp_enabled":true,"_links":{"self":[{"href":"https:\/\/posletrasufac.com\/en\/wp-json\/wp\/v2\/posts\/4590","targetHints":{"allow":["GET"]}}],"collection":[{"href":"https:\/\/posletrasufac.com\/en\/wp-json\/wp\/v2\/posts"}],"about":[{"href":"https:\/\/posletrasufac.com\/en\/wp-json\/wp\/v2\/types\/post"}],"author":[{"embeddable":true,"href":"https:\/\/posletrasufac.com\/en\/wp-json\/wp\/v2\/users\/65883018"}],"replies":[{"embeddable":true,"href":"https:\/\/posletrasufac.com\/en\/wp-json\/wp\/v2\/comments?post=4590"}],"version-history":[{"count":2,"href":"https:\/\/posletrasufac.com\/en\/wp-json\/wp\/v2\/posts\/4590\/revisions"}],"predecessor-version":[{"id":4594,"href":"https:\/\/posletrasufac.com\/en\/wp-json\/wp\/v2\/posts\/4590\/revisions\/4594"}],"wp:attachment":[{"href":"https:\/\/posletrasufac.com\/en\/wp-json\/wp\/v2\/media?parent=4590"}],"wp:term":[{"taxonomy":"category","embeddable":true,"href":"https:\/\/posletrasufac.com\/en\/wp-json\/wp\/v2\/categories?post=4590"},{"taxonomy":"post_tag","embeddable":true,"href":"https:\/\/posletrasufac.com\/en\/wp-json\/wp\/v2\/tags?post=4590"}],"curies":[{"name":"wp","href":"https:\/\/api.w.org\/{rel}","templated":true}]}}