{"id":4574,"date":"2018-10-01T23:15:36","date_gmt":"2018-10-02T04:15:36","guid":{"rendered":"http:\/\/posletrasufac.com\/?p=4574"},"modified":"2018-10-02T00:21:51","modified_gmt":"2018-10-02T05:21:51","slug":"dissertacao-defendida-no-ppgli-aborda-historia-e-cultura-dos-povos-indigenas","status":"publish","type":"post","link":"https:\/\/posletrasufac.com\/en\/2018\/10\/01\/dissertacao-defendida-no-ppgli-aborda-historia-e-cultura-dos-povos-indigenas\/","title":{"rendered":"Disserta\u00e7\u00e3o defendida no PPGLI aborda Hist\u00f3ria e cultura dos povos ind\u00edgenas"},"content":{"rendered":"<div class=\"tiled-gallery type-rectangular tiled-gallery-unresized\" data-original-width=\"750\" data-carousel-extra='{&quot;blog_id&quot;:1,&quot;permalink&quot;:&quot;https:\\\/\\\/posletrasufac.com\\\/en\\\/2018\\\/10\\\/01\\\/dissertacao-defendida-no-ppgli-aborda-historia-e-cultura-dos-povos-indigenas\\\/&quot;,&quot;likes_blog_id&quot;:70821924}' itemscope itemtype=\"http:\/\/schema.org\/ImageGallery\" > <div class=\"gallery-row\" style=\"width: 750px; height: 159px;\" data-original-width=\"750\" data-original-height=\"159\" > <div class=\"gallery-group images-1\" style=\"width: 210px; height: 159px;\" data-original-width=\"210\" data-original-height=\"159\" > <div class=\"tiled-gallery-item tiled-gallery-item-small\" itemprop=\"associatedMedia\" itemscope itemtype=\"http:\/\/schema.org\/ImageObject\"> <a href=\"https:\/\/posletrasufac.com\/en\/whatsapp-image-2018-10-01-at-06-48-53-1\/\" border=\"0\" itemprop=\"url\"> <meta itemprop=\"width\" content=\"206\"> <meta itemprop=\"height\" content=\"155\"> <img decoding=\"async\" class=\"\" data-attachment-id=\"4570\" data-orig-file=\"https:\/\/posletrasufac.com\/wp-content\/uploads\/2018\/10\/whatsapp-image-2018-10-01-at-06-48-53-1.jpeg\" data-orig-size=\"1280,960\" data-comments-opened=\"\" data-image-meta=\"{&quot;aperture&quot;:&quot;0&quot;,&quot;credit&quot;:&quot;&quot;,&quot;camera&quot;:&quot;&quot;,&quot;caption&quot;:&quot;&quot;,&quot;created_timestamp&quot;:&quot;0&quot;,&quot;copyright&quot;:&quot;&quot;,&quot;focal_length&quot;:&quot;0&quot;,&quot;iso&quot;:&quot;0&quot;,&quot;shutter_speed&quot;:&quot;0&quot;,&quot;title&quot;:&quot;&quot;,&quot;orientation&quot;:&quot;0&quot;}\" data-image-title=\"WhatsApp Image 2018-10-01 at 06.48.53 (1)\" data-image-description=\"\" data-medium-file=\"https:\/\/i0.wp.com\/posletrasufac.com\/wp-content\/uploads\/2018\/10\/whatsapp-image-2018-10-01-at-06-48-53-1.jpeg?fit=300%2C225&#038;ssl=1\" data-large-file=\"https:\/\/i0.wp.com\/posletrasufac.com\/wp-content\/uploads\/2018\/10\/whatsapp-image-2018-10-01-at-06-48-53-1.jpeg?fit=750%2C563&#038;ssl=1\" src=\"https:\/\/i0.wp.com\/posletrasufac.com\/wp-content\/uploads\/2018\/10\/whatsapp-image-2018-10-01-at-06-48-53-1.jpeg?w=206&#038;h=155&#038;ssl=1\" width=\"206\" height=\"155\" loading=\"lazy\" data-original-width=\"206\" data-original-height=\"155\" itemprop=\"http:\/\/schema.org\/image\" title=\"WhatsApp Image 2018-10-01 at 06.48.53 (1)\" alt=\"2018 - Defesa de disserta\u00e7\u00e3o de Iara da Silva Castro Almeida\" style=\"width: 206px; height: 155px;\" \/> <\/a> <div class=\"tiled-gallery-caption\" itemprop=\"caption description\"> 2018 &#8211; Defesa de disserta\u00e7\u00e3o de Iara da Silva Castro Almeida <\/div> <\/div> <\/div> <!-- close group --> <div class=\"gallery-group images-1\" style=\"width: 120px; height: 159px;\" data-original-width=\"120\" data-original-height=\"159\" > <div class=\"tiled-gallery-item tiled-gallery-item-small\" itemprop=\"associatedMedia\" itemscope itemtype=\"http:\/\/schema.org\/ImageObject\"> <a href=\"https:\/\/posletrasufac.com\/en\/whatsapp-image-2018-10-01-at-06-48-53\/\" border=\"0\" itemprop=\"url\"> <meta itemprop=\"width\" content=\"116\"> <meta itemprop=\"height\" content=\"155\"> <img decoding=\"async\" class=\"\" data-attachment-id=\"4571\" data-orig-file=\"https:\/\/posletrasufac.com\/wp-content\/uploads\/2018\/10\/whatsapp-image-2018-10-01-at-06-48-53.jpeg\" data-orig-size=\"960,1280\" data-comments-opened=\"\" data-image-meta=\"{&quot;aperture&quot;:&quot;0&quot;,&quot;credit&quot;:&quot;&quot;,&quot;camera&quot;:&quot;&quot;,&quot;caption&quot;:&quot;&quot;,&quot;created_timestamp&quot;:&quot;0&quot;,&quot;copyright&quot;:&quot;&quot;,&quot;focal_length&quot;:&quot;0&quot;,&quot;iso&quot;:&quot;0&quot;,&quot;shutter_speed&quot;:&quot;0&quot;,&quot;title&quot;:&quot;&quot;,&quot;orientation&quot;:&quot;0&quot;}\" data-image-title=\"WhatsApp Image 2018-10-01 at 06.48.53\" data-image-description=\"\" data-medium-file=\"https:\/\/i0.wp.com\/posletrasufac.com\/wp-content\/uploads\/2018\/10\/whatsapp-image-2018-10-01-at-06-48-53.jpeg?fit=225%2C300&#038;ssl=1\" data-large-file=\"https:\/\/i0.wp.com\/posletrasufac.com\/wp-content\/uploads\/2018\/10\/whatsapp-image-2018-10-01-at-06-48-53.jpeg?fit=750%2C1000&#038;ssl=1\" src=\"https:\/\/i0.wp.com\/posletrasufac.com\/wp-content\/uploads\/2018\/10\/whatsapp-image-2018-10-01-at-06-48-53.jpeg?w=116&#038;h=155&#038;ssl=1\" width=\"116\" height=\"155\" loading=\"lazy\" data-original-width=\"116\" data-original-height=\"155\" itemprop=\"http:\/\/schema.org\/image\" title=\"WhatsApp Image 2018-10-01 at 06.48.53\" alt=\"2018 - Defesa de disserta\u00e7\u00e3o de Iara da Silva Castro Almeida\" style=\"width: 116px; height: 155px;\" \/> <\/a> <div class=\"tiled-gallery-caption\" itemprop=\"caption description\"> 2018 &#8211; Defesa de disserta\u00e7\u00e3o de Iara da Silva Castro Almeida <\/div> <\/div> <\/div> <!-- close group --> <div class=\"gallery-group images-1\" style=\"width: 210px; height: 159px;\" data-original-width=\"210\" data-original-height=\"159\" > <div class=\"tiled-gallery-item tiled-gallery-item-small\" itemprop=\"associatedMedia\" itemscope itemtype=\"http:\/\/schema.org\/ImageObject\"> <a href=\"https:\/\/posletrasufac.com\/en\/whatsapp-image-2018-10-01-at-06-48-54-1\/\" border=\"0\" itemprop=\"url\"> <meta itemprop=\"width\" content=\"206\"> <meta itemprop=\"height\" content=\"155\"> <img decoding=\"async\" class=\"\" data-attachment-id=\"4572\" data-orig-file=\"https:\/\/posletrasufac.com\/wp-content\/uploads\/2018\/10\/whatsapp-image-2018-10-01-at-06-48-54-1.jpeg\" data-orig-size=\"1280,960\" data-comments-opened=\"\" data-image-meta=\"{&quot;aperture&quot;:&quot;0&quot;,&quot;credit&quot;:&quot;&quot;,&quot;camera&quot;:&quot;&quot;,&quot;caption&quot;:&quot;&quot;,&quot;created_timestamp&quot;:&quot;0&quot;,&quot;copyright&quot;:&quot;&quot;,&quot;focal_length&quot;:&quot;0&quot;,&quot;iso&quot;:&quot;0&quot;,&quot;shutter_speed&quot;:&quot;0&quot;,&quot;title&quot;:&quot;&quot;,&quot;orientation&quot;:&quot;0&quot;}\" data-image-title=\"WhatsApp Image 2018-10-01 at 06.48.54 (1)\" data-image-description=\"\" data-medium-file=\"https:\/\/i0.wp.com\/posletrasufac.com\/wp-content\/uploads\/2018\/10\/whatsapp-image-2018-10-01-at-06-48-54-1.jpeg?fit=300%2C225&#038;ssl=1\" data-large-file=\"https:\/\/i0.wp.com\/posletrasufac.com\/wp-content\/uploads\/2018\/10\/whatsapp-image-2018-10-01-at-06-48-54-1.jpeg?fit=750%2C563&#038;ssl=1\" src=\"https:\/\/i0.wp.com\/posletrasufac.com\/wp-content\/uploads\/2018\/10\/whatsapp-image-2018-10-01-at-06-48-54-1.jpeg?w=206&#038;h=155&#038;ssl=1\" width=\"206\" height=\"155\" loading=\"lazy\" data-original-width=\"206\" data-original-height=\"155\" itemprop=\"http:\/\/schema.org\/image\" title=\"WhatsApp Image 2018-10-01 at 06.48.54 (1)\" alt=\"2018 - Defesa de disserta\u00e7\u00e3o de Iara da Silva Castro Almeida\" style=\"width: 206px; height: 155px;\" \/> <\/a> <div class=\"tiled-gallery-caption\" itemprop=\"caption description\"> 2018 &#8211; Defesa de disserta\u00e7\u00e3o de Iara da Silva Castro Almeida <\/div> <\/div> <\/div> <!-- close group --> <div class=\"gallery-group images-1\" style=\"width: 210px; height: 159px;\" data-original-width=\"210\" data-original-height=\"159\" > <div class=\"tiled-gallery-item tiled-gallery-item-small\" itemprop=\"associatedMedia\" itemscope itemtype=\"http:\/\/schema.org\/ImageObject\"> <a href=\"https:\/\/posletrasufac.com\/en\/whatsapp-image-2018-10-01-at-06-48-54\/\" border=\"0\" itemprop=\"url\"> <meta itemprop=\"width\" content=\"206\"> <meta itemprop=\"height\" content=\"155\"> <img decoding=\"async\" class=\"\" data-attachment-id=\"4573\" data-orig-file=\"https:\/\/posletrasufac.com\/wp-content\/uploads\/2018\/10\/whatsapp-image-2018-10-01-at-06-48-54.jpeg\" data-orig-size=\"1280,960\" data-comments-opened=\"\" data-image-meta=\"{&quot;aperture&quot;:&quot;0&quot;,&quot;credit&quot;:&quot;&quot;,&quot;camera&quot;:&quot;&quot;,&quot;caption&quot;:&quot;&quot;,&quot;created_timestamp&quot;:&quot;0&quot;,&quot;copyright&quot;:&quot;&quot;,&quot;focal_length&quot;:&quot;0&quot;,&quot;iso&quot;:&quot;0&quot;,&quot;shutter_speed&quot;:&quot;0&quot;,&quot;title&quot;:&quot;&quot;,&quot;orientation&quot;:&quot;0&quot;}\" data-image-title=\"WhatsApp Image 2018-10-01 at 06.48.54\" data-image-description=\"\" data-medium-file=\"https:\/\/i0.wp.com\/posletrasufac.com\/wp-content\/uploads\/2018\/10\/whatsapp-image-2018-10-01-at-06-48-54.jpeg?fit=300%2C225&#038;ssl=1\" data-large-file=\"https:\/\/i0.wp.com\/posletrasufac.com\/wp-content\/uploads\/2018\/10\/whatsapp-image-2018-10-01-at-06-48-54.jpeg?fit=750%2C563&#038;ssl=1\" src=\"https:\/\/i0.wp.com\/posletrasufac.com\/wp-content\/uploads\/2018\/10\/whatsapp-image-2018-10-01-at-06-48-54.jpeg?w=206&#038;h=155&#038;ssl=1\" width=\"206\" height=\"155\" loading=\"lazy\" data-original-width=\"206\" data-original-height=\"155\" itemprop=\"http:\/\/schema.org\/image\" title=\"WhatsApp Image 2018-10-01 at 06.48.54\" alt=\"2018 - Defesa de disserta\u00e7\u00e3o de Iara da Silva Castro Almeida\" style=\"width: 206px; height: 155px;\" \/> <\/a> <div class=\"tiled-gallery-caption\" itemprop=\"caption description\"> 2018 &#8211; Defesa de disserta\u00e7\u00e3o de Iara da Silva Castro Almeida <\/div> <\/div> <\/div> <!-- close group --> <\/div> <!-- close row --> <\/div>\n<p>Ocorreu no dia 27 de setembro, a defesa p\u00fablica de disserta\u00e7\u00e3o da aluna\u00a0Iara da Silva Castro Almeida, intitulada<strong> &#8220;<\/strong><strong>Hist\u00f3ria e cultura dos povos ind\u00edgenas: abordagem e pr\u00e1tica escolar a partir da Lei 11.645\/08 em Rio Branco \/ estudo do caso CAp&#8221;.<\/strong><\/p>\n<p>Participaram da Banca Examinadora o\u00a0Prof. Dr.Francisco Bento da Silva\u2013Presidente\/Orientador, a\u00a0Profa. Dra. Valda In\u00eas Fontenele Pessoa \u2013Examinadora Interna (UFAC) e a Profa. Dra.Iv\u00e2nia dos Santos Neves\u2013 ExaminadoraExterna (UFPA)<\/p>","protected":false},"excerpt":{"rendered":"<p>Ocorreu no dia 27 de setembro, a defesa p\u00fablica de disserta\u00e7\u00e3o da aluna\u00a0Iara da Silva Castro Almeida, intitulada &#8220;Hist\u00f3ria e cultura dos povos ind\u00edgenas: abordagem e pr\u00e1tica escolar a partir da Lei 11.645\/08 em Rio Branco \/ estudo do caso<\/p>","protected":false},"author":65883018,"featured_media":0,"comment_status":"closed","ping_status":"closed","sticky":false,"template":"","format":"standard","meta":{"_coblocks_attr":"","_coblocks_dimensions":"","_coblocks_responsive_height":"","_coblocks_accordion_ie_support":"","_crdt_document":"","advanced_seo_description":"","jetpack_seo_html_title":"","jetpack_seo_noindex":false,"_jetpack_newsletter_access":"","_jetpack_dont_email_post_to_subs":false,"_jetpack_newsletter_tier_id":0,"_jetpack_memberships_contains_paywalled_content":false,"_jetpack_memberships_contains_paid_content":false,"footnotes":"","jetpack_publicize_message":"","jetpack_publicize_feature_enabled":true,"jetpack_social_post_already_shared":false,"jetpack_social_options":{"image_generator_settings":{"template":"highway","default_image_id":0,"font":"","enabled":false},"version":2},"_wpas_customize_per_network":false,"jetpack_post_was_ever_published":false},"categories":[233475685],"tags":[],"class_list":["post-4574","post","type-post","status-publish","format-standard","hentry","category-ppgli"],"jetpack_publicize_connections":[],"jetpack_featured_media_url":"","jetpack_likes_enabled":false,"jetpack_sharing_enabled":true,"jetpack_shortlink":"https:\/\/wp.me\/p4Na16-1bM","amp_enabled":true,"_links":{"self":[{"href":"https:\/\/posletrasufac.com\/en\/wp-json\/wp\/v2\/posts\/4574","targetHints":{"allow":["GET"]}}],"collection":[{"href":"https:\/\/posletrasufac.com\/en\/wp-json\/wp\/v2\/posts"}],"about":[{"href":"https:\/\/posletrasufac.com\/en\/wp-json\/wp\/v2\/types\/post"}],"author":[{"embeddable":true,"href":"https:\/\/posletrasufac.com\/en\/wp-json\/wp\/v2\/users\/65883018"}],"replies":[{"embeddable":true,"href":"https:\/\/posletrasufac.com\/en\/wp-json\/wp\/v2\/comments?post=4574"}],"version-history":[{"count":1,"href":"https:\/\/posletrasufac.com\/en\/wp-json\/wp\/v2\/posts\/4574\/revisions"}],"predecessor-version":[{"id":4575,"href":"https:\/\/posletrasufac.com\/en\/wp-json\/wp\/v2\/posts\/4574\/revisions\/4575"}],"wp:attachment":[{"href":"https:\/\/posletrasufac.com\/en\/wp-json\/wp\/v2\/media?parent=4574"}],"wp:term":[{"taxonomy":"category","embeddable":true,"href":"https:\/\/posletrasufac.com\/en\/wp-json\/wp\/v2\/categories?post=4574"},{"taxonomy":"post_tag","embeddable":true,"href":"https:\/\/posletrasufac.com\/en\/wp-json\/wp\/v2\/tags?post=4574"}],"curies":[{"name":"wp","href":"https:\/\/api.w.org\/{rel}","templated":true}]}}