{"id":4519,"date":"2018-08-30T15:37:01","date_gmt":"2018-08-30T20:37:01","guid":{"rendered":"http:\/\/posletrasufac.com\/?p=4519"},"modified":"2018-08-30T16:42:45","modified_gmt":"2018-08-30T21:42:45","slug":"livro-sobre-historia-da-africa-e-distribuido-pelo-ppgli-da-ufac-para-bibliotecas-e-escolas-publicas-de-ensino-medio-de-rio-branco-acre","status":"publish","type":"post","link":"https:\/\/posletrasufac.com\/en\/2018\/08\/30\/livro-sobre-historia-da-africa-e-distribuido-pelo-ppgli-da-ufac-para-bibliotecas-e-escolas-publicas-de-ensino-medio-de-rio-branco-acre\/","title":{"rendered":"Livro sobre Hist\u00f3ria da \u00c1frica \u00e9 distribu\u00eddo pelo PPGLI da UFAC para bibliotecas e escolas p\u00fablicas de Ensino M\u00e9dio de Rio Branco &#8211; Acre"},"content":{"rendered":"<p><img data-recalc-dims=\"1\" loading=\"lazy\" decoding=\"async\" data-attachment-id=\"4518\" data-permalink=\"https:\/\/posletrasufac.com\/en\/boubacar\/\" data-orig-file=\"https:\/\/i0.wp.com\/posletrasufac.com\/wp-content\/uploads\/2018\/08\/boubacar.jpg?fit=1891%2C2718&amp;ssl=1\" data-orig-size=\"1891,2718\" data-comments-opened=\"0\" data-image-meta=\"{&quot;aperture&quot;:&quot;0&quot;,&quot;credit&quot;:&quot;Raquel&quot;,&quot;camera&quot;:&quot;&quot;,&quot;caption&quot;:&quot;&quot;,&quot;created_timestamp&quot;:&quot;1535640304&quot;,&quot;copyright&quot;:&quot;&quot;,&quot;focal_length&quot;:&quot;0&quot;,&quot;iso&quot;:&quot;0&quot;,&quot;shutter_speed&quot;:&quot;0&quot;,&quot;title&quot;:&quot;&quot;,&quot;orientation&quot;:&quot;0&quot;}\" data-image-title=\"Boubacar\" data-image-description=\"\" data-image-caption=\"\" data-large-file=\"https:\/\/i0.wp.com\/posletrasufac.com\/wp-content\/uploads\/2018\/08\/boubacar.jpg?fit=712%2C1024&amp;ssl=1\" class=\"alignnone size-full wp-image-4518\" src=\"https:\/\/i0.wp.com\/posletrasufac.com\/wp-content\/uploads\/2018\/08\/boubacar.jpg?resize=750%2C1078&#038;ssl=1\" alt=\"Boubacar\" width=\"750\" height=\"1078\" \/><\/p>\n<p>O Programa de P\u00f3s-Gradua\u00e7\u00e3o em Letras: Linguagem e Identidade (PPGLI) da Universidade Federal do Acre (UFAC), por interm\u00e9dio do Grupo de Pesquisa Hist\u00f3ria e Cultura, Linguagem, Identidade e Mem\u00f3ria (GPHCLIM) far\u00e1 a doa\u00e7\u00e3o de 250 exemplares do livro <strong><em>O reino do Waalo: o Senegal antes da conquista<\/em><\/strong>, para as bibliotecas e escolas p\u00fablicas de Ensino M\u00e9dio da capital acreana.<\/p>\n<p>Com 445 p\u00e1ginas, o livro \u00e9 um cl\u00e1ssico da Hist\u00f3ria da \u00c1frica \u2013 franc\u00f3fona \u2013 e tem como autor o Professor Boubacar Barry, da Universidade Cheikh Anta Diop, em Dakar, Senegal. Publicada neste ano de 2018, pela Nepan Editora, com financiamento da Lei de Incentivo \u00e0 Cultura da Funda\u00e7\u00e3o Municipal de Cultura de Rio Branco \u201cGaribaldi Brasil\u201d, a obra \u00e9 uma tradu\u00e7\u00e3o do original em franc\u00eas, lan\u00e7ada no ano de 1972 [reeditada em 1985], que tamb\u00e9m conta com edi\u00e7\u00f5es em l\u00edngua espanhola (2010) e inglesa (2012).<\/p>\n<p>Trata-se de um rico material que possibilita aos professores e estudantes de ensino m\u00e9dio e superior ter acesso \u00e0s hist\u00f3rias de povos africanos (Wolof, Tuculer, Moura, Peul, Soninke, Mandinga) da Seneg\u00e2mbia antes e durante os anos da coloniza\u00e7\u00e3o francesa nessa regi\u00e3o banhada pelos rios Senegal e G\u00e2mbia. Uma regi\u00e3o que envolve os atuais estados nacionais do Senegal, Maurit\u00e2nia, Mali, G\u00e2mbia e Guin\u00e9.<\/p>\n<p>Para o Professor Gerson Albuquerque (UFAC), que apresenta a edi\u00e7\u00e3o brasileira, \u201cnesse livro, Boubacar Barry cartografa n\u00e3o apenas os aspectos hist\u00f3ricos, pol\u00edticos e econ\u00f4micos, mas percorre os mundos do Waalo nos detalhes de sua geografia f\u00edsica, ambiental e psicol\u00f3gica, colocando em cena as estruturas sociais, as rela\u00e7\u00f5es de poder, o com\u00e9rcio da goma e do amendoim, as revolu\u00e7\u00f5es mu\u00e7ulmanas e outras lutas e conflitos sociais, as guerras e r\u00e1zias, os modos de viver, as pr\u00e1ticas e paradoxos da escravid\u00e3o e da venda de escravos, as disputas internas e as dimens\u00f5es religiosas, pol\u00edticas e econ\u00f4micas. Enfim, mergulha fundo nas culturas desse reino antes e no imediato contexto da opress\u00e3o e do desmonte proporcionado pela \u2018era dos imp\u00e9rios\u2019, atualizando o terror da escravid\u00e3o e toda sorte de subtra\u00e7\u00e3o da humanidade aos povos da \u00c1frica Negra\u201d.<\/p>\n<p>Em seu texto de apresenta\u00e7\u00e3o, Albuquerque afirma ainda que \u201cao longo da leitura de <em>O reino do Waalo<\/em> surge uma impactante an\u00e1lise das viol\u00eancias da coloniza\u00e7\u00e3o e do tr\u00e1fico de mercadorias e de seres humanos tratados como coisas no Waalo e em toda a Seneg\u00e2mbia e adjac\u00eancias. Uma an\u00e1lise que nos permite antever os mecanismos utilizados pela Fran\u00e7a imperial para adentrar nos territ\u00f3rios de culturas ricas e complexas de sociedades em profundas rela\u00e7\u00f5es de interc\u00e2mbios com os mundos mediterr\u00e2nicos, \u00edndicos e atl\u00e2nticos, destruindo-os ou impondo suas l\u00f3gicas de mercado, n\u00e3o obstante \u00e0 tenaz resist\u00eancia enfrentada. Uma an\u00e1lise que tamb\u00e9m possibilita ao leitor dimensionar o apagamento das \u00c1fricas, restando como saldo o surgimento de uma \u00e1frica singularizada pela ret\u00f3rica imperial; uma \u00c1frica reduzida a sin\u00f4nimo de mis\u00e9ria, escravid\u00e3o, doen\u00e7as, fome e guerras de grupos tribais ou \u00e9tnicos primitivos e rudes; uma \u00c1frica no singular, imagem inventada pela coloniza\u00e7\u00e3o e seus tent\u00e1culos nas mentes colonizadas ou na colonialidade de seres e saberes dentro e fora das \u00c1fricas\u201d.<\/p>\n<p>Tamb\u00e9m destaca que, em parte da conclus\u00e3o de sua obra, Boubacar Barry pontua que os intelectuais africanos da atualidade t\u00eam o desafio de enfrentar um combate para reconquistar a longa hist\u00f3ria de lutas de seus povos. Um combate que, nas palavras do autor, \u201c\u00e9 insepar\u00e1vel do combate que pode levar os povos da Seneg\u00e2mbia \u00e0 sua independ\u00eancia pol\u00edtica, econ\u00f4mica e cultural\u201d. Um combate que passa fundamentalmente pela necessidade de fazer um \u201cajuste de contas com o passado\u201d e se livrar da perspectiva colonizadora presente na universidade africana que ainda continua vinculada ao modelo franc\u00eas.<\/p>\n<p>Dispon\u00edvel agora para o p\u00fablico de L\u00edngua Portuguesa, \u201cO Reino do Waalo\u201d j\u00e1 est\u00e1 inclu\u00eddo entre as leituras obrigat\u00f3rias de historiadores e estudiosos em geral do continente africano e de seus processos de coloniza\u00e7\u00e3o e resist\u00eancia. As escolas p\u00fablicas de Ensino M\u00e9dio e bibliotecas de Rio Branco ser\u00e3o as primeiras a receber a publica\u00e7\u00e3o em todo territ\u00f3rio nacional. Al\u00e9m dos diretores de bibliotecas e escolas p\u00fablicas, outros interessados em adquirir um exemplar do livro podem entrar em contato com a Nepan Editora atrav\u00e9s do e-mail <a href=\"mailto:editoranepan@gmail.com\">editoranepan@gmail.com<\/a><\/p>","protected":false},"excerpt":{"rendered":"<p>O Programa de P\u00f3s-Gradua\u00e7\u00e3o em Letras: Linguagem e Identidade (PPGLI) da Universidade Federal do Acre (UFAC), por interm\u00e9dio do Grupo de Pesquisa Hist\u00f3ria e Cultura, Linguagem, Identidade e Mem\u00f3ria (GPHCLIM) far\u00e1 a doa\u00e7\u00e3o de 250 exemplares do livro O reino<\/p>","protected":false},"author":65883018,"featured_media":0,"comment_status":"closed","ping_status":"closed","sticky":false,"template":"","format":"standard","meta":{"_coblocks_attr":"","_coblocks_dimensions":"","_coblocks_responsive_height":"","_coblocks_accordion_ie_support":"","_crdt_document":"","advanced_seo_description":"","jetpack_seo_html_title":"","jetpack_seo_noindex":false,"_jetpack_newsletter_access":"","_jetpack_dont_email_post_to_subs":false,"_jetpack_newsletter_tier_id":0,"_jetpack_memberships_contains_paywalled_content":false,"_jetpack_memberships_contains_paid_content":false,"footnotes":"","jetpack_publicize_message":"","jetpack_publicize_feature_enabled":true,"jetpack_social_post_already_shared":false,"jetpack_social_options":{"image_generator_settings":{"template":"highway","default_image_id":0,"font":"","enabled":false},"version":2},"_wpas_customize_per_network":false,"jetpack_post_was_ever_published":false},"categories":[233475685],"tags":[],"class_list":["post-4519","post","type-post","status-publish","format-standard","hentry","category-ppgli"],"jetpack_publicize_connections":[],"jetpack_featured_media_url":"","jetpack_likes_enabled":false,"jetpack_sharing_enabled":true,"jetpack_shortlink":"https:\/\/wp.me\/p4Na16-1aT","amp_enabled":true,"_links":{"self":[{"href":"https:\/\/posletrasufac.com\/en\/wp-json\/wp\/v2\/posts\/4519","targetHints":{"allow":["GET"]}}],"collection":[{"href":"https:\/\/posletrasufac.com\/en\/wp-json\/wp\/v2\/posts"}],"about":[{"href":"https:\/\/posletrasufac.com\/en\/wp-json\/wp\/v2\/types\/post"}],"author":[{"embeddable":true,"href":"https:\/\/posletrasufac.com\/en\/wp-json\/wp\/v2\/users\/65883018"}],"replies":[{"embeddable":true,"href":"https:\/\/posletrasufac.com\/en\/wp-json\/wp\/v2\/comments?post=4519"}],"version-history":[{"count":1,"href":"https:\/\/posletrasufac.com\/en\/wp-json\/wp\/v2\/posts\/4519\/revisions"}],"predecessor-version":[{"id":4520,"href":"https:\/\/posletrasufac.com\/en\/wp-json\/wp\/v2\/posts\/4519\/revisions\/4520"}],"wp:attachment":[{"href":"https:\/\/posletrasufac.com\/en\/wp-json\/wp\/v2\/media?parent=4519"}],"wp:term":[{"taxonomy":"category","embeddable":true,"href":"https:\/\/posletrasufac.com\/en\/wp-json\/wp\/v2\/categories?post=4519"},{"taxonomy":"post_tag","embeddable":true,"href":"https:\/\/posletrasufac.com\/en\/wp-json\/wp\/v2\/tags?post=4519"}],"curies":[{"name":"wp","href":"https:\/\/api.w.org\/{rel}","templated":true}]}}