{"id":388,"date":"2014-11-21T15:41:27","date_gmt":"2014-11-21T20:41:27","guid":{"rendered":"http:\/\/posletrasufac.com\/?p=388"},"modified":"2014-11-21T17:56:25","modified_gmt":"2014-11-21T22:56:25","slug":"galeria-simposio-2014","status":"publish","type":"post","link":"https:\/\/posletrasufac.com\/en\/2014\/11\/21\/galeria-simposio-2014\/","title":{"rendered":"Galeria &#8211; Simp\u00f3sio 2014"},"content":{"rendered":"<div class=\"tiled-gallery type-rectangular tiled-gallery-unresized\" data-original-width=\"750\" data-carousel-extra='{&quot;blog_id&quot;:1,&quot;permalink&quot;:&quot;https:\\\/\\\/posletrasufac.com\\\/en\\\/2014\\\/11\\\/21\\\/galeria-simposio-2014\\\/&quot;,&quot;likes_blog_id&quot;:70821924}' itemscope itemtype=\"http:\/\/schema.org\/ImageGallery\" > <div class=\"gallery-row\" style=\"width: 750px; height: 334px;\" data-original-width=\"750\" data-original-height=\"334\" > <div class=\"gallery-group images-1\" style=\"width: 501px; height: 334px;\" data-original-width=\"501\" data-original-height=\"334\" > <div class=\"tiled-gallery-item tiled-gallery-item-large\" itemprop=\"associatedMedia\" itemscope itemtype=\"http:\/\/schema.org\/ImageObject\"> <a href=\"https:\/\/posletrasufac.com\/en\/2014\/11\/21\/galeria-simposio-2014\/04-11_linguagens-e-identidades-8-3\/\" border=\"0\" itemprop=\"url\"> <meta itemprop=\"width\" content=\"497\"> <meta itemprop=\"height\" content=\"330\"> <img decoding=\"async\" class=\"\" data-attachment-id=\"416\" data-orig-file=\"https:\/\/posletrasufac.com\/wp-content\/uploads\/2014\/11\/04-11_linguagens-e-identidades-82.jpg\" data-orig-size=\"1200,797\" data-comments-opened=\"\" data-image-meta=\"{&quot;aperture&quot;:&quot;5.6&quot;,&quot;credit&quot;:&quot;&quot;,&quot;camera&quot;:&quot;NIKON D90&quot;,&quot;caption&quot;:&quot;04.11.2014, Universidade Federal do Acre - UFAC, Rio Branco\\\/Acre. VIII Simp\\u00f3sio Linguagens e Identidades da\\\/na Amaz\\u00f4nia Sul-Ocidental e VII Col\\u00f3quio Internacional \\u0022As Amaz\\u00f4nias, as \\u00c1fricas e as \\u00c1fricas na Pan-Amaz\\u00f4nia. Foto: Talita Oliveira&quot;,&quot;created_timestamp&quot;:&quot;1415101210&quot;,&quot;copyright&quot;:&quot;&quot;,&quot;focal_length&quot;:&quot;85&quot;,&quot;iso&quot;:&quot;400&quot;,&quot;shutter_speed&quot;:&quot;0.016666666666667&quot;,&quot;title&quot;:&quot;&quot;,&quot;orientation&quot;:&quot;0&quot;}\" data-image-title=\"Foto Talita Oliveira\" data-image-description=\"&lt;p&gt;04.11.2014, Universidade Federal do Acre &amp;#8211; UFAC, Rio Branco\/Acre. VIII Simp\u00f3sio Linguagens e Identidades da\/na Amaz\u00f4nia Sul-Ocidental e VII Col\u00f3quio Internacional &amp;#8220;As Amaz\u00f4nias, as \u00c1fricas e as \u00c1fricas na Pan-Amaz\u00f4nia. Foto: Talita Oliveira&lt;\/p&gt; \" data-medium-file=\"https:\/\/i0.wp.com\/posletrasufac.com\/wp-content\/uploads\/2014\/11\/04-11_linguagens-e-identidades-82.jpg?fit=300%2C199&#038;ssl=1\" data-large-file=\"https:\/\/i0.wp.com\/posletrasufac.com\/wp-content\/uploads\/2014\/11\/04-11_linguagens-e-identidades-82.jpg?fit=750%2C498&#038;ssl=1\" src=\"https:\/\/i0.wp.com\/posletrasufac.com\/wp-content\/uploads\/2014\/11\/04-11_linguagens-e-identidades-82.jpg?w=497&#038;h=330&#038;ssl=1\" width=\"497\" height=\"330\" loading=\"lazy\" data-original-width=\"497\" data-original-height=\"330\" itemprop=\"http:\/\/schema.org\/image\" title=\"Foto Talita Oliveira\" alt=\"Simp\u00f3sio Linguagens e Identidades 2014\" style=\"width: 497px; height: 330px;\" \/> <\/a> <div class=\"tiled-gallery-caption\" itemprop=\"caption description\"> Simp\u00f3sio Linguagens e Identidades 2014 <\/div> <\/div> <\/div> <!-- close group --> <div class=\"gallery-group images-2\" style=\"width: 249px; height: 334px;\" data-original-width=\"249\" data-original-height=\"334\" > <div class=\"tiled-gallery-item tiled-gallery-item-small\" itemprop=\"associatedMedia\" itemscope itemtype=\"http:\/\/schema.org\/ImageObject\"> <a href=\"https:\/\/posletrasufac.com\/en\/2014\/11\/21\/galeria-simposio-2014\/06-11_linguagens-e-identidades-6\/\" border=\"0\" itemprop=\"url\"> <meta itemprop=\"width\" content=\"245\"> <meta itemprop=\"height\" content=\"163\"> <img decoding=\"async\" class=\"\" data-attachment-id=\"427\" data-orig-file=\"https:\/\/posletrasufac.com\/wp-content\/uploads\/2014\/11\/06-11_linguagens-e-identidades-6.jpg\" data-orig-size=\"1200,797\" data-comments-opened=\"\" data-image-meta=\"{&quot;aperture&quot;:&quot;4.8&quot;,&quot;credit&quot;:&quot;&quot;,&quot;camera&quot;:&quot;NIKON D90&quot;,&quot;caption&quot;:&quot;06.11.2014, Universidade Federal do Acre - UFAC, Rio Branco\\\/Acre. VIII Simp\\u00f3sio Linguagens e Identidades da\\\/na Amaz\\u00f4nia Sul-Ocidental e VII Col\\u00f3quio Internacional \\u0022As Amaz\\u00f4nias, as \\u00c1fricas e as \\u00c1fricas na Pan-Amaz\\u00f4nia\\u0022. Foto: Talita Oliveira&quot;,&quot;created_timestamp&quot;:&quot;1415270331&quot;,&quot;copyright&quot;:&quot;&quot;,&quot;focal_length&quot;:&quot;42&quot;,&quot;iso&quot;:&quot;400&quot;,&quot;shutter_speed&quot;:&quot;0.02&quot;,&quot;title&quot;:&quot;&quot;,&quot;orientation&quot;:&quot;0&quot;}\" data-image-title=\"06.11_Linguagens e Identidades (6)\" data-image-description=\"&lt;p&gt;06.11.2014, Universidade Federal do Acre &amp;#8211; UFAC, Rio Branco\/Acre. VIII Simp\u00f3sio Linguagens e Identidades da\/na Amaz\u00f4nia Sul-Ocidental e VII Col\u00f3quio Internacional &amp;#8220;As Amaz\u00f4nias, as \u00c1fricas e as \u00c1fricas na Pan-Amaz\u00f4nia&amp;#8221;. Foto: Talita Oliveira&lt;\/p&gt; \" data-medium-file=\"https:\/\/i0.wp.com\/posletrasufac.com\/wp-content\/uploads\/2014\/11\/06-11_linguagens-e-identidades-6.jpg?fit=300%2C199&#038;ssl=1\" data-large-file=\"https:\/\/i0.wp.com\/posletrasufac.com\/wp-content\/uploads\/2014\/11\/06-11_linguagens-e-identidades-6.jpg?fit=750%2C498&#038;ssl=1\" src=\"https:\/\/i0.wp.com\/posletrasufac.com\/wp-content\/uploads\/2014\/11\/06-11_linguagens-e-identidades-6.jpg?w=245&#038;h=163&#038;ssl=1\" width=\"245\" height=\"163\" loading=\"lazy\" data-original-width=\"245\" data-original-height=\"163\" itemprop=\"http:\/\/schema.org\/image\" title=\"06.11_Linguagens e Identidades (6)\" alt=\"Simp\u00f3sio Linguagens e Identidades 2014\" style=\"width: 245px; height: 163px;\" \/> <\/a> <div class=\"tiled-gallery-caption\" itemprop=\"caption description\"> Simp\u00f3sio Linguagens e Identidades 2014 <\/div> <\/div> <div class=\"tiled-gallery-item tiled-gallery-item-small\" itemprop=\"associatedMedia\" itemscope itemtype=\"http:\/\/schema.org\/ImageObject\"> <a href=\"https:\/\/posletrasufac.com\/en\/2014\/11\/21\/galeria-simposio-2014\/07-11_linguagens-e-identidades-6-2\/\" border=\"0\" itemprop=\"url\"> <meta itemprop=\"width\" content=\"245\"> <meta itemprop=\"height\" content=\"163\"> <img decoding=\"async\" class=\"\" data-attachment-id=\"450\" data-orig-file=\"https:\/\/posletrasufac.com\/wp-content\/uploads\/2014\/11\/07-11_linguagens-e-identidades-61.jpg\" data-orig-size=\"1200,797\" data-comments-opened=\"\" data-image-meta=\"{&quot;aperture&quot;:&quot;5.3&quot;,&quot;credit&quot;:&quot;&quot;,&quot;camera&quot;:&quot;NIKON D90&quot;,&quot;caption&quot;:&quot;07.11.2014, Universidade Federal do Acre - UFAC, Rio Branco\\\/Acre. VIII Simp\\u00f3sio Linguagens e Identidades da\\\/na Amaz\\u00f4nia Sul-Ocidental e VII Col\\u00f3quio Internacional \\u0022As Amaz\\u00f4nias, as \\u00c1fricas e as \\u00c1fricas na Pan-Amaz\\u00f4nia\\u0022. Foto: Talita Oliveira&quot;,&quot;created_timestamp&quot;:&quot;1415394198&quot;,&quot;copyright&quot;:&quot;&quot;,&quot;focal_length&quot;:&quot;75&quot;,&quot;iso&quot;:&quot;640&quot;,&quot;shutter_speed&quot;:&quot;0.0125&quot;,&quot;title&quot;:&quot;&quot;,&quot;orientation&quot;:&quot;0&quot;}\" data-image-title=\"07.11_Linguagens e Identidades (6)\" data-image-description=\"&lt;p&gt;07.11.2014, Universidade Federal do Acre &amp;#8211; UFAC, Rio Branco\/Acre. VIII Simp\u00f3sio Linguagens e Identidades da\/na Amaz\u00f4nia Sul-Ocidental e VII Col\u00f3quio Internacional &amp;#8220;As Amaz\u00f4nias, as \u00c1fricas e as \u00c1fricas na Pan-Amaz\u00f4nia&amp;#8221;. Foto: Talita Oliveira&lt;\/p&gt; \" data-medium-file=\"https:\/\/i0.wp.com\/posletrasufac.com\/wp-content\/uploads\/2014\/11\/07-11_linguagens-e-identidades-61.jpg?fit=300%2C199&#038;ssl=1\" data-large-file=\"https:\/\/i0.wp.com\/posletrasufac.com\/wp-content\/uploads\/2014\/11\/07-11_linguagens-e-identidades-61.jpg?fit=750%2C498&#038;ssl=1\" src=\"https:\/\/i0.wp.com\/posletrasufac.com\/wp-content\/uploads\/2014\/11\/07-11_linguagens-e-identidades-61.jpg?w=245&#038;h=163&#038;ssl=1\" width=\"245\" height=\"163\" loading=\"lazy\" data-original-width=\"245\" data-original-height=\"163\" itemprop=\"http:\/\/schema.org\/image\" title=\"07.11_Linguagens e Identidades (6)\" alt=\"Simp\u00f3sio Linguagens e Identidades 2014\" style=\"width: 245px; height: 163px;\" \/> <\/a> <div class=\"tiled-gallery-caption\" itemprop=\"caption description\"> Simp\u00f3sio Linguagens e Identidades 2014 <\/div> <\/div> <\/div> <!-- close group --> <\/div> <!-- close row --> <div class=\"gallery-row\" style=\"width: 750px; height: 167px;\" data-original-width=\"750\" data-original-height=\"167\" > <div class=\"gallery-group images-1\" style=\"width: 250px; height: 167px;\" data-original-width=\"250\" data-original-height=\"167\" > <div class=\"tiled-gallery-item tiled-gallery-item-small\" itemprop=\"associatedMedia\" itemscope itemtype=\"http:\/\/schema.org\/ImageObject\"> <a href=\"https:\/\/posletrasufac.com\/en\/2014\/11\/21\/galeria-simposio-2014\/04-11_linguagens-e-identidades-10\/\" border=\"0\" itemprop=\"url\"> <meta itemprop=\"width\" content=\"246\"> <meta itemprop=\"height\" content=\"163\"> <img decoding=\"async\" class=\"\" data-attachment-id=\"406\" data-orig-file=\"https:\/\/posletrasufac.com\/wp-content\/uploads\/2014\/11\/04-11_linguagens-e-identidades-10.jpg\" data-orig-size=\"1200,797\" data-comments-opened=\"\" data-image-meta=\"{&quot;aperture&quot;:&quot;5.3&quot;,&quot;credit&quot;:&quot;&quot;,&quot;camera&quot;:&quot;NIKON D90&quot;,&quot;caption&quot;:&quot;04.11.2014, Universidade Federal do Acre - UFAC, Rio Branco\\\/Acre. VIII Simp\\u00f3sio Linguagens e Identidades da\\\/na Amaz\\u00f4nia Sul-Ocidental e VII Col\\u00f3quio Internacional \\u0022As Amaz\\u00f4nias, as \\u00c1fricas e as \\u00c1fricas na Pan-Amaz\\u00f4nia. Foto: Talita Oliveira&quot;,&quot;created_timestamp&quot;:&quot;1415117086&quot;,&quot;copyright&quot;:&quot;&quot;,&quot;focal_length&quot;:&quot;70&quot;,&quot;iso&quot;:&quot;500&quot;,&quot;shutter_speed&quot;:&quot;0.02&quot;,&quot;title&quot;:&quot;&quot;,&quot;orientation&quot;:&quot;0&quot;}\" data-image-title=\"Foto Talita Oliveira\" data-image-description=\"&lt;p&gt;04.11.2014, Universidade Federal do Acre &amp;#8211; UFAC, Rio Branco\/Acre. VIII Simp\u00f3sio Linguagens e Identidades da\/na Amaz\u00f4nia Sul-Ocidental e VII Col\u00f3quio Internacional &amp;#8220;As Amaz\u00f4nias, as \u00c1fricas e as \u00c1fricas na Pan-Amaz\u00f4nia. Foto: Talita Oliveira&lt;\/p&gt; \" data-medium-file=\"https:\/\/i0.wp.com\/posletrasufac.com\/wp-content\/uploads\/2014\/11\/04-11_linguagens-e-identidades-10.jpg?fit=300%2C199&#038;ssl=1\" data-large-file=\"https:\/\/i0.wp.com\/posletrasufac.com\/wp-content\/uploads\/2014\/11\/04-11_linguagens-e-identidades-10.jpg?fit=750%2C498&#038;ssl=1\" src=\"https:\/\/i0.wp.com\/posletrasufac.com\/wp-content\/uploads\/2014\/11\/04-11_linguagens-e-identidades-10.jpg?w=246&#038;h=163&#038;ssl=1\" width=\"246\" height=\"163\" loading=\"lazy\" data-original-width=\"246\" data-original-height=\"163\" itemprop=\"http:\/\/schema.org\/image\" title=\"Foto Talita Oliveira\" alt=\"Simp\u00f3sio Linguagens e Identidades 2014\" style=\"width: 246px; height: 163px;\" \/> <\/a> <div class=\"tiled-gallery-caption\" itemprop=\"caption description\"> Simp\u00f3sio Linguagens e Identidades 2014 <\/div> <\/div> <\/div> <!-- close group --> <div class=\"gallery-group images-1\" style=\"width: 250px; height: 167px;\" data-original-width=\"250\" data-original-height=\"167\" > <div class=\"tiled-gallery-item tiled-gallery-item-small\" itemprop=\"associatedMedia\" itemscope itemtype=\"http:\/\/schema.org\/ImageObject\"> <a href=\"https:\/\/posletrasufac.com\/en\/2014\/11\/21\/galeria-simposio-2014\/06-11_linguagens-e-identidades-130\/\" border=\"0\" itemprop=\"url\"> <meta itemprop=\"width\" content=\"246\"> <meta itemprop=\"height\" content=\"163\"> <img decoding=\"async\" class=\"\" data-attachment-id=\"436\" data-orig-file=\"https:\/\/posletrasufac.com\/wp-content\/uploads\/2014\/11\/06-11_linguagens-e-identidades-130.jpg\" data-orig-size=\"1200,797\" data-comments-opened=\"\" data-image-meta=\"{&quot;aperture&quot;:&quot;5&quot;,&quot;credit&quot;:&quot;&quot;,&quot;camera&quot;:&quot;NIKON D90&quot;,&quot;caption&quot;:&quot;06.11.2014, Universidade Federal do Acre - UFAC, Rio Branco\\\/Acre. VIII Simp\\u00f3sio Linguagens e Identidades da\\\/na Amaz\\u00f4nia Sul-Ocidental e VII Col\\u00f3quio Internacional \\u0022As Amaz\\u00f4nias, as \\u00c1fricas e as \\u00c1fricas na Pan-Amaz\\u00f4nia\\u0022. Foto: Talita Oliveira&quot;,&quot;created_timestamp&quot;:&quot;1415315368&quot;,&quot;copyright&quot;:&quot;&quot;,&quot;focal_length&quot;:&quot;48&quot;,&quot;iso&quot;:&quot;1600&quot;,&quot;shutter_speed&quot;:&quot;0.04&quot;,&quot;title&quot;:&quot;&quot;,&quot;orientation&quot;:&quot;0&quot;}\" data-image-title=\"06.11_Linguagens e Identidades (130)\" data-image-description=\"&lt;p&gt;06.11.2014, Universidade Federal do Acre &amp;#8211; UFAC, Rio Branco\/Acre. VIII Simp\u00f3sio Linguagens e Identidades da\/na Amaz\u00f4nia Sul-Ocidental e VII Col\u00f3quio Internacional &amp;#8220;As Amaz\u00f4nias, as \u00c1fricas e as \u00c1fricas na Pan-Amaz\u00f4nia&amp;#8221;. Foto: Talita Oliveira&lt;\/p&gt; \" data-medium-file=\"https:\/\/i0.wp.com\/posletrasufac.com\/wp-content\/uploads\/2014\/11\/06-11_linguagens-e-identidades-130.jpg?fit=300%2C199&#038;ssl=1\" data-large-file=\"https:\/\/i0.wp.com\/posletrasufac.com\/wp-content\/uploads\/2014\/11\/06-11_linguagens-e-identidades-130.jpg?fit=750%2C498&#038;ssl=1\" src=\"https:\/\/i0.wp.com\/posletrasufac.com\/wp-content\/uploads\/2014\/11\/06-11_linguagens-e-identidades-130.jpg?w=246&#038;h=163&#038;ssl=1\" width=\"246\" height=\"163\" loading=\"lazy\" data-original-width=\"246\" data-original-height=\"163\" itemprop=\"http:\/\/schema.org\/image\" title=\"06.11_Linguagens e Identidades (130)\" alt=\"Simp\u00f3sio Linguagens e Identidades 2014\" style=\"width: 246px; height: 163px;\" \/> <\/a> <div class=\"tiled-gallery-caption\" itemprop=\"caption description\"> Simp\u00f3sio Linguagens e Identidades 2014 <\/div> <\/div> <\/div> <!-- close group --> <div class=\"gallery-group images-1\" style=\"width: 250px; height: 167px;\" data-original-width=\"250\" data-original-height=\"167\" > <div class=\"tiled-gallery-item tiled-gallery-item-small\" itemprop=\"associatedMedia\" itemscope itemtype=\"http:\/\/schema.org\/ImageObject\"> <a href=\"https:\/\/posletrasufac.com\/en\/2014\/11\/21\/galeria-simposio-2014\/07-11_linguagens-e-identidades-1\/\" border=\"0\" itemprop=\"url\"> <meta itemprop=\"width\" content=\"246\"> <meta itemprop=\"height\" content=\"163\"> <img decoding=\"async\" class=\"\" data-attachment-id=\"452\" data-orig-file=\"https:\/\/posletrasufac.com\/wp-content\/uploads\/2014\/11\/07-11_linguagens-e-identidades-1.jpg\" data-orig-size=\"1200,797\" data-comments-opened=\"\" data-image-meta=\"{&quot;aperture&quot;:&quot;2.8&quot;,&quot;credit&quot;:&quot;&quot;,&quot;camera&quot;:&quot;NIKON D90&quot;,&quot;caption&quot;:&quot;07.11.2014, Universidade Federal do Acre - UFAC, Rio Branco\\\/Acre. VIII Simp\\u00f3sio Linguagens e Identidades da\\\/na Amaz\\u00f4nia Sul-Ocidental e VII Col\\u00f3quio Internacional \\u0022As Amaz\\u00f4nias, as \\u00c1fricas e as \\u00c1fricas na Pan-Amaz\\u00f4nia\\u0022. Foto: Talita Oliveira&quot;,&quot;created_timestamp&quot;:&quot;1415395698&quot;,&quot;copyright&quot;:&quot;&quot;,&quot;focal_length&quot;:&quot;50&quot;,&quot;iso&quot;:&quot;1250&quot;,&quot;shutter_speed&quot;:&quot;0.0125&quot;,&quot;title&quot;:&quot;&quot;,&quot;orientation&quot;:&quot;0&quot;}\" data-image-title=\"07.11_Linguagens e Identidades (1)\" data-image-description=\"&lt;p&gt;07.11.2014, Universidade Federal do Acre &amp;#8211; UFAC, Rio Branco\/Acre. VIII Simp\u00f3sio Linguagens e Identidades da\/na Amaz\u00f4nia Sul-Ocidental e VII Col\u00f3quio Internacional &amp;#8220;As Amaz\u00f4nias, as \u00c1fricas e as \u00c1fricas na Pan-Amaz\u00f4nia&amp;#8221;. Foto: Talita Oliveira&lt;\/p&gt; \" data-medium-file=\"https:\/\/i0.wp.com\/posletrasufac.com\/wp-content\/uploads\/2014\/11\/07-11_linguagens-e-identidades-1.jpg?fit=300%2C199&#038;ssl=1\" data-large-file=\"https:\/\/i0.wp.com\/posletrasufac.com\/wp-content\/uploads\/2014\/11\/07-11_linguagens-e-identidades-1.jpg?fit=750%2C498&#038;ssl=1\" src=\"https:\/\/i0.wp.com\/posletrasufac.com\/wp-content\/uploads\/2014\/11\/07-11_linguagens-e-identidades-1.jpg?w=246&#038;h=163&#038;ssl=1\" width=\"246\" height=\"163\" loading=\"lazy\" data-original-width=\"246\" data-original-height=\"163\" itemprop=\"http:\/\/schema.org\/image\" title=\"07.11_Linguagens e Identidades (1)\" alt=\"Simp\u00f3sio Linguagens e Identidades 2014\" style=\"width: 246px; height: 163px;\" \/> <\/a> <div class=\"tiled-gallery-caption\" itemprop=\"caption description\"> Simp\u00f3sio Linguagens e Identidades 2014 <\/div> <\/div> <\/div> <!-- close group --> <\/div> <!-- close row --> <div class=\"gallery-row\" style=\"width: 750px; height: 334px;\" data-original-width=\"750\" data-original-height=\"334\" > <div class=\"gallery-group images-2\" style=\"width: 249px; height: 334px;\" data-original-width=\"249\" data-original-height=\"334\" > <div class=\"tiled-gallery-item tiled-gallery-item-small\" itemprop=\"associatedMedia\" itemscope itemtype=\"http:\/\/schema.org\/ImageObject\"> <a href=\"https:\/\/posletrasufac.com\/en\/2014\/11\/21\/galeria-simposio-2014\/07-11_linguagens-e-identidades-6\/\" border=\"0\" itemprop=\"url\"> <meta itemprop=\"width\" content=\"245\"> <meta itemprop=\"height\" content=\"163\"> <img decoding=\"async\" class=\"\" data-attachment-id=\"447\" data-orig-file=\"https:\/\/posletrasufac.com\/wp-content\/uploads\/2014\/11\/07-11_linguagens-e-identidades-6.jpg\" data-orig-size=\"1200,797\" data-comments-opened=\"\" data-image-meta=\"{&quot;aperture&quot;:&quot;5.3&quot;,&quot;credit&quot;:&quot;&quot;,&quot;camera&quot;:&quot;NIKON D90&quot;,&quot;caption&quot;:&quot;07.11.2014, Universidade Federal do Acre - UFAC, Rio Branco\\\/Acre. VIII Simp\\u00f3sio Linguagens e Identidades da\\\/na Amaz\\u00f4nia Sul-Ocidental e VII Col\\u00f3quio Internacional \\u0022As Amaz\\u00f4nias, as \\u00c1fricas e as \\u00c1fricas na Pan-Amaz\\u00f4nia\\u0022. Foto: Talita Oliveira&quot;,&quot;created_timestamp&quot;:&quot;1415381208&quot;,&quot;copyright&quot;:&quot;&quot;,&quot;focal_length&quot;:&quot;75&quot;,&quot;iso&quot;:&quot;500&quot;,&quot;shutter_speed&quot;:&quot;0.02&quot;,&quot;title&quot;:&quot;&quot;,&quot;orientation&quot;:&quot;0&quot;}\" data-image-title=\"07.11_Linguagens e Identidades (6)\" data-image-description=\"&lt;p&gt;07.11.2014, Universidade Federal do Acre &amp;#8211; UFAC, Rio Branco\/Acre. VIII Simp\u00f3sio Linguagens e Identidades da\/na Amaz\u00f4nia Sul-Ocidental e VII Col\u00f3quio Internacional &amp;#8220;As Amaz\u00f4nias, as \u00c1fricas e as \u00c1fricas na Pan-Amaz\u00f4nia&amp;#8221;. Foto: Talita Oliveira&lt;\/p&gt; \" data-medium-file=\"https:\/\/i0.wp.com\/posletrasufac.com\/wp-content\/uploads\/2014\/11\/07-11_linguagens-e-identidades-6.jpg?fit=300%2C199&#038;ssl=1\" data-large-file=\"https:\/\/i0.wp.com\/posletrasufac.com\/wp-content\/uploads\/2014\/11\/07-11_linguagens-e-identidades-6.jpg?fit=750%2C498&#038;ssl=1\" src=\"https:\/\/i0.wp.com\/posletrasufac.com\/wp-content\/uploads\/2014\/11\/07-11_linguagens-e-identidades-6.jpg?w=245&#038;h=163&#038;ssl=1\" width=\"245\" height=\"163\" loading=\"lazy\" data-original-width=\"245\" data-original-height=\"163\" itemprop=\"http:\/\/schema.org\/image\" title=\"07.11_Linguagens e Identidades (6)\" alt=\"Simp\u00f3sio Linguagens e Identidades 2014\" style=\"width: 245px; height: 163px;\" \/> <\/a> <div class=\"tiled-gallery-caption\" itemprop=\"caption description\"> Simp\u00f3sio Linguagens e Identidades 2014 <\/div> <\/div> <div class=\"tiled-gallery-item tiled-gallery-item-small\" itemprop=\"associatedMedia\" itemscope itemtype=\"http:\/\/schema.org\/ImageObject\"> <a href=\"https:\/\/posletrasufac.com\/en\/2014\/11\/21\/galeria-simposio-2014\/06-11_linguagens-e-identidades-216\/\" border=\"0\" itemprop=\"url\"> <meta itemprop=\"width\" content=\"245\"> <meta itemprop=\"height\" content=\"163\"> <img decoding=\"async\" class=\"\" data-attachment-id=\"437\" data-orig-file=\"https:\/\/posletrasufac.com\/wp-content\/uploads\/2014\/11\/06-11_linguagens-e-identidades-216.jpg\" data-orig-size=\"1200,797\" data-comments-opened=\"\" data-image-meta=\"{&quot;aperture&quot;:&quot;5.3&quot;,&quot;credit&quot;:&quot;&quot;,&quot;camera&quot;:&quot;NIKON D90&quot;,&quot;caption&quot;:&quot;06.11.2014, Universidade Federal do Acre - UFAC, Rio Branco\\\/Acre. VIII Simp\\u00f3sio Linguagens e Identidades da\\\/na Amaz\\u00f4nia Sul-Ocidental e VII Col\\u00f3quio Internacional \\u0022As Amaz\\u00f4nias, as \\u00c1fricas e as \\u00c1fricas na Pan-Amaz\\u00f4nia\\u0022. Foto: Talita Oliveira&quot;,&quot;created_timestamp&quot;:&quot;1415316569&quot;,&quot;copyright&quot;:&quot;&quot;,&quot;focal_length&quot;:&quot;70&quot;,&quot;iso&quot;:&quot;1600&quot;,&quot;shutter_speed&quot;:&quot;0.04&quot;,&quot;title&quot;:&quot;&quot;,&quot;orientation&quot;:&quot;0&quot;}\" data-image-title=\"06.11_Linguagens e Identidades (216)\" data-image-description=\"&lt;p&gt;06.11.2014, Universidade Federal do Acre &amp;#8211; UFAC, Rio Branco\/Acre. VIII Simp\u00f3sio Linguagens e Identidades da\/na Amaz\u00f4nia Sul-Ocidental e VII Col\u00f3quio Internacional &amp;#8220;As Amaz\u00f4nias, as \u00c1fricas e as \u00c1fricas na Pan-Amaz\u00f4nia&amp;#8221;. Foto: Talita Oliveira&lt;\/p&gt; \" data-medium-file=\"https:\/\/i0.wp.com\/posletrasufac.com\/wp-content\/uploads\/2014\/11\/06-11_linguagens-e-identidades-216.jpg?fit=300%2C199&#038;ssl=1\" data-large-file=\"https:\/\/i0.wp.com\/posletrasufac.com\/wp-content\/uploads\/2014\/11\/06-11_linguagens-e-identidades-216.jpg?fit=750%2C498&#038;ssl=1\" src=\"https:\/\/i0.wp.com\/posletrasufac.com\/wp-content\/uploads\/2014\/11\/06-11_linguagens-e-identidades-216.jpg?w=245&#038;h=163&#038;ssl=1\" width=\"245\" height=\"163\" loading=\"lazy\" data-original-width=\"245\" data-original-height=\"163\" itemprop=\"http:\/\/schema.org\/image\" title=\"06.11_Linguagens e Identidades (216)\" alt=\"Simp\u00f3sio Linguagens e Identidades 2014\" style=\"width: 245px; height: 163px;\" \/> <\/a> <div class=\"tiled-gallery-caption\" itemprop=\"caption description\"> Simp\u00f3sio Linguagens e Identidades 2014 <\/div> <\/div> <\/div> <!-- close group --> <div class=\"gallery-group images-1\" style=\"width: 501px; height: 334px;\" data-original-width=\"501\" data-original-height=\"334\" > <div class=\"tiled-gallery-item tiled-gallery-item-large\" itemprop=\"associatedMedia\" itemscope itemtype=\"http:\/\/schema.org\/ImageObject\"> <a href=\"https:\/\/posletrasufac.com\/en\/2014\/11\/21\/galeria-simposio-2014\/04-11_linguagens-e-identidades-2\/\" border=\"0\" itemprop=\"url\"> <meta itemprop=\"width\" content=\"497\"> <meta itemprop=\"height\" content=\"330\"> <img decoding=\"async\" class=\"\" data-attachment-id=\"403\" data-orig-file=\"https:\/\/posletrasufac.com\/wp-content\/uploads\/2014\/11\/04-11_linguagens-e-identidades-2.jpg\" data-orig-size=\"1200,797\" data-comments-opened=\"\" data-image-meta=\"{&quot;aperture&quot;:&quot;3.5&quot;,&quot;credit&quot;:&quot;&quot;,&quot;camera&quot;:&quot;NIKON D90&quot;,&quot;caption&quot;:&quot;04.11.2014, Universidade Federal do Acre - UFAC, Rio Branco\\\/Acre. VIII Simp\\u00f3sio Linguagens e Identidades da\\\/na Amaz\\u00f4nia Sul-Ocidental e VII Col\\u00f3quio Internacional \\u0022As Amaz\\u00f4nias, as \\u00c1fricas e as \\u00c1fricas na Pan-Amaz\\u00f4nia. Foto: Talita Oliveira&quot;,&quot;created_timestamp&quot;:&quot;1415102039&quot;,&quot;copyright&quot;:&quot;&quot;,&quot;focal_length&quot;:&quot;18&quot;,&quot;iso&quot;:&quot;500&quot;,&quot;shutter_speed&quot;:&quot;0.008&quot;,&quot;title&quot;:&quot;&quot;,&quot;orientation&quot;:&quot;0&quot;}\" data-image-title=\"Foto Talita Oliveira\" data-image-description=\"&lt;p&gt;04.11.2014, Universidade Federal do Acre &amp;#8211; UFAC, Rio Branco\/Acre. VIII Simp\u00f3sio Linguagens e Identidades da\/na Amaz\u00f4nia Sul-Ocidental e VII Col\u00f3quio Internacional &amp;#8220;As Amaz\u00f4nias, as \u00c1fricas e as \u00c1fricas na Pan-Amaz\u00f4nia. Foto: Talita Oliveira&lt;\/p&gt; \" data-medium-file=\"https:\/\/i0.wp.com\/posletrasufac.com\/wp-content\/uploads\/2014\/11\/04-11_linguagens-e-identidades-2.jpg?fit=300%2C199&#038;ssl=1\" data-large-file=\"https:\/\/i0.wp.com\/posletrasufac.com\/wp-content\/uploads\/2014\/11\/04-11_linguagens-e-identidades-2.jpg?fit=750%2C498&#038;ssl=1\" src=\"https:\/\/i0.wp.com\/posletrasufac.com\/wp-content\/uploads\/2014\/11\/04-11_linguagens-e-identidades-2.jpg?w=497&#038;h=330&#038;ssl=1\" width=\"497\" height=\"330\" loading=\"lazy\" data-original-width=\"497\" data-original-height=\"330\" itemprop=\"http:\/\/schema.org\/image\" title=\"Foto Talita Oliveira\" alt=\"Simp\u00f3sio Linguagens e Identidades 2014\" style=\"width: 497px; height: 330px;\" \/> <\/a> <div class=\"tiled-gallery-caption\" itemprop=\"caption description\"> Simp\u00f3sio Linguagens e Identidades 2014 <\/div> <\/div> <\/div> <!-- close group --> <\/div> <!-- close row --> <div class=\"gallery-row\" style=\"width: 750px; height: 250px;\" data-original-width=\"750\" data-original-height=\"250\" > <div class=\"gallery-group images-1\" style=\"width: 375px; height: 250px;\" data-original-width=\"375\" data-original-height=\"250\" > <div class=\"tiled-gallery-item tiled-gallery-item-large\" itemprop=\"associatedMedia\" itemscope itemtype=\"http:\/\/schema.org\/ImageObject\"> <a href=\"https:\/\/posletrasufac.com\/en\/2014\/11\/21\/galeria-simposio-2014\/03-11_linguagens-e-identidades-22\/\" border=\"0\" itemprop=\"url\"> <meta itemprop=\"width\" content=\"371\"> <meta itemprop=\"height\" content=\"246\"> <img decoding=\"async\" class=\"\" data-attachment-id=\"391\" data-orig-file=\"https:\/\/posletrasufac.com\/wp-content\/uploads\/2014\/11\/03-11_linguagens-e-identidades-22.jpg\" data-orig-size=\"4288,2848\" data-comments-opened=\"\" data-image-meta=\"{&quot;aperture&quot;:&quot;4.8&quot;,&quot;credit&quot;:&quot;&quot;,&quot;camera&quot;:&quot;NIKON D90&quot;,&quot;caption&quot;:&quot;03.11.2014, Universidade Federal do Acre - UFAC, Rio Branco\\\/Acre. VIII Simp\\u00f3sio Linguagens e Identidades da\\\/na Amaz\\u00f4nia Sul-Ocidental e VII Col\\u00f3quio Internacional \\u0022As Amaz\\u00f4nias, as \\u00c1fricas e as \\u00c1fricas na Pan-Amaz\\u00f4nia. Foto: Talita Oliveira&quot;,&quot;created_timestamp&quot;:&quot;1415019725&quot;,&quot;copyright&quot;:&quot;&quot;,&quot;focal_length&quot;:&quot;42&quot;,&quot;iso&quot;:&quot;200&quot;,&quot;shutter_speed&quot;:&quot;0.016666666666667&quot;,&quot;title&quot;:&quot;&quot;,&quot;orientation&quot;:&quot;0&quot;}\" data-image-title=\"\" data-image-description=\"&lt;p&gt;03.11.2014, Universidade Federal do Acre &amp;#8211; UFAC, Rio Branco\/Acre. VIII Simp\u00f3sio Linguagens e Identidades da\/na Amaz\u00f4nia Sul-Ocidental e VII Col\u00f3quio Internacional &amp;#8220;As Amaz\u00f4nias, as \u00c1fricas e as \u00c1fricas na Pan-Amaz\u00f4nia. Foto: Talita Oliveira&lt;\/p&gt; \" data-medium-file=\"https:\/\/i0.wp.com\/posletrasufac.com\/wp-content\/uploads\/2014\/11\/03-11_linguagens-e-identidades-22.jpg?fit=300%2C199&#038;ssl=1\" data-large-file=\"https:\/\/i0.wp.com\/posletrasufac.com\/wp-content\/uploads\/2014\/11\/03-11_linguagens-e-identidades-22.jpg?fit=750%2C498&#038;ssl=1\" src=\"https:\/\/i0.wp.com\/posletrasufac.com\/wp-content\/uploads\/2014\/11\/03-11_linguagens-e-identidades-22.jpg?w=371&#038;h=246&#038;ssl=1\" width=\"371\" height=\"246\" loading=\"lazy\" data-original-width=\"371\" data-original-height=\"246\" itemprop=\"http:\/\/schema.org\/image\" title=\"\" alt=\"Simp\u00f3sio Linguagens e Identidades 2014\" style=\"width: 371px; height: 246px;\" \/> <\/a> <div class=\"tiled-gallery-caption\" itemprop=\"caption description\"> Simp\u00f3sio Linguagens e Identidades 2014 <\/div> <\/div> <\/div> <!-- close group --> <div class=\"gallery-group images-1\" style=\"width: 375px; height: 250px;\" data-original-width=\"375\" data-original-height=\"250\" > <div class=\"tiled-gallery-item tiled-gallery-item-large\" itemprop=\"associatedMedia\" itemscope itemtype=\"http:\/\/schema.org\/ImageObject\"> <a href=\"https:\/\/posletrasufac.com\/en\/2014\/11\/21\/galeria-simposio-2014\/04-11_linguagens-e-identidades-13\/\" border=\"0\" itemprop=\"url\"> <meta itemprop=\"width\" content=\"371\"> <meta itemprop=\"height\" content=\"246\"> <img decoding=\"async\" class=\"\" data-attachment-id=\"410\" data-orig-file=\"https:\/\/posletrasufac.com\/wp-content\/uploads\/2014\/11\/04-11_linguagens-e-identidades-13.jpg\" data-orig-size=\"1200,797\" data-comments-opened=\"\" data-image-meta=\"{&quot;aperture&quot;:&quot;4&quot;,&quot;credit&quot;:&quot;&quot;,&quot;camera&quot;:&quot;NIKON D90&quot;,&quot;caption&quot;:&quot;04.11.2014, Universidade Federal do Acre - UFAC, Rio Branco\\\/Acre. VIII Simp\\u00f3sio Linguagens e Identidades da\\\/na Amaz\\u00f4nia Sul-Ocidental e VII Col\\u00f3quio Internacional \\u0022As Amaz\\u00f4nias, as \\u00c1fricas e as \\u00c1fricas na Pan-Amaz\\u00f4nia. Foto: Talita Oliveira&quot;,&quot;created_timestamp&quot;:&quot;1415120118&quot;,&quot;copyright&quot;:&quot;&quot;,&quot;focal_length&quot;:&quot;26&quot;,&quot;iso&quot;:&quot;1000&quot;,&quot;shutter_speed&quot;:&quot;0.02&quot;,&quot;title&quot;:&quot;&quot;,&quot;orientation&quot;:&quot;0&quot;}\" data-image-title=\"\" data-image-description=\"&lt;p&gt;Foto Talita Oliveira&lt;\/p&gt; \" data-medium-file=\"https:\/\/i0.wp.com\/posletrasufac.com\/wp-content\/uploads\/2014\/11\/04-11_linguagens-e-identidades-13.jpg?fit=300%2C199&#038;ssl=1\" data-large-file=\"https:\/\/i0.wp.com\/posletrasufac.com\/wp-content\/uploads\/2014\/11\/04-11_linguagens-e-identidades-13.jpg?fit=750%2C498&#038;ssl=1\" src=\"https:\/\/i0.wp.com\/posletrasufac.com\/wp-content\/uploads\/2014\/11\/04-11_linguagens-e-identidades-13.jpg?w=371&#038;h=246&#038;ssl=1\" width=\"371\" height=\"246\" loading=\"lazy\" data-original-width=\"371\" data-original-height=\"246\" itemprop=\"http:\/\/schema.org\/image\" title=\"\" alt=\"2014 - Simp\u00f3sio Linguagens e Identidades\" style=\"width: 371px; height: 246px;\" \/> <\/a> <div class=\"tiled-gallery-caption\" itemprop=\"caption description\"> 2014 &#8211; Simp\u00f3sio Linguagens e Identidades <\/div> <\/div> <\/div> <!-- close group --> <\/div> <!-- close row --> <div class=\"gallery-row\" style=\"width: 750px; height: 334px;\" data-original-width=\"750\" data-original-height=\"334\" > <div class=\"gallery-group images-1\" style=\"width: 501px; height: 334px;\" data-original-width=\"501\" data-original-height=\"334\" > <div class=\"tiled-gallery-item tiled-gallery-item-large\" itemprop=\"associatedMedia\" itemscope itemtype=\"http:\/\/schema.org\/ImageObject\"> <a href=\"https:\/\/posletrasufac.com\/en\/2014\/11\/21\/galeria-simposio-2014\/07-11_linguagens-e-identidades-9\/\" border=\"0\" itemprop=\"url\"> <meta itemprop=\"width\" content=\"497\"> <meta itemprop=\"height\" content=\"330\"> <img decoding=\"async\" class=\"\" data-attachment-id=\"448\" data-orig-file=\"https:\/\/posletrasufac.com\/wp-content\/uploads\/2014\/11\/07-11_linguagens-e-identidades-9.jpg\" data-orig-size=\"1200,797\" data-comments-opened=\"\" data-image-meta=\"{&quot;aperture&quot;:&quot;4.5&quot;,&quot;credit&quot;:&quot;&quot;,&quot;camera&quot;:&quot;NIKON D90&quot;,&quot;caption&quot;:&quot;07.11.2014, Universidade Federal do Acre - UFAC, Rio Branco\\\/Acre. VIII Simp\\u00f3sio Linguagens e Identidades da\\\/na Amaz\\u00f4nia Sul-Ocidental e VII Col\\u00f3quio Internacional \\u0022As Amaz\\u00f4nias, as \\u00c1fricas e as \\u00c1fricas na Pan-Amaz\\u00f4nia\\u0022. Foto: Talita Oliveira&quot;,&quot;created_timestamp&quot;:&quot;1415381244&quot;,&quot;copyright&quot;:&quot;&quot;,&quot;focal_length&quot;:&quot;18&quot;,&quot;iso&quot;:&quot;500&quot;,&quot;shutter_speed&quot;:&quot;0.02&quot;,&quot;title&quot;:&quot;&quot;,&quot;orientation&quot;:&quot;0&quot;}\" data-image-title=\"07.11_Linguagens e Identidades (9)\" data-image-description=\"&lt;p&gt;07.11.2014, Universidade Federal do Acre &amp;#8211; UFAC, Rio Branco\/Acre. VIII Simp\u00f3sio Linguagens e Identidades da\/na Amaz\u00f4nia Sul-Ocidental e VII Col\u00f3quio Internacional &amp;#8220;As Amaz\u00f4nias, as \u00c1fricas e as \u00c1fricas na Pan-Amaz\u00f4nia&amp;#8221;. Foto: Talita Oliveira&lt;\/p&gt; \" data-medium-file=\"https:\/\/i0.wp.com\/posletrasufac.com\/wp-content\/uploads\/2014\/11\/07-11_linguagens-e-identidades-9.jpg?fit=300%2C199&#038;ssl=1\" data-large-file=\"https:\/\/i0.wp.com\/posletrasufac.com\/wp-content\/uploads\/2014\/11\/07-11_linguagens-e-identidades-9.jpg?fit=750%2C498&#038;ssl=1\" src=\"https:\/\/i0.wp.com\/posletrasufac.com\/wp-content\/uploads\/2014\/11\/07-11_linguagens-e-identidades-9.jpg?w=497&#038;h=330&#038;ssl=1\" width=\"497\" height=\"330\" loading=\"lazy\" data-original-width=\"497\" data-original-height=\"330\" itemprop=\"http:\/\/schema.org\/image\" title=\"07.11_Linguagens e Identidades (9)\" alt=\"Simp\u00f3sio Linguagens e Identidades 2014\" style=\"width: 497px; height: 330px;\" \/> <\/a> <div class=\"tiled-gallery-caption\" itemprop=\"caption description\"> Simp\u00f3sio Linguagens e Identidades 2014 <\/div> <\/div> <\/div> <!-- close group --> <div class=\"gallery-group images-2\" style=\"width: 249px; height: 334px;\" data-original-width=\"249\" data-original-height=\"334\" > <div class=\"tiled-gallery-item tiled-gallery-item-small\" itemprop=\"associatedMedia\" itemscope itemtype=\"http:\/\/schema.org\/ImageObject\"> <a href=\"https:\/\/posletrasufac.com\/en\/2014\/11\/21\/galeria-simposio-2014\/07-11_linguagens-e-identidades-22\/\" border=\"0\" itemprop=\"url\"> <meta itemprop=\"width\" content=\"245\"> <meta itemprop=\"height\" content=\"163\"> <img decoding=\"async\" class=\"\" data-attachment-id=\"455\" data-orig-file=\"https:\/\/posletrasufac.com\/wp-content\/uploads\/2014\/11\/07-11_linguagens-e-identidades-22.jpg\" data-orig-size=\"1200,797\" data-comments-opened=\"\" data-image-meta=\"{&quot;aperture&quot;:&quot;2.8&quot;,&quot;credit&quot;:&quot;&quot;,&quot;camera&quot;:&quot;NIKON D90&quot;,&quot;caption&quot;:&quot;07.11.2014, Universidade Federal do Acre - UFAC, Rio Branco\\\/Acre. VIII Simp\\u00f3sio Linguagens e Identidades da\\\/na Amaz\\u00f4nia Sul-Ocidental e VII Col\\u00f3quio Internacional \\u0022As Amaz\\u00f4nias, as \\u00c1fricas e as \\u00c1fricas na Pan-Amaz\\u00f4nia\\u0022. Foto: Talita Oliveira&quot;,&quot;created_timestamp&quot;:&quot;1415397818&quot;,&quot;copyright&quot;:&quot;&quot;,&quot;focal_length&quot;:&quot;50&quot;,&quot;iso&quot;:&quot;1250&quot;,&quot;shutter_speed&quot;:&quot;0.0125&quot;,&quot;title&quot;:&quot;&quot;,&quot;orientation&quot;:&quot;0&quot;}\" data-image-title=\"07.11_Linguagens e Identidades (22)\" data-image-description=\"&lt;p&gt;07.11.2014, Universidade Federal do Acre &amp;#8211; UFAC, Rio Branco\/Acre. VIII Simp\u00f3sio Linguagens e Identidades da\/na Amaz\u00f4nia Sul-Ocidental e VII Col\u00f3quio Internacional &amp;#8220;As Amaz\u00f4nias, as \u00c1fricas e as \u00c1fricas na Pan-Amaz\u00f4nia&amp;#8221;. Foto: Talita Oliveira&lt;\/p&gt; \" data-medium-file=\"https:\/\/i0.wp.com\/posletrasufac.com\/wp-content\/uploads\/2014\/11\/07-11_linguagens-e-identidades-22.jpg?fit=300%2C199&#038;ssl=1\" data-large-file=\"https:\/\/i0.wp.com\/posletrasufac.com\/wp-content\/uploads\/2014\/11\/07-11_linguagens-e-identidades-22.jpg?fit=750%2C498&#038;ssl=1\" src=\"https:\/\/i0.wp.com\/posletrasufac.com\/wp-content\/uploads\/2014\/11\/07-11_linguagens-e-identidades-22.jpg?w=245&#038;h=163&#038;ssl=1\" width=\"245\" height=\"163\" loading=\"lazy\" data-original-width=\"245\" data-original-height=\"163\" itemprop=\"http:\/\/schema.org\/image\" title=\"07.11_Linguagens e Identidades (22)\" alt=\"Simp\u00f3sio Linguagens e Identidades 2014\" style=\"width: 245px; height: 163px;\" \/> <\/a> <div class=\"tiled-gallery-caption\" itemprop=\"caption description\"> Simp\u00f3sio Linguagens e Identidades 2014 <\/div> <\/div> <div class=\"tiled-gallery-item tiled-gallery-item-small\" itemprop=\"associatedMedia\" itemscope itemtype=\"http:\/\/schema.org\/ImageObject\"> <a href=\"https:\/\/posletrasufac.com\/en\/2014\/11\/21\/galeria-simposio-2014\/05-11_linguagens-e-identidades-6-2\/\" border=\"0\" itemprop=\"url\"> <meta itemprop=\"width\" content=\"245\"> <meta itemprop=\"height\" content=\"163\"> <img decoding=\"async\" class=\"\" data-attachment-id=\"426\" data-orig-file=\"https:\/\/posletrasufac.com\/wp-content\/uploads\/2014\/11\/05-11_linguagens-e-identidades-61.jpg\" data-orig-size=\"1200,797\" data-comments-opened=\"\" data-image-meta=\"{&quot;aperture&quot;:&quot;4.2&quot;,&quot;credit&quot;:&quot;&quot;,&quot;camera&quot;:&quot;NIKON D90&quot;,&quot;caption&quot;:&quot;05.11.2014, Universidade Federal do Acre - UFAC, Rio Branco\\\/Acre. VIII Simp\\u00f3sio Linguagens e Identidades da\\\/na Amaz\\u00f4nia Sul-Ocidental e VII Col\\u00f3quio Internacional \\u0022As Amaz\\u00f4nias, as \\u00c1fricas e as \\u00c1fricas na Pan-Amaz\\u00f4nia\\u0022. Foto: Talita Oliveira&quot;,&quot;created_timestamp&quot;:&quot;1415183769&quot;,&quot;copyright&quot;:&quot;&quot;,&quot;focal_length&quot;:&quot;34&quot;,&quot;iso&quot;:&quot;500&quot;,&quot;shutter_speed&quot;:&quot;0.016666666666667&quot;,&quot;title&quot;:&quot;&quot;,&quot;orientation&quot;:&quot;0&quot;}\" data-image-title=\"05.11_Linguagens e identidades (6)\" data-image-description=\"&lt;p&gt;05.11.2014, Universidade Federal do Acre &amp;#8211; UFAC, Rio Branco\/Acre. VIII Simp\u00f3sio Linguagens e Identidades da\/na Amaz\u00f4nia Sul-Ocidental e VII Col\u00f3quio Internacional &amp;#8220;As Amaz\u00f4nias, as \u00c1fricas e as \u00c1fricas na Pan-Amaz\u00f4nia&amp;#8221;. Foto: Talita Oliveira&lt;\/p&gt; \" data-medium-file=\"https:\/\/i0.wp.com\/posletrasufac.com\/wp-content\/uploads\/2014\/11\/05-11_linguagens-e-identidades-61.jpg?fit=300%2C199&#038;ssl=1\" data-large-file=\"https:\/\/i0.wp.com\/posletrasufac.com\/wp-content\/uploads\/2014\/11\/05-11_linguagens-e-identidades-61.jpg?fit=750%2C498&#038;ssl=1\" src=\"https:\/\/i0.wp.com\/posletrasufac.com\/wp-content\/uploads\/2014\/11\/05-11_linguagens-e-identidades-61.jpg?w=245&#038;h=163&#038;ssl=1\" width=\"245\" height=\"163\" loading=\"lazy\" data-original-width=\"245\" data-original-height=\"163\" itemprop=\"http:\/\/schema.org\/image\" title=\"05.11_Linguagens e identidades (6)\" alt=\"Simp\u00f3sio Linguagens e Identidades 2014\" style=\"width: 245px; height: 163px;\" \/> <\/a> <div class=\"tiled-gallery-caption\" itemprop=\"caption description\"> Simp\u00f3sio Linguagens e Identidades 2014 <\/div> <\/div> <\/div> <!-- close group --> <\/div> <!-- close row --> <div class=\"gallery-row\" style=\"width: 750px; height: 167px;\" data-original-width=\"750\" data-original-height=\"167\" > <div class=\"gallery-group images-1\" style=\"width: 250px; height: 167px;\" data-original-width=\"250\" data-original-height=\"167\" > <div class=\"tiled-gallery-item tiled-gallery-item-small\" itemprop=\"associatedMedia\" itemscope itemtype=\"http:\/\/schema.org\/ImageObject\"> <a href=\"https:\/\/posletrasufac.com\/en\/2014\/11\/21\/galeria-simposio-2014\/05-11_linguagens-e-identidades-1\/\" border=\"0\" itemprop=\"url\"> <meta itemprop=\"width\" content=\"246\"> <meta itemprop=\"height\" content=\"163\"> <img decoding=\"async\" class=\"\" data-attachment-id=\"422\" data-orig-file=\"https:\/\/posletrasufac.com\/wp-content\/uploads\/2014\/11\/05-11_linguagens-e-identidades-1.jpg\" data-orig-size=\"1200,797\" data-comments-opened=\"\" data-image-meta=\"{&quot;aperture&quot;:&quot;3.5&quot;,&quot;credit&quot;:&quot;&quot;,&quot;camera&quot;:&quot;NIKON D90&quot;,&quot;caption&quot;:&quot;05.11.2014, Universidade Federal do Acre - UFAC, Rio Branco\\\/Acre. VIII Simp\\u00f3sio Linguagens e Identidades da\\\/na Amaz\\u00f4nia Sul-Ocidental e VII Col\\u00f3quio Internacional \\u0022As Amaz\\u00f4nias, as \\u00c1fricas e as \\u00c1fricas na Pan-Amaz\\u00f4nia\\u0022. Foto: Talita Oliveira&quot;,&quot;created_timestamp&quot;:&quot;1415186651&quot;,&quot;copyright&quot;:&quot;&quot;,&quot;focal_length&quot;:&quot;18&quot;,&quot;iso&quot;:&quot;500&quot;,&quot;shutter_speed&quot;:&quot;0.016666666666667&quot;,&quot;title&quot;:&quot;&quot;,&quot;orientation&quot;:&quot;0&quot;}\" data-image-title=\"Foto Talita Oliveira\" data-image-description=\"&lt;p&gt;05.11.2014, Universidade Federal do Acre &amp;#8211; UFAC, Rio Branco\/Acre. VIII Simp\u00f3sio Linguagens e Identidades da\/na Amaz\u00f4nia Sul-Ocidental e VII Col\u00f3quio Internacional &amp;#8220;As Amaz\u00f4nias, as \u00c1fricas e as \u00c1fricas na Pan-Amaz\u00f4nia&amp;#8221;. Foto: Talita Oliveira&lt;\/p&gt; \" data-medium-file=\"https:\/\/i0.wp.com\/posletrasufac.com\/wp-content\/uploads\/2014\/11\/05-11_linguagens-e-identidades-1.jpg?fit=300%2C199&#038;ssl=1\" data-large-file=\"https:\/\/i0.wp.com\/posletrasufac.com\/wp-content\/uploads\/2014\/11\/05-11_linguagens-e-identidades-1.jpg?fit=750%2C498&#038;ssl=1\" src=\"https:\/\/i0.wp.com\/posletrasufac.com\/wp-content\/uploads\/2014\/11\/05-11_linguagens-e-identidades-1.jpg?w=246&#038;h=163&#038;ssl=1\" width=\"246\" height=\"163\" loading=\"lazy\" data-original-width=\"246\" data-original-height=\"163\" itemprop=\"http:\/\/schema.org\/image\" title=\"Foto Talita Oliveira\" alt=\"Simp\u00f3sio Linguagens e Identidades 2014\" style=\"width: 246px; height: 163px;\" \/> <\/a> <div class=\"tiled-gallery-caption\" itemprop=\"caption description\"> Simp\u00f3sio Linguagens e Identidades 2014 <\/div> <\/div> <\/div> <!-- close group --> <div class=\"gallery-group images-1\" style=\"width: 250px; height: 167px;\" data-original-width=\"250\" data-original-height=\"167\" > <div class=\"tiled-gallery-item tiled-gallery-item-small\" itemprop=\"associatedMedia\" itemscope itemtype=\"http:\/\/schema.org\/ImageObject\"> <a href=\"https:\/\/posletrasufac.com\/en\/2014\/11\/21\/galeria-simposio-2014\/04-11_linguagens-e-identidades-11-2\/\" border=\"0\" itemprop=\"url\"> <meta itemprop=\"width\" content=\"246\"> <meta itemprop=\"height\" content=\"163\"> <img decoding=\"async\" class=\"\" data-attachment-id=\"412\" data-orig-file=\"https:\/\/posletrasufac.com\/wp-content\/uploads\/2014\/11\/04-11_linguagens-e-identidades-111.jpg\" data-orig-size=\"1200,797\" data-comments-opened=\"\" data-image-meta=\"{&quot;aperture&quot;:&quot;3.8&quot;,&quot;credit&quot;:&quot;&quot;,&quot;camera&quot;:&quot;NIKON D90&quot;,&quot;caption&quot;:&quot;04.11.2014, Universidade Federal do Acre - UFAC, Rio Branco\\\/Acre. VIII Simp\\u00f3sio Linguagens e Identidades da\\\/na Amaz\\u00f4nia Sul-Ocidental e VII Col\\u00f3quio Internacional \\u0022As Amaz\\u00f4nias, as \\u00c1fricas e as \\u00c1fricas na Pan-Amaz\\u00f4nia. Foto: Talita Oliveira&quot;,&quot;created_timestamp&quot;:&quot;1415119237&quot;,&quot;copyright&quot;:&quot;&quot;,&quot;focal_length&quot;:&quot;24&quot;,&quot;iso&quot;:&quot;500&quot;,&quot;shutter_speed&quot;:&quot;0.02&quot;,&quot;title&quot;:&quot;&quot;,&quot;orientation&quot;:&quot;0&quot;}\" data-image-title=\"Foto Talita Oliveira\" data-image-description=\"&lt;p&gt;04.11.2014, Universidade Federal do Acre &amp;#8211; UFAC, Rio Branco\/Acre. VIII Simp\u00f3sio Linguagens e Identidades da\/na Amaz\u00f4nia Sul-Ocidental e VII Col\u00f3quio Internacional &amp;#8220;As Amaz\u00f4nias, as \u00c1fricas e as \u00c1fricas na Pan-Amaz\u00f4nia. Foto: Talita Oliveira&lt;\/p&gt; \" data-medium-file=\"https:\/\/i0.wp.com\/posletrasufac.com\/wp-content\/uploads\/2014\/11\/04-11_linguagens-e-identidades-111.jpg?fit=300%2C199&#038;ssl=1\" data-large-file=\"https:\/\/i0.wp.com\/posletrasufac.com\/wp-content\/uploads\/2014\/11\/04-11_linguagens-e-identidades-111.jpg?fit=750%2C498&#038;ssl=1\" src=\"https:\/\/i0.wp.com\/posletrasufac.com\/wp-content\/uploads\/2014\/11\/04-11_linguagens-e-identidades-111.jpg?w=246&#038;h=163&#038;ssl=1\" width=\"246\" height=\"163\" loading=\"lazy\" data-original-width=\"246\" data-original-height=\"163\" itemprop=\"http:\/\/schema.org\/image\" title=\"Foto Talita Oliveira\" alt=\"Simp\u00f3sio Linguagens e Identidades 2014\" style=\"width: 246px; height: 163px;\" \/> <\/a> <div class=\"tiled-gallery-caption\" itemprop=\"caption description\"> Simp\u00f3sio Linguagens e Identidades 2014 <\/div> <\/div> <\/div> <!-- close group --> <div class=\"gallery-group images-1\" style=\"width: 250px; height: 167px;\" data-original-width=\"250\" data-original-height=\"167\" > <div class=\"tiled-gallery-item tiled-gallery-item-small\" itemprop=\"associatedMedia\" itemscope itemtype=\"http:\/\/schema.org\/ImageObject\"> <a href=\"https:\/\/posletrasufac.com\/en\/2014\/11\/21\/galeria-simposio-2014\/05-11_linguagens-e-identidades-6\/\" border=\"0\" itemprop=\"url\"> <meta itemprop=\"width\" content=\"246\"> <meta itemprop=\"height\" content=\"163\"> <img decoding=\"async\" class=\"\" data-attachment-id=\"419\" data-orig-file=\"https:\/\/posletrasufac.com\/wp-content\/uploads\/2014\/11\/05-11_linguagens-e-identidades-6.jpg\" data-orig-size=\"1200,797\" data-comments-opened=\"\" data-image-meta=\"{&quot;aperture&quot;:&quot;5.6&quot;,&quot;credit&quot;:&quot;&quot;,&quot;camera&quot;:&quot;NIKON D90&quot;,&quot;caption&quot;:&quot;05.11.2014, Universidade Federal do Acre - UFAC, Rio Branco\\\/Acre. VIII Simp\\u00f3sio Linguagens e Identidades da\\\/na Amaz\\u00f4nia Sul-Ocidental e VII Col\\u00f3quio Internacional \\u0022As Amaz\\u00f4nias, as \\u00c1fricas e as \\u00c1fricas na Pan-Amaz\\u00f4nia\\u0022. Foto: Talita Oliveira&quot;,&quot;created_timestamp&quot;:&quot;1415223579&quot;,&quot;copyright&quot;:&quot;&quot;,&quot;focal_length&quot;:&quot;105&quot;,&quot;iso&quot;:&quot;2000&quot;,&quot;shutter_speed&quot;:&quot;0.02&quot;,&quot;title&quot;:&quot;&quot;,&quot;orientation&quot;:&quot;0&quot;}\" data-image-title=\"05.11_Linguagens e Identidades (6)\" data-image-description=\"&lt;p&gt;05.11.2014, Universidade Federal do Acre &amp;#8211; UFAC, Rio Branco\/Acre. VIII Simp\u00f3sio Linguagens e Identidades da\/na Amaz\u00f4nia Sul-Ocidental e VII Col\u00f3quio Internacional &amp;#8220;As Amaz\u00f4nias, as \u00c1fricas e as \u00c1fricas na Pan-Amaz\u00f4nia&amp;#8221;. Foto: Talita Oliveira&lt;\/p&gt; \" data-medium-file=\"https:\/\/i0.wp.com\/posletrasufac.com\/wp-content\/uploads\/2014\/11\/05-11_linguagens-e-identidades-6.jpg?fit=300%2C199&#038;ssl=1\" data-large-file=\"https:\/\/i0.wp.com\/posletrasufac.com\/wp-content\/uploads\/2014\/11\/05-11_linguagens-e-identidades-6.jpg?fit=750%2C498&#038;ssl=1\" src=\"https:\/\/i0.wp.com\/posletrasufac.com\/wp-content\/uploads\/2014\/11\/05-11_linguagens-e-identidades-6.jpg?w=246&#038;h=163&#038;ssl=1\" width=\"246\" height=\"163\" loading=\"lazy\" data-original-width=\"246\" data-original-height=\"163\" itemprop=\"http:\/\/schema.org\/image\" title=\"05.11_Linguagens e Identidades (6)\" alt=\"Simp\u00f3sio Linguagens e Identidades 2014\" style=\"width: 246px; height: 163px;\" \/> <\/a> <div class=\"tiled-gallery-caption\" itemprop=\"caption description\"> Simp\u00f3sio Linguagens e Identidades 2014 <\/div> <\/div> <\/div> <!-- close group --> <\/div> <!-- close row --> <div class=\"gallery-row\" style=\"width: 750px; height: 334px;\" data-original-width=\"750\" data-original-height=\"334\" > <div class=\"gallery-group images-2\" style=\"width: 249px; height: 334px;\" data-original-width=\"249\" data-original-height=\"334\" > <div class=\"tiled-gallery-item tiled-gallery-item-small\" itemprop=\"associatedMedia\" itemscope itemtype=\"http:\/\/schema.org\/ImageObject\"> <a href=\"https:\/\/posletrasufac.com\/en\/2014\/11\/21\/galeria-simposio-2014\/07-11_linguagens-e-identidades-30\/\" border=\"0\" itemprop=\"url\"> <meta itemprop=\"width\" content=\"245\"> <meta itemprop=\"height\" content=\"163\"> <img decoding=\"async\" class=\"\" data-attachment-id=\"443\" data-orig-file=\"https:\/\/posletrasufac.com\/wp-content\/uploads\/2014\/11\/07-11_linguagens-e-identidades-30.jpg\" data-orig-size=\"1200,797\" data-comments-opened=\"\" data-image-meta=\"{&quot;aperture&quot;:&quot;5.6&quot;,&quot;credit&quot;:&quot;&quot;,&quot;camera&quot;:&quot;NIKON D90&quot;,&quot;caption&quot;:&quot;07.11.2014, Universidade Federal do Acre - UFAC, Rio Branco\\\/Acre. VIII Simp\\u00f3sio Linguagens e Identidades da\\\/na Amaz\\u00f4nia Sul-Ocidental e VII Col\\u00f3quio Internacional \\u0022As Amaz\\u00f4nias, as \\u00c1fricas e as \\u00c1fricas na Pan-Amaz\\u00f4nia\\u0022. Foto: Talita Oliveira&quot;,&quot;created_timestamp&quot;:&quot;1415378595&quot;,&quot;copyright&quot;:&quot;&quot;,&quot;focal_length&quot;:&quot;105&quot;,&quot;iso&quot;:&quot;640&quot;,&quot;shutter_speed&quot;:&quot;0.01&quot;,&quot;title&quot;:&quot;&quot;,&quot;orientation&quot;:&quot;0&quot;}\" data-image-title=\"07.11_Linguagens e Identidades (30)\" data-image-description=\"&lt;p&gt;07.11.2014, Universidade Federal do Acre &amp;#8211; UFAC, Rio Branco\/Acre. VIII Simp\u00f3sio Linguagens e Identidades da\/na Amaz\u00f4nia Sul-Ocidental e VII Col\u00f3quio Internacional &amp;#8220;As Amaz\u00f4nias, as \u00c1fricas e as \u00c1fricas na Pan-Amaz\u00f4nia&amp;#8221;. Foto: Talita Oliveira&lt;\/p&gt; \" data-medium-file=\"https:\/\/i0.wp.com\/posletrasufac.com\/wp-content\/uploads\/2014\/11\/07-11_linguagens-e-identidades-30.jpg?fit=300%2C199&#038;ssl=1\" data-large-file=\"https:\/\/i0.wp.com\/posletrasufac.com\/wp-content\/uploads\/2014\/11\/07-11_linguagens-e-identidades-30.jpg?fit=750%2C498&#038;ssl=1\" src=\"https:\/\/i0.wp.com\/posletrasufac.com\/wp-content\/uploads\/2014\/11\/07-11_linguagens-e-identidades-30.jpg?w=245&#038;h=163&#038;ssl=1\" width=\"245\" height=\"163\" loading=\"lazy\" data-original-width=\"245\" data-original-height=\"163\" itemprop=\"http:\/\/schema.org\/image\" title=\"07.11_Linguagens e Identidades (30)\" alt=\"Simp\u00f3sio Linguagens e Identidades 2014\" style=\"width: 245px; height: 163px;\" \/> <\/a> <div class=\"tiled-gallery-caption\" itemprop=\"caption description\"> Simp\u00f3sio Linguagens e Identidades 2014 <\/div> <\/div> <div class=\"tiled-gallery-item tiled-gallery-item-small\" itemprop=\"associatedMedia\" itemscope itemtype=\"http:\/\/schema.org\/ImageObject\"> <a href=\"https:\/\/posletrasufac.com\/en\/2014\/11\/21\/galeria-simposio-2014\/05-11_linguagens-e-identidades-14\/\" border=\"0\" itemprop=\"url\"> <meta itemprop=\"width\" content=\"245\"> <meta itemprop=\"height\" content=\"163\"> <img decoding=\"async\" class=\"\" data-attachment-id=\"458\" data-orig-file=\"https:\/\/posletrasufac.com\/wp-content\/uploads\/2014\/11\/05-11_linguagens-e-identidades-14.jpg\" data-orig-size=\"1200,797\" data-comments-opened=\"\" data-image-meta=\"{&quot;aperture&quot;:&quot;2.8&quot;,&quot;credit&quot;:&quot;&quot;,&quot;camera&quot;:&quot;NIKON D90&quot;,&quot;caption&quot;:&quot;05.11.2014, Universidade Federal do Acre - UFAC, Rio Branco\\\/Acre. VIII Simp\\u00f3sio Linguagens e Identidades da\\\/na Amaz\\u00f4nia Sul-Ocidental e VII Col\\u00f3quio Internacional \\u0022As Amaz\\u00f4nias, as \\u00c1fricas e as \\u00c1fricas na Pan-Amaz\\u00f4nia\\u0022. Foto: Talita Oliveira&quot;,&quot;created_timestamp&quot;:&quot;1415221513&quot;,&quot;copyright&quot;:&quot;&quot;,&quot;focal_length&quot;:&quot;50&quot;,&quot;iso&quot;:&quot;1250&quot;,&quot;shutter_speed&quot;:&quot;0.02&quot;,&quot;title&quot;:&quot;&quot;,&quot;orientation&quot;:&quot;0&quot;}\" data-image-title=\"05.11_Linguagens e Identidades (14)\" data-image-description=\"&lt;p&gt;05.11.2014, Universidade Federal do Acre &amp;#8211; UFAC, Rio Branco\/Acre. VIII Simp\u00f3sio Linguagens e Identidades da\/na Amaz\u00f4nia Sul-Ocidental e VII Col\u00f3quio Internacional &amp;#8220;As Amaz\u00f4nias, as \u00c1fricas e as \u00c1fricas na Pan-Amaz\u00f4nia&amp;#8221;. Foto: Talita Oliveira&lt;\/p&gt; \" data-medium-file=\"https:\/\/i0.wp.com\/posletrasufac.com\/wp-content\/uploads\/2014\/11\/05-11_linguagens-e-identidades-14.jpg?fit=300%2C199&#038;ssl=1\" data-large-file=\"https:\/\/i0.wp.com\/posletrasufac.com\/wp-content\/uploads\/2014\/11\/05-11_linguagens-e-identidades-14.jpg?fit=750%2C498&#038;ssl=1\" src=\"https:\/\/i0.wp.com\/posletrasufac.com\/wp-content\/uploads\/2014\/11\/05-11_linguagens-e-identidades-14.jpg?w=245&#038;h=163&#038;ssl=1\" width=\"245\" height=\"163\" loading=\"lazy\" data-original-width=\"245\" data-original-height=\"163\" itemprop=\"http:\/\/schema.org\/image\" title=\"05.11_Linguagens e Identidades (14)\" alt=\"Simp\u00f3sio Linguagens e Identidades 2014\" style=\"width: 245px; height: 163px;\" \/> <\/a> <div class=\"tiled-gallery-caption\" itemprop=\"caption description\"> Simp\u00f3sio Linguagens e Identidades 2014 <\/div> <\/div> <\/div> <!-- close group --> <div class=\"gallery-group images-1\" style=\"width: 501px; height: 334px;\" data-original-width=\"501\" data-original-height=\"334\" > <div class=\"tiled-gallery-item tiled-gallery-item-large\" itemprop=\"associatedMedia\" itemscope itemtype=\"http:\/\/schema.org\/ImageObject\"> <a href=\"https:\/\/posletrasufac.com\/en\/2014\/11\/21\/galeria-simposio-2014\/07-11_linguagens-e-identidades-24\/\" border=\"0\" itemprop=\"url\"> <meta itemprop=\"width\" content=\"497\"> <meta itemprop=\"height\" content=\"330\"> <img decoding=\"async\" class=\"\" data-attachment-id=\"456\" data-orig-file=\"https:\/\/posletrasufac.com\/wp-content\/uploads\/2014\/11\/07-11_linguagens-e-identidades-24.jpg\" data-orig-size=\"1200,797\" data-comments-opened=\"\" data-image-meta=\"{&quot;aperture&quot;:&quot;2.8&quot;,&quot;credit&quot;:&quot;&quot;,&quot;camera&quot;:&quot;NIKON D90&quot;,&quot;caption&quot;:&quot;07.11.2014, Universidade Federal do Acre - UFAC, Rio Branco\\\/Acre. VIII Simp\\u00f3sio Linguagens e Identidades da\\\/na Amaz\\u00f4nia Sul-Ocidental e VII Col\\u00f3quio Internacional \\u0022As Amaz\\u00f4nias, as \\u00c1fricas e as \\u00c1fricas na Pan-Amaz\\u00f4nia\\u0022. Foto: Talita Oliveira&quot;,&quot;created_timestamp&quot;:&quot;1415397838&quot;,&quot;copyright&quot;:&quot;&quot;,&quot;focal_length&quot;:&quot;50&quot;,&quot;iso&quot;:&quot;1250&quot;,&quot;shutter_speed&quot;:&quot;0.0125&quot;,&quot;title&quot;:&quot;&quot;,&quot;orientation&quot;:&quot;0&quot;}\" data-image-title=\"07.11_Linguagens e Identidades (24)\" data-image-description=\"&lt;p&gt;07.11.2014, Universidade Federal do Acre &amp;#8211; UFAC, Rio Branco\/Acre. VIII Simp\u00f3sio Linguagens e Identidades da\/na Amaz\u00f4nia Sul-Ocidental e VII Col\u00f3quio Internacional &amp;#8220;As Amaz\u00f4nias, as \u00c1fricas e as \u00c1fricas na Pan-Amaz\u00f4nia&amp;#8221;. Foto: Talita Oliveira&lt;\/p&gt; \" data-medium-file=\"https:\/\/i0.wp.com\/posletrasufac.com\/wp-content\/uploads\/2014\/11\/07-11_linguagens-e-identidades-24.jpg?fit=300%2C199&#038;ssl=1\" data-large-file=\"https:\/\/i0.wp.com\/posletrasufac.com\/wp-content\/uploads\/2014\/11\/07-11_linguagens-e-identidades-24.jpg?fit=750%2C498&#038;ssl=1\" src=\"https:\/\/i0.wp.com\/posletrasufac.com\/wp-content\/uploads\/2014\/11\/07-11_linguagens-e-identidades-24.jpg?w=497&#038;h=330&#038;ssl=1\" width=\"497\" height=\"330\" loading=\"lazy\" data-original-width=\"497\" data-original-height=\"330\" itemprop=\"http:\/\/schema.org\/image\" title=\"07.11_Linguagens e Identidades (24)\" alt=\"Simp\u00f3sio Linguagens e Identidades 2014\" style=\"width: 497px; height: 330px;\" \/> <\/a> <div class=\"tiled-gallery-caption\" itemprop=\"caption description\"> Simp\u00f3sio Linguagens e Identidades 2014 <\/div> <\/div> <\/div> <!-- close group --> <\/div> <!-- close row --> <div class=\"gallery-row\" style=\"width: 750px; height: 250px;\" data-original-width=\"750\" data-original-height=\"250\" > <div class=\"gallery-group images-1\" style=\"width: 375px; height: 250px;\" data-original-width=\"375\" data-original-height=\"250\" > <div class=\"tiled-gallery-item tiled-gallery-item-large\" itemprop=\"associatedMedia\" itemscope itemtype=\"http:\/\/schema.org\/ImageObject\"> <a href=\"https:\/\/posletrasufac.com\/en\/2014\/11\/21\/galeria-simposio-2014\/03-11_linguagens-e-identidades-6\/\" border=\"0\" itemprop=\"url\"> <meta itemprop=\"width\" content=\"371\"> <meta itemprop=\"height\" content=\"246\"> <img decoding=\"async\" class=\"\" data-attachment-id=\"394\" data-orig-file=\"https:\/\/posletrasufac.com\/wp-content\/uploads\/2014\/11\/03-11_linguagens-e-identidades-6.jpg\" data-orig-size=\"4288,2848\" data-comments-opened=\"\" data-image-meta=\"{&quot;aperture&quot;:&quot;5.3&quot;,&quot;credit&quot;:&quot;&quot;,&quot;camera&quot;:&quot;NIKON D90&quot;,&quot;caption&quot;:&quot;03.11.2014, Universidade Federal do Acre - UFAC, Rio Branco\\\/Acre. VIII Simp\\u00f3sio Linguagens e Identidades da\\\/na Amaz\\u00f4nia Sul-Ocidental e VII Col\\u00f3quio Internacional \\u0022As Amaz\\u00f4nias, as \\u00c1fricas e as \\u00c1fricas na Pan-Amaz\\u00f4nia. Foto: Talita Oliveira&quot;,&quot;created_timestamp&quot;:&quot;1415042347&quot;,&quot;copyright&quot;:&quot;&quot;,&quot;focal_length&quot;:&quot;75&quot;,&quot;iso&quot;:&quot;400&quot;,&quot;shutter_speed&quot;:&quot;0.066666666666667&quot;,&quot;title&quot;:&quot;&quot;,&quot;orientation&quot;:&quot;0&quot;}\" data-image-title=\"\" data-image-description=\"&lt;p&gt;03.11.2014, Universidade Federal do Acre &amp;#8211; UFAC, Rio Branco\/Acre. VIII Simp\u00f3sio Linguagens e Identidades da\/na Amaz\u00f4nia Sul-Ocidental e VII Col\u00f3quio Internacional &amp;#8220;As Amaz\u00f4nias, as \u00c1fricas e as \u00c1fricas na Pan-Amaz\u00f4nia. Foto: Talita Oliveira&lt;\/p&gt; \" data-medium-file=\"https:\/\/i0.wp.com\/posletrasufac.com\/wp-content\/uploads\/2014\/11\/03-11_linguagens-e-identidades-6.jpg?fit=300%2C199&#038;ssl=1\" data-large-file=\"https:\/\/i0.wp.com\/posletrasufac.com\/wp-content\/uploads\/2014\/11\/03-11_linguagens-e-identidades-6.jpg?fit=750%2C498&#038;ssl=1\" src=\"https:\/\/i0.wp.com\/posletrasufac.com\/wp-content\/uploads\/2014\/11\/03-11_linguagens-e-identidades-6.jpg?w=371&#038;h=246&#038;ssl=1\" width=\"371\" height=\"246\" loading=\"lazy\" data-original-width=\"371\" data-original-height=\"246\" itemprop=\"http:\/\/schema.org\/image\" title=\"\" alt=\"Simp\u00f3sio Linguagens e Identidades 2014\" style=\"width: 371px; height: 246px;\" \/> <\/a> <div class=\"tiled-gallery-caption\" itemprop=\"caption description\"> Simp\u00f3sio Linguagens e Identidades 2014 <\/div> <\/div> <\/div> <!-- close group --> <div class=\"gallery-group images-1\" style=\"width: 375px; height: 250px;\" data-original-width=\"375\" data-original-height=\"250\" > <div class=\"tiled-gallery-item tiled-gallery-item-large\" itemprop=\"associatedMedia\" itemscope itemtype=\"http:\/\/schema.org\/ImageObject\"> <a href=\"https:\/\/posletrasufac.com\/en\/2014\/11\/21\/galeria-simposio-2014\/03-11_linguagens-e-identidades-17\/\" border=\"0\" itemprop=\"url\"> <meta itemprop=\"width\" content=\"371\"> <meta itemprop=\"height\" content=\"246\"> <img decoding=\"async\" class=\"\" data-attachment-id=\"402\" data-orig-file=\"https:\/\/posletrasufac.com\/wp-content\/uploads\/2014\/11\/03-11_linguagens-e-identidades-17.jpg\" data-orig-size=\"1200,797\" data-comments-opened=\"\" data-image-meta=\"{&quot;aperture&quot;:&quot;2.5&quot;,&quot;credit&quot;:&quot;&quot;,&quot;camera&quot;:&quot;NIKON D90&quot;,&quot;caption&quot;:&quot;03.11.2014, Universidade Federal do Acre - UFAC, Rio Branco\\\/Acre. VIII Simp\\u00f3sio Linguagens e Identidades da\\\/na Amaz\\u00f4nia Sul-Ocidental e VII Col\\u00f3quio Internacional \\u0022As Amaz\\u00f4nias, as \\u00c1fricas e as \\u00c1fricas na Pan-Amaz\\u00f4nia. Foto: Talita Oliveira&quot;,&quot;created_timestamp&quot;:&quot;1415051634&quot;,&quot;copyright&quot;:&quot;&quot;,&quot;focal_length&quot;:&quot;50&quot;,&quot;iso&quot;:&quot;1000&quot;,&quot;shutter_speed&quot;:&quot;0.033333333333333&quot;,&quot;title&quot;:&quot;&quot;,&quot;orientation&quot;:&quot;0&quot;}\" data-image-title=\"\" data-image-description=\"&lt;p&gt;Foto Talita Oliveira&lt;\/p&gt; \" data-medium-file=\"https:\/\/i0.wp.com\/posletrasufac.com\/wp-content\/uploads\/2014\/11\/03-11_linguagens-e-identidades-17.jpg?fit=300%2C199&#038;ssl=1\" data-large-file=\"https:\/\/i0.wp.com\/posletrasufac.com\/wp-content\/uploads\/2014\/11\/03-11_linguagens-e-identidades-17.jpg?fit=750%2C498&#038;ssl=1\" src=\"https:\/\/i0.wp.com\/posletrasufac.com\/wp-content\/uploads\/2014\/11\/03-11_linguagens-e-identidades-17.jpg?w=371&#038;h=246&#038;ssl=1\" width=\"371\" height=\"246\" loading=\"lazy\" data-original-width=\"371\" data-original-height=\"246\" itemprop=\"http:\/\/schema.org\/image\" title=\"\" alt=\"2014 - Simp\u00f3sio Linguagens e Identidades\" style=\"width: 371px; height: 246px;\" \/> <\/a> <div class=\"tiled-gallery-caption\" itemprop=\"caption description\"> 2014 &#8211; Simp\u00f3sio Linguagens e Identidades <\/div> <\/div> <\/div> <!-- close group --> <\/div> <!-- close row --> <div class=\"gallery-row\" style=\"width: 750px; height: 334px;\" data-original-width=\"750\" data-original-height=\"334\" > <div class=\"gallery-group images-1\" style=\"width: 501px; height: 334px;\" data-original-width=\"501\" data-original-height=\"334\" > <div class=\"tiled-gallery-item tiled-gallery-item-large\" itemprop=\"associatedMedia\" itemscope itemtype=\"http:\/\/schema.org\/ImageObject\"> <a href=\"https:\/\/posletrasufac.com\/en\/2014\/11\/21\/galeria-simposio-2014\/06-11_linguagens-e-identidades-20\/\" border=\"0\" itemprop=\"url\"> <meta itemprop=\"width\" content=\"497\"> <meta itemprop=\"height\" content=\"330\"> <img decoding=\"async\" class=\"\" data-attachment-id=\"434\" data-orig-file=\"https:\/\/posletrasufac.com\/wp-content\/uploads\/2014\/11\/06-11_linguagens-e-identidades-20.jpg\" data-orig-size=\"1200,797\" data-comments-opened=\"\" data-image-meta=\"{&quot;aperture&quot;:&quot;5.6&quot;,&quot;credit&quot;:&quot;&quot;,&quot;camera&quot;:&quot;NIKON D90&quot;,&quot;caption&quot;:&quot;06.11.2014, Universidade Federal do Acre - UFAC, Rio Branco\\\/Acre. VIII Simp\\u00f3sio Linguagens e Identidades da\\\/na Amaz\\u00f4nia Sul-Ocidental e VII Col\\u00f3quio Internacional \\u0022As Amaz\\u00f4nias, as \\u00c1fricas e as \\u00c1fricas na Pan-Amaz\\u00f4nia\\u0022. Foto: Talita Oliveira&quot;,&quot;created_timestamp&quot;:&quot;1415309482&quot;,&quot;copyright&quot;:&quot;&quot;,&quot;focal_length&quot;:&quot;90&quot;,&quot;iso&quot;:&quot;1600&quot;,&quot;shutter_speed&quot;:&quot;0.033333333333333&quot;,&quot;title&quot;:&quot;&quot;,&quot;orientation&quot;:&quot;0&quot;}\" data-image-title=\"\" data-image-description=\"&lt;p&gt;Foto Talita Oliveira&lt;\/p&gt; \" data-medium-file=\"https:\/\/i0.wp.com\/posletrasufac.com\/wp-content\/uploads\/2014\/11\/06-11_linguagens-e-identidades-20.jpg?fit=300%2C199&#038;ssl=1\" data-large-file=\"https:\/\/i0.wp.com\/posletrasufac.com\/wp-content\/uploads\/2014\/11\/06-11_linguagens-e-identidades-20.jpg?fit=750%2C498&#038;ssl=1\" src=\"https:\/\/i0.wp.com\/posletrasufac.com\/wp-content\/uploads\/2014\/11\/06-11_linguagens-e-identidades-20.jpg?w=497&#038;h=330&#038;ssl=1\" width=\"497\" height=\"330\" loading=\"lazy\" data-original-width=\"497\" data-original-height=\"330\" itemprop=\"http:\/\/schema.org\/image\" title=\"\" alt=\"2014 - Simp\u00f3sio Linguagens e Identidades\" style=\"width: 497px; height: 330px;\" \/> <\/a> <div class=\"tiled-gallery-caption\" itemprop=\"caption description\"> 2014 &#8211; Simp\u00f3sio Linguagens e Identidades <\/div> <\/div> <\/div> <!-- close group --> <div class=\"gallery-group images-2\" style=\"width: 249px; height: 334px;\" data-original-width=\"249\" data-original-height=\"334\" > <div class=\"tiled-gallery-item tiled-gallery-item-small\" itemprop=\"associatedMedia\" itemscope itemtype=\"http:\/\/schema.org\/ImageObject\"> <a href=\"https:\/\/posletrasufac.com\/en\/2014\/11\/21\/galeria-simposio-2014\/05-11_linguagens-e-identidades-17\/\" border=\"0\" itemprop=\"url\"> <meta itemprop=\"width\" content=\"245\"> <meta itemprop=\"height\" content=\"163\"> <img decoding=\"async\" class=\"\" data-attachment-id=\"420\" data-orig-file=\"https:\/\/posletrasufac.com\/wp-content\/uploads\/2014\/11\/05-11_linguagens-e-identidades-17.jpg\" data-orig-size=\"1200,797\" data-comments-opened=\"\" data-image-meta=\"{&quot;aperture&quot;:&quot;5.6&quot;,&quot;credit&quot;:&quot;&quot;,&quot;camera&quot;:&quot;NIKON D90&quot;,&quot;caption&quot;:&quot;05.11.2014, Universidade Federal do Acre - UFAC, Rio Branco\\\/Acre. VIII Simp\\u00f3sio Linguagens e Identidades da\\\/na Amaz\\u00f4nia Sul-Ocidental e VII Col\\u00f3quio Internacional \\u0022As Amaz\\u00f4nias, as \\u00c1fricas e as \\u00c1fricas na Pan-Amaz\\u00f4nia\\u0022. Foto: Talita Oliveira&quot;,&quot;created_timestamp&quot;:&quot;1415223724&quot;,&quot;copyright&quot;:&quot;&quot;,&quot;focal_length&quot;:&quot;105&quot;,&quot;iso&quot;:&quot;1600&quot;,&quot;shutter_speed&quot;:&quot;0.016666666666667&quot;,&quot;title&quot;:&quot;&quot;,&quot;orientation&quot;:&quot;0&quot;}\" data-image-title=\"\" data-image-description=\"&lt;p&gt;Foto Talita Oliveira&lt;\/p&gt; \" data-medium-file=\"https:\/\/i0.wp.com\/posletrasufac.com\/wp-content\/uploads\/2014\/11\/05-11_linguagens-e-identidades-17.jpg?fit=300%2C199&#038;ssl=1\" data-large-file=\"https:\/\/i0.wp.com\/posletrasufac.com\/wp-content\/uploads\/2014\/11\/05-11_linguagens-e-identidades-17.jpg?fit=750%2C498&#038;ssl=1\" src=\"https:\/\/i0.wp.com\/posletrasufac.com\/wp-content\/uploads\/2014\/11\/05-11_linguagens-e-identidades-17.jpg?w=245&#038;h=163&#038;ssl=1\" width=\"245\" height=\"163\" loading=\"lazy\" data-original-width=\"245\" data-original-height=\"163\" itemprop=\"http:\/\/schema.org\/image\" title=\"\" alt=\"2014 - Simp\u00f3sio Linguagens e Identidades\" style=\"width: 245px; height: 163px;\" \/> <\/a> <div class=\"tiled-gallery-caption\" itemprop=\"caption description\"> 2014 &#8211; Simp\u00f3sio Linguagens e Identidades <\/div> <\/div> <div class=\"tiled-gallery-item tiled-gallery-item-small\" itemprop=\"associatedMedia\" itemscope itemtype=\"http:\/\/schema.org\/ImageObject\"> <a href=\"https:\/\/posletrasufac.com\/en\/2014\/11\/21\/galeria-simposio-2014\/03-11_linguagens-e-identidades-28\/\" border=\"0\" itemprop=\"url\"> <meta itemprop=\"width\" content=\"245\"> <meta itemprop=\"height\" content=\"163\"> <img decoding=\"async\" class=\"\" data-attachment-id=\"400\" data-orig-file=\"https:\/\/posletrasufac.com\/wp-content\/uploads\/2014\/11\/03-11_linguagens-e-identidades-28.jpg\" data-orig-size=\"1200,797\" data-comments-opened=\"\" data-image-meta=\"{&quot;aperture&quot;:&quot;2.5&quot;,&quot;credit&quot;:&quot;&quot;,&quot;camera&quot;:&quot;NIKON D90&quot;,&quot;caption&quot;:&quot;03.11.2014, Universidade Federal do Acre - UFAC, Rio Branco\\\/Acre. VIII Simp\\u00f3sio Linguagens e Identidades da\\\/na Amaz\\u00f4nia Sul-Ocidental e VII Col\\u00f3quio Internacional \\u0022As Amaz\\u00f4nias, as \\u00c1fricas e as \\u00c1fricas na Pan-Amaz\\u00f4nia. Foto: Talita Oliveira&quot;,&quot;created_timestamp&quot;:&quot;1415048967&quot;,&quot;copyright&quot;:&quot;&quot;,&quot;focal_length&quot;:&quot;50&quot;,&quot;iso&quot;:&quot;800&quot;,&quot;shutter_speed&quot;:&quot;0.025&quot;,&quot;title&quot;:&quot;&quot;,&quot;orientation&quot;:&quot;0&quot;}\" data-image-title=\"\" data-image-description=\"&lt;p&gt;Foto Talita Oliveira&lt;\/p&gt; \" data-medium-file=\"https:\/\/i0.wp.com\/posletrasufac.com\/wp-content\/uploads\/2014\/11\/03-11_linguagens-e-identidades-28.jpg?fit=300%2C199&#038;ssl=1\" data-large-file=\"https:\/\/i0.wp.com\/posletrasufac.com\/wp-content\/uploads\/2014\/11\/03-11_linguagens-e-identidades-28.jpg?fit=750%2C498&#038;ssl=1\" src=\"https:\/\/i0.wp.com\/posletrasufac.com\/wp-content\/uploads\/2014\/11\/03-11_linguagens-e-identidades-28.jpg?w=245&#038;h=163&#038;ssl=1\" width=\"245\" height=\"163\" loading=\"lazy\" data-original-width=\"245\" data-original-height=\"163\" itemprop=\"http:\/\/schema.org\/image\" title=\"\" alt=\"2014 - Simp\u00f3sio Linguagens e Identidades\" style=\"width: 245px; height: 163px;\" \/> <\/a> <div class=\"tiled-gallery-caption\" itemprop=\"caption description\"> 2014 &#8211; Simp\u00f3sio Linguagens e Identidades <\/div> <\/div> <\/div> <!-- close group --> <\/div> <!-- close row --> <div class=\"gallery-row\" style=\"width: 750px; height: 451px;\" data-original-width=\"750\" data-original-height=\"451\" > <div class=\"gallery-group images-3\" style=\"width: 224px; height: 451px;\" data-original-width=\"224\" data-original-height=\"451\" > <div class=\"tiled-gallery-item tiled-gallery-item-small\" itemprop=\"associatedMedia\" itemscope itemtype=\"http:\/\/schema.org\/ImageObject\"> <a href=\"https:\/\/posletrasufac.com\/en\/2014\/11\/21\/galeria-simposio-2014\/04-11_linguagens-e-identidades-10-2\/\" border=\"0\" itemprop=\"url\"> <meta itemprop=\"width\" content=\"220\"> <meta itemprop=\"height\" content=\"146\"> <img decoding=\"async\" class=\"\" data-attachment-id=\"414\" data-orig-file=\"https:\/\/posletrasufac.com\/wp-content\/uploads\/2014\/11\/04-11_linguagens-e-identidades-101.jpg\" data-orig-size=\"1200,797\" data-comments-opened=\"\" data-image-meta=\"{&quot;aperture&quot;:&quot;5.6&quot;,&quot;credit&quot;:&quot;&quot;,&quot;camera&quot;:&quot;NIKON D90&quot;,&quot;caption&quot;:&quot;04.11.2014, Universidade Federal do Acre - UFAC, Rio Branco\\\/Acre. VIII Simp\\u00f3sio Linguagens e Identidades da\\\/na Amaz\\u00f4nia Sul-Ocidental e VII Col\\u00f3quio Internacional \\u0022As Amaz\\u00f4nias, as \\u00c1fricas e as \\u00c1fricas na Pan-Amaz\\u00f4nia. Foto: Talita Oliveira&quot;,&quot;created_timestamp&quot;:&quot;1415116645&quot;,&quot;copyright&quot;:&quot;&quot;,&quot;focal_length&quot;:&quot;105&quot;,&quot;iso&quot;:&quot;500&quot;,&quot;shutter_speed&quot;:&quot;0.02&quot;,&quot;title&quot;:&quot;&quot;,&quot;orientation&quot;:&quot;0&quot;}\" data-image-title=\"\" data-image-description=\"&lt;p&gt;Foto Talita Oliveira&lt;\/p&gt; \" data-medium-file=\"https:\/\/i0.wp.com\/posletrasufac.com\/wp-content\/uploads\/2014\/11\/04-11_linguagens-e-identidades-101.jpg?fit=300%2C199&#038;ssl=1\" data-large-file=\"https:\/\/i0.wp.com\/posletrasufac.com\/wp-content\/uploads\/2014\/11\/04-11_linguagens-e-identidades-101.jpg?fit=750%2C498&#038;ssl=1\" src=\"https:\/\/i0.wp.com\/posletrasufac.com\/wp-content\/uploads\/2014\/11\/04-11_linguagens-e-identidades-101.jpg?w=220&#038;h=146&#038;ssl=1\" width=\"220\" height=\"146\" loading=\"lazy\" data-original-width=\"220\" data-original-height=\"146\" itemprop=\"http:\/\/schema.org\/image\" title=\"\" alt=\"2014 - Simp\u00f3sio Linguagens e Identidades\" style=\"width: 220px; height: 146px;\" \/> <\/a> <div class=\"tiled-gallery-caption\" itemprop=\"caption description\"> 2014 &#8211; Simp\u00f3sio Linguagens e Identidades <\/div> <\/div> <div class=\"tiled-gallery-item tiled-gallery-item-small\" itemprop=\"associatedMedia\" itemscope itemtype=\"http:\/\/schema.org\/ImageObject\"> <a href=\"https:\/\/posletrasufac.com\/en\/2014\/11\/21\/galeria-simposio-2014\/03-11_linguagens-e-identidades-35\/\" border=\"0\" itemprop=\"url\"> <meta itemprop=\"width\" content=\"220\"> <meta itemprop=\"height\" content=\"147\"> <img decoding=\"async\" class=\"\" data-attachment-id=\"393\" data-orig-file=\"https:\/\/posletrasufac.com\/wp-content\/uploads\/2014\/11\/03-11_linguagens-e-identidades-35.jpg\" data-orig-size=\"4288,2848\" data-comments-opened=\"\" data-image-meta=\"{&quot;aperture&quot;:&quot;4.8&quot;,&quot;credit&quot;:&quot;&quot;,&quot;camera&quot;:&quot;NIKON D90&quot;,&quot;caption&quot;:&quot;03.11.2014, Universidade Federal do Acre - UFAC, Rio Branco\\\/Acre. VIII Simp\\u00f3sio Linguagens e Identidades da\\\/na Amaz\\u00f4nia Sul-Ocidental e VII Col\\u00f3quio Internacional \\u0022As Amaz\\u00f4nias, as \\u00c1fricas e as \\u00c1fricas na Pan-Amaz\\u00f4nia. Foto: Talita Oliveira&quot;,&quot;created_timestamp&quot;:&quot;1415019973&quot;,&quot;copyright&quot;:&quot;&quot;,&quot;focal_length&quot;:&quot;45&quot;,&quot;iso&quot;:&quot;200&quot;,&quot;shutter_speed&quot;:&quot;0.016666666666667&quot;,&quot;title&quot;:&quot;&quot;,&quot;orientation&quot;:&quot;0&quot;}\" data-image-title=\"\" data-image-description=\"&lt;p&gt;03.11.2014, Universidade Federal do Acre &amp;#8211; UFAC, Rio Branco\/Acre. VIII Simp\u00f3sio Linguagens e Identidades da\/na Amaz\u00f4nia Sul-Ocidental e VII Col\u00f3quio Internacional &amp;#8220;As Amaz\u00f4nias, as \u00c1fricas e as \u00c1fricas na Pan-Amaz\u00f4nia. Foto: Talita Oliveira&lt;\/p&gt; \" data-medium-file=\"https:\/\/i0.wp.com\/posletrasufac.com\/wp-content\/uploads\/2014\/11\/03-11_linguagens-e-identidades-35.jpg?fit=300%2C199&#038;ssl=1\" data-large-file=\"https:\/\/i0.wp.com\/posletrasufac.com\/wp-content\/uploads\/2014\/11\/03-11_linguagens-e-identidades-35.jpg?fit=750%2C498&#038;ssl=1\" src=\"https:\/\/i0.wp.com\/posletrasufac.com\/wp-content\/uploads\/2014\/11\/03-11_linguagens-e-identidades-35.jpg?w=220&#038;h=147&#038;ssl=1\" width=\"220\" height=\"147\" loading=\"lazy\" data-original-width=\"220\" data-original-height=\"147\" itemprop=\"http:\/\/schema.org\/image\" title=\"\" alt=\"Simp\u00f3sio Linguagens e Identidades 2014\" style=\"width: 220px; height: 147px;\" \/> <\/a> <div class=\"tiled-gallery-caption\" itemprop=\"caption description\"> Simp\u00f3sio Linguagens e Identidades 2014 <\/div> <\/div> <div class=\"tiled-gallery-item tiled-gallery-item-small\" itemprop=\"associatedMedia\" itemscope itemtype=\"http:\/\/schema.org\/ImageObject\"> <a href=\"https:\/\/posletrasufac.com\/en\/2014\/11\/21\/galeria-simposio-2014\/03-11_linguagens-e-identidades-18\/\" border=\"0\" itemprop=\"url\"> <meta itemprop=\"width\" content=\"220\"> <meta itemprop=\"height\" content=\"146\"> <img decoding=\"async\" class=\"\" data-attachment-id=\"390\" data-orig-file=\"https:\/\/posletrasufac.com\/wp-content\/uploads\/2014\/11\/03-11_linguagens-e-identidades-18.jpg\" data-orig-size=\"4288,2848\" data-comments-opened=\"\" data-image-meta=\"{&quot;aperture&quot;:&quot;3.5&quot;,&quot;credit&quot;:&quot;&quot;,&quot;camera&quot;:&quot;NIKON D90&quot;,&quot;caption&quot;:&quot;03.11.2014, Universidade Federal do Acre - UFAC, Rio Branco\\\/Acre. VIII Simp\\u00f3sio Linguagens e Identidades da\\\/na Amaz\\u00f4nia Sul-Ocidental e VII Col\\u00f3quio Internacional \\u0022As Amaz\\u00f4nias, as \\u00c1fricas e as \\u00c1fricas na Pan-Amaz\\u00f4nia. Foto: Talita Oliveira&quot;,&quot;created_timestamp&quot;:&quot;1415019393&quot;,&quot;copyright&quot;:&quot;&quot;,&quot;focal_length&quot;:&quot;18&quot;,&quot;iso&quot;:&quot;200&quot;,&quot;shutter_speed&quot;:&quot;0.01&quot;,&quot;title&quot;:&quot;&quot;,&quot;orientation&quot;:&quot;0&quot;}\" data-image-title=\"\" data-image-description=\"&lt;p&gt;03.11.2014, Universidade Federal do Acre &amp;#8211; UFAC, Rio Branco\/Acre. VIII Simp\u00f3sio Linguagens e Identidades da\/na Amaz\u00f4nia Sul-Ocidental e VII Col\u00f3quio Internacional &amp;#8220;As Amaz\u00f4nias, as \u00c1fricas e as \u00c1fricas na Pan-Amaz\u00f4nia. Foto: Talita Oliveira&lt;\/p&gt; \" data-medium-file=\"https:\/\/i0.wp.com\/posletrasufac.com\/wp-content\/uploads\/2014\/11\/03-11_linguagens-e-identidades-18.jpg?fit=300%2C199&#038;ssl=1\" data-large-file=\"https:\/\/i0.wp.com\/posletrasufac.com\/wp-content\/uploads\/2014\/11\/03-11_linguagens-e-identidades-18.jpg?fit=750%2C498&#038;ssl=1\" src=\"https:\/\/i0.wp.com\/posletrasufac.com\/wp-content\/uploads\/2014\/11\/03-11_linguagens-e-identidades-18.jpg?w=220&#038;h=146&#038;ssl=1\" width=\"220\" height=\"146\" loading=\"lazy\" data-original-width=\"220\" data-original-height=\"146\" itemprop=\"http:\/\/schema.org\/image\" title=\"\" alt=\"Simp\u00f3sio Linguagens e Identidades 2014\" style=\"width: 220px; height: 146px;\" \/> <\/a> <div class=\"tiled-gallery-caption\" itemprop=\"caption description\"> Simp\u00f3sio Linguagens e Identidades 2014 <\/div> <\/div> <\/div> <!-- close group --> <div class=\"gallery-group images-1\" style=\"width: 301px; height: 451px;\" data-original-width=\"301\" data-original-height=\"451\" > <div class=\"tiled-gallery-item tiled-gallery-item-large\" itemprop=\"associatedMedia\" itemscope itemtype=\"http:\/\/schema.org\/ImageObject\"> <a href=\"https:\/\/posletrasufac.com\/en\/2014\/11\/21\/galeria-simposio-2014\/07-11_linguagens-e-identidades-17\/\" border=\"0\" itemprop=\"url\"> <meta itemprop=\"width\" content=\"297\"> <meta itemprop=\"height\" content=\"447\"> <img decoding=\"async\" class=\"\" data-attachment-id=\"440\" data-orig-file=\"https:\/\/posletrasufac.com\/wp-content\/uploads\/2014\/11\/07-11_linguagens-e-identidades-17.jpg\" data-orig-size=\"797,1200\" data-comments-opened=\"\" data-image-meta=\"{&quot;aperture&quot;:&quot;5.3&quot;,&quot;credit&quot;:&quot;&quot;,&quot;camera&quot;:&quot;NIKON D90&quot;,&quot;caption&quot;:&quot;07.11.2014, Universidade Federal do Acre - UFAC, Rio Branco\\\/Acre. VIII Simp\\u00f3sio Linguagens e Identidades da\\\/na Amaz\\u00f4nia Sul-Ocidental e VII Col\\u00f3quio Internacional \\u0022As Amaz\\u00f4nias, as \\u00c1fricas e as \\u00c1fricas na Pan-Amaz\\u00f4nia\\u0022. Foto: Talita Oliveira&quot;,&quot;created_timestamp&quot;:&quot;1415378462&quot;,&quot;copyright&quot;:&quot;&quot;,&quot;focal_length&quot;:&quot;66&quot;,&quot;iso&quot;:&quot;640&quot;,&quot;shutter_speed&quot;:&quot;0.00625&quot;,&quot;title&quot;:&quot;&quot;,&quot;orientation&quot;:&quot;0&quot;}\" data-image-title=\"07.11_Linguagens e Identidades (17)\" data-image-description=\"&lt;p&gt;07.11.2014, Universidade Federal do Acre &amp;#8211; UFAC, Rio Branco\/Acre. VIII Simp\u00f3sio Linguagens e Identidades da\/na Amaz\u00f4nia Sul-Ocidental e VII Col\u00f3quio Internacional &amp;#8220;As Amaz\u00f4nias, as \u00c1fricas e as \u00c1fricas na Pan-Amaz\u00f4nia&amp;#8221;. Foto: Talita Oliveira&lt;\/p&gt; \" data-medium-file=\"https:\/\/i0.wp.com\/posletrasufac.com\/wp-content\/uploads\/2014\/11\/07-11_linguagens-e-identidades-17.jpg?fit=199%2C300&#038;ssl=1\" data-large-file=\"https:\/\/i0.wp.com\/posletrasufac.com\/wp-content\/uploads\/2014\/11\/07-11_linguagens-e-identidades-17.jpg?fit=680%2C1024&#038;ssl=1\" src=\"https:\/\/i0.wp.com\/posletrasufac.com\/wp-content\/uploads\/2014\/11\/07-11_linguagens-e-identidades-17.jpg?w=297&#038;h=447&#038;ssl=1\" width=\"297\" height=\"447\" loading=\"lazy\" data-original-width=\"297\" data-original-height=\"447\" itemprop=\"http:\/\/schema.org\/image\" title=\"07.11_Linguagens e Identidades (17)\" alt=\"Simp\u00f3sio Linguagens e Identidades 2014\" style=\"width: 297px; height: 447px;\" \/> <\/a> <div class=\"tiled-gallery-caption\" itemprop=\"caption description\"> Simp\u00f3sio Linguagens e Identidades 2014 <\/div> <\/div> <\/div> <!-- close group --> <div class=\"gallery-group images-3\" style=\"width: 225px; height: 451px;\" data-original-width=\"225\" data-original-height=\"451\" > <div class=\"tiled-gallery-item tiled-gallery-item-small\" itemprop=\"associatedMedia\" itemscope itemtype=\"http:\/\/schema.org\/ImageObject\"> <a href=\"https:\/\/posletrasufac.com\/en\/2014\/11\/21\/galeria-simposio-2014\/06-11_linguagens-e-identidades-12\/\" border=\"0\" itemprop=\"url\"> <meta itemprop=\"width\" content=\"221\"> <meta itemprop=\"height\" content=\"147\"> <img decoding=\"async\" class=\"\" data-attachment-id=\"433\" data-orig-file=\"https:\/\/posletrasufac.com\/wp-content\/uploads\/2014\/11\/06-11_linguagens-e-identidades-12.jpg\" data-orig-size=\"1200,797\" data-comments-opened=\"\" data-image-meta=\"{&quot;aperture&quot;:&quot;5.6&quot;,&quot;credit&quot;:&quot;&quot;,&quot;camera&quot;:&quot;NIKON D90&quot;,&quot;caption&quot;:&quot;06.11.2014, Universidade Federal do Acre - UFAC, Rio Branco\\\/Acre. VIII Simp\\u00f3sio Linguagens e Identidades da\\\/na Amaz\\u00f4nia Sul-Ocidental e VII Col\\u00f3quio Internacional \\u0022As Amaz\\u00f4nias, as \\u00c1fricas e as \\u00c1fricas na Pan-Amaz\\u00f4nia\\u0022. Foto: Talita Oliveira&quot;,&quot;created_timestamp&quot;:&quot;1415307852&quot;,&quot;copyright&quot;:&quot;&quot;,&quot;focal_length&quot;:&quot;105&quot;,&quot;iso&quot;:&quot;1600&quot;,&quot;shutter_speed&quot;:&quot;0.0125&quot;,&quot;title&quot;:&quot;&quot;,&quot;orientation&quot;:&quot;0&quot;}\" data-image-title=\"06.11_Linguagens e Identidades (12)\" data-image-description=\"&lt;p&gt;06.11.2014, Universidade Federal do Acre &amp;#8211; UFAC, Rio Branco\/Acre. VIII Simp\u00f3sio Linguagens e Identidades da\/na Amaz\u00f4nia Sul-Ocidental e VII Col\u00f3quio Internacional &amp;#8220;As Amaz\u00f4nias, as \u00c1fricas e as \u00c1fricas na Pan-Amaz\u00f4nia&amp;#8221;. Foto: Talita Oliveira&lt;\/p&gt; \" data-medium-file=\"https:\/\/i0.wp.com\/posletrasufac.com\/wp-content\/uploads\/2014\/11\/06-11_linguagens-e-identidades-12.jpg?fit=300%2C199&#038;ssl=1\" data-large-file=\"https:\/\/i0.wp.com\/posletrasufac.com\/wp-content\/uploads\/2014\/11\/06-11_linguagens-e-identidades-12.jpg?fit=750%2C498&#038;ssl=1\" src=\"https:\/\/i0.wp.com\/posletrasufac.com\/wp-content\/uploads\/2014\/11\/06-11_linguagens-e-identidades-12.jpg?w=221&#038;h=147&#038;ssl=1\" width=\"221\" height=\"147\" loading=\"lazy\" data-original-width=\"221\" data-original-height=\"147\" itemprop=\"http:\/\/schema.org\/image\" title=\"06.11_Linguagens e Identidades (12)\" alt=\"Simp\u00f3sio Linguagens e Identidades 2014\" style=\"width: 221px; height: 147px;\" \/> <\/a> <div class=\"tiled-gallery-caption\" itemprop=\"caption description\"> Simp\u00f3sio Linguagens e Identidades 2014 <\/div> <\/div> <div class=\"tiled-gallery-item tiled-gallery-item-small\" itemprop=\"associatedMedia\" itemscope itemtype=\"http:\/\/schema.org\/ImageObject\"> <a href=\"https:\/\/posletrasufac.com\/en\/2014\/11\/21\/galeria-simposio-2014\/04-11_linguagens-e-identidades-8-2\/\" border=\"0\" itemprop=\"url\"> <meta itemprop=\"width\" content=\"221\"> <meta itemprop=\"height\" content=\"146\"> <img decoding=\"async\" class=\"\" data-attachment-id=\"413\" data-orig-file=\"https:\/\/posletrasufac.com\/wp-content\/uploads\/2014\/11\/04-11_linguagens-e-identidades-81.jpg\" data-orig-size=\"1200,797\" data-comments-opened=\"\" data-image-meta=\"{&quot;aperture&quot;:&quot;4&quot;,&quot;credit&quot;:&quot;&quot;,&quot;camera&quot;:&quot;NIKON D90&quot;,&quot;caption&quot;:&quot;04.11.2014, Universidade Federal do Acre - UFAC, Rio Branco\\\/Acre. VIII Simp\\u00f3sio Linguagens e Identidades da\\\/na Amaz\\u00f4nia Sul-Ocidental e VII Col\\u00f3quio Internacional \\u0022As Amaz\\u00f4nias, as \\u00c1fricas e as \\u00c1fricas na Pan-Amaz\\u00f4nia. Foto: Talita Oliveira&quot;,&quot;created_timestamp&quot;:&quot;1415116623&quot;,&quot;copyright&quot;:&quot;&quot;,&quot;focal_length&quot;:&quot;25&quot;,&quot;iso&quot;:&quot;500&quot;,&quot;shutter_speed&quot;:&quot;0.02&quot;,&quot;title&quot;:&quot;&quot;,&quot;orientation&quot;:&quot;0&quot;}\" data-image-title=\"Foto Talita Oliveira\" data-image-description=\"&lt;p&gt;04.11.2014, Universidade Federal do Acre &amp;#8211; UFAC, Rio Branco\/Acre. VIII Simp\u00f3sio Linguagens e Identidades da\/na Amaz\u00f4nia Sul-Ocidental e VII Col\u00f3quio Internacional &amp;#8220;As Amaz\u00f4nias, as \u00c1fricas e as \u00c1fricas na Pan-Amaz\u00f4nia. Foto: Talita Oliveira&lt;\/p&gt; \" data-medium-file=\"https:\/\/i0.wp.com\/posletrasufac.com\/wp-content\/uploads\/2014\/11\/04-11_linguagens-e-identidades-81.jpg?fit=300%2C199&#038;ssl=1\" data-large-file=\"https:\/\/i0.wp.com\/posletrasufac.com\/wp-content\/uploads\/2014\/11\/04-11_linguagens-e-identidades-81.jpg?fit=750%2C498&#038;ssl=1\" src=\"https:\/\/i0.wp.com\/posletrasufac.com\/wp-content\/uploads\/2014\/11\/04-11_linguagens-e-identidades-81.jpg?w=221&#038;h=146&#038;ssl=1\" width=\"221\" height=\"146\" loading=\"lazy\" data-original-width=\"221\" data-original-height=\"146\" itemprop=\"http:\/\/schema.org\/image\" title=\"Foto Talita Oliveira\" alt=\"Simp\u00f3sio Linguagens e Identidades 2014\" style=\"width: 221px; height: 146px;\" \/> <\/a> <div class=\"tiled-gallery-caption\" itemprop=\"caption description\"> Simp\u00f3sio Linguagens e Identidades 2014 <\/div> <\/div> <div class=\"tiled-gallery-item tiled-gallery-item-small\" itemprop=\"associatedMedia\" itemscope itemtype=\"http:\/\/schema.org\/ImageObject\"> <a href=\"https:\/\/posletrasufac.com\/en\/2014\/11\/21\/galeria-simposio-2014\/07-11_linguagens-e-identidades-2\/\" border=\"0\" itemprop=\"url\"> <meta itemprop=\"width\" content=\"221\"> <meta itemprop=\"height\" content=\"146\"> <img decoding=\"async\" class=\"\" data-attachment-id=\"445\" data-orig-file=\"https:\/\/posletrasufac.com\/wp-content\/uploads\/2014\/11\/07-11_linguagens-e-identidades-2.jpg\" data-orig-size=\"1200,797\" data-comments-opened=\"\" data-image-meta=\"{&quot;aperture&quot;:&quot;4.5&quot;,&quot;credit&quot;:&quot;&quot;,&quot;camera&quot;:&quot;NIKON D90&quot;,&quot;caption&quot;:&quot;07.11.2014, Universidade Federal do Acre - UFAC, Rio Branco\\\/Acre. VIII Simp\\u00f3sio Linguagens e Identidades da\\\/na Amaz\\u00f4nia Sul-Ocidental e VII Col\\u00f3quio Internacional \\u0022As Amaz\\u00f4nias, as \\u00c1fricas e as \\u00c1fricas na Pan-Amaz\\u00f4nia\\u0022. Foto: Talita Oliveira&quot;,&quot;created_timestamp&quot;:&quot;1415380162&quot;,&quot;copyright&quot;:&quot;&quot;,&quot;focal_length&quot;:&quot;18&quot;,&quot;iso&quot;:&quot;400&quot;,&quot;shutter_speed&quot;:&quot;0.0125&quot;,&quot;title&quot;:&quot;&quot;,&quot;orientation&quot;:&quot;0&quot;}\" data-image-title=\"07.11_Linguagens e Identidades (2)\" data-image-description=\"&lt;p&gt;07.11.2014, Universidade Federal do Acre &amp;#8211; UFAC, Rio Branco\/Acre. VIII Simp\u00f3sio Linguagens e Identidades da\/na Amaz\u00f4nia Sul-Ocidental e VII Col\u00f3quio Internacional &amp;#8220;As Amaz\u00f4nias, as \u00c1fricas e as \u00c1fricas na Pan-Amaz\u00f4nia&amp;#8221;. Foto: Talita Oliveira&lt;\/p&gt; \" data-medium-file=\"https:\/\/i0.wp.com\/posletrasufac.com\/wp-content\/uploads\/2014\/11\/07-11_linguagens-e-identidades-2.jpg?fit=300%2C199&#038;ssl=1\" data-large-file=\"https:\/\/i0.wp.com\/posletrasufac.com\/wp-content\/uploads\/2014\/11\/07-11_linguagens-e-identidades-2.jpg?fit=750%2C498&#038;ssl=1\" src=\"https:\/\/i0.wp.com\/posletrasufac.com\/wp-content\/uploads\/2014\/11\/07-11_linguagens-e-identidades-2.jpg?w=221&#038;h=146&#038;ssl=1\" width=\"221\" height=\"146\" loading=\"lazy\" data-original-width=\"221\" data-original-height=\"146\" itemprop=\"http:\/\/schema.org\/image\" title=\"07.11_Linguagens e Identidades (2)\" alt=\"Simp\u00f3sio Linguagens e Identidades 2014\" style=\"width: 221px; height: 146px;\" \/> <\/a> <div class=\"tiled-gallery-caption\" itemprop=\"caption description\"> Simp\u00f3sio Linguagens e Identidades 2014 <\/div> <\/div> <\/div> <!-- close group --> <\/div> <!-- close row --> <div class=\"gallery-row\" style=\"width: 750px; height: 167px;\" data-original-width=\"750\" data-original-height=\"167\" > <div class=\"gallery-group images-1\" style=\"width: 250px; height: 167px;\" data-original-width=\"250\" data-original-height=\"167\" > <div class=\"tiled-gallery-item tiled-gallery-item-small\" itemprop=\"associatedMedia\" itemscope itemtype=\"http:\/\/schema.org\/ImageObject\"> <a href=\"https:\/\/posletrasufac.com\/en\/2014\/11\/21\/galeria-simposio-2014\/06-11_linguagens-e-identidades-122\/\" border=\"0\" itemprop=\"url\"> <meta itemprop=\"width\" content=\"246\"> <meta itemprop=\"height\" content=\"163\"> <img decoding=\"async\" class=\"\" data-attachment-id=\"435\" data-orig-file=\"https:\/\/posletrasufac.com\/wp-content\/uploads\/2014\/11\/06-11_linguagens-e-identidades-122.jpg\" data-orig-size=\"1200,797\" data-comments-opened=\"\" data-image-meta=\"{&quot;aperture&quot;:&quot;5&quot;,&quot;credit&quot;:&quot;&quot;,&quot;camera&quot;:&quot;NIKON D90&quot;,&quot;caption&quot;:&quot;06.11.2014, Universidade Federal do Acre - UFAC, Rio Branco\\\/Acre. VIII Simp\\u00f3sio Linguagens e Identidades da\\\/na Amaz\\u00f4nia Sul-Ocidental e VII Col\\u00f3quio Internacional \\u0022As Amaz\\u00f4nias, as \\u00c1fricas e as \\u00c1fricas na Pan-Amaz\\u00f4nia\\u0022. Foto: Talita Oliveira&quot;,&quot;created_timestamp&quot;:&quot;1415315301&quot;,&quot;copyright&quot;:&quot;&quot;,&quot;focal_length&quot;:&quot;35&quot;,&quot;iso&quot;:&quot;1600&quot;,&quot;shutter_speed&quot;:&quot;0.04&quot;,&quot;title&quot;:&quot;&quot;,&quot;orientation&quot;:&quot;0&quot;}\" data-image-title=\"\" data-image-description=\"&lt;p&gt;Foto Talita Oliveira&lt;\/p&gt; \" data-medium-file=\"https:\/\/i0.wp.com\/posletrasufac.com\/wp-content\/uploads\/2014\/11\/06-11_linguagens-e-identidades-122.jpg?fit=300%2C199&#038;ssl=1\" data-large-file=\"https:\/\/i0.wp.com\/posletrasufac.com\/wp-content\/uploads\/2014\/11\/06-11_linguagens-e-identidades-122.jpg?fit=750%2C498&#038;ssl=1\" src=\"https:\/\/i0.wp.com\/posletrasufac.com\/wp-content\/uploads\/2014\/11\/06-11_linguagens-e-identidades-122.jpg?w=246&#038;h=163&#038;ssl=1\" width=\"246\" height=\"163\" loading=\"lazy\" data-original-width=\"246\" data-original-height=\"163\" itemprop=\"http:\/\/schema.org\/image\" title=\"\" alt=\"2014 - Simp\u00f3sio Linguagens e Identidades\" style=\"width: 246px; height: 163px;\" \/> <\/a> <div class=\"tiled-gallery-caption\" itemprop=\"caption description\"> 2014 &#8211; Simp\u00f3sio Linguagens e Identidades <\/div> <\/div> <\/div> <!-- close group --> <div class=\"gallery-group images-1\" style=\"width: 250px; height: 167px;\" data-original-width=\"250\" data-original-height=\"167\" > <div class=\"tiled-gallery-item tiled-gallery-item-small\" itemprop=\"associatedMedia\" itemscope itemtype=\"http:\/\/schema.org\/ImageObject\"> <a href=\"https:\/\/posletrasufac.com\/en\/2014\/11\/21\/galeria-simposio-2014\/04-11_linguagens-e-identidades-1\/\" border=\"0\" itemprop=\"url\"> <meta itemprop=\"width\" content=\"246\"> <meta itemprop=\"height\" content=\"163\"> <img decoding=\"async\" class=\"\" data-attachment-id=\"415\" data-orig-file=\"https:\/\/posletrasufac.com\/wp-content\/uploads\/2014\/11\/04-11_linguagens-e-identidades-1.jpg\" data-orig-size=\"1200,797\" data-comments-opened=\"\" data-image-meta=\"{&quot;aperture&quot;:&quot;3.5&quot;,&quot;credit&quot;:&quot;&quot;,&quot;camera&quot;:&quot;NIKON D90&quot;,&quot;caption&quot;:&quot;04.11.2014, Universidade Federal do Acre - UFAC, Rio Branco\\\/Acre. VIII Simp\\u00f3sio Linguagens e Identidades da\\\/na Amaz\\u00f4nia Sul-Ocidental e VII Col\\u00f3quio Internacional \\u0022As Amaz\\u00f4nias, as \\u00c1fricas e as \\u00c1fricas na Pan-Amaz\\u00f4nia. Foto: Talita Oliveira&quot;,&quot;created_timestamp&quot;:&quot;1415101095&quot;,&quot;copyright&quot;:&quot;&quot;,&quot;focal_length&quot;:&quot;18&quot;,&quot;iso&quot;:&quot;320&quot;,&quot;shutter_speed&quot;:&quot;0.0125&quot;,&quot;title&quot;:&quot;&quot;,&quot;orientation&quot;:&quot;0&quot;}\" data-image-title=\"Foto Talita Oliveira\" data-image-description=\"&lt;p&gt;04.11.2014, Universidade Federal do Acre &amp;#8211; UFAC, Rio Branco\/Acre. VIII Simp\u00f3sio Linguagens e Identidades da\/na Amaz\u00f4nia Sul-Ocidental e VII Col\u00f3quio Internacional &amp;#8220;As Amaz\u00f4nias, as \u00c1fricas e as \u00c1fricas na Pan-Amaz\u00f4nia. Foto: Talita Oliveira&lt;\/p&gt; \" data-medium-file=\"https:\/\/i0.wp.com\/posletrasufac.com\/wp-content\/uploads\/2014\/11\/04-11_linguagens-e-identidades-1.jpg?fit=300%2C199&#038;ssl=1\" data-large-file=\"https:\/\/i0.wp.com\/posletrasufac.com\/wp-content\/uploads\/2014\/11\/04-11_linguagens-e-identidades-1.jpg?fit=750%2C498&#038;ssl=1\" src=\"https:\/\/i0.wp.com\/posletrasufac.com\/wp-content\/uploads\/2014\/11\/04-11_linguagens-e-identidades-1.jpg?w=246&#038;h=163&#038;ssl=1\" width=\"246\" height=\"163\" loading=\"lazy\" data-original-width=\"246\" data-original-height=\"163\" itemprop=\"http:\/\/schema.org\/image\" title=\"Foto Talita Oliveira\" alt=\"Simp\u00f3sio Linguagens e Identidades 2014\" style=\"width: 246px; height: 163px;\" \/> <\/a> <div class=\"tiled-gallery-caption\" itemprop=\"caption description\"> Simp\u00f3sio Linguagens e Identidades 2014 <\/div> <\/div> <\/div> <!-- close group --> <div class=\"gallery-group images-1\" style=\"width: 250px; height: 167px;\" data-original-width=\"250\" data-original-height=\"167\" > <div class=\"tiled-gallery-item tiled-gallery-item-small\" itemprop=\"associatedMedia\" itemscope itemtype=\"http:\/\/schema.org\/ImageObject\"> <a href=\"https:\/\/posletrasufac.com\/en\/2014\/11\/21\/galeria-simposio-2014\/06-11_linguagens-e-identidades-259\/\" border=\"0\" itemprop=\"url\"> <meta itemprop=\"width\" content=\"246\"> <meta itemprop=\"height\" content=\"163\"> <img decoding=\"async\" class=\"\" data-attachment-id=\"438\" data-orig-file=\"https:\/\/posletrasufac.com\/wp-content\/uploads\/2014\/11\/06-11_linguagens-e-identidades-259.jpg\" data-orig-size=\"1200,797\" data-comments-opened=\"\" data-image-meta=\"{&quot;aperture&quot;:&quot;5.6&quot;,&quot;credit&quot;:&quot;&quot;,&quot;camera&quot;:&quot;NIKON D90&quot;,&quot;caption&quot;:&quot;06.11.2014, Universidade Federal do Acre - UFAC, Rio Branco\\\/Acre. VIII Simp\\u00f3sio Linguagens e Identidades da\\\/na Amaz\\u00f4nia Sul-Ocidental e VII Col\\u00f3quio Internacional \\u0022As Amaz\\u00f4nias, as \\u00c1fricas e as \\u00c1fricas na Pan-Amaz\\u00f4nia\\u0022. Foto: Talita Oliveira&quot;,&quot;created_timestamp&quot;:&quot;1415317019&quot;,&quot;copyright&quot;:&quot;&quot;,&quot;focal_length&quot;:&quot;52&quot;,&quot;iso&quot;:&quot;1600&quot;,&quot;shutter_speed&quot;:&quot;0.04&quot;,&quot;title&quot;:&quot;&quot;,&quot;orientation&quot;:&quot;0&quot;}\" data-image-title=\"\" data-image-description=\"&lt;p&gt;Foto Talita Oliveira&lt;\/p&gt; \" data-medium-file=\"https:\/\/i0.wp.com\/posletrasufac.com\/wp-content\/uploads\/2014\/11\/06-11_linguagens-e-identidades-259.jpg?fit=300%2C199&#038;ssl=1\" data-large-file=\"https:\/\/i0.wp.com\/posletrasufac.com\/wp-content\/uploads\/2014\/11\/06-11_linguagens-e-identidades-259.jpg?fit=750%2C498&#038;ssl=1\" src=\"https:\/\/i0.wp.com\/posletrasufac.com\/wp-content\/uploads\/2014\/11\/06-11_linguagens-e-identidades-259.jpg?w=246&#038;h=163&#038;ssl=1\" width=\"246\" height=\"163\" loading=\"lazy\" data-original-width=\"246\" data-original-height=\"163\" itemprop=\"http:\/\/schema.org\/image\" title=\"\" alt=\"2014 - Simp\u00f3sio Linguagens e Identidades\" style=\"width: 246px; height: 163px;\" \/> <\/a> <div class=\"tiled-gallery-caption\" itemprop=\"caption description\"> 2014 &#8211; Simp\u00f3sio Linguagens e Identidades <\/div> <\/div> <\/div> <!-- close group --> <\/div> <!-- close row --> <div class=\"gallery-row\" style=\"width: 750px; height: 334px;\" data-original-width=\"750\" data-original-height=\"334\" > <div class=\"gallery-group images-2\" style=\"width: 249px; height: 334px;\" data-original-width=\"249\" data-original-height=\"334\" > <div class=\"tiled-gallery-item tiled-gallery-item-small\" itemprop=\"associatedMedia\" itemscope itemtype=\"http:\/\/schema.org\/ImageObject\"> <a href=\"https:\/\/posletrasufac.com\/en\/2014\/11\/21\/galeria-simposio-2014\/07-11_linguagens-e-identidades-4\/\" border=\"0\" itemprop=\"url\"> <meta itemprop=\"width\" content=\"245\"> <meta itemprop=\"height\" content=\"163\"> <img decoding=\"async\" class=\"\" data-attachment-id=\"453\" data-orig-file=\"https:\/\/posletrasufac.com\/wp-content\/uploads\/2014\/11\/07-11_linguagens-e-identidades-4.jpg\" data-orig-size=\"1200,797\" data-comments-opened=\"\" data-image-meta=\"{&quot;aperture&quot;:&quot;2.8&quot;,&quot;credit&quot;:&quot;&quot;,&quot;camera&quot;:&quot;NIKON D90&quot;,&quot;caption&quot;:&quot;07.11.2014, Universidade Federal do Acre - UFAC, Rio Branco\\\/Acre. VIII Simp\\u00f3sio Linguagens e Identidades da\\\/na Amaz\\u00f4nia Sul-Ocidental e VII Col\\u00f3quio Internacional \\u0022As Amaz\\u00f4nias, as \\u00c1fricas e as \\u00c1fricas na Pan-Amaz\\u00f4nia\\u0022. Foto: Talita Oliveira&quot;,&quot;created_timestamp&quot;:&quot;1415396001&quot;,&quot;copyright&quot;:&quot;&quot;,&quot;focal_length&quot;:&quot;50&quot;,&quot;iso&quot;:&quot;1250&quot;,&quot;shutter_speed&quot;:&quot;0.0125&quot;,&quot;title&quot;:&quot;&quot;,&quot;orientation&quot;:&quot;0&quot;}\" data-image-title=\"07.11_Linguagens e Identidades (4)\" data-image-description=\"&lt;p&gt;07.11.2014, Universidade Federal do Acre &amp;#8211; UFAC, Rio Branco\/Acre. VIII Simp\u00f3sio Linguagens e Identidades da\/na Amaz\u00f4nia Sul-Ocidental e VII Col\u00f3quio Internacional &amp;#8220;As Amaz\u00f4nias, as \u00c1fricas e as \u00c1fricas na Pan-Amaz\u00f4nia&amp;#8221;. Foto: Talita Oliveira&lt;\/p&gt; \" data-medium-file=\"https:\/\/i0.wp.com\/posletrasufac.com\/wp-content\/uploads\/2014\/11\/07-11_linguagens-e-identidades-4.jpg?fit=300%2C199&#038;ssl=1\" data-large-file=\"https:\/\/i0.wp.com\/posletrasufac.com\/wp-content\/uploads\/2014\/11\/07-11_linguagens-e-identidades-4.jpg?fit=750%2C498&#038;ssl=1\" src=\"https:\/\/i0.wp.com\/posletrasufac.com\/wp-content\/uploads\/2014\/11\/07-11_linguagens-e-identidades-4.jpg?w=245&#038;h=163&#038;ssl=1\" width=\"245\" height=\"163\" loading=\"lazy\" data-original-width=\"245\" data-original-height=\"163\" itemprop=\"http:\/\/schema.org\/image\" title=\"07.11_Linguagens e Identidades (4)\" alt=\"Simp\u00f3sio Linguagens e Identidades 2014\" style=\"width: 245px; height: 163px;\" \/> <\/a> <div class=\"tiled-gallery-caption\" itemprop=\"caption description\"> Simp\u00f3sio Linguagens e Identidades 2014 <\/div> <\/div> <div class=\"tiled-gallery-item tiled-gallery-item-small\" itemprop=\"associatedMedia\" itemscope itemtype=\"http:\/\/schema.org\/ImageObject\"> <a href=\"https:\/\/posletrasufac.com\/en\/2014\/11\/21\/galeria-simposio-2014\/04-11_linguagens-e-identidades-3\/\" border=\"0\" itemprop=\"url\"> <meta itemprop=\"width\" content=\"245\"> <meta itemprop=\"height\" content=\"163\"> <img decoding=\"async\" class=\"\" data-attachment-id=\"409\" data-orig-file=\"https:\/\/posletrasufac.com\/wp-content\/uploads\/2014\/11\/04-11_linguagens-e-identidades-3.jpg\" data-orig-size=\"1200,797\" data-comments-opened=\"\" data-image-meta=\"{&quot;aperture&quot;:&quot;3.5&quot;,&quot;credit&quot;:&quot;&quot;,&quot;camera&quot;:&quot;NIKON D90&quot;,&quot;caption&quot;:&quot;04.11.2014, Universidade Federal do Acre - UFAC, Rio Branco\\\/Acre. VIII Simp\\u00f3sio Linguagens e Identidades da\\\/na Amaz\\u00f4nia Sul-Ocidental e VII Col\\u00f3quio Internacional \\u0022As Amaz\\u00f4nias, as \\u00c1fricas e as \\u00c1fricas na Pan-Amaz\\u00f4nia. Foto: Talita Oliveira&quot;,&quot;created_timestamp&quot;:&quot;1415118594&quot;,&quot;copyright&quot;:&quot;&quot;,&quot;focal_length&quot;:&quot;18&quot;,&quot;iso&quot;:&quot;500&quot;,&quot;shutter_speed&quot;:&quot;0.02&quot;,&quot;title&quot;:&quot;&quot;,&quot;orientation&quot;:&quot;0&quot;}\" data-image-title=\"Foto Talita Oliveira\" data-image-description=\"&lt;p&gt;04.11.2014, Universidade Federal do Acre &amp;#8211; UFAC, Rio Branco\/Acre. VIII Simp\u00f3sio Linguagens e Identidades da\/na Amaz\u00f4nia Sul-Ocidental e VII Col\u00f3quio Internacional &amp;#8220;As Amaz\u00f4nias, as \u00c1fricas e as \u00c1fricas na Pan-Amaz\u00f4nia. Foto: Talita Oliveira&lt;\/p&gt; \" data-medium-file=\"https:\/\/i0.wp.com\/posletrasufac.com\/wp-content\/uploads\/2014\/11\/04-11_linguagens-e-identidades-3.jpg?fit=300%2C199&#038;ssl=1\" data-large-file=\"https:\/\/i0.wp.com\/posletrasufac.com\/wp-content\/uploads\/2014\/11\/04-11_linguagens-e-identidades-3.jpg?fit=750%2C498&#038;ssl=1\" src=\"https:\/\/i0.wp.com\/posletrasufac.com\/wp-content\/uploads\/2014\/11\/04-11_linguagens-e-identidades-3.jpg?w=245&#038;h=163&#038;ssl=1\" width=\"245\" height=\"163\" loading=\"lazy\" data-original-width=\"245\" data-original-height=\"163\" itemprop=\"http:\/\/schema.org\/image\" title=\"Foto Talita Oliveira\" alt=\"Simp\u00f3sio Linguagens e Identidades 2014\" style=\"width: 245px; height: 163px;\" \/> <\/a> <div class=\"tiled-gallery-caption\" itemprop=\"caption description\"> Simp\u00f3sio Linguagens e Identidades 2014 <\/div> <\/div> <\/div> <!-- close group --> <div class=\"gallery-group images-1\" style=\"width: 501px; height: 334px;\" data-original-width=\"501\" data-original-height=\"334\" > <div class=\"tiled-gallery-item tiled-gallery-item-large\" itemprop=\"associatedMedia\" itemscope itemtype=\"http:\/\/schema.org\/ImageObject\"> <a href=\"https:\/\/posletrasufac.com\/en\/2014\/11\/21\/galeria-simposio-2014\/03-11_linguagens-e-identidades-3\/\" border=\"0\" itemprop=\"url\"> <meta itemprop=\"width\" content=\"497\"> <meta itemprop=\"height\" content=\"330\"> <img decoding=\"async\" class=\"\" data-attachment-id=\"401\" data-orig-file=\"https:\/\/posletrasufac.com\/wp-content\/uploads\/2014\/11\/03-11_linguagens-e-identidades-3.jpg\" data-orig-size=\"1200,797\" data-comments-opened=\"\" data-image-meta=\"{&quot;aperture&quot;:&quot;2.5&quot;,&quot;credit&quot;:&quot;&quot;,&quot;camera&quot;:&quot;NIKON D90&quot;,&quot;caption&quot;:&quot;03.11.2014, Universidade Federal do Acre - UFAC, Rio Branco\\\/Acre. VIII Simp\\u00f3sio Linguagens e Identidades da\\\/na Amaz\\u00f4nia Sul-Ocidental e VII Col\\u00f3quio Internacional \\u0022As Amaz\\u00f4nias, as \\u00c1fricas e as \\u00c1fricas na Pan-Amaz\\u00f4nia. Foto: Talita Oliveira&quot;,&quot;created_timestamp&quot;:&quot;1415050402&quot;,&quot;copyright&quot;:&quot;&quot;,&quot;focal_length&quot;:&quot;50&quot;,&quot;iso&quot;:&quot;1000&quot;,&quot;shutter_speed&quot;:&quot;0.025&quot;,&quot;title&quot;:&quot;&quot;,&quot;orientation&quot;:&quot;0&quot;}\" data-image-title=\"Foto Talita Oliveira\" data-image-description=\"&lt;p&gt;03.11.2014, Universidade Federal do Acre &amp;#8211; UFAC, Rio Branco\/Acre. VIII Simp\u00f3sio Linguagens e Identidades da\/na Amaz\u00f4nia Sul-Ocidental e VII Col\u00f3quio Internacional &amp;#8220;As Amaz\u00f4nias, as \u00c1fricas e as \u00c1fricas na Pan-Amaz\u00f4nia. Foto: Talita Oliveira&lt;\/p&gt; \" data-medium-file=\"https:\/\/i0.wp.com\/posletrasufac.com\/wp-content\/uploads\/2014\/11\/03-11_linguagens-e-identidades-3.jpg?fit=300%2C199&#038;ssl=1\" data-large-file=\"https:\/\/i0.wp.com\/posletrasufac.com\/wp-content\/uploads\/2014\/11\/03-11_linguagens-e-identidades-3.jpg?fit=750%2C498&#038;ssl=1\" src=\"https:\/\/i0.wp.com\/posletrasufac.com\/wp-content\/uploads\/2014\/11\/03-11_linguagens-e-identidades-3.jpg?w=497&#038;h=330&#038;ssl=1\" width=\"497\" height=\"330\" loading=\"lazy\" data-original-width=\"497\" data-original-height=\"330\" itemprop=\"http:\/\/schema.org\/image\" title=\"Foto Talita Oliveira\" alt=\"Simp\u00f3sio Linguagens e Identidades 2014\" style=\"width: 497px; height: 330px;\" \/> <\/a> <div class=\"tiled-gallery-caption\" itemprop=\"caption description\"> Simp\u00f3sio Linguagens e Identidades 2014 <\/div> <\/div> <\/div> <!-- close group --> <\/div> <!-- close row --> <div class=\"gallery-row\" style=\"width: 750px; height: 334px;\" data-original-width=\"750\" data-original-height=\"334\" > <div class=\"gallery-group images-1\" style=\"width: 501px; height: 334px;\" data-original-width=\"501\" data-original-height=\"334\" > <div class=\"tiled-gallery-item tiled-gallery-item-large\" itemprop=\"associatedMedia\" itemscope itemtype=\"http:\/\/schema.org\/ImageObject\"> <a href=\"https:\/\/posletrasufac.com\/en\/2014\/11\/21\/galeria-simposio-2014\/07-11_linguagens-e-identidades-5\/\" border=\"0\" itemprop=\"url\"> <meta itemprop=\"width\" content=\"497\"> <meta itemprop=\"height\" content=\"330\"> <img decoding=\"async\" class=\"\" data-attachment-id=\"446\" data-orig-file=\"https:\/\/posletrasufac.com\/wp-content\/uploads\/2014\/11\/07-11_linguagens-e-identidades-5.jpg\" data-orig-size=\"1200,797\" data-comments-opened=\"\" data-image-meta=\"{&quot;aperture&quot;:&quot;4.5&quot;,&quot;credit&quot;:&quot;&quot;,&quot;camera&quot;:&quot;NIKON D90&quot;,&quot;caption&quot;:&quot;07.11.2014, Universidade Federal do Acre - UFAC, Rio Branco\\\/Acre. VIII Simp\\u00f3sio Linguagens e Identidades da\\\/na Amaz\\u00f4nia Sul-Ocidental e VII Col\\u00f3quio Internacional \\u0022As Amaz\\u00f4nias, as \\u00c1fricas e as \\u00c1fricas na Pan-Amaz\\u00f4nia\\u0022. Foto: Talita Oliveira&quot;,&quot;created_timestamp&quot;:&quot;1415380221&quot;,&quot;copyright&quot;:&quot;&quot;,&quot;focal_length&quot;:&quot;18&quot;,&quot;iso&quot;:&quot;400&quot;,&quot;shutter_speed&quot;:&quot;0.0125&quot;,&quot;title&quot;:&quot;&quot;,&quot;orientation&quot;:&quot;0&quot;}\" data-image-title=\"07.11_Linguagens e Identidades (5)\" data-image-description=\"&lt;p&gt;07.11.2014, Universidade Federal do Acre &amp;#8211; UFAC, Rio Branco\/Acre. VIII Simp\u00f3sio Linguagens e Identidades da\/na Amaz\u00f4nia Sul-Ocidental e VII Col\u00f3quio Internacional &amp;#8220;As Amaz\u00f4nias, as \u00c1fricas e as \u00c1fricas na Pan-Amaz\u00f4nia&amp;#8221;. Foto: Talita Oliveira&lt;\/p&gt; \" data-medium-file=\"https:\/\/i0.wp.com\/posletrasufac.com\/wp-content\/uploads\/2014\/11\/07-11_linguagens-e-identidades-5.jpg?fit=300%2C199&#038;ssl=1\" data-large-file=\"https:\/\/i0.wp.com\/posletrasufac.com\/wp-content\/uploads\/2014\/11\/07-11_linguagens-e-identidades-5.jpg?fit=750%2C498&#038;ssl=1\" src=\"https:\/\/i0.wp.com\/posletrasufac.com\/wp-content\/uploads\/2014\/11\/07-11_linguagens-e-identidades-5.jpg?w=497&#038;h=330&#038;ssl=1\" width=\"497\" height=\"330\" loading=\"lazy\" data-original-width=\"497\" data-original-height=\"330\" itemprop=\"http:\/\/schema.org\/image\" title=\"07.11_Linguagens e Identidades (5)\" alt=\"Simp\u00f3sio Linguagens e Identidades 2014\" style=\"width: 497px; height: 330px;\" \/> <\/a> <div class=\"tiled-gallery-caption\" itemprop=\"caption description\"> Simp\u00f3sio Linguagens e Identidades 2014 <\/div> <\/div> <\/div> <!-- close group --> <div class=\"gallery-group images-2\" style=\"width: 249px; height: 334px;\" data-original-width=\"249\" data-original-height=\"334\" > <div class=\"tiled-gallery-item tiled-gallery-item-small\" itemprop=\"associatedMedia\" itemscope itemtype=\"http:\/\/schema.org\/ImageObject\"> <a href=\"https:\/\/posletrasufac.com\/en\/2014\/11\/21\/galeria-simposio-2014\/04-11_linguagens-e-identidades-4\/\" border=\"0\" itemprop=\"url\"> <meta itemprop=\"width\" content=\"245\"> <meta itemprop=\"height\" content=\"163\"> <img decoding=\"async\" class=\"\" data-attachment-id=\"405\" data-orig-file=\"https:\/\/posletrasufac.com\/wp-content\/uploads\/2014\/11\/04-11_linguagens-e-identidades-4.jpg\" data-orig-size=\"1200,797\" data-comments-opened=\"\" data-image-meta=\"{&quot;aperture&quot;:&quot;5.3&quot;,&quot;credit&quot;:&quot;&quot;,&quot;camera&quot;:&quot;NIKON D90&quot;,&quot;caption&quot;:&quot;04.11.2014, Universidade Federal do Acre - UFAC, Rio Branco\\\/Acre. VIII Simp\\u00f3sio Linguagens e Identidades da\\\/na Amaz\\u00f4nia Sul-Ocidental e VII Col\\u00f3quio Internacional \\u0022As Amaz\\u00f4nias, as \\u00c1fricas e as \\u00c1fricas na Pan-Amaz\\u00f4nia. Foto: Talita Oliveira&quot;,&quot;created_timestamp&quot;:&quot;1415116994&quot;,&quot;copyright&quot;:&quot;&quot;,&quot;focal_length&quot;:&quot;62&quot;,&quot;iso&quot;:&quot;500&quot;,&quot;shutter_speed&quot;:&quot;0.02&quot;,&quot;title&quot;:&quot;&quot;,&quot;orientation&quot;:&quot;0&quot;}\" data-image-title=\"Foto Talita Oliveira\" data-image-description=\"&lt;p&gt;04.11.2014, Universidade Federal do Acre &amp;#8211; UFAC, Rio Branco\/Acre. VIII Simp\u00f3sio Linguagens e Identidades da\/na Amaz\u00f4nia Sul-Ocidental e VII Col\u00f3quio Internacional &amp;#8220;As Amaz\u00f4nias, as \u00c1fricas e as \u00c1fricas na Pan-Amaz\u00f4nia. Foto: Talita Oliveira&lt;\/p&gt; \" data-medium-file=\"https:\/\/i0.wp.com\/posletrasufac.com\/wp-content\/uploads\/2014\/11\/04-11_linguagens-e-identidades-4.jpg?fit=300%2C199&#038;ssl=1\" data-large-file=\"https:\/\/i0.wp.com\/posletrasufac.com\/wp-content\/uploads\/2014\/11\/04-11_linguagens-e-identidades-4.jpg?fit=750%2C498&#038;ssl=1\" src=\"https:\/\/i0.wp.com\/posletrasufac.com\/wp-content\/uploads\/2014\/11\/04-11_linguagens-e-identidades-4.jpg?w=245&#038;h=163&#038;ssl=1\" width=\"245\" height=\"163\" loading=\"lazy\" data-original-width=\"245\" data-original-height=\"163\" itemprop=\"http:\/\/schema.org\/image\" title=\"Foto Talita Oliveira\" alt=\"Simp\u00f3sio Linguagens e Identidades 2014\" style=\"width: 245px; height: 163px;\" \/> <\/a> <div class=\"tiled-gallery-caption\" itemprop=\"caption description\"> Simp\u00f3sio Linguagens e Identidades 2014 <\/div> <\/div> <div class=\"tiled-gallery-item tiled-gallery-item-small\" itemprop=\"associatedMedia\" itemscope itemtype=\"http:\/\/schema.org\/ImageObject\"> <a href=\"https:\/\/posletrasufac.com\/en\/2014\/11\/21\/galeria-simposio-2014\/05-11_linguagens-e-identidades-2\/\" border=\"0\" itemprop=\"url\"> <meta itemprop=\"width\" content=\"245\"> <meta itemprop=\"height\" content=\"163\"> <img decoding=\"async\" class=\"\" data-attachment-id=\"423\" data-orig-file=\"https:\/\/posletrasufac.com\/wp-content\/uploads\/2014\/11\/05-11_linguagens-e-identidades-2.jpg\" data-orig-size=\"1200,797\" data-comments-opened=\"\" data-image-meta=\"{&quot;aperture&quot;:&quot;2.8&quot;,&quot;credit&quot;:&quot;&quot;,&quot;camera&quot;:&quot;NIKON D90&quot;,&quot;caption&quot;:&quot;05.11.2014, Universidade Federal do Acre - UFAC, Rio Branco\\\/Acre. VIII Simp\\u00f3sio Linguagens e Identidades da\\\/na Amaz\\u00f4nia Sul-Ocidental e VII Col\\u00f3quio Internacional \\u0022As Amaz\\u00f4nias, as \\u00c1fricas e as \\u00c1fricas na Pan-Amaz\\u00f4nia\\u0022. Foto: Talita Oliveira&quot;,&quot;created_timestamp&quot;:&quot;1415185145&quot;,&quot;copyright&quot;:&quot;&quot;,&quot;focal_length&quot;:&quot;50&quot;,&quot;iso&quot;:&quot;640&quot;,&quot;shutter_speed&quot;:&quot;0.016666666666667&quot;,&quot;title&quot;:&quot;&quot;,&quot;orientation&quot;:&quot;0&quot;}\" data-image-title=\"\" data-image-description=\"&lt;p&gt;Foto Talita Oliveira&lt;\/p&gt; \" data-medium-file=\"https:\/\/i0.wp.com\/posletrasufac.com\/wp-content\/uploads\/2014\/11\/05-11_linguagens-e-identidades-2.jpg?fit=300%2C199&#038;ssl=1\" data-large-file=\"https:\/\/i0.wp.com\/posletrasufac.com\/wp-content\/uploads\/2014\/11\/05-11_linguagens-e-identidades-2.jpg?fit=750%2C498&#038;ssl=1\" src=\"https:\/\/i0.wp.com\/posletrasufac.com\/wp-content\/uploads\/2014\/11\/05-11_linguagens-e-identidades-2.jpg?w=245&#038;h=163&#038;ssl=1\" width=\"245\" height=\"163\" loading=\"lazy\" data-original-width=\"245\" data-original-height=\"163\" itemprop=\"http:\/\/schema.org\/image\" title=\"\" alt=\"2014 - Simp\u00f3sio Linguagens e Identidades\" style=\"width: 245px; height: 163px;\" \/> <\/a> <div class=\"tiled-gallery-caption\" itemprop=\"caption description\"> 2014 &#8211; Simp\u00f3sio Linguagens e Identidades <\/div> <\/div> <\/div> <!-- close group --> <\/div> <!-- close row --> <div class=\"gallery-row\" style=\"width: 750px; height: 250px;\" data-original-width=\"750\" data-original-height=\"250\" > <div class=\"gallery-group images-1\" style=\"width: 375px; height: 250px;\" data-original-width=\"375\" data-original-height=\"250\" > <div class=\"tiled-gallery-item tiled-gallery-item-large\" itemprop=\"associatedMedia\" itemscope itemtype=\"http:\/\/schema.org\/ImageObject\"> <a href=\"https:\/\/posletrasufac.com\/en\/2014\/11\/21\/galeria-simposio-2014\/03-11_linguagens-e-identidades-7\/\" border=\"0\" itemprop=\"url\"> <meta itemprop=\"width\" content=\"371\"> <meta itemprop=\"height\" content=\"246\"> <img decoding=\"async\" class=\"\" data-attachment-id=\"389\" data-orig-file=\"https:\/\/posletrasufac.com\/wp-content\/uploads\/2014\/11\/03-11_linguagens-e-identidades-7.jpg\" data-orig-size=\"1200,797\" data-comments-opened=\"\" data-image-meta=\"{&quot;aperture&quot;:&quot;3.5&quot;,&quot;credit&quot;:&quot;&quot;,&quot;camera&quot;:&quot;NIKON D90&quot;,&quot;caption&quot;:&quot;03.11.2014, Universidade Federal do Acre - UFAC, Rio Branco\\\/Acre. VIII Simp\\u00f3sio Linguagens e Identidades da\\\/na Amaz\\u00f4nia Sul-Ocidental e VII Col\\u00f3quio Internacional \\u0022As Amaz\\u00f4nias, as \\u00c1fricas e as \\u00c1fricas na Pan-Amaz\\u00f4nia. Foto: Talita Oliveira&quot;,&quot;created_timestamp&quot;:&quot;1415015130&quot;,&quot;copyright&quot;:&quot;&quot;,&quot;focal_length&quot;:&quot;18&quot;,&quot;iso&quot;:&quot;200&quot;,&quot;shutter_speed&quot;:&quot;0.01&quot;,&quot;title&quot;:&quot;&quot;,&quot;orientation&quot;:&quot;0&quot;}\" data-image-title=\"\" data-image-description=\"&lt;p&gt;03.11.2014, Universidade Federal do Acre &amp;#8211; UFAC, Rio Branco\/Acre. VIII Simp\u00f3sio Linguagens e Identidades da\/na Amaz\u00f4nia Sul-Ocidental e VII Col\u00f3quio Internacional &amp;#8220;As Amaz\u00f4nias, as \u00c1fricas e as \u00c1fricas na Pan-Amaz\u00f4nia. Foto: Talita Oliveira&lt;\/p&gt; \" data-medium-file=\"https:\/\/i0.wp.com\/posletrasufac.com\/wp-content\/uploads\/2014\/11\/03-11_linguagens-e-identidades-7.jpg?fit=300%2C199&#038;ssl=1\" data-large-file=\"https:\/\/i0.wp.com\/posletrasufac.com\/wp-content\/uploads\/2014\/11\/03-11_linguagens-e-identidades-7.jpg?fit=750%2C498&#038;ssl=1\" src=\"https:\/\/i0.wp.com\/posletrasufac.com\/wp-content\/uploads\/2014\/11\/03-11_linguagens-e-identidades-7.jpg?w=371&#038;h=246&#038;ssl=1\" width=\"371\" height=\"246\" loading=\"lazy\" data-original-width=\"371\" data-original-height=\"246\" itemprop=\"http:\/\/schema.org\/image\" title=\"\" alt=\"Simp\u00f3sio Linguagens e Identidades 2014\" style=\"width: 371px; height: 246px;\" \/> <\/a> <div class=\"tiled-gallery-caption\" itemprop=\"caption description\"> Simp\u00f3sio Linguagens e Identidades 2014 <\/div> <\/div> <\/div> <!-- close group --> <div class=\"gallery-group images-1\" style=\"width: 375px; height: 250px;\" data-original-width=\"375\" data-original-height=\"250\" > <div class=\"tiled-gallery-item tiled-gallery-item-large\" itemprop=\"associatedMedia\" itemscope itemtype=\"http:\/\/schema.org\/ImageObject\"> <a href=\"https:\/\/posletrasufac.com\/en\/2014\/11\/21\/galeria-simposio-2014\/07-11_linguagens-e-identidades-5-2\/\" border=\"0\" itemprop=\"url\"> <meta itemprop=\"width\" content=\"371\"> <meta itemprop=\"height\" content=\"246\"> <img decoding=\"async\" class=\"\" data-attachment-id=\"449\" data-orig-file=\"https:\/\/posletrasufac.com\/wp-content\/uploads\/2014\/11\/07-11_linguagens-e-identidades-51.jpg\" data-orig-size=\"1200,797\" data-comments-opened=\"\" data-image-meta=\"{&quot;aperture&quot;:&quot;5&quot;,&quot;credit&quot;:&quot;&quot;,&quot;camera&quot;:&quot;NIKON D90&quot;,&quot;caption&quot;:&quot;07.11.2014, Universidade Federal do Acre - UFAC, Rio Branco\\\/Acre. VIII Simp\\u00f3sio Linguagens e Identidades da\\\/na Amaz\\u00f4nia Sul-Ocidental e VII Col\\u00f3quio Internacional \\u0022As Amaz\\u00f4nias, as \\u00c1fricas e as \\u00c1fricas na Pan-Amaz\\u00f4nia\\u0022. Foto: Talita Oliveira&quot;,&quot;created_timestamp&quot;:&quot;1415394079&quot;,&quot;copyright&quot;:&quot;&quot;,&quot;focal_length&quot;:&quot;58&quot;,&quot;iso&quot;:&quot;640&quot;,&quot;shutter_speed&quot;:&quot;0.0125&quot;,&quot;title&quot;:&quot;&quot;,&quot;orientation&quot;:&quot;0&quot;}\" data-image-title=\"07.11_Linguagens e Identidades (5)\" data-image-description=\"&lt;p&gt;07.11.2014, Universidade Federal do Acre &amp;#8211; UFAC, Rio Branco\/Acre. VIII Simp\u00f3sio Linguagens e Identidades da\/na Amaz\u00f4nia Sul-Ocidental e VII Col\u00f3quio Internacional &amp;#8220;As Amaz\u00f4nias, as \u00c1fricas e as \u00c1fricas na Pan-Amaz\u00f4nia&amp;#8221;. Foto: Talita Oliveira&lt;\/p&gt; \" data-medium-file=\"https:\/\/i0.wp.com\/posletrasufac.com\/wp-content\/uploads\/2014\/11\/07-11_linguagens-e-identidades-51.jpg?fit=300%2C199&#038;ssl=1\" data-large-file=\"https:\/\/i0.wp.com\/posletrasufac.com\/wp-content\/uploads\/2014\/11\/07-11_linguagens-e-identidades-51.jpg?fit=750%2C498&#038;ssl=1\" src=\"https:\/\/i0.wp.com\/posletrasufac.com\/wp-content\/uploads\/2014\/11\/07-11_linguagens-e-identidades-51.jpg?w=371&#038;h=246&#038;ssl=1\" width=\"371\" height=\"246\" loading=\"lazy\" data-original-width=\"371\" data-original-height=\"246\" itemprop=\"http:\/\/schema.org\/image\" title=\"07.11_Linguagens e Identidades (5)\" alt=\"Simp\u00f3sio Linguagens e Identidades 2014\" style=\"width: 371px; height: 246px;\" \/> <\/a> <div class=\"tiled-gallery-caption\" itemprop=\"caption description\"> Simp\u00f3sio Linguagens e Identidades 2014 <\/div> <\/div> <\/div> <!-- close group --> <\/div> <!-- close row --> <div class=\"gallery-row\" style=\"width: 750px; height: 250px;\" data-original-width=\"750\" data-original-height=\"250\" > <div class=\"gallery-group images-1\" style=\"width: 375px; height: 250px;\" data-original-width=\"375\" data-original-height=\"250\" > <div class=\"tiled-gallery-item tiled-gallery-item-large\" itemprop=\"associatedMedia\" itemscope itemtype=\"http:\/\/schema.org\/ImageObject\"> <a href=\"https:\/\/posletrasufac.com\/en\/2014\/11\/21\/galeria-simposio-2014\/03-11_linguagens-e-identidades-13\/\" border=\"0\" itemprop=\"url\"> <meta itemprop=\"width\" content=\"371\"> <meta itemprop=\"height\" content=\"246\"> <img decoding=\"async\" class=\"\" data-attachment-id=\"395\" data-orig-file=\"https:\/\/posletrasufac.com\/wp-content\/uploads\/2014\/11\/03-11_linguagens-e-identidades-13.jpg\" data-orig-size=\"4288,2848\" data-comments-opened=\"\" data-image-meta=\"{&quot;aperture&quot;:&quot;11&quot;,&quot;credit&quot;:&quot;&quot;,&quot;camera&quot;:&quot;NIKON D90&quot;,&quot;caption&quot;:&quot;03.11.2014, Universidade Federal do Acre - UFAC, Rio Branco\\\/Acre. VIII Simp\\u00f3sio Linguagens e Identidades da\\\/na Amaz\\u00f4nia Sul-Ocidental e VII Col\\u00f3quio Internacional \\u0022As Amaz\\u00f4nias, as \\u00c1fricas e as \\u00c1fricas na Pan-Amaz\\u00f4nia. Foto: Talita Oliveira&quot;,&quot;created_timestamp&quot;:&quot;1415042388&quot;,&quot;copyright&quot;:&quot;&quot;,&quot;focal_length&quot;:&quot;18&quot;,&quot;iso&quot;:&quot;400&quot;,&quot;shutter_speed&quot;:&quot;0.2&quot;,&quot;title&quot;:&quot;&quot;,&quot;orientation&quot;:&quot;0&quot;}\" data-image-title=\"\" data-image-description=\"&lt;p&gt;03.11.2014, Universidade Federal do Acre &amp;#8211; UFAC, Rio Branco\/Acre. VIII Simp\u00f3sio Linguagens e Identidades da\/na Amaz\u00f4nia Sul-Ocidental e VII Col\u00f3quio Internacional &amp;#8220;As Amaz\u00f4nias, as \u00c1fricas e as \u00c1fricas na Pan-Amaz\u00f4nia. Foto: Talita Oliveira&lt;\/p&gt; \" data-medium-file=\"https:\/\/i0.wp.com\/posletrasufac.com\/wp-content\/uploads\/2014\/11\/03-11_linguagens-e-identidades-13.jpg?fit=300%2C199&#038;ssl=1\" data-large-file=\"https:\/\/i0.wp.com\/posletrasufac.com\/wp-content\/uploads\/2014\/11\/03-11_linguagens-e-identidades-13.jpg?fit=750%2C498&#038;ssl=1\" src=\"https:\/\/i0.wp.com\/posletrasufac.com\/wp-content\/uploads\/2014\/11\/03-11_linguagens-e-identidades-13.jpg?w=371&#038;h=246&#038;ssl=1\" width=\"371\" height=\"246\" loading=\"lazy\" data-original-width=\"371\" data-original-height=\"246\" itemprop=\"http:\/\/schema.org\/image\" title=\"\" alt=\"Simp\u00f3sio Linguagens e Identidades 2014\" style=\"width: 371px; height: 246px;\" \/> <\/a> <div class=\"tiled-gallery-caption\" itemprop=\"caption description\"> Simp\u00f3sio Linguagens e Identidades 2014 <\/div> <\/div> <\/div> <!-- close group --> <div class=\"gallery-group images-1\" style=\"width: 375px; height: 250px;\" data-original-width=\"375\" data-original-height=\"250\" > <div class=\"tiled-gallery-item tiled-gallery-item-large\" itemprop=\"associatedMedia\" itemscope itemtype=\"http:\/\/schema.org\/ImageObject\"> <a href=\"https:\/\/posletrasufac.com\/en\/2014\/11\/21\/galeria-simposio-2014\/04-11_linguagens-e-identidades-17\/\" border=\"0\" itemprop=\"url\"> <meta itemprop=\"width\" content=\"371\"> <meta itemprop=\"height\" content=\"246\"> <img decoding=\"async\" class=\"\" data-attachment-id=\"411\" data-orig-file=\"https:\/\/posletrasufac.com\/wp-content\/uploads\/2014\/11\/04-11_linguagens-e-identidades-17.jpg\" data-orig-size=\"1200,797\" data-comments-opened=\"\" data-image-meta=\"{&quot;aperture&quot;:&quot;3.8&quot;,&quot;credit&quot;:&quot;&quot;,&quot;camera&quot;:&quot;NIKON D90&quot;,&quot;caption&quot;:&quot;04.11.2014, Universidade Federal do Acre - UFAC, Rio Branco\\\/Acre. VIII Simp\\u00f3sio Linguagens e Identidades da\\\/na Amaz\\u00f4nia Sul-Ocidental e VII Col\\u00f3quio Internacional \\u0022As Amaz\\u00f4nias, as \\u00c1fricas e as \\u00c1fricas na Pan-Amaz\\u00f4nia. Foto: Talita Oliveira&quot;,&quot;created_timestamp&quot;:&quot;1415120164&quot;,&quot;copyright&quot;:&quot;&quot;,&quot;focal_length&quot;:&quot;22&quot;,&quot;iso&quot;:&quot;1000&quot;,&quot;shutter_speed&quot;:&quot;0.02&quot;,&quot;title&quot;:&quot;&quot;,&quot;orientation&quot;:&quot;0&quot;}\" data-image-title=\"Foto Talita Oliveira\" data-image-description=\"&lt;p&gt;04.11.2014, Universidade Federal do Acre &amp;#8211; UFAC, Rio Branco\/Acre. VIII Simp\u00f3sio Linguagens e Identidades da\/na Amaz\u00f4nia Sul-Ocidental e VII Col\u00f3quio Internacional &amp;#8220;As Amaz\u00f4nias, as \u00c1fricas e as \u00c1fricas na Pan-Amaz\u00f4nia. Foto: Talita Oliveira&lt;\/p&gt; \" data-medium-file=\"https:\/\/i0.wp.com\/posletrasufac.com\/wp-content\/uploads\/2014\/11\/04-11_linguagens-e-identidades-17.jpg?fit=300%2C199&#038;ssl=1\" data-large-file=\"https:\/\/i0.wp.com\/posletrasufac.com\/wp-content\/uploads\/2014\/11\/04-11_linguagens-e-identidades-17.jpg?fit=750%2C498&#038;ssl=1\" src=\"https:\/\/i0.wp.com\/posletrasufac.com\/wp-content\/uploads\/2014\/11\/04-11_linguagens-e-identidades-17.jpg?w=371&#038;h=246&#038;ssl=1\" width=\"371\" height=\"246\" loading=\"lazy\" data-original-width=\"371\" data-original-height=\"246\" itemprop=\"http:\/\/schema.org\/image\" title=\"Foto Talita Oliveira\" alt=\"Simp\u00f3sio Linguagens e Identidades 2014\" style=\"width: 371px; height: 246px;\" \/> <\/a> <div class=\"tiled-gallery-caption\" itemprop=\"caption description\"> Simp\u00f3sio Linguagens e Identidades 2014 <\/div> <\/div> <\/div> <!-- close group --> <\/div> <!-- close row --> <div class=\"gallery-row\" style=\"width: 750px; height: 167px;\" data-original-width=\"750\" data-original-height=\"167\" > <div class=\"gallery-group images-1\" style=\"width: 250px; height: 167px;\" data-original-width=\"250\" data-original-height=\"167\" > <div class=\"tiled-gallery-item tiled-gallery-item-small\" itemprop=\"associatedMedia\" itemscope itemtype=\"http:\/\/schema.org\/ImageObject\"> <a href=\"https:\/\/posletrasufac.com\/en\/2014\/11\/21\/galeria-simposio-2014\/06-11_linguagens-e-identidades-6-2\/\" border=\"0\" itemprop=\"url\"> <meta itemprop=\"width\" content=\"246\"> <meta itemprop=\"height\" content=\"163\"> <img decoding=\"async\" class=\"\" data-attachment-id=\"428\" data-orig-file=\"https:\/\/posletrasufac.com\/wp-content\/uploads\/2014\/11\/06-11_linguagens-e-identidades-61.jpg\" data-orig-size=\"1200,797\" data-comments-opened=\"\" data-image-meta=\"{&quot;aperture&quot;:&quot;4.8&quot;,&quot;credit&quot;:&quot;&quot;,&quot;camera&quot;:&quot;NIKON D90&quot;,&quot;caption&quot;:&quot;06.11.2014, Universidade Federal do Acre - UFAC, Rio Branco\\\/Acre. VIII Simp\\u00f3sio Linguagens e Identidades da\\\/na Amaz\\u00f4nia Sul-Ocidental e VII Col\\u00f3quio Internacional \\u0022As Amaz\\u00f4nias, as \\u00c1fricas e as \\u00c1fricas na Pan-Amaz\\u00f4nia\\u0022. Foto: Talita Oliveira&quot;,&quot;created_timestamp&quot;:&quot;1415270634&quot;,&quot;copyright&quot;:&quot;&quot;,&quot;focal_length&quot;:&quot;48&quot;,&quot;iso&quot;:&quot;500&quot;,&quot;shutter_speed&quot;:&quot;0.02&quot;,&quot;title&quot;:&quot;&quot;,&quot;orientation&quot;:&quot;0&quot;}\" data-image-title=\"06.11_Linguagens e Identidades (6)\" data-image-description=\"&lt;p&gt;06.11.2014, Universidade Federal do Acre &amp;#8211; UFAC, Rio Branco\/Acre. VIII Simp\u00f3sio Linguagens e Identidades da\/na Amaz\u00f4nia Sul-Ocidental e VII Col\u00f3quio Internacional &amp;#8220;As Amaz\u00f4nias, as \u00c1fricas e as \u00c1fricas na Pan-Amaz\u00f4nia&amp;#8221;. Foto: Talita Oliveira&lt;\/p&gt; \" data-medium-file=\"https:\/\/i0.wp.com\/posletrasufac.com\/wp-content\/uploads\/2014\/11\/06-11_linguagens-e-identidades-61.jpg?fit=300%2C199&#038;ssl=1\" data-large-file=\"https:\/\/i0.wp.com\/posletrasufac.com\/wp-content\/uploads\/2014\/11\/06-11_linguagens-e-identidades-61.jpg?fit=750%2C498&#038;ssl=1\" src=\"https:\/\/i0.wp.com\/posletrasufac.com\/wp-content\/uploads\/2014\/11\/06-11_linguagens-e-identidades-61.jpg?w=246&#038;h=163&#038;ssl=1\" width=\"246\" height=\"163\" loading=\"lazy\" data-original-width=\"246\" data-original-height=\"163\" itemprop=\"http:\/\/schema.org\/image\" title=\"06.11_Linguagens e Identidades (6)\" alt=\"Simp\u00f3sio Linguagens e Identidades 2014\" style=\"width: 246px; height: 163px;\" \/> <\/a> <div class=\"tiled-gallery-caption\" itemprop=\"caption description\"> Simp\u00f3sio Linguagens e Identidades 2014 <\/div> <\/div> <\/div> <!-- close group --> <div class=\"gallery-group images-1\" style=\"width: 250px; height: 167px;\" data-original-width=\"250\" data-original-height=\"167\" > <div class=\"tiled-gallery-item tiled-gallery-item-small\" itemprop=\"associatedMedia\" itemscope itemtype=\"http:\/\/schema.org\/ImageObject\"> <a href=\"https:\/\/posletrasufac.com\/en\/2014\/11\/21\/galeria-simposio-2014\/07-11_linguagens-e-identidades-21\/\" border=\"0\" itemprop=\"url\"> <meta itemprop=\"width\" content=\"246\"> <meta itemprop=\"height\" content=\"163\"> <img decoding=\"async\" class=\"\" data-attachment-id=\"441\" data-orig-file=\"https:\/\/posletrasufac.com\/wp-content\/uploads\/2014\/11\/07-11_linguagens-e-identidades-21.jpg\" data-orig-size=\"1200,797\" data-comments-opened=\"\" data-image-meta=\"{&quot;aperture&quot;:&quot;4.5&quot;,&quot;credit&quot;:&quot;&quot;,&quot;camera&quot;:&quot;NIKON D90&quot;,&quot;caption&quot;:&quot;07.11.2014, Universidade Federal do Acre - UFAC, Rio Branco\\\/Acre. VIII Simp\\u00f3sio Linguagens e Identidades da\\\/na Amaz\\u00f4nia Sul-Ocidental e VII Col\\u00f3quio Internacional \\u0022As Amaz\\u00f4nias, as \\u00c1fricas e as \\u00c1fricas na Pan-Amaz\\u00f4nia\\u0022. Foto: Talita Oliveira&quot;,&quot;created_timestamp&quot;:&quot;1415378481&quot;,&quot;copyright&quot;:&quot;&quot;,&quot;focal_length&quot;:&quot;40&quot;,&quot;iso&quot;:&quot;640&quot;,&quot;shutter_speed&quot;:&quot;0.00625&quot;,&quot;title&quot;:&quot;&quot;,&quot;orientation&quot;:&quot;0&quot;}\" data-image-title=\"07.11_Linguagens e Identidades (21)\" data-image-description=\"&lt;p&gt;07.11.2014, Universidade Federal do Acre &amp;#8211; UFAC, Rio Branco\/Acre. VIII Simp\u00f3sio Linguagens e Identidades da\/na Amaz\u00f4nia Sul-Ocidental e VII Col\u00f3quio Internacional &amp;#8220;As Amaz\u00f4nias, as \u00c1fricas e as \u00c1fricas na Pan-Amaz\u00f4nia&amp;#8221;. Foto: Talita Oliveira&lt;\/p&gt; \" data-medium-file=\"https:\/\/i0.wp.com\/posletrasufac.com\/wp-content\/uploads\/2014\/11\/07-11_linguagens-e-identidades-21.jpg?fit=300%2C199&#038;ssl=1\" data-large-file=\"https:\/\/i0.wp.com\/posletrasufac.com\/wp-content\/uploads\/2014\/11\/07-11_linguagens-e-identidades-21.jpg?fit=750%2C498&#038;ssl=1\" src=\"https:\/\/i0.wp.com\/posletrasufac.com\/wp-content\/uploads\/2014\/11\/07-11_linguagens-e-identidades-21.jpg?w=246&#038;h=163&#038;ssl=1\" width=\"246\" height=\"163\" loading=\"lazy\" data-original-width=\"246\" data-original-height=\"163\" itemprop=\"http:\/\/schema.org\/image\" title=\"07.11_Linguagens e Identidades (21)\" alt=\"Simp\u00f3sio Linguagens e Identidades 2014\" style=\"width: 246px; height: 163px;\" \/> <\/a> <div class=\"tiled-gallery-caption\" itemprop=\"caption description\"> Simp\u00f3sio Linguagens e Identidades 2014 <\/div> <\/div> <\/div> <!-- close group --> <div class=\"gallery-group images-1\" style=\"width: 250px; height: 167px;\" data-original-width=\"250\" data-original-height=\"167\" > <div class=\"tiled-gallery-item tiled-gallery-item-small\" itemprop=\"associatedMedia\" itemscope itemtype=\"http:\/\/schema.org\/ImageObject\"> <a href=\"https:\/\/posletrasufac.com\/en\/2014\/11\/21\/galeria-simposio-2014\/06-11_linguagens-e-identidades-3-2\/\" border=\"0\" itemprop=\"url\"> <meta itemprop=\"width\" content=\"246\"> <meta itemprop=\"height\" content=\"163\"> <img decoding=\"async\" class=\"\" data-attachment-id=\"431\" data-orig-file=\"https:\/\/posletrasufac.com\/wp-content\/uploads\/2014\/11\/06-11_linguagens-e-identidades-31.jpg\" data-orig-size=\"1200,797\" data-comments-opened=\"\" data-image-meta=\"{&quot;aperture&quot;:&quot;3.5&quot;,&quot;credit&quot;:&quot;&quot;,&quot;camera&quot;:&quot;NIKON D90&quot;,&quot;caption&quot;:&quot;06.11.2014, Universidade Federal do Acre - UFAC, Rio Branco\\\/Acre. VIII Simp\\u00f3sio Linguagens e Identidades da\\\/na Amaz\\u00f4nia Sul-Ocidental e VII Col\\u00f3quio Internacional \\u0022As Amaz\\u00f4nias, as \\u00c1fricas e as \\u00c1fricas na Pan-Amaz\\u00f4nia\\u0022. Foto: Talita Oliveira&quot;,&quot;created_timestamp&quot;:&quot;1415271358&quot;,&quot;copyright&quot;:&quot;&quot;,&quot;focal_length&quot;:&quot;18&quot;,&quot;iso&quot;:&quot;400&quot;,&quot;shutter_speed&quot;:&quot;0.016666666666667&quot;,&quot;title&quot;:&quot;&quot;,&quot;orientation&quot;:&quot;0&quot;}\" data-image-title=\"06.11_Linguagens e Identidades (3)\" data-image-description=\"&lt;p&gt;06.11.2014, Universidade Federal do Acre &amp;#8211; UFAC, Rio Branco\/Acre. VIII Simp\u00f3sio Linguagens e Identidades da\/na Amaz\u00f4nia Sul-Ocidental e VII Col\u00f3quio Internacional &amp;#8220;As Amaz\u00f4nias, as \u00c1fricas e as \u00c1fricas na Pan-Amaz\u00f4nia&amp;#8221;. Foto: Talita Oliveira&lt;\/p&gt; \" data-medium-file=\"https:\/\/i0.wp.com\/posletrasufac.com\/wp-content\/uploads\/2014\/11\/06-11_linguagens-e-identidades-31.jpg?fit=300%2C199&#038;ssl=1\" data-large-file=\"https:\/\/i0.wp.com\/posletrasufac.com\/wp-content\/uploads\/2014\/11\/06-11_linguagens-e-identidades-31.jpg?fit=750%2C498&#038;ssl=1\" src=\"https:\/\/i0.wp.com\/posletrasufac.com\/wp-content\/uploads\/2014\/11\/06-11_linguagens-e-identidades-31.jpg?w=246&#038;h=163&#038;ssl=1\" width=\"246\" height=\"163\" loading=\"lazy\" data-original-width=\"246\" data-original-height=\"163\" itemprop=\"http:\/\/schema.org\/image\" title=\"06.11_Linguagens e Identidades (3)\" alt=\"Simp\u00f3sio Linguagens e Identidades 2014\" style=\"width: 246px; height: 163px;\" \/> <\/a> <div class=\"tiled-gallery-caption\" itemprop=\"caption description\"> Simp\u00f3sio Linguagens e Identidades 2014 <\/div> <\/div> <\/div> <!-- close group --> <\/div> <!-- close row --> <div class=\"gallery-row\" style=\"width: 750px; height: 334px;\" data-original-width=\"750\" data-original-height=\"334\" > <div class=\"gallery-group images-1\" style=\"width: 501px; height: 334px;\" data-original-width=\"501\" data-original-height=\"334\" > <div class=\"tiled-gallery-item tiled-gallery-item-large\" itemprop=\"associatedMedia\" itemscope itemtype=\"http:\/\/schema.org\/ImageObject\"> <a href=\"https:\/\/posletrasufac.com\/en\/2014\/11\/21\/galeria-simposio-2014\/04-11_linguagens-e-identidades-4-2\/\" border=\"0\" itemprop=\"url\"> <meta itemprop=\"width\" content=\"497\"> <meta itemprop=\"height\" content=\"330\"> <img decoding=\"async\" class=\"\" data-attachment-id=\"418\" data-orig-file=\"https:\/\/posletrasufac.com\/wp-content\/uploads\/2014\/11\/04-11_linguagens-e-identidades-41.jpg\" data-orig-size=\"1200,797\" data-comments-opened=\"\" data-image-meta=\"{&quot;aperture&quot;:&quot;5&quot;,&quot;credit&quot;:&quot;&quot;,&quot;camera&quot;:&quot;NIKON D90&quot;,&quot;caption&quot;:&quot;04.11.2014, Universidade Federal do Acre - UFAC, Rio Branco\\\/Acre. VIII Simp\\u00f3sio Linguagens e Identidades da\\\/na Amaz\\u00f4nia Sul-Ocidental e VII Col\\u00f3quio Internacional \\u0022As Amaz\\u00f4nias, as \\u00c1fricas e as \\u00c1fricas na Pan-Amaz\\u00f4nia. Foto: Talita Oliveira&quot;,&quot;created_timestamp&quot;:&quot;1415101473&quot;,&quot;copyright&quot;:&quot;&quot;,&quot;focal_length&quot;:&quot;52&quot;,&quot;iso&quot;:&quot;400&quot;,&quot;shutter_speed&quot;:&quot;0.016666666666667&quot;,&quot;title&quot;:&quot;&quot;,&quot;orientation&quot;:&quot;0&quot;}\" data-image-title=\"Foto Talita Oliveira\" data-image-description=\"&lt;p&gt;04.11.2014, Universidade Federal do Acre &amp;#8211; UFAC, Rio Branco\/Acre. VIII Simp\u00f3sio Linguagens e Identidades da\/na Amaz\u00f4nia Sul-Ocidental e VII Col\u00f3quio Internacional &amp;#8220;As Amaz\u00f4nias, as \u00c1fricas e as \u00c1fricas na Pan-Amaz\u00f4nia. Foto: Talita Oliveira&lt;\/p&gt; \" data-medium-file=\"https:\/\/i0.wp.com\/posletrasufac.com\/wp-content\/uploads\/2014\/11\/04-11_linguagens-e-identidades-41.jpg?fit=300%2C199&#038;ssl=1\" data-large-file=\"https:\/\/i0.wp.com\/posletrasufac.com\/wp-content\/uploads\/2014\/11\/04-11_linguagens-e-identidades-41.jpg?fit=750%2C498&#038;ssl=1\" src=\"https:\/\/i0.wp.com\/posletrasufac.com\/wp-content\/uploads\/2014\/11\/04-11_linguagens-e-identidades-41.jpg?w=497&#038;h=330&#038;ssl=1\" width=\"497\" height=\"330\" loading=\"lazy\" data-original-width=\"497\" data-original-height=\"330\" itemprop=\"http:\/\/schema.org\/image\" title=\"Foto Talita Oliveira\" alt=\"Simp\u00f3sio Linguagens e Identidades 2014\" style=\"width: 497px; height: 330px;\" \/> <\/a> <div class=\"tiled-gallery-caption\" itemprop=\"caption description\"> Simp\u00f3sio Linguagens e Identidades 2014 <\/div> <\/div> <\/div> <!-- close group --> <div class=\"gallery-group images-2\" style=\"width: 249px; height: 334px;\" data-original-width=\"249\" data-original-height=\"334\" > <div class=\"tiled-gallery-item tiled-gallery-item-small\" itemprop=\"associatedMedia\" itemscope itemtype=\"http:\/\/schema.org\/ImageObject\"> <a href=\"https:\/\/posletrasufac.com\/en\/2014\/11\/21\/galeria-simposio-2014\/07-11_linguagens-e-identidades-12\/\" border=\"0\" itemprop=\"url\"> <meta itemprop=\"width\" content=\"245\"> <meta itemprop=\"height\" content=\"163\"> <img decoding=\"async\" class=\"\" data-attachment-id=\"451\" data-orig-file=\"https:\/\/posletrasufac.com\/wp-content\/uploads\/2014\/11\/07-11_linguagens-e-identidades-12.jpg\" data-orig-size=\"1200,797\" data-comments-opened=\"\" data-image-meta=\"{&quot;aperture&quot;:&quot;2.8&quot;,&quot;credit&quot;:&quot;&quot;,&quot;camera&quot;:&quot;NIKON D90&quot;,&quot;caption&quot;:&quot;07.11.2014, Universidade Federal do Acre - UFAC, Rio Branco\\\/Acre. VIII Simp\\u00f3sio Linguagens e Identidades da\\\/na Amaz\\u00f4nia Sul-Ocidental e VII Col\\u00f3quio Internacional \\u0022As Amaz\\u00f4nias, as \\u00c1fricas e as \\u00c1fricas na Pan-Amaz\\u00f4nia\\u0022. Foto: Talita Oliveira&quot;,&quot;created_timestamp&quot;:&quot;1415394727&quot;,&quot;copyright&quot;:&quot;&quot;,&quot;focal_length&quot;:&quot;50&quot;,&quot;iso&quot;:&quot;1250&quot;,&quot;shutter_speed&quot;:&quot;0.016666666666667&quot;,&quot;title&quot;:&quot;&quot;,&quot;orientation&quot;:&quot;0&quot;}\" data-image-title=\"07.11_Linguagens e Identidades (12)\" data-image-description=\"&lt;p&gt;07.11.2014, Universidade Federal do Acre &amp;#8211; UFAC, Rio Branco\/Acre. VIII Simp\u00f3sio Linguagens e Identidades da\/na Amaz\u00f4nia Sul-Ocidental e VII Col\u00f3quio Internacional &amp;#8220;As Amaz\u00f4nias, as \u00c1fricas e as \u00c1fricas na Pan-Amaz\u00f4nia&amp;#8221;. Foto: Talita Oliveira&lt;\/p&gt; \" data-medium-file=\"https:\/\/i0.wp.com\/posletrasufac.com\/wp-content\/uploads\/2014\/11\/07-11_linguagens-e-identidades-12.jpg?fit=300%2C199&#038;ssl=1\" data-large-file=\"https:\/\/i0.wp.com\/posletrasufac.com\/wp-content\/uploads\/2014\/11\/07-11_linguagens-e-identidades-12.jpg?fit=750%2C498&#038;ssl=1\" src=\"https:\/\/i0.wp.com\/posletrasufac.com\/wp-content\/uploads\/2014\/11\/07-11_linguagens-e-identidades-12.jpg?w=245&#038;h=163&#038;ssl=1\" width=\"245\" height=\"163\" loading=\"lazy\" data-original-width=\"245\" data-original-height=\"163\" itemprop=\"http:\/\/schema.org\/image\" title=\"07.11_Linguagens e Identidades (12)\" alt=\"Simp\u00f3sio Linguagens e Identidades 2014\" style=\"width: 245px; height: 163px;\" \/> <\/a> <div class=\"tiled-gallery-caption\" itemprop=\"caption description\"> Simp\u00f3sio Linguagens e Identidades 2014 <\/div> <\/div> <div class=\"tiled-gallery-item tiled-gallery-item-small\" itemprop=\"associatedMedia\" itemscope itemtype=\"http:\/\/schema.org\/ImageObject\"> <a href=\"https:\/\/posletrasufac.com\/en\/2014\/11\/21\/galeria-simposio-2014\/06-11_linguagens-e-identidades-3\/\" border=\"0\" itemprop=\"url\"> <meta itemprop=\"width\" content=\"245\"> <meta itemprop=\"height\" content=\"163\"> <img decoding=\"async\" class=\"\" data-attachment-id=\"429\" data-orig-file=\"https:\/\/posletrasufac.com\/wp-content\/uploads\/2014\/11\/06-11_linguagens-e-identidades-3.jpg\" data-orig-size=\"1200,797\" data-comments-opened=\"\" data-image-meta=\"{&quot;aperture&quot;:&quot;4&quot;,&quot;credit&quot;:&quot;&quot;,&quot;camera&quot;:&quot;NIKON D90&quot;,&quot;caption&quot;:&quot;06.11.2014, Universidade Federal do Acre - UFAC, Rio Branco\\\/Acre. VIII Simp\\u00f3sio Linguagens e Identidades da\\\/na Amaz\\u00f4nia Sul-Ocidental e VII Col\\u00f3quio Internacional \\u0022As Amaz\\u00f4nias, as \\u00c1fricas e as \\u00c1fricas na Pan-Amaz\\u00f4nia\\u0022. Foto: Talita Oliveira&quot;,&quot;created_timestamp&quot;:&quot;1415270929&quot;,&quot;copyright&quot;:&quot;&quot;,&quot;focal_length&quot;:&quot;25&quot;,&quot;iso&quot;:&quot;500&quot;,&quot;shutter_speed&quot;:&quot;0.02&quot;,&quot;title&quot;:&quot;&quot;,&quot;orientation&quot;:&quot;0&quot;}\" data-image-title=\"06.11_Linguagens e Identidades (3)\" data-image-description=\"&lt;p&gt;06.11.2014, Universidade Federal do Acre &amp;#8211; UFAC, Rio Branco\/Acre. VIII Simp\u00f3sio Linguagens e Identidades da\/na Amaz\u00f4nia Sul-Ocidental e VII Col\u00f3quio Internacional &amp;#8220;As Amaz\u00f4nias, as \u00c1fricas e as \u00c1fricas na Pan-Amaz\u00f4nia&amp;#8221;. Foto: Talita Oliveira&lt;\/p&gt; \" data-medium-file=\"https:\/\/i0.wp.com\/posletrasufac.com\/wp-content\/uploads\/2014\/11\/06-11_linguagens-e-identidades-3.jpg?fit=300%2C199&#038;ssl=1\" data-large-file=\"https:\/\/i0.wp.com\/posletrasufac.com\/wp-content\/uploads\/2014\/11\/06-11_linguagens-e-identidades-3.jpg?fit=750%2C498&#038;ssl=1\" src=\"https:\/\/i0.wp.com\/posletrasufac.com\/wp-content\/uploads\/2014\/11\/06-11_linguagens-e-identidades-3.jpg?w=245&#038;h=163&#038;ssl=1\" width=\"245\" height=\"163\" loading=\"lazy\" data-original-width=\"245\" data-original-height=\"163\" itemprop=\"http:\/\/schema.org\/image\" title=\"06.11_Linguagens e Identidades (3)\" alt=\"Simp\u00f3sio Linguagens e Identidades 2014\" style=\"width: 245px; height: 163px;\" \/> <\/a> <div class=\"tiled-gallery-caption\" itemprop=\"caption description\"> Simp\u00f3sio Linguagens e Identidades 2014 <\/div> <\/div> <\/div> <!-- close group --> <\/div> <!-- close row --> <div class=\"gallery-row\" style=\"width: 750px; height: 334px;\" data-original-width=\"750\" data-original-height=\"334\" > <div class=\"gallery-group images-2\" style=\"width: 249px; height: 334px;\" data-original-width=\"249\" data-original-height=\"334\" > <div class=\"tiled-gallery-item tiled-gallery-item-small\" itemprop=\"associatedMedia\" itemscope itemtype=\"http:\/\/schema.org\/ImageObject\"> <a href=\"https:\/\/posletrasufac.com\/en\/2014\/11\/21\/galeria-simposio-2014\/03-11_linguagens-e-identidades-8\/\" border=\"0\" itemprop=\"url\"> <meta itemprop=\"width\" content=\"245\"> <meta itemprop=\"height\" content=\"163\"> <img decoding=\"async\" class=\"\" data-attachment-id=\"399\" data-orig-file=\"https:\/\/posletrasufac.com\/wp-content\/uploads\/2014\/11\/03-11_linguagens-e-identidades-8.jpg\" data-orig-size=\"1200,797\" data-comments-opened=\"\" data-image-meta=\"{&quot;aperture&quot;:&quot;5.6&quot;,&quot;credit&quot;:&quot;&quot;,&quot;camera&quot;:&quot;NIKON D90&quot;,&quot;caption&quot;:&quot;03.11.2014, Universidade Federal do Acre - UFAC, Rio Branco\\\/Acre. VIII Simp\\u00f3sio Linguagens e Identidades da\\\/na Amaz\\u00f4nia Sul-Ocidental e VII Col\\u00f3quio Internacional \\u0022As Amaz\\u00f4nias, as \\u00c1fricas e as \\u00c1fricas na Pan-Amaz\\u00f4nia. Foto: Talita Oliveira&quot;,&quot;created_timestamp&quot;:&quot;1415048205&quot;,&quot;copyright&quot;:&quot;&quot;,&quot;focal_length&quot;:&quot;105&quot;,&quot;iso&quot;:&quot;800&quot;,&quot;shutter_speed&quot;:&quot;0.025&quot;,&quot;title&quot;:&quot;&quot;,&quot;orientation&quot;:&quot;0&quot;}\" data-image-title=\"\" data-image-description=\"&lt;p&gt;03.11.2014, Universidade Federal do Acre &amp;#8211; UFAC, Rio Branco\/Acre. VIII Simp\u00f3sio Linguagens e Identidades da\/na Amaz\u00f4nia Sul-Ocidental e VII Col\u00f3quio Internacional &amp;#8220;As Amaz\u00f4nias, as \u00c1fricas e as \u00c1fricas na Pan-Amaz\u00f4nia. Foto: Talita Oliveira&lt;\/p&gt; \" data-medium-file=\"https:\/\/i0.wp.com\/posletrasufac.com\/wp-content\/uploads\/2014\/11\/03-11_linguagens-e-identidades-8.jpg?fit=300%2C199&#038;ssl=1\" data-large-file=\"https:\/\/i0.wp.com\/posletrasufac.com\/wp-content\/uploads\/2014\/11\/03-11_linguagens-e-identidades-8.jpg?fit=750%2C498&#038;ssl=1\" src=\"https:\/\/i0.wp.com\/posletrasufac.com\/wp-content\/uploads\/2014\/11\/03-11_linguagens-e-identidades-8.jpg?w=245&#038;h=163&#038;ssl=1\" width=\"245\" height=\"163\" loading=\"lazy\" data-original-width=\"245\" data-original-height=\"163\" itemprop=\"http:\/\/schema.org\/image\" title=\"\" alt=\"Simp\u00f3sio Linguagens e Identidades 2014\" style=\"width: 245px; height: 163px;\" \/> <\/a> <div class=\"tiled-gallery-caption\" itemprop=\"caption description\"> Simp\u00f3sio Linguagens e Identidades 2014 <\/div> <\/div> <div class=\"tiled-gallery-item tiled-gallery-item-small\" itemprop=\"associatedMedia\" itemscope itemtype=\"http:\/\/schema.org\/ImageObject\"> <a href=\"https:\/\/posletrasufac.com\/en\/2014\/11\/21\/galeria-simposio-2014\/03-11_linguagens-e-identidades-14\/\" border=\"0\" itemprop=\"url\"> <meta itemprop=\"width\" content=\"245\"> <meta itemprop=\"height\" content=\"163\"> <img decoding=\"async\" class=\"\" data-attachment-id=\"396\" data-orig-file=\"https:\/\/posletrasufac.com\/wp-content\/uploads\/2014\/11\/03-11_linguagens-e-identidades-14.jpg\" data-orig-size=\"4288,2848\" data-comments-opened=\"\" data-image-meta=\"{&quot;aperture&quot;:&quot;11&quot;,&quot;credit&quot;:&quot;&quot;,&quot;camera&quot;:&quot;NIKON D90&quot;,&quot;caption&quot;:&quot;03.11.2014, Universidade Federal do Acre - UFAC, Rio Branco\\\/Acre. VIII Simp\\u00f3sio Linguagens e Identidades da\\\/na Amaz\\u00f4nia Sul-Ocidental e VII Col\\u00f3quio Internacional \\u0022As Amaz\\u00f4nias, as \\u00c1fricas e as \\u00c1fricas na Pan-Amaz\\u00f4nia. Foto: Talita Oliveira&quot;,&quot;created_timestamp&quot;:&quot;1415042396&quot;,&quot;copyright&quot;:&quot;&quot;,&quot;focal_length&quot;:&quot;85&quot;,&quot;iso&quot;:&quot;400&quot;,&quot;shutter_speed&quot;:&quot;0.2&quot;,&quot;title&quot;:&quot;&quot;,&quot;orientation&quot;:&quot;0&quot;}\" data-image-title=\"\" data-image-description=\"&lt;p&gt;Foto Talita Oliveira&lt;\/p&gt; \" data-medium-file=\"https:\/\/i0.wp.com\/posletrasufac.com\/wp-content\/uploads\/2014\/11\/03-11_linguagens-e-identidades-14.jpg?fit=300%2C199&#038;ssl=1\" data-large-file=\"https:\/\/i0.wp.com\/posletrasufac.com\/wp-content\/uploads\/2014\/11\/03-11_linguagens-e-identidades-14.jpg?fit=750%2C498&#038;ssl=1\" src=\"https:\/\/i0.wp.com\/posletrasufac.com\/wp-content\/uploads\/2014\/11\/03-11_linguagens-e-identidades-14.jpg?w=245&#038;h=163&#038;ssl=1\" width=\"245\" height=\"163\" loading=\"lazy\" data-original-width=\"245\" data-original-height=\"163\" itemprop=\"http:\/\/schema.org\/image\" title=\"\" alt=\"2014 - Simp\u00f3sio Linguagens e Identidades\" style=\"width: 245px; height: 163px;\" \/> <\/a> <div class=\"tiled-gallery-caption\" itemprop=\"caption description\"> 2014 &#8211; Simp\u00f3sio Linguagens e Identidades <\/div> <\/div> <\/div> <!-- close group --> <div class=\"gallery-group images-1\" style=\"width: 501px; height: 334px;\" data-original-width=\"501\" data-original-height=\"334\" > <div class=\"tiled-gallery-item tiled-gallery-item-large\" itemprop=\"associatedMedia\" itemscope itemtype=\"http:\/\/schema.org\/ImageObject\"> <a href=\"https:\/\/posletrasufac.com\/en\/2014\/11\/21\/galeria-simposio-2014\/03-11_linguagens-e-identidades-1\/\" border=\"0\" itemprop=\"url\"> <meta itemprop=\"width\" content=\"497\"> <meta itemprop=\"height\" content=\"330\"> <img decoding=\"async\" class=\"\" data-attachment-id=\"398\" data-orig-file=\"https:\/\/posletrasufac.com\/wp-content\/uploads\/2014\/11\/03-11_linguagens-e-identidades-1.jpg\" data-orig-size=\"1200,797\" data-comments-opened=\"\" data-image-meta=\"{&quot;aperture&quot;:&quot;5.3&quot;,&quot;credit&quot;:&quot;&quot;,&quot;camera&quot;:&quot;NIKON D90&quot;,&quot;caption&quot;:&quot;03.11.2014, Universidade Federal do Acre - UFAC, Rio Branco\\\/Acre. VIII Simp\\u00f3sio Linguagens e Identidades da\\\/na Amaz\\u00f4nia Sul-Ocidental e VII Col\\u00f3quio Internacional \\u0022As Amaz\\u00f4nias, as \\u00c1fricas e as \\u00c1fricas na Pan-Amaz\\u00f4nia. Foto: Talita Oliveira&quot;,&quot;created_timestamp&quot;:&quot;1415047847&quot;,&quot;copyright&quot;:&quot;&quot;,&quot;focal_length&quot;:&quot;70&quot;,&quot;iso&quot;:&quot;640&quot;,&quot;shutter_speed&quot;:&quot;0.016666666666667&quot;,&quot;title&quot;:&quot;&quot;,&quot;orientation&quot;:&quot;0&quot;}\" data-image-title=\"\" data-image-description=\"&lt;p&gt;03.11.2014, Universidade Federal do Acre &amp;#8211; UFAC, Rio Branco\/Acre. VIII Simp\u00f3sio Linguagens e Identidades da\/na Amaz\u00f4nia Sul-Ocidental e VII Col\u00f3quio Internacional &amp;#8220;As Amaz\u00f4nias, as \u00c1fricas e as \u00c1fricas na Pan-Amaz\u00f4nia. Foto: Talita Oliveira&lt;\/p&gt; \" data-medium-file=\"https:\/\/i0.wp.com\/posletrasufac.com\/wp-content\/uploads\/2014\/11\/03-11_linguagens-e-identidades-1.jpg?fit=300%2C199&#038;ssl=1\" data-large-file=\"https:\/\/i0.wp.com\/posletrasufac.com\/wp-content\/uploads\/2014\/11\/03-11_linguagens-e-identidades-1.jpg?fit=750%2C498&#038;ssl=1\" src=\"https:\/\/i0.wp.com\/posletrasufac.com\/wp-content\/uploads\/2014\/11\/03-11_linguagens-e-identidades-1.jpg?w=497&#038;h=330&#038;ssl=1\" width=\"497\" height=\"330\" loading=\"lazy\" data-original-width=\"497\" data-original-height=\"330\" itemprop=\"http:\/\/schema.org\/image\" title=\"\" alt=\"Simp\u00f3sio Linguagens e Identidades 2014\" style=\"width: 497px; height: 330px;\" \/> <\/a> <div class=\"tiled-gallery-caption\" itemprop=\"caption description\"> Simp\u00f3sio Linguagens e Identidades 2014 <\/div> <\/div> <\/div> <!-- close group --> <\/div> <!-- close row --> <div class=\"gallery-row\" style=\"width: 750px; height: 250px;\" data-original-width=\"750\" data-original-height=\"250\" > <div class=\"gallery-group images-1\" style=\"width: 375px; height: 250px;\" data-original-width=\"375\" data-original-height=\"250\" > <div class=\"tiled-gallery-item tiled-gallery-item-large\" itemprop=\"associatedMedia\" itemscope itemtype=\"http:\/\/schema.org\/ImageObject\"> <a href=\"https:\/\/posletrasufac.com\/en\/2014\/11\/21\/galeria-simposio-2014\/07-11_linguagens-e-identidades-3\/\" border=\"0\" itemprop=\"url\"> <meta itemprop=\"width\" content=\"371\"> <meta itemprop=\"height\" content=\"246\"> <img decoding=\"async\" class=\"\" data-attachment-id=\"439\" data-orig-file=\"https:\/\/posletrasufac.com\/wp-content\/uploads\/2014\/11\/07-11_linguagens-e-identidades-3.jpg\" data-orig-size=\"1200,797\" data-comments-opened=\"\" data-image-meta=\"{&quot;aperture&quot;:&quot;4.5&quot;,&quot;credit&quot;:&quot;&quot;,&quot;camera&quot;:&quot;NIKON D90&quot;,&quot;caption&quot;:&quot;07.11.2014, Universidade Federal do Acre - UFAC, Rio Branco\\\/Acre. VIII Simp\\u00f3sio Linguagens e Identidades da\\\/na Amaz\\u00f4nia Sul-Ocidental e VII Col\\u00f3quio Internacional \\u0022As Amaz\\u00f4nias, as \\u00c1fricas e as \\u00c1fricas na Pan-Amaz\\u00f4nia\\u0022. Foto: Talita Oliveira&quot;,&quot;created_timestamp&quot;:&quot;1415378333&quot;,&quot;copyright&quot;:&quot;&quot;,&quot;focal_length&quot;:&quot;38&quot;,&quot;iso&quot;:&quot;400&quot;,&quot;shutter_speed&quot;:&quot;0.0125&quot;,&quot;title&quot;:&quot;&quot;,&quot;orientation&quot;:&quot;0&quot;}\" data-image-title=\"07.11_Linguagens e Identidades (3)\" data-image-description=\"&lt;p&gt;07.11.2014, Universidade Federal do Acre &amp;#8211; UFAC, Rio Branco\/Acre. VIII Simp\u00f3sio Linguagens e Identidades da\/na Amaz\u00f4nia Sul-Ocidental e VII Col\u00f3quio Internacional &amp;#8220;As Amaz\u00f4nias, as \u00c1fricas e as \u00c1fricas na Pan-Amaz\u00f4nia&amp;#8221;. Foto: Talita Oliveira&lt;\/p&gt; \" data-medium-file=\"https:\/\/i0.wp.com\/posletrasufac.com\/wp-content\/uploads\/2014\/11\/07-11_linguagens-e-identidades-3.jpg?fit=300%2C199&#038;ssl=1\" data-large-file=\"https:\/\/i0.wp.com\/posletrasufac.com\/wp-content\/uploads\/2014\/11\/07-11_linguagens-e-identidades-3.jpg?fit=750%2C498&#038;ssl=1\" src=\"https:\/\/i0.wp.com\/posletrasufac.com\/wp-content\/uploads\/2014\/11\/07-11_linguagens-e-identidades-3.jpg?w=371&#038;h=246&#038;ssl=1\" width=\"371\" height=\"246\" loading=\"lazy\" data-original-width=\"371\" data-original-height=\"246\" itemprop=\"http:\/\/schema.org\/image\" title=\"07.11_Linguagens e Identidades (3)\" alt=\"Simp\u00f3sio Linguagens e Identidades 2014\" style=\"width: 371px; height: 246px;\" \/> <\/a> <div class=\"tiled-gallery-caption\" itemprop=\"caption description\"> Simp\u00f3sio Linguagens e Identidades 2014 <\/div> <\/div> <\/div> <!-- close group --> <div class=\"gallery-group images-1\" style=\"width: 375px; height: 250px;\" data-original-width=\"375\" data-original-height=\"250\" > <div class=\"tiled-gallery-item tiled-gallery-item-large\" itemprop=\"associatedMedia\" itemscope itemtype=\"http:\/\/schema.org\/ImageObject\"> <a href=\"https:\/\/posletrasufac.com\/en\/2014\/11\/21\/galeria-simposio-2014\/06-11_linguagens-e-identidades-8\/\" border=\"0\" itemprop=\"url\"> <meta itemprop=\"width\" content=\"371\"> <meta itemprop=\"height\" content=\"246\"> <img decoding=\"async\" class=\"\" data-attachment-id=\"430\" data-orig-file=\"https:\/\/posletrasufac.com\/wp-content\/uploads\/2014\/11\/06-11_linguagens-e-identidades-8.jpg\" data-orig-size=\"1200,797\" data-comments-opened=\"\" data-image-meta=\"{&quot;aperture&quot;:&quot;5&quot;,&quot;credit&quot;:&quot;&quot;,&quot;camera&quot;:&quot;NIKON D90&quot;,&quot;caption&quot;:&quot;06.11.2014, Universidade Federal do Acre - UFAC, Rio Branco\\\/Acre. VIII Simp\\u00f3sio Linguagens e Identidades da\\\/na Amaz\\u00f4nia Sul-Ocidental e VII Col\\u00f3quio Internacional \\u0022As Amaz\\u00f4nias, as \\u00c1fricas e as \\u00c1fricas na Pan-Amaz\\u00f4nia\\u0022. Foto: Talita Oliveira&quot;,&quot;created_timestamp&quot;:&quot;1415271010&quot;,&quot;copyright&quot;:&quot;&quot;,&quot;focal_length&quot;:&quot;52&quot;,&quot;iso&quot;:&quot;500&quot;,&quot;shutter_speed&quot;:&quot;0.02&quot;,&quot;title&quot;:&quot;&quot;,&quot;orientation&quot;:&quot;0&quot;}\" data-image-title=\"\" data-image-description=\"&lt;p&gt;Foto Talita Oliveira&lt;\/p&gt; \" data-medium-file=\"https:\/\/i0.wp.com\/posletrasufac.com\/wp-content\/uploads\/2014\/11\/06-11_linguagens-e-identidades-8.jpg?fit=300%2C199&#038;ssl=1\" data-large-file=\"https:\/\/i0.wp.com\/posletrasufac.com\/wp-content\/uploads\/2014\/11\/06-11_linguagens-e-identidades-8.jpg?fit=750%2C498&#038;ssl=1\" src=\"https:\/\/i0.wp.com\/posletrasufac.com\/wp-content\/uploads\/2014\/11\/06-11_linguagens-e-identidades-8.jpg?w=371&#038;h=246&#038;ssl=1\" width=\"371\" height=\"246\" loading=\"lazy\" data-original-width=\"371\" data-original-height=\"246\" itemprop=\"http:\/\/schema.org\/image\" title=\"\" alt=\"2014 - Simp\u00f3sio Linguagens e Identidades\" style=\"width: 371px; height: 246px;\" \/> <\/a> <div class=\"tiled-gallery-caption\" itemprop=\"caption description\"> 2014 &#8211; Simp\u00f3sio Linguagens e Identidades <\/div> <\/div> <\/div> <!-- close group --> <\/div> <!-- close row --> <div class=\"gallery-row\" style=\"width: 750px; height: 250px;\" data-original-width=\"750\" data-original-height=\"250\" > <div class=\"gallery-group images-1\" style=\"width: 375px; height: 250px;\" data-original-width=\"375\" data-original-height=\"250\" > <div class=\"tiled-gallery-item tiled-gallery-item-large\" itemprop=\"associatedMedia\" itemscope itemtype=\"http:\/\/schema.org\/ImageObject\"> <a href=\"https:\/\/posletrasufac.com\/en\/2014\/11\/21\/galeria-simposio-2014\/03-11_linguagens-e-identidades-31\/\" border=\"0\" itemprop=\"url\"> <meta itemprop=\"width\" content=\"371\"> <meta itemprop=\"height\" content=\"246\"> <img decoding=\"async\" class=\"\" data-attachment-id=\"392\" data-orig-file=\"https:\/\/posletrasufac.com\/wp-content\/uploads\/2014\/11\/03-11_linguagens-e-identidades-31.jpg\" data-orig-size=\"4288,2848\" data-comments-opened=\"\" data-image-meta=\"{&quot;aperture&quot;:&quot;4.2&quot;,&quot;credit&quot;:&quot;&quot;,&quot;camera&quot;:&quot;NIKON D90&quot;,&quot;caption&quot;:&quot;03.11.2014, Universidade Federal do Acre - UFAC, Rio Branco\\\/Acre. VIII Simp\\u00f3sio Linguagens e Identidades da\\\/na Amaz\\u00f4nia Sul-Ocidental e VII Col\\u00f3quio Internacional \\u0022As Amaz\\u00f4nias, as \\u00c1fricas e as \\u00c1fricas na Pan-Amaz\\u00f4nia. Foto: Talita Oliveira&quot;,&quot;created_timestamp&quot;:&quot;1415019858&quot;,&quot;copyright&quot;:&quot;&quot;,&quot;focal_length&quot;:&quot;34&quot;,&quot;iso&quot;:&quot;200&quot;,&quot;shutter_speed&quot;:&quot;0.016666666666667&quot;,&quot;title&quot;:&quot;&quot;,&quot;orientation&quot;:&quot;0&quot;}\" data-image-title=\"\" data-image-description=\"&lt;p&gt;03.11.2014, Universidade Federal do Acre &amp;#8211; UFAC, Rio Branco\/Acre. VIII Simp\u00f3sio Linguagens e Identidades da\/na Amaz\u00f4nia Sul-Ocidental e VII Col\u00f3quio Internacional &amp;#8220;As Amaz\u00f4nias, as \u00c1fricas e as \u00c1fricas na Pan-Amaz\u00f4nia. Foto: Talita Oliveira&lt;\/p&gt; \" data-medium-file=\"https:\/\/i0.wp.com\/posletrasufac.com\/wp-content\/uploads\/2014\/11\/03-11_linguagens-e-identidades-31.jpg?fit=300%2C199&#038;ssl=1\" data-large-file=\"https:\/\/i0.wp.com\/posletrasufac.com\/wp-content\/uploads\/2014\/11\/03-11_linguagens-e-identidades-31.jpg?fit=750%2C498&#038;ssl=1\" src=\"https:\/\/i0.wp.com\/posletrasufac.com\/wp-content\/uploads\/2014\/11\/03-11_linguagens-e-identidades-31.jpg?w=371&#038;h=246&#038;ssl=1\" width=\"371\" height=\"246\" loading=\"lazy\" data-original-width=\"371\" data-original-height=\"246\" itemprop=\"http:\/\/schema.org\/image\" title=\"\" alt=\"Simp\u00f3sio Linguagens e Identidades 2014\" style=\"width: 371px; height: 246px;\" \/> <\/a> <div class=\"tiled-gallery-caption\" itemprop=\"caption description\"> Simp\u00f3sio Linguagens e Identidades 2014 <\/div> <\/div> <\/div> <!-- close group --> <div class=\"gallery-group images-1\" style=\"width: 375px; height: 250px;\" data-original-width=\"375\" data-original-height=\"250\" > <div class=\"tiled-gallery-item tiled-gallery-item-large\" itemprop=\"associatedMedia\" itemscope itemtype=\"http:\/\/schema.org\/ImageObject\"> <a href=\"https:\/\/posletrasufac.com\/en\/2014\/11\/21\/galeria-simposio-2014\/04-11_linguagens-e-identidades-11\/\" border=\"0\" itemprop=\"url\"> <meta itemprop=\"width\" content=\"371\"> <meta itemprop=\"height\" content=\"246\"> <img decoding=\"async\" class=\"\" data-attachment-id=\"404\" data-orig-file=\"https:\/\/posletrasufac.com\/wp-content\/uploads\/2014\/11\/04-11_linguagens-e-identidades-11.jpg\" data-orig-size=\"1200,797\" data-comments-opened=\"\" data-image-meta=\"{&quot;aperture&quot;:&quot;3.8&quot;,&quot;credit&quot;:&quot;&quot;,&quot;camera&quot;:&quot;NIKON D90&quot;,&quot;caption&quot;:&quot;04.11.2014, Universidade Federal do Acre - UFAC, Rio Branco\\\/Acre. VIII Simp\\u00f3sio Linguagens e Identidades da\\\/na Amaz\\u00f4nia Sul-Ocidental e VII Col\\u00f3quio Internacional \\u0022As Amaz\\u00f4nias, as \\u00c1fricas e as \\u00c1fricas na Pan-Amaz\\u00f4nia. Foto: Talita Oliveira&quot;,&quot;created_timestamp&quot;:&quot;1415102123&quot;,&quot;copyright&quot;:&quot;&quot;,&quot;focal_length&quot;:&quot;21&quot;,&quot;iso&quot;:&quot;500&quot;,&quot;shutter_speed&quot;:&quot;0.00625&quot;,&quot;title&quot;:&quot;&quot;,&quot;orientation&quot;:&quot;0&quot;}\" data-image-title=\"\" data-image-description=\"&lt;p&gt;Foto Talita Oliveira&lt;\/p&gt; \" data-medium-file=\"https:\/\/i0.wp.com\/posletrasufac.com\/wp-content\/uploads\/2014\/11\/04-11_linguagens-e-identidades-11.jpg?fit=300%2C199&#038;ssl=1\" data-large-file=\"https:\/\/i0.wp.com\/posletrasufac.com\/wp-content\/uploads\/2014\/11\/04-11_linguagens-e-identidades-11.jpg?fit=750%2C498&#038;ssl=1\" src=\"https:\/\/i0.wp.com\/posletrasufac.com\/wp-content\/uploads\/2014\/11\/04-11_linguagens-e-identidades-11.jpg?w=371&#038;h=246&#038;ssl=1\" width=\"371\" height=\"246\" loading=\"lazy\" data-original-width=\"371\" data-original-height=\"246\" itemprop=\"http:\/\/schema.org\/image\" title=\"\" alt=\"2014 - Simp\u00f3sio Linguagens e Identidades\" style=\"width: 371px; height: 246px;\" \/> <\/a> <div class=\"tiled-gallery-caption\" itemprop=\"caption description\"> 2014 &#8211; Simp\u00f3sio Linguagens e Identidades <\/div> <\/div> <\/div> <!-- close group --> <\/div> <!-- close row --> <div class=\"gallery-row\" style=\"width: 750px; height: 334px;\" data-original-width=\"750\" data-original-height=\"334\" > <div class=\"gallery-group images-1\" style=\"width: 501px; height: 334px;\" data-original-width=\"501\" data-original-height=\"334\" > <div class=\"tiled-gallery-item tiled-gallery-item-large\" itemprop=\"associatedMedia\" itemscope itemtype=\"http:\/\/schema.org\/ImageObject\"> <a href=\"https:\/\/posletrasufac.com\/en\/2014\/11\/21\/galeria-simposio-2014\/07-11_linguagens-e-identidades-27\/\" border=\"0\" itemprop=\"url\"> <meta itemprop=\"width\" content=\"497\"> <meta itemprop=\"height\" content=\"330\"> <img decoding=\"async\" class=\"\" data-attachment-id=\"442\" data-orig-file=\"https:\/\/posletrasufac.com\/wp-content\/uploads\/2014\/11\/07-11_linguagens-e-identidades-27.jpg\" data-orig-size=\"1200,797\" data-comments-opened=\"\" data-image-meta=\"{&quot;aperture&quot;:&quot;4.5&quot;,&quot;credit&quot;:&quot;&quot;,&quot;camera&quot;:&quot;NIKON D90&quot;,&quot;caption&quot;:&quot;07.11.2014, Universidade Federal do Acre - UFAC, Rio Branco\\\/Acre. VIII Simp\\u00f3sio Linguagens e Identidades da\\\/na Amaz\\u00f4nia Sul-Ocidental e VII Col\\u00f3quio Internacional \\u0022As Amaz\\u00f4nias, as \\u00c1fricas e as \\u00c1fricas na Pan-Amaz\\u00f4nia\\u0022. Foto: Talita Oliveira&quot;,&quot;created_timestamp&quot;:&quot;1415378550&quot;,&quot;copyright&quot;:&quot;&quot;,&quot;focal_length&quot;:&quot;18&quot;,&quot;iso&quot;:&quot;640&quot;,&quot;shutter_speed&quot;:&quot;0.01&quot;,&quot;title&quot;:&quot;&quot;,&quot;orientation&quot;:&quot;0&quot;}\" data-image-title=\"07.11_Linguagens e Identidades (27)\" data-image-description=\"&lt;p&gt;07.11.2014, Universidade Federal do Acre &amp;#8211; UFAC, Rio Branco\/Acre. VIII Simp\u00f3sio Linguagens e Identidades da\/na Amaz\u00f4nia Sul-Ocidental e VII Col\u00f3quio Internacional &amp;#8220;As Amaz\u00f4nias, as \u00c1fricas e as \u00c1fricas na Pan-Amaz\u00f4nia&amp;#8221;. Foto: Talita Oliveira&lt;\/p&gt; \" data-medium-file=\"https:\/\/i0.wp.com\/posletrasufac.com\/wp-content\/uploads\/2014\/11\/07-11_linguagens-e-identidades-27.jpg?fit=300%2C199&#038;ssl=1\" data-large-file=\"https:\/\/i0.wp.com\/posletrasufac.com\/wp-content\/uploads\/2014\/11\/07-11_linguagens-e-identidades-27.jpg?fit=750%2C498&#038;ssl=1\" src=\"https:\/\/i0.wp.com\/posletrasufac.com\/wp-content\/uploads\/2014\/11\/07-11_linguagens-e-identidades-27.jpg?w=497&#038;h=330&#038;ssl=1\" width=\"497\" height=\"330\" loading=\"lazy\" data-original-width=\"497\" data-original-height=\"330\" itemprop=\"http:\/\/schema.org\/image\" title=\"07.11_Linguagens e Identidades (27)\" alt=\"Simp\u00f3sio Linguagens e Identidades 2014\" style=\"width: 497px; height: 330px;\" \/> <\/a> <div class=\"tiled-gallery-caption\" itemprop=\"caption description\"> Simp\u00f3sio Linguagens e Identidades 2014 <\/div> <\/div> <\/div> <!-- close group --> <div class=\"gallery-group images-2\" style=\"width: 249px; height: 334px;\" data-original-width=\"249\" data-original-height=\"334\" > <div class=\"tiled-gallery-item tiled-gallery-item-small\" itemprop=\"associatedMedia\" itemscope itemtype=\"http:\/\/schema.org\/ImageObject\"> <a href=\"https:\/\/posletrasufac.com\/en\/2014\/11\/21\/galeria-simposio-2014\/05-11_linguagens-e-identidades-10-2\/\" border=\"0\" itemprop=\"url\"> <meta itemprop=\"width\" content=\"245\"> <meta itemprop=\"height\" content=\"163\"> <img decoding=\"async\" class=\"\" data-attachment-id=\"457\" data-orig-file=\"https:\/\/posletrasufac.com\/wp-content\/uploads\/2014\/11\/05-11_linguagens-e-identidades-101.jpg\" data-orig-size=\"1200,797\" data-comments-opened=\"\" data-image-meta=\"{&quot;aperture&quot;:&quot;2.8&quot;,&quot;credit&quot;:&quot;&quot;,&quot;camera&quot;:&quot;NIKON D90&quot;,&quot;caption&quot;:&quot;05.11.2014, Universidade Federal do Acre - UFAC, Rio Branco\\\/Acre. VIII Simp\\u00f3sio Linguagens e Identidades da\\\/na Amaz\\u00f4nia Sul-Ocidental e VII Col\\u00f3quio Internacional \\u0022As Amaz\\u00f4nias, as \\u00c1fricas e as \\u00c1fricas na Pan-Amaz\\u00f4nia\\u0022. Foto: Talita Oliveira&quot;,&quot;created_timestamp&quot;:&quot;1415221081&quot;,&quot;copyright&quot;:&quot;&quot;,&quot;focal_length&quot;:&quot;50&quot;,&quot;iso&quot;:&quot;1250&quot;,&quot;shutter_speed&quot;:&quot;0.02&quot;,&quot;title&quot;:&quot;&quot;,&quot;orientation&quot;:&quot;0&quot;}\" data-image-title=\"05.11_Linguagens e Identidades (10)\" data-image-description=\"&lt;p&gt;05.11.2014, Universidade Federal do Acre &amp;#8211; UFAC, Rio Branco\/Acre. VIII Simp\u00f3sio Linguagens e Identidades da\/na Amaz\u00f4nia Sul-Ocidental e VII Col\u00f3quio Internacional &amp;#8220;As Amaz\u00f4nias, as \u00c1fricas e as \u00c1fricas na Pan-Amaz\u00f4nia&amp;#8221;. Foto: Talita Oliveira&lt;\/p&gt; \" data-medium-file=\"https:\/\/i0.wp.com\/posletrasufac.com\/wp-content\/uploads\/2014\/11\/05-11_linguagens-e-identidades-101.jpg?fit=300%2C199&#038;ssl=1\" data-large-file=\"https:\/\/i0.wp.com\/posletrasufac.com\/wp-content\/uploads\/2014\/11\/05-11_linguagens-e-identidades-101.jpg?fit=750%2C498&#038;ssl=1\" src=\"https:\/\/i0.wp.com\/posletrasufac.com\/wp-content\/uploads\/2014\/11\/05-11_linguagens-e-identidades-101.jpg?w=245&#038;h=163&#038;ssl=1\" width=\"245\" height=\"163\" loading=\"lazy\" data-original-width=\"245\" data-original-height=\"163\" itemprop=\"http:\/\/schema.org\/image\" title=\"05.11_Linguagens e Identidades (10)\" alt=\"Simp\u00f3sio Linguagens e Identidades 2014\" style=\"width: 245px; height: 163px;\" \/> <\/a> <div class=\"tiled-gallery-caption\" itemprop=\"caption description\"> Simp\u00f3sio Linguagens e Identidades 2014 <\/div> <\/div> <div class=\"tiled-gallery-item tiled-gallery-item-small\" itemprop=\"associatedMedia\" itemscope itemtype=\"http:\/\/schema.org\/ImageObject\"> <a href=\"https:\/\/posletrasufac.com\/en\/2014\/11\/21\/galeria-simposio-2014\/05-11_linguagens-e-identidades-27\/\" border=\"0\" itemprop=\"url\"> <meta itemprop=\"width\" content=\"245\"> <meta itemprop=\"height\" content=\"163\"> <img decoding=\"async\" class=\"\" data-attachment-id=\"421\" data-orig-file=\"https:\/\/posletrasufac.com\/wp-content\/uploads\/2014\/11\/05-11_linguagens-e-identidades-27.jpg\" data-orig-size=\"1200,797\" data-comments-opened=\"\" data-image-meta=\"{&quot;aperture&quot;:&quot;5.6&quot;,&quot;credit&quot;:&quot;&quot;,&quot;camera&quot;:&quot;NIKON D90&quot;,&quot;caption&quot;:&quot;05.11.2014, Universidade Federal do Acre - UFAC, Rio Branco\\\/Acre. VIII Simp\\u00f3sio Linguagens e Identidades da\\\/na Amaz\\u00f4nia Sul-Ocidental e VII Col\\u00f3quio Internacional \\u0022As Amaz\\u00f4nias, as \\u00c1fricas e as \\u00c1fricas na Pan-Amaz\\u00f4nia\\u0022. Foto: Talita Oliveira&quot;,&quot;created_timestamp&quot;:&quot;1415224210&quot;,&quot;copyright&quot;:&quot;&quot;,&quot;focal_length&quot;:&quot;98&quot;,&quot;iso&quot;:&quot;2000&quot;,&quot;shutter_speed&quot;:&quot;0.02&quot;,&quot;title&quot;:&quot;&quot;,&quot;orientation&quot;:&quot;0&quot;}\" data-image-title=\"\" data-image-description=\"&lt;p&gt;Foto Talita Oliveira&lt;\/p&gt; \" data-medium-file=\"https:\/\/i0.wp.com\/posletrasufac.com\/wp-content\/uploads\/2014\/11\/05-11_linguagens-e-identidades-27.jpg?fit=300%2C199&#038;ssl=1\" data-large-file=\"https:\/\/i0.wp.com\/posletrasufac.com\/wp-content\/uploads\/2014\/11\/05-11_linguagens-e-identidades-27.jpg?fit=750%2C498&#038;ssl=1\" src=\"https:\/\/i0.wp.com\/posletrasufac.com\/wp-content\/uploads\/2014\/11\/05-11_linguagens-e-identidades-27.jpg?w=245&#038;h=163&#038;ssl=1\" width=\"245\" height=\"163\" loading=\"lazy\" data-original-width=\"245\" data-original-height=\"163\" itemprop=\"http:\/\/schema.org\/image\" title=\"\" alt=\"2014 - Simp\u00f3sio Linguagens e Identidades\" style=\"width: 245px; height: 163px;\" \/> <\/a> <div class=\"tiled-gallery-caption\" itemprop=\"caption description\"> 2014 &#8211; Simp\u00f3sio Linguagens e Identidades <\/div> <\/div> <\/div> <!-- close group --> <\/div> <!-- close row --> <div class=\"gallery-row\" style=\"width: 750px; height: 644px;\" data-original-width=\"750\" data-original-height=\"644\" > <div class=\"gallery-group images-3\" style=\"width: 321px; height: 644px;\" data-original-width=\"321\" data-original-height=\"644\" > <div class=\"tiled-gallery-item tiled-gallery-item-large\" itemprop=\"associatedMedia\" itemscope itemtype=\"http:\/\/schema.org\/ImageObject\"> <a href=\"https:\/\/posletrasufac.com\/en\/2014\/11\/21\/galeria-simposio-2014\/07-11_linguagens-e-identidades-33\/\" border=\"0\" itemprop=\"url\"> <meta itemprop=\"width\" content=\"317\"> <meta itemprop=\"height\" content=\"211\"> <img decoding=\"async\" class=\"\" data-attachment-id=\"444\" data-orig-file=\"https:\/\/posletrasufac.com\/wp-content\/uploads\/2014\/11\/07-11_linguagens-e-identidades-33.jpg\" data-orig-size=\"1200,797\" data-comments-opened=\"\" data-image-meta=\"{&quot;aperture&quot;:&quot;4.5&quot;,&quot;credit&quot;:&quot;&quot;,&quot;camera&quot;:&quot;NIKON D90&quot;,&quot;caption&quot;:&quot;07.11.2014, Universidade Federal do Acre - UFAC, Rio Branco\\\/Acre. VIII Simp\\u00f3sio Linguagens e Identidades da\\\/na Amaz\\u00f4nia Sul-Ocidental e VII Col\\u00f3quio Internacional \\u0022As Amaz\\u00f4nias, as \\u00c1fricas e as \\u00c1fricas na Pan-Amaz\\u00f4nia\\u0022. Foto: Talita Oliveira&quot;,&quot;created_timestamp&quot;:&quot;1415378631&quot;,&quot;copyright&quot;:&quot;&quot;,&quot;focal_length&quot;:&quot;18&quot;,&quot;iso&quot;:&quot;640&quot;,&quot;shutter_speed&quot;:&quot;0.01&quot;,&quot;title&quot;:&quot;&quot;,&quot;orientation&quot;:&quot;0&quot;}\" data-image-title=\"07.11_Linguagens e Identidades (33)\" data-image-description=\"&lt;p&gt;07.11.2014, Universidade Federal do Acre &amp;#8211; UFAC, Rio Branco\/Acre. VIII Simp\u00f3sio Linguagens e Identidades da\/na Amaz\u00f4nia Sul-Ocidental e VII Col\u00f3quio Internacional &amp;#8220;As Amaz\u00f4nias, as \u00c1fricas e as \u00c1fricas na Pan-Amaz\u00f4nia&amp;#8221;. Foto: Talita Oliveira&lt;\/p&gt; \" data-medium-file=\"https:\/\/i0.wp.com\/posletrasufac.com\/wp-content\/uploads\/2014\/11\/07-11_linguagens-e-identidades-33.jpg?fit=300%2C199&#038;ssl=1\" data-large-file=\"https:\/\/i0.wp.com\/posletrasufac.com\/wp-content\/uploads\/2014\/11\/07-11_linguagens-e-identidades-33.jpg?fit=750%2C498&#038;ssl=1\" src=\"https:\/\/i0.wp.com\/posletrasufac.com\/wp-content\/uploads\/2014\/11\/07-11_linguagens-e-identidades-33.jpg?w=317&#038;h=211&#038;ssl=1\" width=\"317\" height=\"211\" loading=\"lazy\" data-original-width=\"317\" data-original-height=\"211\" itemprop=\"http:\/\/schema.org\/image\" title=\"07.11_Linguagens e Identidades (33)\" alt=\"Simp\u00f3sio Linguagens e Identidades 2014\" style=\"width: 317px; height: 211px;\" \/> <\/a> <div class=\"tiled-gallery-caption\" itemprop=\"caption description\"> Simp\u00f3sio Linguagens e Identidades 2014 <\/div> <\/div> <div class=\"tiled-gallery-item tiled-gallery-item-large\" itemprop=\"associatedMedia\" itemscope itemtype=\"http:\/\/schema.org\/ImageObject\"> <a href=\"https:\/\/posletrasufac.com\/en\/2014\/11\/21\/galeria-simposio-2014\/04-11_linguagens-e-identidades-8\/\" border=\"0\" itemprop=\"url\"> <meta itemprop=\"width\" content=\"317\"> <meta itemprop=\"height\" content=\"211\"> <img decoding=\"async\" class=\"\" data-attachment-id=\"407\" data-orig-file=\"https:\/\/posletrasufac.com\/wp-content\/uploads\/2014\/11\/04-11_linguagens-e-identidades-8.jpg\" data-orig-size=\"1200,797\" data-comments-opened=\"\" data-image-meta=\"{&quot;aperture&quot;:&quot;3.5&quot;,&quot;credit&quot;:&quot;&quot;,&quot;camera&quot;:&quot;NIKON D90&quot;,&quot;caption&quot;:&quot;04.11.2014, Universidade Federal do Acre - UFAC, Rio Branco\\\/Acre. VIII Simp\\u00f3sio Linguagens e Identidades da\\\/na Amaz\\u00f4nia Sul-Ocidental e VII Col\\u00f3quio Internacional \\u0022As Amaz\\u00f4nias, as \\u00c1fricas e as \\u00c1fricas na Pan-Amaz\\u00f4nia. Foto: Talita Oliveira&quot;,&quot;created_timestamp&quot;:&quot;1415117491&quot;,&quot;copyright&quot;:&quot;&quot;,&quot;focal_length&quot;:&quot;18&quot;,&quot;iso&quot;:&quot;500&quot;,&quot;shutter_speed&quot;:&quot;0.02&quot;,&quot;title&quot;:&quot;&quot;,&quot;orientation&quot;:&quot;0&quot;}\" data-image-title=\"Foto Talita Oliveira\" data-image-description=\"&lt;p&gt;04.11.2014, Universidade Federal do Acre &amp;#8211; UFAC, Rio Branco\/Acre. VIII Simp\u00f3sio Linguagens e Identidades da\/na Amaz\u00f4nia Sul-Ocidental e VII Col\u00f3quio Internacional &amp;#8220;As Amaz\u00f4nias, as \u00c1fricas e as \u00c1fricas na Pan-Amaz\u00f4nia. Foto: Talita Oliveira&lt;\/p&gt; \" data-medium-file=\"https:\/\/i0.wp.com\/posletrasufac.com\/wp-content\/uploads\/2014\/11\/04-11_linguagens-e-identidades-8.jpg?fit=300%2C199&#038;ssl=1\" data-large-file=\"https:\/\/i0.wp.com\/posletrasufac.com\/wp-content\/uploads\/2014\/11\/04-11_linguagens-e-identidades-8.jpg?fit=750%2C498&#038;ssl=1\" src=\"https:\/\/i0.wp.com\/posletrasufac.com\/wp-content\/uploads\/2014\/11\/04-11_linguagens-e-identidades-8.jpg?w=317&#038;h=211&#038;ssl=1\" width=\"317\" height=\"211\" loading=\"lazy\" data-original-width=\"317\" data-original-height=\"211\" itemprop=\"http:\/\/schema.org\/image\" title=\"Foto Talita Oliveira\" alt=\"Simp\u00f3sio Linguagens e Identidades 2014\" style=\"width: 317px; height: 211px;\" \/> <\/a> <div class=\"tiled-gallery-caption\" itemprop=\"caption description\"> Simp\u00f3sio Linguagens e Identidades 2014 <\/div> <\/div> <div class=\"tiled-gallery-item tiled-gallery-item-large\" itemprop=\"associatedMedia\" itemscope itemtype=\"http:\/\/schema.org\/ImageObject\"> <a href=\"https:\/\/posletrasufac.com\/en\/2014\/11\/21\/galeria-simposio-2014\/06-11_linguagens-e-identidades-4\/\" border=\"0\" itemprop=\"url\"> <meta itemprop=\"width\" content=\"317\"> <meta itemprop=\"height\" content=\"210\"> <img decoding=\"async\" class=\"\" data-attachment-id=\"432\" data-orig-file=\"https:\/\/posletrasufac.com\/wp-content\/uploads\/2014\/11\/06-11_linguagens-e-identidades-4.jpg\" data-orig-size=\"1200,797\" data-comments-opened=\"\" data-image-meta=\"{&quot;aperture&quot;:&quot;2.8&quot;,&quot;credit&quot;:&quot;&quot;,&quot;camera&quot;:&quot;NIKON D90&quot;,&quot;caption&quot;:&quot;06.11.2014, Universidade Federal do Acre - UFAC, Rio Branco\\\/Acre. VIII Simp\\u00f3sio Linguagens e Identidades da\\\/na Amaz\\u00f4nia Sul-Ocidental e VII Col\\u00f3quio Internacional \\u0022As Amaz\\u00f4nias, as \\u00c1fricas e as \\u00c1fricas na Pan-Amaz\\u00f4nia\\u0022. Foto: Talita Oliveira&quot;,&quot;created_timestamp&quot;:&quot;1415307484&quot;,&quot;copyright&quot;:&quot;&quot;,&quot;focal_length&quot;:&quot;50&quot;,&quot;iso&quot;:&quot;1600&quot;,&quot;shutter_speed&quot;:&quot;0.025&quot;,&quot;title&quot;:&quot;&quot;,&quot;orientation&quot;:&quot;0&quot;}\" data-image-title=\"06.11_Linguagens e Identidades (4)\" data-image-description=\"&lt;p&gt;06.11.2014, Universidade Federal do Acre &amp;#8211; UFAC, Rio Branco\/Acre. VIII Simp\u00f3sio Linguagens e Identidades da\/na Amaz\u00f4nia Sul-Ocidental e VII Col\u00f3quio Internacional &amp;#8220;As Amaz\u00f4nias, as \u00c1fricas e as \u00c1fricas na Pan-Amaz\u00f4nia&amp;#8221;. Foto: Talita Oliveira&lt;\/p&gt; \" data-medium-file=\"https:\/\/i0.wp.com\/posletrasufac.com\/wp-content\/uploads\/2014\/11\/06-11_linguagens-e-identidades-4.jpg?fit=300%2C199&#038;ssl=1\" data-large-file=\"https:\/\/i0.wp.com\/posletrasufac.com\/wp-content\/uploads\/2014\/11\/06-11_linguagens-e-identidades-4.jpg?fit=750%2C498&#038;ssl=1\" src=\"https:\/\/i0.wp.com\/posletrasufac.com\/wp-content\/uploads\/2014\/11\/06-11_linguagens-e-identidades-4.jpg?w=317&#038;h=210&#038;ssl=1\" width=\"317\" height=\"210\" loading=\"lazy\" data-original-width=\"317\" data-original-height=\"210\" itemprop=\"http:\/\/schema.org\/image\" title=\"06.11_Linguagens e Identidades (4)\" alt=\"Simp\u00f3sio Linguagens e Identidades 2014\" style=\"width: 317px; height: 210px;\" \/> <\/a> <div class=\"tiled-gallery-caption\" itemprop=\"caption description\"> Simp\u00f3sio Linguagens e Identidades 2014 <\/div> <\/div> <\/div> <!-- close group --> <div class=\"gallery-group images-1\" style=\"width: 429px; height: 644px;\" data-original-width=\"429\" data-original-height=\"644\" > <div class=\"tiled-gallery-item tiled-gallery-item-large\" itemprop=\"associatedMedia\" itemscope itemtype=\"http:\/\/schema.org\/ImageObject\"> <a href=\"https:\/\/posletrasufac.com\/en\/2014\/11\/21\/galeria-simposio-2014\/07-11_linguagens-e-identidades-6-3\/\" border=\"0\" itemprop=\"url\"> <meta itemprop=\"width\" content=\"425\"> <meta itemprop=\"height\" content=\"640\"> <img decoding=\"async\" class=\"\" data-attachment-id=\"454\" data-orig-file=\"https:\/\/posletrasufac.com\/wp-content\/uploads\/2014\/11\/07-11_linguagens-e-identidades-62.jpg\" data-orig-size=\"797,1200\" data-comments-opened=\"\" data-image-meta=\"{&quot;aperture&quot;:&quot;2.8&quot;,&quot;credit&quot;:&quot;&quot;,&quot;camera&quot;:&quot;NIKON D90&quot;,&quot;caption&quot;:&quot;07.11.2014, Universidade Federal do Acre - UFAC, Rio Branco\\\/Acre. VIII Simp\\u00f3sio Linguagens e Identidades da\\\/na Amaz\\u00f4nia Sul-Ocidental e VII Col\\u00f3quio Internacional \\u0022As Amaz\\u00f4nias, as \\u00c1fricas e as \\u00c1fricas na Pan-Amaz\\u00f4nia\\u0022. Foto: Talita Oliveira&quot;,&quot;created_timestamp&quot;:&quot;1415396154&quot;,&quot;copyright&quot;:&quot;&quot;,&quot;focal_length&quot;:&quot;50&quot;,&quot;iso&quot;:&quot;1250&quot;,&quot;shutter_speed&quot;:&quot;0.0125&quot;,&quot;title&quot;:&quot;&quot;,&quot;orientation&quot;:&quot;0&quot;}\" data-image-title=\"07.11_Linguagens e Identidades (6)\" data-image-description=\"&lt;p&gt;07.11.2014, Universidade Federal do Acre &amp;#8211; UFAC, Rio Branco\/Acre. VIII Simp\u00f3sio Linguagens e Identidades da\/na Amaz\u00f4nia Sul-Ocidental e VII Col\u00f3quio Internacional &amp;#8220;As Amaz\u00f4nias, as \u00c1fricas e as \u00c1fricas na Pan-Amaz\u00f4nia&amp;#8221;. Foto: Talita Oliveira&lt;\/p&gt; \" data-medium-file=\"https:\/\/i0.wp.com\/posletrasufac.com\/wp-content\/uploads\/2014\/11\/07-11_linguagens-e-identidades-62.jpg?fit=199%2C300&#038;ssl=1\" data-large-file=\"https:\/\/i0.wp.com\/posletrasufac.com\/wp-content\/uploads\/2014\/11\/07-11_linguagens-e-identidades-62.jpg?fit=680%2C1024&#038;ssl=1\" src=\"https:\/\/i0.wp.com\/posletrasufac.com\/wp-content\/uploads\/2014\/11\/07-11_linguagens-e-identidades-62.jpg?w=425&#038;h=640&#038;ssl=1\" width=\"425\" height=\"640\" loading=\"lazy\" data-original-width=\"425\" data-original-height=\"640\" itemprop=\"http:\/\/schema.org\/image\" title=\"07.11_Linguagens e Identidades (6)\" alt=\"Simp\u00f3sio Linguagens e Identidades 2014\" style=\"width: 425px; height: 640px;\" \/> <\/a> <div class=\"tiled-gallery-caption\" itemprop=\"caption description\"> Simp\u00f3sio Linguagens e Identidades 2014 <\/div> <\/div> <\/div> <!-- close group --> <\/div> <!-- close row --> <div class=\"gallery-row\" style=\"width: 750px; height: 334px;\" data-original-width=\"750\" data-original-height=\"334\" > <div class=\"gallery-group images-2\" style=\"width: 249px; height: 334px;\" data-original-width=\"249\" data-original-height=\"334\" > <div class=\"tiled-gallery-item tiled-gallery-item-small\" itemprop=\"associatedMedia\" itemscope itemtype=\"http:\/\/schema.org\/ImageObject\"> <a href=\"https:\/\/posletrasufac.com\/en\/2014\/11\/21\/galeria-simposio-2014\/05-11_linguagens-e-identidades-10\/\" border=\"0\" itemprop=\"url\"> <meta itemprop=\"width\" content=\"245\"> <meta itemprop=\"height\" content=\"163\"> <img decoding=\"async\" class=\"\" data-attachment-id=\"424\" data-orig-file=\"https:\/\/posletrasufac.com\/wp-content\/uploads\/2014\/11\/05-11_linguagens-e-identidades-10.jpg\" data-orig-size=\"1200,797\" data-comments-opened=\"\" data-image-meta=\"{&quot;aperture&quot;:&quot;3.5&quot;,&quot;credit&quot;:&quot;&quot;,&quot;camera&quot;:&quot;NIKON D90&quot;,&quot;caption&quot;:&quot;05.11.2014, Universidade Federal do Acre - UFAC, Rio Branco\\\/Acre. VIII Simp\\u00f3sio Linguagens e Identidades da\\\/na Amaz\\u00f4nia Sul-Ocidental e VII Col\\u00f3quio Internacional \\u0022As Amaz\\u00f4nias, as \\u00c1fricas e as \\u00c1fricas na Pan-Amaz\\u00f4nia\\u0022. Foto: Talita Oliveira&quot;,&quot;created_timestamp&quot;:&quot;1415184461&quot;,&quot;copyright&quot;:&quot;&quot;,&quot;focal_length&quot;:&quot;18&quot;,&quot;iso&quot;:&quot;400&quot;,&quot;shutter_speed&quot;:&quot;0.016666666666667&quot;,&quot;title&quot;:&quot;&quot;,&quot;orientation&quot;:&quot;0&quot;}\" data-image-title=\"05.11_Linguagens e identidades (10)\" data-image-description=\"&lt;p&gt;05.11.2014, Universidade Federal do Acre &amp;#8211; UFAC, Rio Branco\/Acre. VIII Simp\u00f3sio Linguagens e Identidades da\/na Amaz\u00f4nia Sul-Ocidental e VII Col\u00f3quio Internacional &amp;#8220;As Amaz\u00f4nias, as \u00c1fricas e as \u00c1fricas na Pan-Amaz\u00f4nia&amp;#8221;. Foto: Talita Oliveira&lt;\/p&gt; \" data-medium-file=\"https:\/\/i0.wp.com\/posletrasufac.com\/wp-content\/uploads\/2014\/11\/05-11_linguagens-e-identidades-10.jpg?fit=300%2C199&#038;ssl=1\" data-large-file=\"https:\/\/i0.wp.com\/posletrasufac.com\/wp-content\/uploads\/2014\/11\/05-11_linguagens-e-identidades-10.jpg?fit=750%2C498&#038;ssl=1\" src=\"https:\/\/i0.wp.com\/posletrasufac.com\/wp-content\/uploads\/2014\/11\/05-11_linguagens-e-identidades-10.jpg?w=245&#038;h=163&#038;ssl=1\" width=\"245\" height=\"163\" loading=\"lazy\" data-original-width=\"245\" data-original-height=\"163\" itemprop=\"http:\/\/schema.org\/image\" title=\"05.11_Linguagens e identidades (10)\" alt=\"Simp\u00f3sio Linguagens e Identidades 2014\" style=\"width: 245px; height: 163px;\" \/> <\/a> <div class=\"tiled-gallery-caption\" itemprop=\"caption description\"> Simp\u00f3sio Linguagens e Identidades 2014 <\/div> <\/div> <div class=\"tiled-gallery-item tiled-gallery-item-small\" itemprop=\"associatedMedia\" itemscope itemtype=\"http:\/\/schema.org\/ImageObject\"> <a href=\"https:\/\/posletrasufac.com\/en\/2014\/11\/21\/galeria-simposio-2014\/04-11_linguagens-e-identidades-2-2\/\" border=\"0\" itemprop=\"url\"> <meta itemprop=\"width\" content=\"245\"> <meta itemprop=\"height\" content=\"163\"> <img decoding=\"async\" class=\"\" data-attachment-id=\"417\" data-orig-file=\"https:\/\/posletrasufac.com\/wp-content\/uploads\/2014\/11\/04-11_linguagens-e-identidades-21.jpg\" data-orig-size=\"1200,797\" data-comments-opened=\"\" data-image-meta=\"{&quot;aperture&quot;:&quot;3.5&quot;,&quot;credit&quot;:&quot;&quot;,&quot;camera&quot;:&quot;NIKON D90&quot;,&quot;caption&quot;:&quot;04.11.2014, Universidade Federal do Acre - UFAC, Rio Branco\\\/Acre. VIII Simp\\u00f3sio Linguagens e Identidades da\\\/na Amaz\\u00f4nia Sul-Ocidental e VII Col\\u00f3quio Internacional \\u0022As Amaz\\u00f4nias, as \\u00c1fricas e as \\u00c1fricas na Pan-Amaz\\u00f4nia. Foto: Talita Oliveira&quot;,&quot;created_timestamp&quot;:&quot;1415101442&quot;,&quot;copyright&quot;:&quot;&quot;,&quot;focal_length&quot;:&quot;18&quot;,&quot;iso&quot;:&quot;400&quot;,&quot;shutter_speed&quot;:&quot;0.016666666666667&quot;,&quot;title&quot;:&quot;&quot;,&quot;orientation&quot;:&quot;0&quot;}\" data-image-title=\"Foto Talita Oliveira\" data-image-description=\"&lt;p&gt;04.11.2014, Universidade Federal do Acre &amp;#8211; UFAC, Rio Branco\/Acre. VIII Simp\u00f3sio Linguagens e Identidades da\/na Amaz\u00f4nia Sul-Ocidental e VII Col\u00f3quio Internacional &amp;#8220;As Amaz\u00f4nias, as \u00c1fricas e as \u00c1fricas na Pan-Amaz\u00f4nia. Foto: Talita Oliveira&lt;\/p&gt; \" data-medium-file=\"https:\/\/i0.wp.com\/posletrasufac.com\/wp-content\/uploads\/2014\/11\/04-11_linguagens-e-identidades-21.jpg?fit=300%2C199&#038;ssl=1\" data-large-file=\"https:\/\/i0.wp.com\/posletrasufac.com\/wp-content\/uploads\/2014\/11\/04-11_linguagens-e-identidades-21.jpg?fit=750%2C498&#038;ssl=1\" src=\"https:\/\/i0.wp.com\/posletrasufac.com\/wp-content\/uploads\/2014\/11\/04-11_linguagens-e-identidades-21.jpg?w=245&#038;h=163&#038;ssl=1\" width=\"245\" height=\"163\" loading=\"lazy\" data-original-width=\"245\" data-original-height=\"163\" itemprop=\"http:\/\/schema.org\/image\" title=\"Foto Talita Oliveira\" alt=\"Simp\u00f3sio Linguagens e Identidades 2014\" style=\"width: 245px; height: 163px;\" \/> <\/a> <div class=\"tiled-gallery-caption\" itemprop=\"caption description\"> Simp\u00f3sio Linguagens e Identidades 2014 <\/div> <\/div> <\/div> <!-- close group --> <div class=\"gallery-group images-1\" style=\"width: 501px; height: 334px;\" data-original-width=\"501\" data-original-height=\"334\" > <div class=\"tiled-gallery-item tiled-gallery-item-large\" itemprop=\"associatedMedia\" itemscope itemtype=\"http:\/\/schema.org\/ImageObject\"> <a href=\"https:\/\/posletrasufac.com\/en\/2014\/11\/21\/galeria-simposio-2014\/03-11_linguagens-e-identidades-20\/\" border=\"0\" itemprop=\"url\"> <meta itemprop=\"width\" content=\"497\"> <meta itemprop=\"height\" content=\"330\"> <img decoding=\"async\" class=\"\" data-attachment-id=\"397\" data-orig-file=\"https:\/\/posletrasufac.com\/wp-content\/uploads\/2014\/11\/03-11_linguagens-e-identidades-20.jpg\" data-orig-size=\"4288,2848\" data-comments-opened=\"\" data-image-meta=\"{&quot;aperture&quot;:&quot;11&quot;,&quot;credit&quot;:&quot;&quot;,&quot;camera&quot;:&quot;NIKON D90&quot;,&quot;caption&quot;:&quot;03.11.2014, Universidade Federal do Acre - UFAC, Rio Branco\\\/Acre. VIII Simp\\u00f3sio Linguagens e Identidades da\\\/na Amaz\\u00f4nia Sul-Ocidental e VII Col\\u00f3quio Internacional \\u0022As Amaz\\u00f4nias, as \\u00c1fricas e as \\u00c1fricas na Pan-Amaz\\u00f4nia. Foto: Talita Oliveira&quot;,&quot;created_timestamp&quot;:&quot;1415042435&quot;,&quot;copyright&quot;:&quot;&quot;,&quot;focal_length&quot;:&quot;32&quot;,&quot;iso&quot;:&quot;1000&quot;,&quot;shutter_speed&quot;:&quot;0.2&quot;,&quot;title&quot;:&quot;&quot;,&quot;orientation&quot;:&quot;0&quot;}\" data-image-title=\"\" data-image-description=\"&lt;p&gt;03.11.2014, Universidade Federal do Acre &amp;#8211; UFAC, Rio Branco\/Acre. VIII Simp\u00f3sio Linguagens e Identidades da\/na Amaz\u00f4nia Sul-Ocidental e VII Col\u00f3quio Internacional &amp;#8220;As Amaz\u00f4nias, as \u00c1fricas e as \u00c1fricas na Pan-Amaz\u00f4nia. Foto: Talita Oliveira&lt;\/p&gt; \" data-medium-file=\"https:\/\/i0.wp.com\/posletrasufac.com\/wp-content\/uploads\/2014\/11\/03-11_linguagens-e-identidades-20.jpg?fit=300%2C199&#038;ssl=1\" data-large-file=\"https:\/\/i0.wp.com\/posletrasufac.com\/wp-content\/uploads\/2014\/11\/03-11_linguagens-e-identidades-20.jpg?fit=750%2C498&#038;ssl=1\" src=\"https:\/\/i0.wp.com\/posletrasufac.com\/wp-content\/uploads\/2014\/11\/03-11_linguagens-e-identidades-20.jpg?w=497&#038;h=330&#038;ssl=1\" width=\"497\" height=\"330\" loading=\"lazy\" data-original-width=\"497\" data-original-height=\"330\" itemprop=\"http:\/\/schema.org\/image\" title=\"\" alt=\"Simp\u00f3sio Linguagens e Identidades 2014\" style=\"width: 497px; height: 330px;\" \/> <\/a> <div class=\"tiled-gallery-caption\" itemprop=\"caption description\"> Simp\u00f3sio Linguagens e Identidades 2014 <\/div> <\/div> <\/div> <!-- close group --> <\/div> <!-- close row --> <div class=\"gallery-row\" style=\"width: 750px; height: 250px;\" data-original-width=\"750\" data-original-height=\"250\" > <div class=\"gallery-group images-1\" style=\"width: 375px; height: 250px;\" data-original-width=\"375\" data-original-height=\"250\" > <div class=\"tiled-gallery-item tiled-gallery-item-large\" itemprop=\"associatedMedia\" itemscope itemtype=\"http:\/\/schema.org\/ImageObject\"> <a href=\"https:\/\/posletrasufac.com\/en\/2014\/11\/21\/galeria-simposio-2014\/05-11_linguagens-e-identidades-4\/\" border=\"0\" itemprop=\"url\"> <meta itemprop=\"width\" content=\"371\"> <meta itemprop=\"height\" content=\"246\"> <img decoding=\"async\" class=\"\" data-attachment-id=\"425\" data-orig-file=\"https:\/\/posletrasufac.com\/wp-content\/uploads\/2014\/11\/05-11_linguagens-e-identidades-4.jpg\" data-orig-size=\"1200,797\" data-comments-opened=\"\" data-image-meta=\"{&quot;aperture&quot;:&quot;3.5&quot;,&quot;credit&quot;:&quot;&quot;,&quot;camera&quot;:&quot;NIKON D90&quot;,&quot;caption&quot;:&quot;05.11.2014, Universidade Federal do Acre - UFAC, Rio Branco\\\/Acre. VIII Simp\\u00f3sio Linguagens e Identidades da\\\/na Amaz\\u00f4nia Sul-Ocidental e VII Col\\u00f3quio Internacional \\u0022As Amaz\\u00f4nias, as \\u00c1fricas e as \\u00c1fricas na Pan-Amaz\\u00f4nia\\u0022. Foto: Talita Oliveira&quot;,&quot;created_timestamp&quot;:&quot;1415183643&quot;,&quot;copyright&quot;:&quot;&quot;,&quot;focal_length&quot;:&quot;18&quot;,&quot;iso&quot;:&quot;500&quot;,&quot;shutter_speed&quot;:&quot;0.016666666666667&quot;,&quot;title&quot;:&quot;&quot;,&quot;orientation&quot;:&quot;0&quot;}\" data-image-title=\"05.11_Linguagens e identidades (4)\" data-image-description=\"&lt;p&gt;05.11.2014, Universidade Federal do Acre &amp;#8211; UFAC, Rio Branco\/Acre. VIII Simp\u00f3sio Linguagens e Identidades da\/na Amaz\u00f4nia Sul-Ocidental e VII Col\u00f3quio Internacional &amp;#8220;As Amaz\u00f4nias, as \u00c1fricas e as \u00c1fricas na Pan-Amaz\u00f4nia&amp;#8221;. Foto: Talita Oliveira&lt;\/p&gt; \" data-medium-file=\"https:\/\/i0.wp.com\/posletrasufac.com\/wp-content\/uploads\/2014\/11\/05-11_linguagens-e-identidades-4.jpg?fit=300%2C199&#038;ssl=1\" data-large-file=\"https:\/\/i0.wp.com\/posletrasufac.com\/wp-content\/uploads\/2014\/11\/05-11_linguagens-e-identidades-4.jpg?fit=750%2C498&#038;ssl=1\" src=\"https:\/\/i0.wp.com\/posletrasufac.com\/wp-content\/uploads\/2014\/11\/05-11_linguagens-e-identidades-4.jpg?w=371&#038;h=246&#038;ssl=1\" width=\"371\" height=\"246\" loading=\"lazy\" data-original-width=\"371\" data-original-height=\"246\" itemprop=\"http:\/\/schema.org\/image\" title=\"05.11_Linguagens e identidades (4)\" alt=\"Simp\u00f3sio Linguagens e Identidades 2014\" style=\"width: 371px; height: 246px;\" \/> <\/a> <div class=\"tiled-gallery-caption\" itemprop=\"caption description\"> Simp\u00f3sio Linguagens e Identidades 2014 <\/div> <\/div> <\/div> <!-- close group --> <div class=\"gallery-group images-1\" style=\"width: 375px; height: 250px;\" data-original-width=\"375\" data-original-height=\"250\" > <div class=\"tiled-gallery-item tiled-gallery-item-large\" itemprop=\"associatedMedia\" itemscope itemtype=\"http:\/\/schema.org\/ImageObject\"> <a href=\"https:\/\/posletrasufac.com\/en\/2014\/11\/21\/galeria-simposio-2014\/04-11_linguagens-e-identidades-12\/\" border=\"0\" itemprop=\"url\"> <meta itemprop=\"width\" content=\"371\"> <meta itemprop=\"height\" content=\"246\"> <img decoding=\"async\" class=\"\" data-attachment-id=\"408\" data-orig-file=\"https:\/\/posletrasufac.com\/wp-content\/uploads\/2014\/11\/04-11_linguagens-e-identidades-12.jpg\" data-orig-size=\"1200,797\" data-comments-opened=\"\" data-image-meta=\"{&quot;aperture&quot;:&quot;5&quot;,&quot;credit&quot;:&quot;&quot;,&quot;camera&quot;:&quot;NIKON D90&quot;,&quot;caption&quot;:&quot;04.11.2014, Universidade Federal do Acre - UFAC, Rio Branco\\\/Acre. VIII Simp\\u00f3sio Linguagens e Identidades da\\\/na Amaz\\u00f4nia Sul-Ocidental e VII Col\\u00f3quio Internacional \\u0022As Amaz\\u00f4nias, as \\u00c1fricas e as \\u00c1fricas na Pan-Amaz\\u00f4nia. Foto: Talita Oliveira&quot;,&quot;created_timestamp&quot;:&quot;1415117985&quot;,&quot;copyright&quot;:&quot;&quot;,&quot;focal_length&quot;:&quot;50&quot;,&quot;iso&quot;:&quot;500&quot;,&quot;shutter_speed&quot;:&quot;0.02&quot;,&quot;title&quot;:&quot;&quot;,&quot;orientation&quot;:&quot;0&quot;}\" data-image-title=\"\" data-image-description=\"&lt;p&gt;Foto Talita Oliveira&lt;\/p&gt; \" data-medium-file=\"https:\/\/i0.wp.com\/posletrasufac.com\/wp-content\/uploads\/2014\/11\/04-11_linguagens-e-identidades-12.jpg?fit=300%2C199&#038;ssl=1\" data-large-file=\"https:\/\/i0.wp.com\/posletrasufac.com\/wp-content\/uploads\/2014\/11\/04-11_linguagens-e-identidades-12.jpg?fit=750%2C498&#038;ssl=1\" src=\"https:\/\/i0.wp.com\/posletrasufac.com\/wp-content\/uploads\/2014\/11\/04-11_linguagens-e-identidades-12.jpg?w=371&#038;h=246&#038;ssl=1\" width=\"371\" height=\"246\" loading=\"lazy\" data-original-width=\"371\" data-original-height=\"246\" itemprop=\"http:\/\/schema.org\/image\" title=\"\" alt=\"2014 - Simp\u00f3sio Linguagens e Identidades\" style=\"width: 371px; height: 246px;\" \/> <\/a> <div class=\"tiled-gallery-caption\" itemprop=\"caption description\"> 2014 &#8211; Simp\u00f3sio Linguagens e Identidades <\/div> <\/div> <\/div> <!-- close group --> <\/div> <!-- close row --> <\/div>","protected":false},"excerpt":{"rendered":"","protected":false},"author":65883018,"featured_media":0,"comment_status":"closed","ping_status":"closed","sticky":false,"template":"","format":"standard","meta":{"_coblocks_attr":"","_coblocks_dimensions":"","_coblocks_responsive_height":"","_coblocks_accordion_ie_support":"","_crdt_document":"","advanced_seo_description":"","jetpack_seo_html_title":"","jetpack_seo_noindex":false,"_jetpack_newsletter_access":"","_jetpack_dont_email_post_to_subs":false,"_jetpack_newsletter_tier_id":0,"_jetpack_memberships_contains_paywalled_content":false,"_jetpack_memberships_contains_paid_content":false,"footnotes":"","jetpack_publicize_message":"Galeria - Simp\u00f3sio 2014","jetpack_publicize_feature_enabled":true,"jetpack_social_post_already_shared":false,"jetpack_social_options":{"image_generator_settings":{"template":"highway","default_image_id":0,"font":"","enabled":false},"version":2},"_wpas_customize_per_network":false,"jetpack_post_was_ever_published":false},"categories":[5078],"tags":[],"class_list":["post-388","post","type-post","status-publish","format-standard","hentry","category-sem-categoria"],"jetpack_publicize_connections":[],"jetpack_featured_media_url":"","jetpack_likes_enabled":false,"jetpack_sharing_enabled":true,"jetpack_shortlink":"https:\/\/wp.me\/p4Na16-6g","amp_enabled":true,"_links":{"self":[{"href":"https:\/\/posletrasufac.com\/en\/wp-json\/wp\/v2\/posts\/388","targetHints":{"allow":["GET"]}}],"collection":[{"href":"https:\/\/posletrasufac.com\/en\/wp-json\/wp\/v2\/posts"}],"about":[{"href":"https:\/\/posletrasufac.com\/en\/wp-json\/wp\/v2\/types\/post"}],"author":[{"embeddable":true,"href":"https:\/\/posletrasufac.com\/en\/wp-json\/wp\/v2\/users\/65883018"}],"replies":[{"embeddable":true,"href":"https:\/\/posletrasufac.com\/en\/wp-json\/wp\/v2\/comments?post=388"}],"version-history":[{"count":1,"href":"https:\/\/posletrasufac.com\/en\/wp-json\/wp\/v2\/posts\/388\/revisions"}],"predecessor-version":[{"id":459,"href":"https:\/\/posletrasufac.com\/en\/wp-json\/wp\/v2\/posts\/388\/revisions\/459"}],"wp:attachment":[{"href":"https:\/\/posletrasufac.com\/en\/wp-json\/wp\/v2\/media?parent=388"}],"wp:term":[{"taxonomy":"category","embeddable":true,"href":"https:\/\/posletrasufac.com\/en\/wp-json\/wp\/v2\/categories?post=388"},{"taxonomy":"post_tag","embeddable":true,"href":"https:\/\/posletrasufac.com\/en\/wp-json\/wp\/v2\/tags?post=388"}],"curies":[{"name":"wp","href":"https:\/\/api.w.org\/{rel}","templated":true}]}}