{"id":3630,"date":"2017-07-13T10:11:11","date_gmt":"2017-07-13T15:11:11","guid":{"rendered":"http:\/\/posletrasufac.com\/?p=3630"},"modified":"2017-07-13T10:14:29","modified_gmt":"2017-07-13T15:14:29","slug":"alunos-e-professores-do-mestrado-em-letras-da-ufac-sao-convidados-para-participar-de-seminario-promovido-pela-universidad-para-el-desarollo-andino-udea","status":"publish","type":"post","link":"https:\/\/posletrasufac.com\/en\/2017\/07\/13\/alunos-e-professores-do-mestrado-em-letras-da-ufac-sao-convidados-para-participar-de-seminario-promovido-pela-universidad-para-el-desarollo-andino-udea\/","title":{"rendered":"Alunos e professores do Mestrado em Letras da Ufac s\u00e3o convidados para participar de Semin\u00e1rio promovido pela Universidad para El desarollo Andino &#8211; UDEA"},"content":{"rendered":"<p><img data-recalc-dims=\"1\" loading=\"lazy\" decoding=\"async\" data-attachment-id=\"3636\" data-permalink=\"https:\/\/posletrasufac.com\/en\/2017\/07\/13\/alunos-e-professores-do-mestrado-em-letras-da-ufac-sao-convidados-para-participar-de-seminario-promovido-pela-universidad-para-el-desarollo-andino-udea\/lircay-seminario-rural-04-05-17-17\/\" data-orig-file=\"https:\/\/i0.wp.com\/posletrasufac.com\/wp-content\/uploads\/2017\/07\/lircay-seminario-rural-04-05-17-17.jpg?fit=4608%2C3440&amp;ssl=1\" data-orig-size=\"4608,3440\" data-comments-opened=\"0\" data-image-meta=\"{&quot;aperture&quot;:&quot;2.6&quot;,&quot;credit&quot;:&quot;&quot;,&quot;camera&quot;:&quot;FinePix JX420&quot;,&quot;caption&quot;:&quot;&quot;,&quot;created_timestamp&quot;:&quot;1483244612&quot;,&quot;copyright&quot;:&quot;&quot;,&quot;focal_length&quot;:&quot;5&quot;,&quot;iso&quot;:&quot;400&quot;,&quot;shutter_speed&quot;:&quot;0.033333333333333&quot;,&quot;title&quot;:&quot;&quot;,&quot;orientation&quot;:&quot;1&quot;}\" data-image-title=\"Lircay &amp;#8211; Seminario Rural 04-05-17 (17)\" data-image-description=\"\" data-image-caption=\"\" data-large-file=\"https:\/\/i0.wp.com\/posletrasufac.com\/wp-content\/uploads\/2017\/07\/lircay-seminario-rural-04-05-17-17.jpg?fit=750%2C560&amp;ssl=1\" class=\"alignnone size-full wp-image-3636\" src=\"https:\/\/i0.wp.com\/posletrasufac.com\/wp-content\/uploads\/2017\/07\/lircay-seminario-rural-04-05-17-17.jpg?resize=750%2C560&#038;ssl=1\" alt=\"Lircay - Seminario Rural 04-05-17 (17).JPG\" width=\"750\" height=\"560\" \/>Entre os dias 03 e 07 de julho de 2017, um grupo de alunos e professores do Programa de P\u00f3s-gradua\u00e7\u00e3o em Letras: Linguagem e Identidade esteve nas cidades de Lima e Lircay, no Peru, para participar do <em>I Semin\u00e1rio Internacional de Educacion Rural<\/em> promovido pela <em>Universidad para El desarollo Andino &#8211; UDEA<\/em>. O convite partiu desta universidade, a \u00fanica do Peru que possui uma proposta curricular bil\u00edng\u00fce (Espanhol e Qu\u00e9chua) e atua na regi\u00e3o de Huancavelica, prov\u00edncia de Angaraes, oferecendo cursos de Ci\u00eancias Agr\u00e1rias, Educa\u00e7\u00e3o Bil\u00edng\u00fce e Engenharia de Inform\u00e1tica no \u00e2mbito da gradua\u00e7\u00e3o.<\/p>\n<p>Participaram do evento os professores Francisco Bento da Silva (coordenador do PPGLI); Marcello Messina (professor colaborador e bolsista PNPD); Teresa di Somma (mestranda do PPGLI) e Jes\u00fas Jos\u00e9 Diez Canseco Carranza (mestrando PPGLI e bolsista PAEC\/OEA). Todos os participantes da UFAC apresentaram comunica\u00e7\u00f5es no evento realizado pela UDEA, conforme os t\u00edtulos a seguir: <em>Experiencia del Acre en la implementacion de uma pol\u00edtica de Educacion Rural <\/em>(Francisco Bento); <em>\u00a0<\/em>\u00a0<em>Practica art\u00edstica como investigacion a n\u00edvel (pr\u00e9\/post) doctoral: desafios e implic\u00e2ncias pol\u00edticas <\/em>(Marcello Messina); <em>El m\u00e9todo Montessori en una escuela de Berl\u00edn y clases de italiano para extranjeros en la plaza del mercado de Tur\u00edn: dos experiencias de ense\u00f1anza alternativa<\/em> (Teresa Di Somma) e \u00a0<em>El m\u00e9todo de ense\u00f1anza: aprendizaje-servicio como forma extra-a\u00falica de consolidaci\u00f3n de conocimientos<\/em> (Jes\u00fas Jos\u00e9 Diez Canseco Carranza).<\/p>\n<p>Alem dos convidados da UFAC, participaram do referido evento professores e alunos de p\u00f3s-gradua\u00e7\u00e3o da UNESP, USP e UFPA. \u00a0Ao final do evento, foi discutida a realiza\u00e7\u00e3o do <em>II Semin\u00e1rio de Educacion Rural<\/em>, que ocorrer\u00e1 em maio de 2018, em Lircay, e que buscar\u00e1 ampliar a participa\u00e7\u00e3o de profissional de varias \u00e1reas que trabalham com a tem\u00e1tica agr\u00e1ria: soci\u00f3logos, ge\u00f3grafos, pedagogos, antrop\u00f3logos, agr\u00f4nomos, ling\u00fcistas e historiadores.<\/p>\n<p>Em reuni\u00f5es administrativas com a dire\u00e7\u00e3o da UDEA, nas pessoas de Yuri Kitsutani (Diretora de Programas), Juan Pablo de la Guerra (Diretor Executivo) e Javier Rodriguez (Diretor Acad\u00eamico), \u00a0os professores Valdir Barzotto (USP), Thomas Massao Fairchild (UFPA) e Francisco Bento da Silva (UFAC) participaram de discuss\u00f5es sobre a cria\u00e7\u00e3o de uma revista acad\u00eamica para aquela institui\u00e7\u00e3o, um conv\u00eanio m\u00fatuo entre as institui\u00e7\u00f5es para desenvolvimento de suas internacionaliza\u00e7\u00f5es. Por fim, avaliaram a proposta de implanta\u00e7\u00e3o de um Mestrado em Educa\u00e7\u00e3o na UDEA a ser implementado em breve.<\/p>\n<p><img data-recalc-dims=\"1\" loading=\"lazy\" decoding=\"async\" data-attachment-id=\"3637\" data-permalink=\"https:\/\/posletrasufac.com\/en\/2017\/07\/13\/alunos-e-professores-do-mestrado-em-letras-da-ufac-sao-convidados-para-participar-de-seminario-promovido-pela-universidad-para-el-desarollo-andino-udea\/lima-equipe-udea-03-07-17-1\/\" data-orig-file=\"https:\/\/i0.wp.com\/posletrasufac.com\/wp-content\/uploads\/2017\/07\/lima-equipe-udea-03-07-17-1.jpg?fit=4608%2C3440&amp;ssl=1\" data-orig-size=\"4608,3440\" data-comments-opened=\"0\" data-image-meta=\"{&quot;aperture&quot;:&quot;2.6&quot;,&quot;credit&quot;:&quot;&quot;,&quot;camera&quot;:&quot;FinePix JX420&quot;,&quot;caption&quot;:&quot;&quot;,&quot;created_timestamp&quot;:&quot;1483319771&quot;,&quot;copyright&quot;:&quot;&quot;,&quot;focal_length&quot;:&quot;5&quot;,&quot;iso&quot;:&quot;320&quot;,&quot;shutter_speed&quot;:&quot;0.066666666666667&quot;,&quot;title&quot;:&quot;&quot;,&quot;orientation&quot;:&quot;1&quot;}\" data-image-title=\"Lima &amp;#8211; Equipe UDEA 03-07-17 (1)\" data-image-description=\"\" data-image-caption=\"\" data-large-file=\"https:\/\/i0.wp.com\/posletrasufac.com\/wp-content\/uploads\/2017\/07\/lima-equipe-udea-03-07-17-1.jpg?fit=750%2C560&amp;ssl=1\" class=\"alignnone size-full wp-image-3637\" src=\"https:\/\/i0.wp.com\/posletrasufac.com\/wp-content\/uploads\/2017\/07\/lima-equipe-udea-03-07-17-1.jpg?resize=750%2C560&#038;ssl=1\" alt=\"Lima - Equipe UDEA 03-07-17 (1).JPG\" width=\"750\" height=\"560\" \/>A dire\u00e7\u00e3o da UDEA se mostrou bastante interessada em receber alunos de gradua\u00e7\u00e3o, p\u00f3s-gradua\u00e7\u00e3o e professores brasileiros para atividades variadas naquela institui\u00e7\u00e3o. Desde cursos de extens\u00e3o, est\u00e1gio docente, palestras, oferta de disciplinas e demais interc\u00e2mbios. Visando fortalecer esse projeto, a UDEA conta na cidade de Lircay com uma infraestrutura de alojamento para receber os visitantes no per\u00edodo em que l\u00e1 estiverem desenvolvendo suas atividades acad\u00eamicas.<\/p>\n<div class=\"tiled-gallery type-rectangular tiled-gallery-unresized\" data-original-width=\"750\" data-carousel-extra='{&quot;blog_id&quot;:1,&quot;permalink&quot;:&quot;https:\\\/\\\/posletrasufac.com\\\/en\\\/2017\\\/07\\\/13\\\/alunos-e-professores-do-mestrado-em-letras-da-ufac-sao-convidados-para-participar-de-seminario-promovido-pela-universidad-para-el-desarollo-andino-udea\\\/&quot;,&quot;likes_blog_id&quot;:70821924}' itemscope itemtype=\"http:\/\/schema.org\/ImageGallery\" > <div class=\"gallery-row\" style=\"width: 750px; height: 376px;\" data-original-width=\"750\" data-original-height=\"376\" > <div class=\"gallery-group images-1\" style=\"width: 500px; height: 376px;\" data-original-width=\"500\" data-original-height=\"376\" > <div class=\"tiled-gallery-item tiled-gallery-item-large\" itemprop=\"associatedMedia\" itemscope itemtype=\"http:\/\/schema.org\/ImageObject\"> <a href=\"https:\/\/posletrasufac.com\/en\/2017\/07\/13\/alunos-e-professores-do-mestrado-em-letras-da-ufac-sao-convidados-para-participar-de-seminario-promovido-pela-universidad-para-el-desarollo-andino-udea\/oi2-3\/\" border=\"0\" itemprop=\"url\"> <meta itemprop=\"width\" content=\"496\"> <meta itemprop=\"height\" content=\"372\"> <img decoding=\"async\" class=\"\" data-attachment-id=\"3640\" data-orig-file=\"https:\/\/posletrasufac.com\/wp-content\/uploads\/2017\/07\/oi2.jpg\" data-orig-size=\"785,589\" data-comments-opened=\"\" data-image-meta=\"{&quot;aperture&quot;:&quot;0&quot;,&quot;credit&quot;:&quot;&quot;,&quot;camera&quot;:&quot;&quot;,&quot;caption&quot;:&quot;&quot;,&quot;created_timestamp&quot;:&quot;0&quot;,&quot;copyright&quot;:&quot;&quot;,&quot;focal_length&quot;:&quot;0&quot;,&quot;iso&quot;:&quot;0&quot;,&quot;shutter_speed&quot;:&quot;0&quot;,&quot;title&quot;:&quot;&quot;,&quot;orientation&quot;:&quot;0&quot;}\" data-image-title=\"oi2\" data-image-description=\"\" data-medium-file=\"https:\/\/i0.wp.com\/posletrasufac.com\/wp-content\/uploads\/2017\/07\/oi2.jpg?fit=300%2C225&#038;ssl=1\" data-large-file=\"https:\/\/i0.wp.com\/posletrasufac.com\/wp-content\/uploads\/2017\/07\/oi2.jpg?fit=750%2C563&#038;ssl=1\" src=\"https:\/\/i0.wp.com\/posletrasufac.com\/wp-content\/uploads\/2017\/07\/oi2.jpg?w=496&#038;h=372&#038;ssl=1\" width=\"496\" height=\"372\" loading=\"lazy\" data-original-width=\"496\" data-original-height=\"372\" itemprop=\"http:\/\/schema.org\/image\" title=\"oi2\" alt=\"oi2\" style=\"width: 496px; height: 372px;\" \/> <\/a> <\/div> <\/div> <!-- close group --> <div class=\"gallery-group images-2\" style=\"width: 250px; height: 376px;\" data-original-width=\"250\" data-original-height=\"376\" > <div class=\"tiled-gallery-item tiled-gallery-item-small\" itemprop=\"associatedMedia\" itemscope itemtype=\"http:\/\/schema.org\/ImageObject\"> <a href=\"https:\/\/posletrasufac.com\/en\/2017\/07\/13\/alunos-e-professores-do-mestrado-em-letras-da-ufac-sao-convidados-para-participar-de-seminario-promovido-pela-universidad-para-el-desarollo-andino-udea\/oi6\/\" border=\"0\" itemprop=\"url\"> <meta itemprop=\"width\" content=\"246\"> <meta itemprop=\"height\" content=\"184\"> <img decoding=\"async\" class=\"\" data-attachment-id=\"3644\" data-orig-file=\"https:\/\/posletrasufac.com\/wp-content\/uploads\/2017\/07\/oi6.jpg\" data-orig-size=\"785,589\" data-comments-opened=\"\" data-image-meta=\"{&quot;aperture&quot;:&quot;0&quot;,&quot;credit&quot;:&quot;&quot;,&quot;camera&quot;:&quot;&quot;,&quot;caption&quot;:&quot;&quot;,&quot;created_timestamp&quot;:&quot;0&quot;,&quot;copyright&quot;:&quot;&quot;,&quot;focal_length&quot;:&quot;0&quot;,&quot;iso&quot;:&quot;0&quot;,&quot;shutter_speed&quot;:&quot;0&quot;,&quot;title&quot;:&quot;&quot;,&quot;orientation&quot;:&quot;0&quot;}\" data-image-title=\"oi6\" data-image-description=\"\" data-medium-file=\"https:\/\/i0.wp.com\/posletrasufac.com\/wp-content\/uploads\/2017\/07\/oi6.jpg?fit=300%2C225&#038;ssl=1\" data-large-file=\"https:\/\/i0.wp.com\/posletrasufac.com\/wp-content\/uploads\/2017\/07\/oi6.jpg?fit=750%2C563&#038;ssl=1\" src=\"https:\/\/i0.wp.com\/posletrasufac.com\/wp-content\/uploads\/2017\/07\/oi6.jpg?w=246&#038;h=184&#038;ssl=1\" width=\"246\" height=\"184\" loading=\"lazy\" data-original-width=\"246\" data-original-height=\"184\" itemprop=\"http:\/\/schema.org\/image\" title=\"oi6\" alt=\"oi6\" style=\"width: 246px; height: 184px;\" \/> <\/a> <\/div> <div class=\"tiled-gallery-item tiled-gallery-item-small\" itemprop=\"associatedMedia\" itemscope itemtype=\"http:\/\/schema.org\/ImageObject\"> <a href=\"https:\/\/posletrasufac.com\/en\/2017\/07\/13\/alunos-e-professores-do-mestrado-em-letras-da-ufac-sao-convidados-para-participar-de-seminario-promovido-pela-universidad-para-el-desarollo-andino-udea\/oi3\/\" border=\"0\" itemprop=\"url\"> <meta itemprop=\"width\" content=\"246\"> <meta itemprop=\"height\" content=\"184\"> <img decoding=\"async\" class=\"\" data-attachment-id=\"3641\" data-orig-file=\"https:\/\/posletrasufac.com\/wp-content\/uploads\/2017\/07\/oi3.jpg\" data-orig-size=\"785,589\" data-comments-opened=\"\" data-image-meta=\"{&quot;aperture&quot;:&quot;0&quot;,&quot;credit&quot;:&quot;&quot;,&quot;camera&quot;:&quot;&quot;,&quot;caption&quot;:&quot;&quot;,&quot;created_timestamp&quot;:&quot;0&quot;,&quot;copyright&quot;:&quot;&quot;,&quot;focal_length&quot;:&quot;0&quot;,&quot;iso&quot;:&quot;0&quot;,&quot;shutter_speed&quot;:&quot;0&quot;,&quot;title&quot;:&quot;&quot;,&quot;orientation&quot;:&quot;0&quot;}\" data-image-title=\"oi3\" data-image-description=\"\" data-medium-file=\"https:\/\/i0.wp.com\/posletrasufac.com\/wp-content\/uploads\/2017\/07\/oi3.jpg?fit=300%2C225&#038;ssl=1\" data-large-file=\"https:\/\/i0.wp.com\/posletrasufac.com\/wp-content\/uploads\/2017\/07\/oi3.jpg?fit=750%2C563&#038;ssl=1\" src=\"https:\/\/i0.wp.com\/posletrasufac.com\/wp-content\/uploads\/2017\/07\/oi3.jpg?w=246&#038;h=184&#038;ssl=1\" width=\"246\" height=\"184\" loading=\"lazy\" data-original-width=\"246\" data-original-height=\"184\" itemprop=\"http:\/\/schema.org\/image\" title=\"oi3\" alt=\"oi3\" style=\"width: 246px; height: 184px;\" \/> <\/a> <\/div> <\/div> <!-- close group --> <\/div> <!-- close row --> <div class=\"gallery-row\" style=\"width: 750px; height: 143px;\" data-original-width=\"750\" data-original-height=\"143\" > <div class=\"gallery-group images-1\" style=\"width: 190px; height: 143px;\" data-original-width=\"190\" data-original-height=\"143\" > <div class=\"tiled-gallery-item tiled-gallery-item-small\" itemprop=\"associatedMedia\" itemscope itemtype=\"http:\/\/schema.org\/ImageObject\"> <a href=\"https:\/\/posletrasufac.com\/en\/2017\/07\/13\/alunos-e-professores-do-mestrado-em-letras-da-ufac-sao-convidados-para-participar-de-seminario-promovido-pela-universidad-para-el-desarollo-andino-udea\/oi-8\/\" border=\"0\" itemprop=\"url\"> <meta itemprop=\"width\" content=\"186\"> <meta itemprop=\"height\" content=\"139\"> <img decoding=\"async\" class=\"\" data-attachment-id=\"3639\" data-orig-file=\"https:\/\/posletrasufac.com\/wp-content\/uploads\/2017\/07\/oi.jpg\" data-orig-size=\"785,589\" data-comments-opened=\"\" data-image-meta=\"{&quot;aperture&quot;:&quot;0&quot;,&quot;credit&quot;:&quot;&quot;,&quot;camera&quot;:&quot;&quot;,&quot;caption&quot;:&quot;&quot;,&quot;created_timestamp&quot;:&quot;0&quot;,&quot;copyright&quot;:&quot;&quot;,&quot;focal_length&quot;:&quot;0&quot;,&quot;iso&quot;:&quot;0&quot;,&quot;shutter_speed&quot;:&quot;0&quot;,&quot;title&quot;:&quot;&quot;,&quot;orientation&quot;:&quot;0&quot;}\" data-image-title=\"oi\" data-image-description=\"\" data-medium-file=\"https:\/\/i0.wp.com\/posletrasufac.com\/wp-content\/uploads\/2017\/07\/oi.jpg?fit=300%2C225&#038;ssl=1\" data-large-file=\"https:\/\/i0.wp.com\/posletrasufac.com\/wp-content\/uploads\/2017\/07\/oi.jpg?fit=750%2C563&#038;ssl=1\" src=\"https:\/\/i0.wp.com\/posletrasufac.com\/wp-content\/uploads\/2017\/07\/oi.jpg?w=186&#038;h=139&#038;ssl=1\" width=\"186\" height=\"139\" loading=\"lazy\" data-original-width=\"186\" data-original-height=\"139\" itemprop=\"http:\/\/schema.org\/image\" title=\"oi\" alt=\"oi\" style=\"width: 186px; height: 139px;\" \/> <\/a> <\/div> <\/div> <!-- close group --> <div class=\"gallery-group images-1\" style=\"width: 560px; height: 143px;\" data-original-width=\"560\" data-original-height=\"143\" > <div class=\"tiled-gallery-item tiled-gallery-item-large\" itemprop=\"associatedMedia\" itemscope itemtype=\"http:\/\/schema.org\/ImageObject\"> <a href=\"https:\/\/posletrasufac.com\/en\/2017\/07\/13\/alunos-e-professores-do-mestrado-em-letras-da-ufac-sao-convidados-para-participar-de-seminario-promovido-pela-universidad-para-el-desarollo-andino-udea\/oi4\/\" border=\"0\" itemprop=\"url\"> <meta itemprop=\"width\" content=\"556\"> <meta itemprop=\"height\" content=\"139\"> <img decoding=\"async\" class=\"\" data-attachment-id=\"3642\" data-orig-file=\"https:\/\/posletrasufac.com\/wp-content\/uploads\/2017\/07\/oi4.jpg\" data-orig-size=\"1366,342\" data-comments-opened=\"\" data-image-meta=\"{&quot;aperture&quot;:&quot;0&quot;,&quot;credit&quot;:&quot;&quot;,&quot;camera&quot;:&quot;&quot;,&quot;caption&quot;:&quot;&quot;,&quot;created_timestamp&quot;:&quot;0&quot;,&quot;copyright&quot;:&quot;&quot;,&quot;focal_length&quot;:&quot;0&quot;,&quot;iso&quot;:&quot;0&quot;,&quot;shutter_speed&quot;:&quot;0&quot;,&quot;title&quot;:&quot;&quot;,&quot;orientation&quot;:&quot;0&quot;}\" data-image-title=\"oi4\" data-image-description=\"\" data-medium-file=\"https:\/\/i0.wp.com\/posletrasufac.com\/wp-content\/uploads\/2017\/07\/oi4.jpg?fit=300%2C75&#038;ssl=1\" data-large-file=\"https:\/\/i0.wp.com\/posletrasufac.com\/wp-content\/uploads\/2017\/07\/oi4.jpg?fit=750%2C188&#038;ssl=1\" src=\"https:\/\/i0.wp.com\/posletrasufac.com\/wp-content\/uploads\/2017\/07\/oi4.jpg?w=556&#038;h=139&#038;ssl=1\" width=\"556\" height=\"139\" loading=\"lazy\" data-original-width=\"556\" data-original-height=\"139\" itemprop=\"http:\/\/schema.org\/image\" title=\"oi4\" alt=\"oi4\" style=\"width: 556px; height: 139px;\" \/> <\/a> <\/div> <\/div> <!-- close group --> <\/div> <!-- close row --> <div class=\"gallery-row\" style=\"width: 750px; height: 282px;\" data-original-width=\"750\" data-original-height=\"282\" > <div class=\"gallery-group images-1\" style=\"width: 375px; height: 282px;\" data-original-width=\"375\" data-original-height=\"282\" > <div class=\"tiled-gallery-item tiled-gallery-item-large\" itemprop=\"associatedMedia\" itemscope itemtype=\"http:\/\/schema.org\/ImageObject\"> <a href=\"https:\/\/posletrasufac.com\/en\/2017\/07\/13\/alunos-e-professores-do-mestrado-em-letras-da-ufac-sao-convidados-para-participar-de-seminario-promovido-pela-universidad-para-el-desarollo-andino-udea\/oi5\/\" border=\"0\" itemprop=\"url\"> <meta itemprop=\"width\" content=\"371\"> <meta itemprop=\"height\" content=\"278\"> <img decoding=\"async\" class=\"\" data-attachment-id=\"3643\" data-orig-file=\"https:\/\/posletrasufac.com\/wp-content\/uploads\/2017\/07\/oi5.jpg\" data-orig-size=\"785,589\" data-comments-opened=\"\" data-image-meta=\"{&quot;aperture&quot;:&quot;0&quot;,&quot;credit&quot;:&quot;&quot;,&quot;camera&quot;:&quot;&quot;,&quot;caption&quot;:&quot;&quot;,&quot;created_timestamp&quot;:&quot;0&quot;,&quot;copyright&quot;:&quot;&quot;,&quot;focal_length&quot;:&quot;0&quot;,&quot;iso&quot;:&quot;0&quot;,&quot;shutter_speed&quot;:&quot;0&quot;,&quot;title&quot;:&quot;&quot;,&quot;orientation&quot;:&quot;0&quot;}\" data-image-title=\"oi5\" data-image-description=\"\" data-medium-file=\"https:\/\/i0.wp.com\/posletrasufac.com\/wp-content\/uploads\/2017\/07\/oi5.jpg?fit=300%2C225&#038;ssl=1\" data-large-file=\"https:\/\/i0.wp.com\/posletrasufac.com\/wp-content\/uploads\/2017\/07\/oi5.jpg?fit=750%2C563&#038;ssl=1\" src=\"https:\/\/i0.wp.com\/posletrasufac.com\/wp-content\/uploads\/2017\/07\/oi5.jpg?w=371&#038;h=278&#038;ssl=1\" width=\"371\" height=\"278\" loading=\"lazy\" data-original-width=\"371\" data-original-height=\"278\" itemprop=\"http:\/\/schema.org\/image\" title=\"oi5\" alt=\"oi5\" style=\"width: 371px; height: 278px;\" \/> <\/a> <\/div> <\/div> <!-- close group --> <div class=\"gallery-group images-1\" style=\"width: 375px; height: 282px;\" data-original-width=\"375\" data-original-height=\"282\" > <div class=\"tiled-gallery-item tiled-gallery-item-large\" itemprop=\"associatedMedia\" itemscope itemtype=\"http:\/\/schema.org\/ImageObject\"> <a href=\"https:\/\/posletrasufac.com\/en\/2017\/07\/13\/alunos-e-professores-do-mestrado-em-letras-da-ufac-sao-convidados-para-participar-de-seminario-promovido-pela-universidad-para-el-desarollo-andino-udea\/oi7\/\" border=\"0\" itemprop=\"url\"> <meta itemprop=\"width\" content=\"371\"> <meta itemprop=\"height\" content=\"278\"> <img decoding=\"async\" class=\"\" data-attachment-id=\"3645\" data-orig-file=\"https:\/\/posletrasufac.com\/wp-content\/uploads\/2017\/07\/oi7.jpg\" data-orig-size=\"785,589\" data-comments-opened=\"\" data-image-meta=\"{&quot;aperture&quot;:&quot;0&quot;,&quot;credit&quot;:&quot;&quot;,&quot;camera&quot;:&quot;&quot;,&quot;caption&quot;:&quot;&quot;,&quot;created_timestamp&quot;:&quot;0&quot;,&quot;copyright&quot;:&quot;&quot;,&quot;focal_length&quot;:&quot;0&quot;,&quot;iso&quot;:&quot;0&quot;,&quot;shutter_speed&quot;:&quot;0&quot;,&quot;title&quot;:&quot;&quot;,&quot;orientation&quot;:&quot;0&quot;}\" data-image-title=\"oi7\" data-image-description=\"\" data-medium-file=\"https:\/\/i0.wp.com\/posletrasufac.com\/wp-content\/uploads\/2017\/07\/oi7.jpg?fit=300%2C225&#038;ssl=1\" data-large-file=\"https:\/\/i0.wp.com\/posletrasufac.com\/wp-content\/uploads\/2017\/07\/oi7.jpg?fit=750%2C563&#038;ssl=1\" src=\"https:\/\/i0.wp.com\/posletrasufac.com\/wp-content\/uploads\/2017\/07\/oi7.jpg?w=371&#038;h=278&#038;ssl=1\" width=\"371\" height=\"278\" loading=\"lazy\" data-original-width=\"371\" data-original-height=\"278\" itemprop=\"http:\/\/schema.org\/image\" title=\"oi7\" alt=\"oi7\" style=\"width: 371px; height: 278px;\" \/> <\/a> <\/div> <\/div> <!-- close group --> <\/div> <!-- close row --> <\/div>","protected":false},"excerpt":{"rendered":"<p>Entre os dias 03 e 07 de julho de 2017, um grupo de alunos e professores do Programa de P\u00f3s-gradua\u00e7\u00e3o em Letras: Linguagem e Identidade esteve nas cidades de Lima e Lircay, no Peru, para participar do I Semin\u00e1rio Internacional<\/p>","protected":false},"author":65883018,"featured_media":0,"comment_status":"closed","ping_status":"closed","sticky":false,"template":"","format":"standard","meta":{"_coblocks_attr":"","_coblocks_dimensions":"","_coblocks_responsive_height":"","_coblocks_accordion_ie_support":"","_crdt_document":"","advanced_seo_description":"","jetpack_seo_html_title":"","jetpack_seo_noindex":false,"_jetpack_newsletter_access":"","_jetpack_dont_email_post_to_subs":false,"_jetpack_newsletter_tier_id":0,"_jetpack_memberships_contains_paywalled_content":false,"_jetpack_memberships_contains_paid_content":false,"footnotes":"","jetpack_publicize_message":"","jetpack_publicize_feature_enabled":true,"jetpack_social_post_already_shared":false,"jetpack_social_options":{"image_generator_settings":{"template":"highway","default_image_id":0,"font":"","enabled":false},"version":2},"_wpas_customize_per_network":false,"jetpack_post_was_ever_published":false},"categories":[233475685],"tags":[],"class_list":["post-3630","post","type-post","status-publish","format-standard","hentry","category-ppgli"],"jetpack_publicize_connections":[],"jetpack_featured_media_url":"","jetpack_likes_enabled":false,"jetpack_sharing_enabled":true,"jetpack_shortlink":"https:\/\/wp.me\/p4Na16-Wy","amp_enabled":true,"_links":{"self":[{"href":"https:\/\/posletrasufac.com\/en\/wp-json\/wp\/v2\/posts\/3630","targetHints":{"allow":["GET"]}}],"collection":[{"href":"https:\/\/posletrasufac.com\/en\/wp-json\/wp\/v2\/posts"}],"about":[{"href":"https:\/\/posletrasufac.com\/en\/wp-json\/wp\/v2\/types\/post"}],"author":[{"embeddable":true,"href":"https:\/\/posletrasufac.com\/en\/wp-json\/wp\/v2\/users\/65883018"}],"replies":[{"embeddable":true,"href":"https:\/\/posletrasufac.com\/en\/wp-json\/wp\/v2\/comments?post=3630"}],"version-history":[{"count":9,"href":"https:\/\/posletrasufac.com\/en\/wp-json\/wp\/v2\/posts\/3630\/revisions"}],"predecessor-version":[{"id":3648,"href":"https:\/\/posletrasufac.com\/en\/wp-json\/wp\/v2\/posts\/3630\/revisions\/3648"}],"wp:attachment":[{"href":"https:\/\/posletrasufac.com\/en\/wp-json\/wp\/v2\/media?parent=3630"}],"wp:term":[{"taxonomy":"category","embeddable":true,"href":"https:\/\/posletrasufac.com\/en\/wp-json\/wp\/v2\/categories?post=3630"},{"taxonomy":"post_tag","embeddable":true,"href":"https:\/\/posletrasufac.com\/en\/wp-json\/wp\/v2\/tags?post=3630"}],"curies":[{"name":"wp","href":"https:\/\/api.w.org\/{rel}","templated":true}]}}