{"id":356,"date":"2014-11-19T20:03:56","date_gmt":"2014-11-20T01:03:56","guid":{"rendered":"http:\/\/posletrasufac.com\/?p=356"},"modified":"2014-11-19T20:03:56","modified_gmt":"2014-11-20T01:03:56","slug":"edital-de-eleicao-para-coordenador-e-vice-coordenador-do-ppgli","status":"publish","type":"post","link":"https:\/\/posletrasufac.com\/en\/2014\/11\/19\/edital-de-eleicao-para-coordenador-e-vice-coordenador-do-ppgli\/","title":{"rendered":"EDITAL DE ELEI\u00c7\u00c3O PARA COORDENADOR E VICE-COORDENADOR DO PPGLI"},"content":{"rendered":"<p>O Colegiado do Programa de P\u00f3s-Gradua\u00e7\u00e3o em Letras: Linguagem e Identidade (PPGLI), em reuni\u00e3o plen\u00e1ria realizada no dia 17 do m\u00eas de novembro de 2014, em conformidade com o que disp\u00f5em o Regimento Geral dos Programas e Cursos de P\u00f3s-Gradua\u00e7\u00e3o <em>stricto sensu<\/em> da UFAC e a legisla\u00e7\u00e3o em vigor, torna p\u00fablico o processo de elei\u00e7\u00e3o para Coordenador e Vice-Coordenador do PPGLI para o bi\u00eanio 2015-2016, nos marcos estabelecidos pelo presente <a href=\"https:\/\/posletrasufac.com\/wp-content\/uploads\/2014\/11\/edital-de-eleic3a7c3a3o-para-coordenador-e-vice-2014.pdf\">Edital<\/a>.<\/p>","protected":false},"excerpt":{"rendered":"<p>O Colegiado do Programa de P\u00f3s-Gradua\u00e7\u00e3o em Letras: Linguagem e Identidade (PPGLI), em reuni\u00e3o plen\u00e1ria realizada no dia 17 do m\u00eas de novembro de 2014, em conformidade com o que disp\u00f5em o Regimento Geral dos Programas e Cursos de P\u00f3s-Gradua\u00e7\u00e3o<\/p>","protected":false},"author":65883018,"featured_media":0,"comment_status":"closed","ping_status":"closed","sticky":false,"template":"","format":"standard","meta":{"_coblocks_attr":"","_coblocks_dimensions":"","_coblocks_responsive_height":"","_coblocks_accordion_ie_support":"","_crdt_document":"","advanced_seo_description":"","jetpack_seo_html_title":"","jetpack_seo_noindex":false,"_jetpack_newsletter_access":"","_jetpack_dont_email_post_to_subs":false,"_jetpack_newsletter_tier_id":0,"_jetpack_memberships_contains_paywalled_content":false,"_jetpack_memberships_contains_paid_content":false,"footnotes":"","jetpack_publicize_message":"EDITAL DE ELEI\u00c7\u00c3O PARA COORDENADOR E VICE-COORDENADOR DO PPGLI","jetpack_publicize_feature_enabled":true,"jetpack_social_post_already_shared":false,"jetpack_social_options":{"image_generator_settings":{"template":"highway","default_image_id":0,"font":"","enabled":false},"version":2},"_wpas_customize_per_network":false,"jetpack_post_was_ever_published":false},"categories":[5078],"tags":[],"class_list":["post-356","post","type-post","status-publish","format-standard","hentry","category-sem-categoria"],"jetpack_publicize_connections":[],"jetpack_featured_media_url":"","jetpack_likes_enabled":false,"jetpack_sharing_enabled":true,"jetpack_shortlink":"https:\/\/wp.me\/p4Na16-5K","amp_enabled":true,"_links":{"self":[{"href":"https:\/\/posletrasufac.com\/en\/wp-json\/wp\/v2\/posts\/356","targetHints":{"allow":["GET"]}}],"collection":[{"href":"https:\/\/posletrasufac.com\/en\/wp-json\/wp\/v2\/posts"}],"about":[{"href":"https:\/\/posletrasufac.com\/en\/wp-json\/wp\/v2\/types\/post"}],"author":[{"embeddable":true,"href":"https:\/\/posletrasufac.com\/en\/wp-json\/wp\/v2\/users\/65883018"}],"replies":[{"embeddable":true,"href":"https:\/\/posletrasufac.com\/en\/wp-json\/wp\/v2\/comments?post=356"}],"version-history":[{"count":1,"href":"https:\/\/posletrasufac.com\/en\/wp-json\/wp\/v2\/posts\/356\/revisions"}],"predecessor-version":[{"id":358,"href":"https:\/\/posletrasufac.com\/en\/wp-json\/wp\/v2\/posts\/356\/revisions\/358"}],"wp:attachment":[{"href":"https:\/\/posletrasufac.com\/en\/wp-json\/wp\/v2\/media?parent=356"}],"wp:term":[{"taxonomy":"category","embeddable":true,"href":"https:\/\/posletrasufac.com\/en\/wp-json\/wp\/v2\/categories?post=356"},{"taxonomy":"post_tag","embeddable":true,"href":"https:\/\/posletrasufac.com\/en\/wp-json\/wp\/v2\/tags?post=356"}],"curies":[{"name":"wp","href":"https:\/\/api.w.org\/{rel}","templated":true}]}}