{"id":331,"date":"2014-11-06T17:50:10","date_gmt":"2014-11-06T22:50:10","guid":{"rendered":"http:\/\/posletrasufac.com\/?p=331"},"modified":"2014-11-06T17:55:11","modified_gmt":"2014-11-06T22:55:11","slug":"mateus-aleluia-se-apresenta-no-ultimo-dia-do-viii-simposio-de-letras-da-ufac","status":"publish","type":"post","link":"https:\/\/posletrasufac.com\/en\/2014\/11\/06\/mateus-aleluia-se-apresenta-no-ultimo-dia-do-viii-simposio-de-letras-da-ufac\/","title":{"rendered":"Mateus Aleluia se apresenta no \u00faltimo dia do VIII Simp\u00f3sio de Letras da Ufac"},"content":{"rendered":"<div id=\"viewlet-social-like\" class=\"horizontal\"><\/div>\n<div id=\"content-core\">\n<div class=\"newsImageContainer\"><a id=\"parent-fieldname-image\" href=\"http:\/\/www.ufac.br\/portal\/news\/mateus-aleluia-se-apresenta-no-ultimo-dia-do-8o-simposio-de-letras-da-ufac\/image\/image_view_fullscreen\"><img loading=\"lazy\" decoding=\"async\" class=\"newsImage\" title=\"\" src=\"http:\/\/www.ufac.br\/portal\/news\/mateus-aleluia-se-apresenta-no-ultimo-dia-do-8o-simposio-de-letras-da-ufac\/image_banner\" alt=\"Mateus Aleluia se apresenta no \u00faltimo dia do 8\u00ba Simp\u00f3sio de Letras da Ufac \" width=\"685\" height=\"251\" \/><\/a><\/div>\n<div id=\"parent-fieldname-text\" class=\"plain\">\n<p>O cantor, compositor e m\u00fasico baiano, Mateus Aleluia, se apresentar\u00e1 nesta sexta-feira, 7, no anfiteatro Garibaldi Brasil, da Universidade Federal do Acre (Ufac), \u00e0s 20h. \u00a0A palestra musical sobre a cultura afro-barroca, performance do cantor, encerrar\u00e1 a programa\u00e7\u00e3o do 8\u00ba\u00a0Simp\u00f3sio \u201cLinguagens e Identidades da\/na Amaz\u00f4nia Sul-Ocidental\u201d e do 7\u00ba Col\u00f3quio Internacional \u201cAs Amaz\u00f4nias, as \u00c1fricas e as \u00c1fricas na Pan-Amaz\u00f4nia\u2019, que ocorre de 3 a 7 de novembro.<\/p>\n<p>Com o recital \u201cPalestra Musical Afro-Barroca\u201d, que aborda tem\u00e1ticas sobre a cultura africana e ind\u00edgena e sua miscigena\u00e7\u00e3o com a cultura barroca trazida pelos europeus, buscando conscientizar o p\u00fablico para os povos oriundos da \u00c1frica, o m\u00fasico interpretar\u00e1 can\u00e7\u00f5es pr\u00f3prias e de outros autores. Aleluia utiliza recursos audiovisuais como document\u00e1rios e imagens para enriquecer o debate sobre as quest\u00f5es da \u00c1frica e o Brasil.<\/p>\n<p>A palestra trata ainda de no\u00e7\u00f5es de cidadania, preserva\u00e7\u00e3o do meio ambiente e sustentabilidade. O objetivo \u00e9 sensibilizar alunos, professores, comunidades educacionais e a sociedade. Al\u00e9m de propiciar o di\u00e1logo orientado sobre o afrodescendente e o papel do negro na forma\u00e7\u00e3o sociocultural e econ\u00f4mica do mundo. \u00a0A apresenta\u00e7\u00e3o tem dura\u00e7\u00e3o de 2h. A entrada \u00e9 gratuita.<\/p>\n<p>Confira um pouco do trabalho do artista:<\/p>\n<div class=\"jetpack-video-wrapper\"><span class=\"embed-youtube\" style=\"text-align:center; display: block;\"><iframe loading=\"lazy\" class=\"youtube-player\" width=\"750\" height=\"422\" src=\"https:\/\/www.youtube.com\/embed\/XqPWV0M8B-o?version=3&#038;rel=1&#038;showsearch=0&#038;showinfo=1&#038;iv_load_policy=1&#038;fs=1&#038;hl=en-US&#038;autohide=2&#038;wmode=transparent\" allowfullscreen=\"true\" style=\"border:0;\" sandbox=\"allow-scripts allow-same-origin allow-popups allow-presentation allow-popups-to-escape-sandbox\"><\/iframe><\/span><\/div>\n<p><i>Postado em: 6\/11\/2014<\/i><\/p>\n<p>Fonte: <a href=\"http:\/\/www.ufac.br\/portal\/news\/mateus-aleluia-se-apresenta-no-ultimo-dia-do-8o-simposio-de-letras-da-ufac\">ASCOM\/UFAC<\/a><\/p>\n<\/div>\n<\/div>","protected":false},"excerpt":{"rendered":"<p>O cantor, compositor e m\u00fasico baiano, Mateus Aleluia, se apresentar\u00e1 nesta sexta-feira, 7, no anfiteatro Garibaldi Brasil, da Universidade Federal do Acre (Ufac), \u00e0s 20h. \u00a0A palestra musical sobre a cultura afro-barroca, performance do cantor, encerrar\u00e1 a programa\u00e7\u00e3o do 8\u00ba\u00a0Simp\u00f3sio<\/p>","protected":false},"author":65883018,"featured_media":0,"comment_status":"closed","ping_status":"closed","sticky":false,"template":"","format":"standard","meta":{"_coblocks_attr":"","_coblocks_dimensions":"","_coblocks_responsive_height":"","_coblocks_accordion_ie_support":"","_crdt_document":"","advanced_seo_description":"","jetpack_seo_html_title":"","jetpack_seo_noindex":false,"_jetpack_newsletter_access":"","_jetpack_dont_email_post_to_subs":false,"_jetpack_newsletter_tier_id":0,"_jetpack_memberships_contains_paywalled_content":false,"_jetpack_memberships_contains_paid_content":false,"footnotes":"","jetpack_publicize_message":"Mateus Aleluia se apresenta no \u00faltimo dia do VIII Simp\u00f3sio de Letras da Ufac","jetpack_publicize_feature_enabled":true,"jetpack_social_post_already_shared":false,"jetpack_social_options":{"image_generator_settings":{"template":"highway","default_image_id":0,"font":"","enabled":false},"version":2},"_wpas_customize_per_network":false,"jetpack_post_was_ever_published":false},"categories":[5078],"tags":[],"class_list":["post-331","post","type-post","status-publish","format-standard","hentry","category-sem-categoria"],"jetpack_publicize_connections":[],"jetpack_featured_media_url":"","jetpack_likes_enabled":false,"jetpack_sharing_enabled":true,"jetpack_shortlink":"https:\/\/wp.me\/p4Na16-5l","amp_enabled":true,"_links":{"self":[{"href":"https:\/\/posletrasufac.com\/en\/wp-json\/wp\/v2\/posts\/331","targetHints":{"allow":["GET"]}}],"collection":[{"href":"https:\/\/posletrasufac.com\/en\/wp-json\/wp\/v2\/posts"}],"about":[{"href":"https:\/\/posletrasufac.com\/en\/wp-json\/wp\/v2\/types\/post"}],"author":[{"embeddable":true,"href":"https:\/\/posletrasufac.com\/en\/wp-json\/wp\/v2\/users\/65883018"}],"replies":[{"embeddable":true,"href":"https:\/\/posletrasufac.com\/en\/wp-json\/wp\/v2\/comments?post=331"}],"version-history":[{"count":2,"href":"https:\/\/posletrasufac.com\/en\/wp-json\/wp\/v2\/posts\/331\/revisions"}],"predecessor-version":[{"id":333,"href":"https:\/\/posletrasufac.com\/en\/wp-json\/wp\/v2\/posts\/331\/revisions\/333"}],"wp:attachment":[{"href":"https:\/\/posletrasufac.com\/en\/wp-json\/wp\/v2\/media?parent=331"}],"wp:term":[{"taxonomy":"category","embeddable":true,"href":"https:\/\/posletrasufac.com\/en\/wp-json\/wp\/v2\/categories?post=331"},{"taxonomy":"post_tag","embeddable":true,"href":"https:\/\/posletrasufac.com\/en\/wp-json\/wp\/v2\/tags?post=331"}],"curies":[{"name":"wp","href":"https:\/\/api.w.org\/{rel}","templated":true}]}}